{"id":7185,"date":"2017-04-24T16:53:47","date_gmt":"2017-04-24T19:53:47","guid":{"rendered":"http:\/\/otimoneiro.com.br\/?p=7185"},"modified":"2017-04-24T16:53:47","modified_gmt":"2017-04-24T19:53:47","slug":"festa-do-trabalhador-de-canoas-tera-320-horas-de-atividades","status":"publish","type":"post","link":"https:\/\/jornaltimoneiro.com.br\/index.php\/2017\/04\/24\/festa-do-trabalhador-de-canoas-tera-320-horas-de-atividades\/","title":{"rendered":"Festa do Trabalhador de Canoas ter\u00e1 shows e 320 horas de atividades"},"content":{"rendered":"<div id=\"attachment_6650\" style=\"width: 762px\" class=\"wp-caption aligncenter\"><a href=\"http:\/\/otimoneiro.com.br\/wp-content\/uploads\/2017\/03\/gabriel-o-pensador-752x440.jpg\"><img decoding=\"async\" aria-describedby=\"caption-attachment-6650\" class=\"wp-image-6650 size-full\" src=\"http:\/\/otimoneiro.com.br\/wp-content\/uploads\/2017\/03\/gabriel-o-pensador-752x440.jpg\" alt=\"gabriel-o-pensador-752x440\" width=\"752\" height=\"440\" \/><\/a><p id=\"caption-attachment-6650\" class=\"wp-caption-text\">Gabriel, O Pensador ser\u00e1 um dos destaques do evento<\/p><\/div>\n<p><span style=\"font-family: arial, helvetica, sans-serif;\">A\u00a0Festa do Trabalhador\u00a0da cidade de Canoas, que ocorre tradicionalmente no Parque Eduardo Gomes, est\u00e1 marcada para come\u00e7ar \u00e0s 9 horas do\u00a0feriado do dia 1\u00ba de maio, e contar\u00e1 com 320 horas de atividades em um dia de festa.<br \/>\n<\/span><\/p>\n<div>\n<p><span style=\"font-family: arial, helvetica, sans-serif;\">A\u00a0festa ter\u00e1 shows nacionais e locais, mostra de teatro, exposi\u00e7\u00e3o de carros antigos &#8211; atra\u00e7\u00f5es para todos os gostos e para todas as idades. O evento, promovido tradicionalmente pela Prefeitura de Canoas, em parceria com entidades p\u00fablicas e privadas, tem entrada franca.<\/span><\/p>\n<p><span style=\"font-family: arial, helvetica, sans-serif;\">&#8220;Trabalhamos com empenho para oferecer uma festa atrativa para os moradores de Canoas e da Regi\u00e3o Metropolitana. Com bastante di\u00e1logo com entidades privadas e artistas locais, conseguimos montar um evento com uma programa\u00e7\u00e3o diversificada e voltada para toda a fam\u00edlia&#8221;, afirma Mauri Grando, secret\u00e1rio da Cultura<\/span><\/p>\n<h3><span style=\"font-family: arial, helvetica, sans-serif;\">Confira a<a href=\"http:\/\/www.canoas.rs.gov.br\/site\/noticia\/visualizar\/id\/124961\" target=\"_blank\" rel=\"noopener noreferrer\">\u00a0programa\u00e7\u00e3o completa<\/a>.<\/span><\/h3>\n<h4><strong><span style=\"font-family: arial, helvetica, sans-serif;\">Gabriel, O Pensador puxa as atra\u00e7\u00f5es do palco principal<\/span><\/strong><\/h4>\n<p><span style=\"font-family: arial, helvetica, sans-serif;\">Uma das principais atra\u00e7\u00f5es musicais ser\u00e1 o cantor Gabriel, O Pensador. O artista carioca se apresenta \u00e0s 21 horas no palco principal do parque. Autor de hits de sucesso na m\u00fasica brasileira, a m\u00fasico ir\u00e1 tocar seus cl\u00e1ssicos da d\u00e9cada de 1990 e lan\u00e7amentos mais recentes. Pelo mesmo espa\u00e7o, ir\u00e1 passar o cantor e comunicador Pedro Ernesto Denardin e o funkeiro MC Jean Paul.<\/span><\/p>\n<p><span style=\"font-family: arial, helvetica, sans-serif;\">Prestigiando a produ\u00e7\u00e3o musical da cidade, as bandas canoenses Netto e Junior e Marca Fandangueira tamb\u00e9m ir\u00e3o se apresentar no evento. O palco principal inicia com show de hip hop, a partir das 15 horas.<\/span><\/p>\n<p><strong><span style=\"font-family: arial, helvetica, sans-serif;\">Intermedia\u00e7\u00e3o de emprego, cortes de cabelo e ra\u00e7\u00e3o: tudo gratuito<\/span><\/strong><\/p>\n<p><span style=\"font-family: arial, helvetica, sans-serif;\">Diversas empresas privadas ir\u00e3o disponibilizar servi\u00e7os gratuitos durante a Festa do Trabalhador. As institui\u00e7\u00f5es membro do Sistema S (Senac, Sesc, Sesi e Senai) ir\u00e3o oferecer servi\u00e7os de manicure, cabeleireiro e barbeiro, biblioteca m\u00f3vel, com espa\u00e7o de leitura, brinquedos infl\u00e1veis para crian\u00e7ada e exposi\u00e7\u00e3o de rob\u00f3tica e simulador de solda.<\/span><\/p>\n<p><span style=\"font-family: arial, helvetica, sans-serif;\">Em outro espa\u00e7o do parque, a equipe da Funda\u00e7\u00e3o Ga\u00facha do Trabalho e A\u00e7\u00e3o Social (FGTAS\/Sine) ter\u00e1 uma tenda no local onde ir\u00e1 ocorrer intermedia\u00e7\u00e3o para vagas de emprego em aberto. Al\u00e9m da busca por oportunidades, os funcion\u00e1rios ir\u00e3o auxiliar no tr\u00e2mite de confec\u00e7\u00e3o da carteira de trabalho.<\/span><\/p>\n<p><span style=\"font-family: arial, helvetica, sans-serif;\">Durante o evento, ocorrer\u00e3o exposi\u00e7\u00f5es de carros e bicicletas antigas, al\u00e9m de uma mostra de plantas e orqu\u00eddeas. Para os amantes da m\u00fasica, tamb\u00e9m haver\u00e1 uma exposi\u00e7\u00e3o de discos de vinil antigos. Em alguns pontos do parque, ser\u00e3o distribu\u00eddos pacotes de ra\u00e7\u00e3o para animais e erva mate e \u00e1gua quente para o chimarr\u00e3o.<\/span><\/p>\n<h3><strong><span style=\"font-family: arial, helvetica, sans-serif;\">Teatro de rua, torneio de taco e servi\u00e7os de sa\u00fade<\/span><\/strong><\/h3>\n<p><span style=\"font-family: arial, helvetica, sans-serif;\">Espalhados pelo parque, a partir das 10h30min, diversos grupos de teatro de Canoas e de outras cidades do RS e Santa Catarina ir\u00e3o apresentar pe\u00e7as c\u00eanicas, na 9\u00aa Mostra de Teatro de Rua. Mediadores de leitura da Secretaria da Cultura tamb\u00e9m estar\u00e3o no parque, realizando conta\u00e7\u00e3o de hist\u00f3rias ao p\u00fablico.<\/span><\/p>\n<p><span style=\"font-family: arial, helvetica, sans-serif;\">Com uma estrutura pr\u00f3pria, a equipe da secretaria da Sa\u00fade estar\u00e1 no local e ir\u00e1 oferecer testes r\u00e1pidos (gravidez, s\u00edfilis e hepatite) para a popula\u00e7\u00e3o. A Secretaria de Esporte e Lazer ir\u00e1 promover aulas de dan\u00e7a, jogos para a 3\u00aa idade, futebol de campo e um in\u00e9dito<a href=\"http:\/\/canoas.rs.gov.br\/site\/noticia\/site\/noticia\/visualizar\/id\/124942\" target=\"_blank\" rel=\"noopener noreferrer\">\u00a0torneio de taco<\/a>.<\/span><\/p>\n<h3><strong><span style=\"font-family: arial, helvetica, sans-serif;\">Passe livre no transporte coletivo<\/span><\/strong><\/h3>\n<p><span style=\"font-family: arial, helvetica, sans-serif;\">O Dia do Trabalhador ter\u00e1 passe livre no transporte coletivo de Canoas. Os \u00f4nibus v\u00e3o circular com a tabela hor\u00e1ria de domingo, com mais cinco ve\u00edculos suplementares adaptados e uma linha especial.<\/span><\/p>\n<p><strong><span style=\"font-family: arial, helvetica, sans-serif;\">Linha Especial: Centro &#8211; Parque Eduardo Gomes<\/span><\/strong><\/p>\n<p><span style=\"font-family: arial, helvetica, sans-serif;\"><strong>Roteiro Centro-Parque<\/strong>: Golden Center, Victor Barreto, Domingos Martins, Get\u00falio Vargas, Guilherme Schell, Bartolomeu de Gusm\u00e3o e Oliveira Viana.<\/span><\/p>\n<p><span style=\"font-family: arial, helvetica, sans-serif;\"><strong>Roteiro Parque-Centro<\/strong>: Oliveira Viana, Joaquim Nabuco, Guilherme Schell, Passagem de N\u00edvel, Victor Barreto, Golden Center.<\/span><\/p>\n<p><b><span style=\"font-family: arial, helvetica, sans-serif;\">Refor\u00e7o nos t\u00e1xis<\/span><\/b><\/p>\n<p><span style=\"font-family: arial, helvetica, sans-serif;\">No Dia do Trabalhador, ser\u00e1 um implantado um ponto livre para dez t\u00e1xis junto \u00e0 Rua Oliveira Viana, no sentido Sul-Norte, pr\u00f3ximo ao portal de entrada do Parque Eduardo Gomes, entre 14 e 24 horas.<\/span><\/p>\n<\/div>\n<p>&nbsp;<\/p>\n","protected":false},"excerpt":{"rendered":"<p>A\u00a0Festa do Trabalhador\u00a0da cidade de Canoas, que ocorre tradicionalmente no Parque Eduardo Gomes, est\u00e1 marcada para come\u00e7ar \u00e0s 9 horas do\u00a0feriado do dia 1\u00ba de maio, e contar\u00e1 com 320 horas de atividades em um dia de festa. A\u00a0festa ter\u00e1 shows nacionais e locais, mostra de teatro, exposi\u00e7\u00e3o de carros antigos &#8211; atra\u00e7\u00f5es para todos [&hellip;]<\/p>\n","protected":false},"author":1,"featured_media":6650,"comment_status":"open","ping_status":"open","sticky":false,"template":"","format":"standard","meta":{"amp_status":"","footnotes":""},"categories":[25,76,19,22],"tags":[],"class_list":["post-7185","post","type-post","status-publish","format-standard","has-post-thumbnail","hentry","category-comunidade","category-cultura","category-destaques","category-noticias"],"yoast_head":"<!-- This site is optimized with the Yoast SEO plugin v20.5 - https:\/\/yoast.com\/wordpress\/plugins\/seo\/ -->\n<title>Festa do Trabalhador de Canoas ter\u00e1 shows e 320 horas de atividades - O Timoneiro Jornal Canoas RS<\/title>\n<meta name=\"robots\" content=\"index, follow, max-snippet:-1, max-image-preview:large, max-video-preview:-1\" \/>\n<link rel=\"canonical\" href=\"https:\/\/jornaltimoneiro.com.br\/index.php\/2017\/04\/24\/festa-do-trabalhador-de-canoas-tera-320-horas-de-atividades\/\" \/>\n<meta property=\"og:locale\" content=\"pt_BR\" \/>\n<meta property=\"og:type\" content=\"article\" \/>\n<meta property=\"og:title\" content=\"Festa do Trabalhador de Canoas ter\u00e1 shows e 320 horas de atividades - O Timoneiro Jornal Canoas RS\" \/>\n<meta property=\"og:description\" content=\"A\u00a0Festa do Trabalhador\u00a0da cidade de Canoas, que ocorre tradicionalmente no Parque Eduardo Gomes, est\u00e1 marcada para come\u00e7ar \u00e0s 9 horas do\u00a0feriado do dia 1\u00ba de maio, e contar\u00e1 com 320 horas de atividades em um dia de festa. A\u00a0festa ter\u00e1 shows nacionais e locais, mostra de teatro, exposi\u00e7\u00e3o de carros antigos &#8211; atra\u00e7\u00f5es para todos [&hellip;]\" \/>\n<meta property=\"og:url\" content=\"https:\/\/jornaltimoneiro.com.br\/index.php\/2017\/04\/24\/festa-do-trabalhador-de-canoas-tera-320-horas-de-atividades\/\" \/>\n<meta property=\"og:site_name\" content=\"O Timoneiro Jornal Canoas RS\" \/>\n<meta property=\"article:publisher\" content=\"https:\/\/www.facebook.com\/jornaltimoneiro\" \/>\n<meta property=\"article:published_time\" content=\"2017-04-24T19:53:47+00:00\" \/>\n<meta name=\"author\" content=\"Reda\u00e7\u00e3o\" \/>\n<meta name=\"twitter:card\" content=\"summary_large_image\" \/>\n<meta name=\"twitter:creator\" content=\"@_OTimoneiro\" \/>\n<meta name=\"twitter:site\" content=\"@_OTimoneiro\" \/>\n<meta name=\"twitter:label1\" content=\"Escrito por\" \/>\n\t<meta name=\"twitter:data1\" content=\"Reda\u00e7\u00e3o\" \/>\n\t<meta name=\"twitter:label2\" content=\"Est. tempo de leitura\" \/>\n\t<meta name=\"twitter:data2\" content=\"4 minutos\" \/>\n<script type=\"application\/ld+json\" class=\"yoast-schema-graph\">{\"@context\":\"https:\/\/schema.org\",\"@graph\":[{\"@type\":\"Article\",\"@id\":\"https:\/\/jornaltimoneiro.com.br\/index.php\/2017\/04\/24\/festa-do-trabalhador-de-canoas-tera-320-horas-de-atividades\/#article\",\"isPartOf\":{\"@id\":\"https:\/\/jornaltimoneiro.com.br\/index.php\/2017\/04\/24\/festa-do-trabalhador-de-canoas-tera-320-horas-de-atividades\/\"},\"author\":{\"name\":\"Reda\u00e7\u00e3o\",\"@id\":\"https:\/\/jornaltimoneiro.com.br\/#\/schema\/person\/620efd1d8244466117482be494360b08\"},\"headline\":\"Festa do Trabalhador de Canoas ter\u00e1 shows e 320 horas de atividades\",\"datePublished\":\"2017-04-24T19:53:47+00:00\",\"dateModified\":\"2017-04-24T19:53:47+00:00\",\"mainEntityOfPage\":{\"@id\":\"https:\/\/jornaltimoneiro.com.br\/index.php\/2017\/04\/24\/festa-do-trabalhador-de-canoas-tera-320-horas-de-atividades\/\"},\"wordCount\":728,\"commentCount\":0,\"publisher\":{\"@id\":\"https:\/\/jornaltimoneiro.com.br\/#organization\"},\"articleSection\":[\"Comunidade\",\"Cultura\",\"Destaques\",\"Not\u00edcias\"],\"inLanguage\":\"pt-BR\",\"potentialAction\":[{\"@type\":\"CommentAction\",\"name\":\"Comment\",\"target\":[\"https:\/\/jornaltimoneiro.com.br\/index.php\/2017\/04\/24\/festa-do-trabalhador-de-canoas-tera-320-horas-de-atividades\/#respond\"]}]},{\"@type\":\"WebPage\",\"@id\":\"https:\/\/jornaltimoneiro.com.br\/index.php\/2017\/04\/24\/festa-do-trabalhador-de-canoas-tera-320-horas-de-atividades\/\",\"url\":\"https:\/\/jornaltimoneiro.com.br\/index.php\/2017\/04\/24\/festa-do-trabalhador-de-canoas-tera-320-horas-de-atividades\/\",\"name\":\"Festa do Trabalhador de Canoas ter\u00e1 shows e 320 horas de atividades - O Timoneiro Jornal Canoas RS\",\"isPartOf\":{\"@id\":\"https:\/\/jornaltimoneiro.com.br\/#website\"},\"datePublished\":\"2017-04-24T19:53:47+00:00\",\"dateModified\":\"2017-04-24T19:53:47+00:00\",\"breadcrumb\":{\"@id\":\"https:\/\/jornaltimoneiro.com.br\/index.php\/2017\/04\/24\/festa-do-trabalhador-de-canoas-tera-320-horas-de-atividades\/#breadcrumb\"},\"inLanguage\":\"pt-BR\",\"potentialAction\":[{\"@type\":\"ReadAction\",\"target\":[\"https:\/\/jornaltimoneiro.com.br\/index.php\/2017\/04\/24\/festa-do-trabalhador-de-canoas-tera-320-horas-de-atividades\/\"]}]},{\"@type\":\"BreadcrumbList\",\"@id\":\"https:\/\/jornaltimoneiro.com.br\/index.php\/2017\/04\/24\/festa-do-trabalhador-de-canoas-tera-320-horas-de-atividades\/#breadcrumb\",\"itemListElement\":[{\"@type\":\"ListItem\",\"position\":1,\"name\":\"In\u00edcio\",\"item\":\"https:\/\/jornaltimoneiro.com.br\/\"},{\"@type\":\"ListItem\",\"position\":2,\"name\":\"Festa do Trabalhador de Canoas ter\u00e1 shows e 320 horas de atividades\"}]},{\"@type\":\"WebSite\",\"@id\":\"https:\/\/jornaltimoneiro.com.br\/#website\",\"url\":\"https:\/\/jornaltimoneiro.com.br\/\",\"name\":\"Jornal Timoneiro Canoas RS\",\"description\":\"Jornal O Timoneiro, o verdadeiro jornal de Canoas\",\"publisher\":{\"@id\":\"https:\/\/jornaltimoneiro.com.br\/#organization\"},\"potentialAction\":[{\"@type\":\"SearchAction\",\"target\":{\"@type\":\"EntryPoint\",\"urlTemplate\":\"https:\/\/jornaltimoneiro.com.br\/?s={search_term_string}\"},\"query-input\":\"required name=search_term_string\"}],\"inLanguage\":\"pt-BR\"},{\"@type\":\"Organization\",\"@id\":\"https:\/\/jornaltimoneiro.com.br\/#organization\",\"name\":\"Jornal Timoneiro Canoas RS\",\"url\":\"https:\/\/jornaltimoneiro.com.br\/\",\"logo\":{\"@type\":\"ImageObject\",\"inLanguage\":\"pt-BR\",\"@id\":\"https:\/\/jornaltimoneiro.com.br\/#\/schema\/logo\/image\/\",\"url\":\"https:\/\/jornaltimoneiro.com.br\/wp-content\/uploads\/2023\/03\/logonovo.png\",\"contentUrl\":\"https:\/\/jornaltimoneiro.com.br\/wp-content\/uploads\/2023\/03\/logonovo.png\",\"width\":\"469\",\"height\":\"171\",\"caption\":\"Jornal Timoneiro Canoas RS\"},\"image\":{\"@id\":\"https:\/\/jornaltimoneiro.com.br\/#\/schema\/logo\/image\/\"},\"sameAs\":[\"https:\/\/www.facebook.com\/jornaltimoneiro\",\"https:\/\/twitter.com\/_OTimoneiro\",\"https:\/\/www.instagram.com\/jornaltimoneirocanoas\/\",\"https:\/\/www.youtube.com\/@jornalotimoneiro7927\"]},{\"@type\":\"Person\",\"@id\":\"https:\/\/jornaltimoneiro.com.br\/#\/schema\/person\/620efd1d8244466117482be494360b08\",\"name\":\"Reda\u00e7\u00e3o\",\"image\":{\"@type\":\"ImageObject\",\"inLanguage\":\"pt-BR\",\"@id\":\"https:\/\/jornaltimoneiro.com.br\/#\/schema\/person\/image\/\",\"url\":\"https:\/\/secure.gravatar.com\/avatar\/2f04e1b304682a8d9db336c7acd77f08?s=96&d=mm&r=g\",\"contentUrl\":\"https:\/\/secure.gravatar.com\/avatar\/2f04e1b304682a8d9db336c7acd77f08?s=96&d=mm&r=g\",\"caption\":\"Reda\u00e7\u00e3o\"},\"url\":\"https:\/\/jornaltimoneiro.com.br\/index.php\/author\/timoneirocanoas\/\"}]}<\/script>\n<!-- \/ Yoast SEO plugin. -->","yoast_head_json":{"title":"Festa do Trabalhador de Canoas ter\u00e1 shows e 320 horas de atividades - O Timoneiro Jornal Canoas RS","robots":{"index":"index","follow":"follow","max-snippet":"max-snippet:-1","max-image-preview":"max-image-preview:large","max-video-preview":"max-video-preview:-1"},"canonical":"https:\/\/jornaltimoneiro.com.br\/index.php\/2017\/04\/24\/festa-do-trabalhador-de-canoas-tera-320-horas-de-atividades\/","og_locale":"pt_BR","og_type":"article","og_title":"Festa do Trabalhador de Canoas ter\u00e1 shows e 320 horas de atividades - O Timoneiro Jornal Canoas RS","og_description":"A\u00a0Festa do Trabalhador\u00a0da cidade de Canoas, que ocorre tradicionalmente no Parque Eduardo Gomes, est\u00e1 marcada para come\u00e7ar \u00e0s 9 horas do\u00a0feriado do dia 1\u00ba de maio, e contar\u00e1 com 320 horas de atividades em um dia de festa. A\u00a0festa ter\u00e1 shows nacionais e locais, mostra de teatro, exposi\u00e7\u00e3o de carros antigos &#8211; atra\u00e7\u00f5es para todos [&hellip;]","og_url":"https:\/\/jornaltimoneiro.com.br\/index.php\/2017\/04\/24\/festa-do-trabalhador-de-canoas-tera-320-horas-de-atividades\/","og_site_name":"O Timoneiro Jornal Canoas RS","article_publisher":"https:\/\/www.facebook.com\/jornaltimoneiro","article_published_time":"2017-04-24T19:53:47+00:00","author":"Reda\u00e7\u00e3o","twitter_card":"summary_large_image","twitter_creator":"@_OTimoneiro","twitter_site":"@_OTimoneiro","twitter_misc":{"Escrito por":"Reda\u00e7\u00e3o","Est. tempo de leitura":"4 minutos"},"schema":{"@context":"https:\/\/schema.org","@graph":[{"@type":"Article","@id":"https:\/\/jornaltimoneiro.com.br\/index.php\/2017\/04\/24\/festa-do-trabalhador-de-canoas-tera-320-horas-de-atividades\/#article","isPartOf":{"@id":"https:\/\/jornaltimoneiro.com.br\/index.php\/2017\/04\/24\/festa-do-trabalhador-de-canoas-tera-320-horas-de-atividades\/"},"author":{"name":"Reda\u00e7\u00e3o","@id":"https:\/\/jornaltimoneiro.com.br\/#\/schema\/person\/620efd1d8244466117482be494360b08"},"headline":"Festa do Trabalhador de Canoas ter\u00e1 shows e 320 horas de atividades","datePublished":"2017-04-24T19:53:47+00:00","dateModified":"2017-04-24T19:53:47+00:00","mainEntityOfPage":{"@id":"https:\/\/jornaltimoneiro.com.br\/index.php\/2017\/04\/24\/festa-do-trabalhador-de-canoas-tera-320-horas-de-atividades\/"},"wordCount":728,"commentCount":0,"publisher":{"@id":"https:\/\/jornaltimoneiro.com.br\/#organization"},"articleSection":["Comunidade","Cultura","Destaques","Not\u00edcias"],"inLanguage":"pt-BR","potentialAction":[{"@type":"CommentAction","name":"Comment","target":["https:\/\/jornaltimoneiro.com.br\/index.php\/2017\/04\/24\/festa-do-trabalhador-de-canoas-tera-320-horas-de-atividades\/#respond"]}]},{"@type":"WebPage","@id":"https:\/\/jornaltimoneiro.com.br\/index.php\/2017\/04\/24\/festa-do-trabalhador-de-canoas-tera-320-horas-de-atividades\/","url":"https:\/\/jornaltimoneiro.com.br\/index.php\/2017\/04\/24\/festa-do-trabalhador-de-canoas-tera-320-horas-de-atividades\/","name":"Festa do Trabalhador de Canoas ter\u00e1 shows e 320 horas de atividades - O Timoneiro Jornal Canoas RS","isPartOf":{"@id":"https:\/\/jornaltimoneiro.com.br\/#website"},"datePublished":"2017-04-24T19:53:47+00:00","dateModified":"2017-04-24T19:53:47+00:00","breadcrumb":{"@id":"https:\/\/jornaltimoneiro.com.br\/index.php\/2017\/04\/24\/festa-do-trabalhador-de-canoas-tera-320-horas-de-atividades\/#breadcrumb"},"inLanguage":"pt-BR","potentialAction":[{"@type":"ReadAction","target":["https:\/\/jornaltimoneiro.com.br\/index.php\/2017\/04\/24\/festa-do-trabalhador-de-canoas-tera-320-horas-de-atividades\/"]}]},{"@type":"BreadcrumbList","@id":"https:\/\/jornaltimoneiro.com.br\/index.php\/2017\/04\/24\/festa-do-trabalhador-de-canoas-tera-320-horas-de-atividades\/#breadcrumb","itemListElement":[{"@type":"ListItem","position":1,"name":"In\u00edcio","item":"https:\/\/jornaltimoneiro.com.br\/"},{"@type":"ListItem","position":2,"name":"Festa do Trabalhador de Canoas ter\u00e1 shows e 320 horas de atividades"}]},{"@type":"WebSite","@id":"https:\/\/jornaltimoneiro.com.br\/#website","url":"https:\/\/jornaltimoneiro.com.br\/","name":"Jornal Timoneiro Canoas RS","description":"Jornal O Timoneiro, o verdadeiro jornal de Canoas","publisher":{"@id":"https:\/\/jornaltimoneiro.com.br\/#organization"},"potentialAction":[{"@type":"SearchAction","target":{"@type":"EntryPoint","urlTemplate":"https:\/\/jornaltimoneiro.com.br\/?s={search_term_string}"},"query-input":"required name=search_term_string"}],"inLanguage":"pt-BR"},{"@type":"Organization","@id":"https:\/\/jornaltimoneiro.com.br\/#organization","name":"Jornal Timoneiro Canoas RS","url":"https:\/\/jornaltimoneiro.com.br\/","logo":{"@type":"ImageObject","inLanguage":"pt-BR","@id":"https:\/\/jornaltimoneiro.com.br\/#\/schema\/logo\/image\/","url":"https:\/\/jornaltimoneiro.com.br\/wp-content\/uploads\/2023\/03\/logonovo.png","contentUrl":"https:\/\/jornaltimoneiro.com.br\/wp-content\/uploads\/2023\/03\/logonovo.png","width":"469","height":"171","caption":"Jornal Timoneiro Canoas RS"},"image":{"@id":"https:\/\/jornaltimoneiro.com.br\/#\/schema\/logo\/image\/"},"sameAs":["https:\/\/www.facebook.com\/jornaltimoneiro","https:\/\/twitter.com\/_OTimoneiro","https:\/\/www.instagram.com\/jornaltimoneirocanoas\/","https:\/\/www.youtube.com\/@jornalotimoneiro7927"]},{"@type":"Person","@id":"https:\/\/jornaltimoneiro.com.br\/#\/schema\/person\/620efd1d8244466117482be494360b08","name":"Reda\u00e7\u00e3o","image":{"@type":"ImageObject","inLanguage":"pt-BR","@id":"https:\/\/jornaltimoneiro.com.br\/#\/schema\/person\/image\/","url":"https:\/\/secure.gravatar.com\/avatar\/2f04e1b304682a8d9db336c7acd77f08?s=96&d=mm&r=g","contentUrl":"https:\/\/secure.gravatar.com\/avatar\/2f04e1b304682a8d9db336c7acd77f08?s=96&d=mm&r=g","caption":"Reda\u00e7\u00e3o"},"url":"https:\/\/jornaltimoneiro.com.br\/index.php\/author\/timoneirocanoas\/"}]}},"_links":{"self":[{"href":"https:\/\/jornaltimoneiro.com.br\/index.php\/wp-json\/wp\/v2\/posts\/7185"}],"collection":[{"href":"https:\/\/jornaltimoneiro.com.br\/index.php\/wp-json\/wp\/v2\/posts"}],"about":[{"href":"https:\/\/jornaltimoneiro.com.br\/index.php\/wp-json\/wp\/v2\/types\/post"}],"author":[{"embeddable":true,"href":"https:\/\/jornaltimoneiro.com.br\/index.php\/wp-json\/wp\/v2\/users\/1"}],"replies":[{"embeddable":true,"href":"https:\/\/jornaltimoneiro.com.br\/index.php\/wp-json\/wp\/v2\/comments?post=7185"}],"version-history":[{"count":0,"href":"https:\/\/jornaltimoneiro.com.br\/index.php\/wp-json\/wp\/v2\/posts\/7185\/revisions"}],"wp:featuredmedia":[{"embeddable":true,"href":"https:\/\/jornaltimoneiro.com.br\/index.php\/wp-json\/"}],"wp:attachment":[{"href":"https:\/\/jornaltimoneiro.com.br\/index.php\/wp-json\/wp\/v2\/media?parent=7185"}],"wp:term":[{"taxonomy":"category","embeddable":true,"href":"https:\/\/jornaltimoneiro.com.br\/index.php\/wp-json\/wp\/v2\/categories?post=7185"},{"taxonomy":"post_tag","embeddable":true,"href":"https:\/\/jornaltimoneiro.com.br\/index.php\/wp-json\/wp\/v2\/tags?post=7185"}],"curies":[{"name":"wp","href":"https:\/\/api.w.org\/{rel}","templated":true}]}}