{"id":718,"date":"2015-07-26T10:08:53","date_gmt":"2015-07-26T13:08:53","guid":{"rendered":"http:\/\/otimoneiro.com.br\/?p=718"},"modified":"2015-07-26T10:08:53","modified_gmt":"2015-07-26T13:08:53","slug":"enfim-ferias-rede-municipal-de-ensino-para-os-trabalho-na-proxima-segunda-feira","status":"publish","type":"post","link":"https:\/\/jornaltimoneiro.com.br\/index.php\/2015\/07\/26\/enfim-ferias-rede-municipal-de-ensino-para-os-trabalho-na-proxima-segunda-feira\/","title":{"rendered":"Enfim, F\u00e9rias! Rede municipal de ensino para os trabalho na segunda-feira"},"content":{"rendered":"<div id=\"attachment_719\" style=\"width: 310px\" class=\"wp-caption alignright\"><a href=\"http:\/\/otimoneiro.com.br\/wp-content\/uploads\/2015\/07\/Escola-Duque-de-Caxias.-Foto-Divulga\u00e7\u00e3o-PMC.jpg\"><img decoding=\"async\" aria-describedby=\"caption-attachment-719\" class=\"size-medium wp-image-719\" src=\"http:\/\/otimoneiro.com.br\/wp-content\/uploads\/2015\/07\/Escola-Duque-de-Caxias.-Foto-Divulga\u00e7\u00e3o-PMC-300x200.jpg\" alt=\"Escola Duque de Caxias, bairro Nossa Senhora das Gra\u00e7as. Foto Divulga\u00e7\u00e3o PMC\" width=\"300\" height=\"200\" \/><\/a><p id=\"caption-attachment-719\" class=\"wp-caption-text\">Escola Duque de Caxias, bairro Nossa Senhora das Gra\u00e7as. Foto Divulga\u00e7\u00e3o PMC<\/p><\/div>\n<p style=\"text-align: justify;\">O m\u00eas mais esperados pelos alunos em sala de aula chegou. Julho simboliza f\u00e9rias de inverno e a crian\u00e7ada adora. O intervalo, no entanto, serve tanto para os alunos como para os professores.<\/p>\n<p style=\"text-align: justify;\">A partir de segunda-feira, 27 e at\u00e9 o dia 02 de agosto, um domingo, a rede municipal de educa\u00e7\u00e3o fundamental e infantil estar\u00e1 no per\u00edodo de recess\u00e3o escolar. As aulas voltam na segunda-feira, 03 de agosto.<\/p>\n<p style=\"text-align: justify;\">No total, s\u00e3o\u00a035 mil alunos matriculados na cidade. Segundo a Prefeitura de Canoas, este per\u00edodo de f\u00e9rias serve para que os diretores de escolas realizem o planejamento e tracem a\u00e7\u00f5es para as suas escolas at\u00e9 o final do segundo semestre. Os supervisores de cada institui\u00e7\u00e3o far\u00e3o plant\u00f5es de atendimento das 8 horas \u00e0s 17 horas nas escolas de Ensino Fundamental, e tamb\u00e9m naquelas institui\u00e7\u00f5es que realizam Educa\u00e7\u00e3o de Jovens e Adultos (EJA), das 18 horas \u00e0s 20 horas.<\/p>\n<p style=\"text-align: justify;\">Vera Regina dos Santos, 59 anos, diretora da Escola Municipal Ensino Fundamental (EMEF) Duque de Caxias, no bairro Nossa Senhora das Gra\u00e7as (foto), destacou que o per\u00edodo \u00e9 importante para o corpo discente e para o corpo docente. &#8220;\u00c9 uma oportunidade de dar uma parada. Fazer uma an\u00e1lise do que deu certo e do que precisa melhorar. Um oportunidade da equipe se reunir e reorganizar o segundo semestre. Esse recesso \u00e9 muito importante para repensar o que foi feito. E os alunos voltam com outro g\u00e1s em agosto&#8221;, comenta.<\/p>\n<p style=\"text-align: justify;\">Vera salienta que diferente dos anos anteriores, a secretaria de educa\u00e7\u00e3o liberou\u00a0a escola para fazer escalas durante o per\u00edodo, flexibilizando a jornada de trabalho dos professores. &#8220;A escola ter\u00e1 a oportunidade de fazer uma escala, trabalhando dois dias e descansando tr\u00eas (no per\u00edodo de f\u00e9rias)&#8221;, frisa a diretora que assumiu o posto na \u00faltima sexta-feira, dia\u00a017 de julho, mas que j\u00e1 atuava como vice-diretora da EMEF.<\/p>\n","protected":false},"excerpt":{"rendered":"<p>O m\u00eas mais esperados pelos alunos em sala de aula chegou. Julho simboliza f\u00e9rias de inverno e a crian\u00e7ada adora. O intervalo, no entanto, serve tanto para os alunos como para os professores. A partir de segunda-feira, 27 e at\u00e9 o dia 02 de agosto, um domingo, a rede municipal de educa\u00e7\u00e3o fundamental e infantil [&hellip;]<\/p>\n","protected":false},"author":1,"featured_media":719,"comment_status":"open","ping_status":"open","sticky":false,"template":"","format":"standard","meta":{"amp_status":"","footnotes":""},"categories":[25,19,27,22],"tags":[],"class_list":["post-718","post","type-post","status-publish","format-standard","has-post-thumbnail","hentry","category-comunidade","category-destaques","category-ensino","category-noticias"],"yoast_head":"<!-- This site is optimized with the Yoast SEO plugin v20.5 - https:\/\/yoast.com\/wordpress\/plugins\/seo\/ -->\n<title>Enfim, F\u00e9rias! Rede municipal de ensino para os trabalho na segunda-feira - O Timoneiro Jornal Canoas RS<\/title>\n<meta name=\"robots\" content=\"index, follow, max-snippet:-1, max-image-preview:large, max-video-preview:-1\" \/>\n<link rel=\"canonical\" href=\"https:\/\/jornaltimoneiro.com.br\/index.php\/2015\/07\/26\/enfim-ferias-rede-municipal-de-ensino-para-os-trabalho-na-proxima-segunda-feira\/\" \/>\n<meta property=\"og:locale\" content=\"pt_BR\" \/>\n<meta property=\"og:type\" content=\"article\" \/>\n<meta property=\"og:title\" content=\"Enfim, F\u00e9rias! Rede municipal de ensino para os trabalho na segunda-feira - O Timoneiro Jornal Canoas RS\" \/>\n<meta property=\"og:description\" content=\"O m\u00eas mais esperados pelos alunos em sala de aula chegou. Julho simboliza f\u00e9rias de inverno e a crian\u00e7ada adora. O intervalo, no entanto, serve tanto para os alunos como para os professores. A partir de segunda-feira, 27 e at\u00e9 o dia 02 de agosto, um domingo, a rede municipal de educa\u00e7\u00e3o fundamental e infantil [&hellip;]\" \/>\n<meta property=\"og:url\" content=\"https:\/\/jornaltimoneiro.com.br\/index.php\/2015\/07\/26\/enfim-ferias-rede-municipal-de-ensino-para-os-trabalho-na-proxima-segunda-feira\/\" \/>\n<meta property=\"og:site_name\" content=\"O Timoneiro Jornal Canoas RS\" \/>\n<meta property=\"article:publisher\" content=\"https:\/\/www.facebook.com\/jornaltimoneiro\" \/>\n<meta property=\"article:published_time\" content=\"2015-07-26T13:08:53+00:00\" \/>\n<meta name=\"author\" content=\"Reda\u00e7\u00e3o\" \/>\n<meta name=\"twitter:card\" content=\"summary_large_image\" \/>\n<meta name=\"twitter:creator\" content=\"@_OTimoneiro\" \/>\n<meta name=\"twitter:site\" content=\"@_OTimoneiro\" \/>\n<meta name=\"twitter:label1\" content=\"Escrito por\" \/>\n\t<meta name=\"twitter:data1\" content=\"Reda\u00e7\u00e3o\" \/>\n\t<meta name=\"twitter:label2\" content=\"Est. tempo de leitura\" \/>\n\t<meta name=\"twitter:data2\" content=\"2 minutos\" \/>\n<script type=\"application\/ld+json\" class=\"yoast-schema-graph\">{\"@context\":\"https:\/\/schema.org\",\"@graph\":[{\"@type\":\"Article\",\"@id\":\"https:\/\/jornaltimoneiro.com.br\/index.php\/2015\/07\/26\/enfim-ferias-rede-municipal-de-ensino-para-os-trabalho-na-proxima-segunda-feira\/#article\",\"isPartOf\":{\"@id\":\"https:\/\/jornaltimoneiro.com.br\/index.php\/2015\/07\/26\/enfim-ferias-rede-municipal-de-ensino-para-os-trabalho-na-proxima-segunda-feira\/\"},\"author\":{\"name\":\"Reda\u00e7\u00e3o\",\"@id\":\"https:\/\/jornaltimoneiro.com.br\/#\/schema\/person\/620efd1d8244466117482be494360b08\"},\"headline\":\"Enfim, F\u00e9rias! Rede municipal de ensino para os trabalho na segunda-feira\",\"datePublished\":\"2015-07-26T13:08:53+00:00\",\"dateModified\":\"2015-07-26T13:08:53+00:00\",\"mainEntityOfPage\":{\"@id\":\"https:\/\/jornaltimoneiro.com.br\/index.php\/2015\/07\/26\/enfim-ferias-rede-municipal-de-ensino-para-os-trabalho-na-proxima-segunda-feira\/\"},\"wordCount\":350,\"commentCount\":0,\"publisher\":{\"@id\":\"https:\/\/jornaltimoneiro.com.br\/#organization\"},\"articleSection\":[\"Comunidade\",\"Destaques\",\"Ensino\",\"Not\u00edcias\"],\"inLanguage\":\"pt-BR\",\"potentialAction\":[{\"@type\":\"CommentAction\",\"name\":\"Comment\",\"target\":[\"https:\/\/jornaltimoneiro.com.br\/index.php\/2015\/07\/26\/enfim-ferias-rede-municipal-de-ensino-para-os-trabalho-na-proxima-segunda-feira\/#respond\"]}]},{\"@type\":\"WebPage\",\"@id\":\"https:\/\/jornaltimoneiro.com.br\/index.php\/2015\/07\/26\/enfim-ferias-rede-municipal-de-ensino-para-os-trabalho-na-proxima-segunda-feira\/\",\"url\":\"https:\/\/jornaltimoneiro.com.br\/index.php\/2015\/07\/26\/enfim-ferias-rede-municipal-de-ensino-para-os-trabalho-na-proxima-segunda-feira\/\",\"name\":\"Enfim, F\u00e9rias! Rede municipal de ensino para os trabalho na segunda-feira - O Timoneiro Jornal Canoas RS\",\"isPartOf\":{\"@id\":\"https:\/\/jornaltimoneiro.com.br\/#website\"},\"datePublished\":\"2015-07-26T13:08:53+00:00\",\"dateModified\":\"2015-07-26T13:08:53+00:00\",\"breadcrumb\":{\"@id\":\"https:\/\/jornaltimoneiro.com.br\/index.php\/2015\/07\/26\/enfim-ferias-rede-municipal-de-ensino-para-os-trabalho-na-proxima-segunda-feira\/#breadcrumb\"},\"inLanguage\":\"pt-BR\",\"potentialAction\":[{\"@type\":\"ReadAction\",\"target\":[\"https:\/\/jornaltimoneiro.com.br\/index.php\/2015\/07\/26\/enfim-ferias-rede-municipal-de-ensino-para-os-trabalho-na-proxima-segunda-feira\/\"]}]},{\"@type\":\"BreadcrumbList\",\"@id\":\"https:\/\/jornaltimoneiro.com.br\/index.php\/2015\/07\/26\/enfim-ferias-rede-municipal-de-ensino-para-os-trabalho-na-proxima-segunda-feira\/#breadcrumb\",\"itemListElement\":[{\"@type\":\"ListItem\",\"position\":1,\"name\":\"In\u00edcio\",\"item\":\"https:\/\/jornaltimoneiro.com.br\/\"},{\"@type\":\"ListItem\",\"position\":2,\"name\":\"Enfim, F\u00e9rias! Rede municipal de ensino para os trabalho na segunda-feira\"}]},{\"@type\":\"WebSite\",\"@id\":\"https:\/\/jornaltimoneiro.com.br\/#website\",\"url\":\"https:\/\/jornaltimoneiro.com.br\/\",\"name\":\"Jornal Timoneiro Canoas RS\",\"description\":\"Jornal O Timoneiro, o verdadeiro jornal de Canoas\",\"publisher\":{\"@id\":\"https:\/\/jornaltimoneiro.com.br\/#organization\"},\"potentialAction\":[{\"@type\":\"SearchAction\",\"target\":{\"@type\":\"EntryPoint\",\"urlTemplate\":\"https:\/\/jornaltimoneiro.com.br\/?s={search_term_string}\"},\"query-input\":\"required name=search_term_string\"}],\"inLanguage\":\"pt-BR\"},{\"@type\":\"Organization\",\"@id\":\"https:\/\/jornaltimoneiro.com.br\/#organization\",\"name\":\"Jornal Timoneiro Canoas RS\",\"url\":\"https:\/\/jornaltimoneiro.com.br\/\",\"logo\":{\"@type\":\"ImageObject\",\"inLanguage\":\"pt-BR\",\"@id\":\"https:\/\/jornaltimoneiro.com.br\/#\/schema\/logo\/image\/\",\"url\":\"https:\/\/jornaltimoneiro.com.br\/wp-content\/uploads\/2023\/03\/logonovo.png\",\"contentUrl\":\"https:\/\/jornaltimoneiro.com.br\/wp-content\/uploads\/2023\/03\/logonovo.png\",\"width\":\"469\",\"height\":\"171\",\"caption\":\"Jornal Timoneiro Canoas RS\"},\"image\":{\"@id\":\"https:\/\/jornaltimoneiro.com.br\/#\/schema\/logo\/image\/\"},\"sameAs\":[\"https:\/\/www.facebook.com\/jornaltimoneiro\",\"https:\/\/twitter.com\/_OTimoneiro\",\"https:\/\/www.instagram.com\/jornaltimoneirocanoas\/\",\"https:\/\/www.youtube.com\/@jornalotimoneiro7927\"]},{\"@type\":\"Person\",\"@id\":\"https:\/\/jornaltimoneiro.com.br\/#\/schema\/person\/620efd1d8244466117482be494360b08\",\"name\":\"Reda\u00e7\u00e3o\",\"image\":{\"@type\":\"ImageObject\",\"inLanguage\":\"pt-BR\",\"@id\":\"https:\/\/jornaltimoneiro.com.br\/#\/schema\/person\/image\/\",\"url\":\"https:\/\/secure.gravatar.com\/avatar\/2f04e1b304682a8d9db336c7acd77f08?s=96&d=mm&r=g\",\"contentUrl\":\"https:\/\/secure.gravatar.com\/avatar\/2f04e1b304682a8d9db336c7acd77f08?s=96&d=mm&r=g\",\"caption\":\"Reda\u00e7\u00e3o\"},\"url\":\"https:\/\/jornaltimoneiro.com.br\/index.php\/author\/timoneirocanoas\/\"}]}<\/script>\n<!-- \/ Yoast SEO plugin. -->","yoast_head_json":{"title":"Enfim, F\u00e9rias! Rede municipal de ensino para os trabalho na segunda-feira - O Timoneiro Jornal Canoas RS","robots":{"index":"index","follow":"follow","max-snippet":"max-snippet:-1","max-image-preview":"max-image-preview:large","max-video-preview":"max-video-preview:-1"},"canonical":"https:\/\/jornaltimoneiro.com.br\/index.php\/2015\/07\/26\/enfim-ferias-rede-municipal-de-ensino-para-os-trabalho-na-proxima-segunda-feira\/","og_locale":"pt_BR","og_type":"article","og_title":"Enfim, F\u00e9rias! Rede municipal de ensino para os trabalho na segunda-feira - O Timoneiro Jornal Canoas RS","og_description":"O m\u00eas mais esperados pelos alunos em sala de aula chegou. Julho simboliza f\u00e9rias de inverno e a crian\u00e7ada adora. O intervalo, no entanto, serve tanto para os alunos como para os professores. A partir de segunda-feira, 27 e at\u00e9 o dia 02 de agosto, um domingo, a rede municipal de educa\u00e7\u00e3o fundamental e infantil [&hellip;]","og_url":"https:\/\/jornaltimoneiro.com.br\/index.php\/2015\/07\/26\/enfim-ferias-rede-municipal-de-ensino-para-os-trabalho-na-proxima-segunda-feira\/","og_site_name":"O Timoneiro Jornal Canoas RS","article_publisher":"https:\/\/www.facebook.com\/jornaltimoneiro","article_published_time":"2015-07-26T13:08:53+00:00","author":"Reda\u00e7\u00e3o","twitter_card":"summary_large_image","twitter_creator":"@_OTimoneiro","twitter_site":"@_OTimoneiro","twitter_misc":{"Escrito por":"Reda\u00e7\u00e3o","Est. tempo de leitura":"2 minutos"},"schema":{"@context":"https:\/\/schema.org","@graph":[{"@type":"Article","@id":"https:\/\/jornaltimoneiro.com.br\/index.php\/2015\/07\/26\/enfim-ferias-rede-municipal-de-ensino-para-os-trabalho-na-proxima-segunda-feira\/#article","isPartOf":{"@id":"https:\/\/jornaltimoneiro.com.br\/index.php\/2015\/07\/26\/enfim-ferias-rede-municipal-de-ensino-para-os-trabalho-na-proxima-segunda-feira\/"},"author":{"name":"Reda\u00e7\u00e3o","@id":"https:\/\/jornaltimoneiro.com.br\/#\/schema\/person\/620efd1d8244466117482be494360b08"},"headline":"Enfim, F\u00e9rias! Rede municipal de ensino para os trabalho na segunda-feira","datePublished":"2015-07-26T13:08:53+00:00","dateModified":"2015-07-26T13:08:53+00:00","mainEntityOfPage":{"@id":"https:\/\/jornaltimoneiro.com.br\/index.php\/2015\/07\/26\/enfim-ferias-rede-municipal-de-ensino-para-os-trabalho-na-proxima-segunda-feira\/"},"wordCount":350,"commentCount":0,"publisher":{"@id":"https:\/\/jornaltimoneiro.com.br\/#organization"},"articleSection":["Comunidade","Destaques","Ensino","Not\u00edcias"],"inLanguage":"pt-BR","potentialAction":[{"@type":"CommentAction","name":"Comment","target":["https:\/\/jornaltimoneiro.com.br\/index.php\/2015\/07\/26\/enfim-ferias-rede-municipal-de-ensino-para-os-trabalho-na-proxima-segunda-feira\/#respond"]}]},{"@type":"WebPage","@id":"https:\/\/jornaltimoneiro.com.br\/index.php\/2015\/07\/26\/enfim-ferias-rede-municipal-de-ensino-para-os-trabalho-na-proxima-segunda-feira\/","url":"https:\/\/jornaltimoneiro.com.br\/index.php\/2015\/07\/26\/enfim-ferias-rede-municipal-de-ensino-para-os-trabalho-na-proxima-segunda-feira\/","name":"Enfim, F\u00e9rias! Rede municipal de ensino para os trabalho na segunda-feira - O Timoneiro Jornal Canoas RS","isPartOf":{"@id":"https:\/\/jornaltimoneiro.com.br\/#website"},"datePublished":"2015-07-26T13:08:53+00:00","dateModified":"2015-07-26T13:08:53+00:00","breadcrumb":{"@id":"https:\/\/jornaltimoneiro.com.br\/index.php\/2015\/07\/26\/enfim-ferias-rede-municipal-de-ensino-para-os-trabalho-na-proxima-segunda-feira\/#breadcrumb"},"inLanguage":"pt-BR","potentialAction":[{"@type":"ReadAction","target":["https:\/\/jornaltimoneiro.com.br\/index.php\/2015\/07\/26\/enfim-ferias-rede-municipal-de-ensino-para-os-trabalho-na-proxima-segunda-feira\/"]}]},{"@type":"BreadcrumbList","@id":"https:\/\/jornaltimoneiro.com.br\/index.php\/2015\/07\/26\/enfim-ferias-rede-municipal-de-ensino-para-os-trabalho-na-proxima-segunda-feira\/#breadcrumb","itemListElement":[{"@type":"ListItem","position":1,"name":"In\u00edcio","item":"https:\/\/jornaltimoneiro.com.br\/"},{"@type":"ListItem","position":2,"name":"Enfim, F\u00e9rias! Rede municipal de ensino para os trabalho na segunda-feira"}]},{"@type":"WebSite","@id":"https:\/\/jornaltimoneiro.com.br\/#website","url":"https:\/\/jornaltimoneiro.com.br\/","name":"Jornal Timoneiro Canoas RS","description":"Jornal O Timoneiro, o verdadeiro jornal de Canoas","publisher":{"@id":"https:\/\/jornaltimoneiro.com.br\/#organization"},"potentialAction":[{"@type":"SearchAction","target":{"@type":"EntryPoint","urlTemplate":"https:\/\/jornaltimoneiro.com.br\/?s={search_term_string}"},"query-input":"required name=search_term_string"}],"inLanguage":"pt-BR"},{"@type":"Organization","@id":"https:\/\/jornaltimoneiro.com.br\/#organization","name":"Jornal Timoneiro Canoas RS","url":"https:\/\/jornaltimoneiro.com.br\/","logo":{"@type":"ImageObject","inLanguage":"pt-BR","@id":"https:\/\/jornaltimoneiro.com.br\/#\/schema\/logo\/image\/","url":"https:\/\/jornaltimoneiro.com.br\/wp-content\/uploads\/2023\/03\/logonovo.png","contentUrl":"https:\/\/jornaltimoneiro.com.br\/wp-content\/uploads\/2023\/03\/logonovo.png","width":"469","height":"171","caption":"Jornal Timoneiro Canoas RS"},"image":{"@id":"https:\/\/jornaltimoneiro.com.br\/#\/schema\/logo\/image\/"},"sameAs":["https:\/\/www.facebook.com\/jornaltimoneiro","https:\/\/twitter.com\/_OTimoneiro","https:\/\/www.instagram.com\/jornaltimoneirocanoas\/","https:\/\/www.youtube.com\/@jornalotimoneiro7927"]},{"@type":"Person","@id":"https:\/\/jornaltimoneiro.com.br\/#\/schema\/person\/620efd1d8244466117482be494360b08","name":"Reda\u00e7\u00e3o","image":{"@type":"ImageObject","inLanguage":"pt-BR","@id":"https:\/\/jornaltimoneiro.com.br\/#\/schema\/person\/image\/","url":"https:\/\/secure.gravatar.com\/avatar\/2f04e1b304682a8d9db336c7acd77f08?s=96&d=mm&r=g","contentUrl":"https:\/\/secure.gravatar.com\/avatar\/2f04e1b304682a8d9db336c7acd77f08?s=96&d=mm&r=g","caption":"Reda\u00e7\u00e3o"},"url":"https:\/\/jornaltimoneiro.com.br\/index.php\/author\/timoneirocanoas\/"}]}},"_links":{"self":[{"href":"https:\/\/jornaltimoneiro.com.br\/index.php\/wp-json\/wp\/v2\/posts\/718"}],"collection":[{"href":"https:\/\/jornaltimoneiro.com.br\/index.php\/wp-json\/wp\/v2\/posts"}],"about":[{"href":"https:\/\/jornaltimoneiro.com.br\/index.php\/wp-json\/wp\/v2\/types\/post"}],"author":[{"embeddable":true,"href":"https:\/\/jornaltimoneiro.com.br\/index.php\/wp-json\/wp\/v2\/users\/1"}],"replies":[{"embeddable":true,"href":"https:\/\/jornaltimoneiro.com.br\/index.php\/wp-json\/wp\/v2\/comments?post=718"}],"version-history":[{"count":0,"href":"https:\/\/jornaltimoneiro.com.br\/index.php\/wp-json\/wp\/v2\/posts\/718\/revisions"}],"wp:featuredmedia":[{"embeddable":true,"href":"https:\/\/jornaltimoneiro.com.br\/index.php\/wp-json\/"}],"wp:attachment":[{"href":"https:\/\/jornaltimoneiro.com.br\/index.php\/wp-json\/wp\/v2\/media?parent=718"}],"wp:term":[{"taxonomy":"category","embeddable":true,"href":"https:\/\/jornaltimoneiro.com.br\/index.php\/wp-json\/wp\/v2\/categories?post=718"},{"taxonomy":"post_tag","embeddable":true,"href":"https:\/\/jornaltimoneiro.com.br\/index.php\/wp-json\/wp\/v2\/tags?post=718"}],"curies":[{"name":"wp","href":"https:\/\/api.w.org\/{rel}","templated":true}]}}