{"id":7176,"date":"2017-04-24T11:18:12","date_gmt":"2017-04-24T14:18:12","guid":{"rendered":"http:\/\/otimoneiro.com.br\/?p=7176"},"modified":"2017-04-24T11:18:12","modified_gmt":"2017-04-24T14:18:12","slug":"gamp-e-cobrado-sobre-medidas-contra-falta-de-insumos-em-hospitais","status":"publish","type":"post","link":"https:\/\/jornaltimoneiro.com.br\/index.php\/2017\/04\/24\/gamp-e-cobrado-sobre-medidas-contra-falta-de-insumos-em-hospitais\/","title":{"rendered":"Gamp \u00e9 cobrado sobre medidas contra falta de insumos em hospitais"},"content":{"rendered":"<div>\n<div id=\"attachment_3805\" style=\"width: 1010px\" class=\"wp-caption aligncenter\"><a href=\"http:\/\/otimoneiro.com.br\/wp-content\/uploads\/2016\/05\/Divulga\u00e7\u00e3o-ulbra.jpg\"><img decoding=\"async\" aria-describedby=\"caption-attachment-3805\" class=\"wp-image-3805 size-full\" src=\"http:\/\/otimoneiro.com.br\/wp-content\/uploads\/2016\/05\/Divulga\u00e7\u00e3o-ulbra.jpg\" alt=\"Hospital Universit\u00e1rio fica no campus da Ulbra. Foto: Divulga\u00e7\u00e3o\/Ulbra.\" width=\"1000\" height=\"669\" \/><\/a><p id=\"caption-attachment-3805\" class=\"wp-caption-text\">Foto: Divulga\u00e7\u00e3o\/Ulbra<\/p><\/div>\n<\/div>\n<div>A Secretaria Municipal de Sa\u00fade (SMS) promoveu uma reuni\u00e3o com os gestores do Grupo de Apoio e Preven\u00e7\u00e3o \u00e0 Medicina (Gamp), que administra no munic\u00edpio o Hospital Universit\u00e1rio (HU) e o Hospital de Pronto Socorro de Canoas (HPSC). O encontro teve a participa\u00e7\u00e3o do Sindicato M\u00e9dico do Rio Grande do Sul (Simers), que na semana passada ingressou no Minist\u00e9rio P\u00fablico de Canoas.<\/div>\n<div><\/div>\n<div>De acordo com a secret\u00e1ria da Sa\u00fade de Canoas, Rosa Groenwald, foi determinado ao Gamp que tenha em seus estoques os insumos necess\u00e1rios para atender todo o tipo de demanda, inclusive nos feriados.<\/div>\n<div><\/div>\n<div>&#8220;Al\u00e9m disso, determinamos a realiza\u00e7\u00e3o de reuni\u00f5es peri\u00f3dicas com diferentes setores do hospital, como\u00a0Emerg\u00eancia, bloco cir\u00fargico, UTI, com a participa\u00e7\u00e3o da Secretaria e o Gamp, com o objetivo de fazer todo o fluxo de abastecimento de cada \u00e1rea, n\u00e3o permitindo mais o desabastecimento&#8221;, explicou Rosa. &#8220;A partir deste momento, nos inserimos de fato dentro dos processos internos do Gamp&#8221;, acrescentou.<\/div>\n<div><\/div>\n<div>O Gamp venceu no final de 2016 a licita\u00e7\u00e3o para gerenciar o HU e o HPSC. O contrato de cinco anos de dura\u00e7\u00e3o entrou em vigor no dia 1\u00ba de dezembro e tem valor mensal de R$ 16,6 milh\u00f5es.<\/div>\n<div><\/div>\n<div>A Prefeitura de Canoas, em parceria com o gestor, trabalha para at\u00e9 o final deste ano reativar os dois andares atualmente fechados no Hospital Universit\u00e1rio, que poderiam acrescentar 180 leitos no equipamento de sa\u00fade.<\/div>\n<div><\/div>\n<h3>Em nota, o Gamp informa:<\/h3>\n<p>&#8220;O\u00a0processo de abastecimento no HU e HPSC est\u00e1 sendo regularizado, com estoques em montagem a partir de compras j\u00e1 realizadas. A estimativa \u00e9 que, com a entrega dos materiais j\u00e1 adquiridos, o abastecimento ser\u00e1 normalizado at\u00e9 o final deste m\u00eas. Ressaltamos que nenhum paciente ficou desassistido por falta de material. Todos os itens, quando poss\u00edveis, foram substitu\u00eddos ou comprados em car\u00e1ter de emerg\u00eancia. Quanto aos equipamentos em dep\u00f3sito, estes se constituem de dois grandes conjuntos: 1) Equipamentos de imagem (raios-X, ecografias, tom\u00f3grafo, por exemplo). 2) Equipamentos de menor porte, por\u00e9m em grande quantidade (ber\u00e7os aquecidos, respiradores, hemodi\u00e1lise, por exemplo). Os equipamentos de imagem j\u00e1 t\u00eam levantamento 100% realizado \u2013 patrimonial, n\u00famero de s\u00e9rie, registro fotogr\u00e1fico \u2013 isto \u00e9, foi feita toda a identifica\u00e7\u00e3o destes ativos. Deste levantamento, de 10 a 15% t\u00eam condi\u00e7\u00f5es de serem reaproveitados, cerca de 30% podem ser usados como reposit\u00f3rio de pe\u00e7as para equipamentos similares atualmente em uso, e 40% restantes est\u00e3o sucateados. O levantamento do segundo grupo de pe\u00e7as ainda est\u00e1 em andamento. O Gamp reitera, ainda, que est\u00e1 trabalhando em conjunto com a administra\u00e7\u00e3o municipal para viabilizar as obras civis e estruturais que possibilitar\u00e3o a reativa\u00e7\u00e3o dos dois andares fechados do HU at\u00e9 o final do ano&#8221;.<\/p>\n<div><\/div>\n<div><\/div>\n<div><\/div>\n","protected":false},"excerpt":{"rendered":"<p>A Secretaria Municipal de Sa\u00fade (SMS) promoveu uma reuni\u00e3o com os gestores do Grupo de Apoio e Preven\u00e7\u00e3o \u00e0 Medicina (Gamp), que administra no munic\u00edpio o Hospital Universit\u00e1rio (HU) e o Hospital de Pronto Socorro de Canoas (HPSC). O encontro teve a participa\u00e7\u00e3o do Sindicato M\u00e9dico do Rio Grande do Sul (Simers), que na semana [&hellip;]<\/p>\n","protected":false},"author":1,"featured_media":3805,"comment_status":"open","ping_status":"open","sticky":false,"template":"","format":"standard","meta":{"amp_status":"","footnotes":""},"categories":[19,22,26],"tags":[],"class_list":["post-7176","post","type-post","status-publish","format-standard","has-post-thumbnail","hentry","category-destaques","category-noticias","category-saude"],"yoast_head":"<!-- This site is optimized with the Yoast SEO plugin v20.5 - https:\/\/yoast.com\/wordpress\/plugins\/seo\/ -->\n<title>Gamp \u00e9 cobrado sobre medidas contra falta de insumos em hospitais - O Timoneiro Jornal Canoas RS<\/title>\n<meta name=\"robots\" content=\"index, follow, max-snippet:-1, max-image-preview:large, max-video-preview:-1\" \/>\n<link rel=\"canonical\" href=\"https:\/\/jornaltimoneiro.com.br\/index.php\/2017\/04\/24\/gamp-e-cobrado-sobre-medidas-contra-falta-de-insumos-em-hospitais\/\" \/>\n<meta property=\"og:locale\" content=\"pt_BR\" \/>\n<meta property=\"og:type\" content=\"article\" \/>\n<meta property=\"og:title\" content=\"Gamp \u00e9 cobrado sobre medidas contra falta de insumos em hospitais - O Timoneiro Jornal Canoas RS\" \/>\n<meta property=\"og:description\" content=\"A Secretaria Municipal de Sa\u00fade (SMS) promoveu uma reuni\u00e3o com os gestores do Grupo de Apoio e Preven\u00e7\u00e3o \u00e0 Medicina (Gamp), que administra no munic\u00edpio o Hospital Universit\u00e1rio (HU) e o Hospital de Pronto Socorro de Canoas (HPSC). O encontro teve a participa\u00e7\u00e3o do Sindicato M\u00e9dico do Rio Grande do Sul (Simers), que na semana [&hellip;]\" \/>\n<meta property=\"og:url\" content=\"https:\/\/jornaltimoneiro.com.br\/index.php\/2017\/04\/24\/gamp-e-cobrado-sobre-medidas-contra-falta-de-insumos-em-hospitais\/\" \/>\n<meta property=\"og:site_name\" content=\"O Timoneiro Jornal Canoas RS\" \/>\n<meta property=\"article:publisher\" content=\"https:\/\/www.facebook.com\/jornaltimoneiro\" \/>\n<meta property=\"article:published_time\" content=\"2017-04-24T14:18:12+00:00\" \/>\n<meta name=\"author\" content=\"Reda\u00e7\u00e3o\" \/>\n<meta name=\"twitter:card\" content=\"summary_large_image\" \/>\n<meta name=\"twitter:creator\" content=\"@_OTimoneiro\" \/>\n<meta name=\"twitter:site\" content=\"@_OTimoneiro\" \/>\n<meta name=\"twitter:label1\" content=\"Escrito por\" \/>\n\t<meta name=\"twitter:data1\" content=\"Reda\u00e7\u00e3o\" \/>\n\t<meta name=\"twitter:label2\" content=\"Est. tempo de leitura\" \/>\n\t<meta name=\"twitter:data2\" content=\"2 minutos\" \/>\n<script type=\"application\/ld+json\" class=\"yoast-schema-graph\">{\"@context\":\"https:\/\/schema.org\",\"@graph\":[{\"@type\":\"Article\",\"@id\":\"https:\/\/jornaltimoneiro.com.br\/index.php\/2017\/04\/24\/gamp-e-cobrado-sobre-medidas-contra-falta-de-insumos-em-hospitais\/#article\",\"isPartOf\":{\"@id\":\"https:\/\/jornaltimoneiro.com.br\/index.php\/2017\/04\/24\/gamp-e-cobrado-sobre-medidas-contra-falta-de-insumos-em-hospitais\/\"},\"author\":{\"name\":\"Reda\u00e7\u00e3o\",\"@id\":\"https:\/\/jornaltimoneiro.com.br\/#\/schema\/person\/620efd1d8244466117482be494360b08\"},\"headline\":\"Gamp \u00e9 cobrado sobre medidas contra falta de insumos em hospitais\",\"datePublished\":\"2017-04-24T14:18:12+00:00\",\"dateModified\":\"2017-04-24T14:18:12+00:00\",\"mainEntityOfPage\":{\"@id\":\"https:\/\/jornaltimoneiro.com.br\/index.php\/2017\/04\/24\/gamp-e-cobrado-sobre-medidas-contra-falta-de-insumos-em-hospitais\/\"},\"wordCount\":492,\"commentCount\":0,\"publisher\":{\"@id\":\"https:\/\/jornaltimoneiro.com.br\/#organization\"},\"articleSection\":[\"Destaques\",\"Not\u00edcias\",\"Sa\u00fade\"],\"inLanguage\":\"pt-BR\",\"potentialAction\":[{\"@type\":\"CommentAction\",\"name\":\"Comment\",\"target\":[\"https:\/\/jornaltimoneiro.com.br\/index.php\/2017\/04\/24\/gamp-e-cobrado-sobre-medidas-contra-falta-de-insumos-em-hospitais\/#respond\"]}]},{\"@type\":\"WebPage\",\"@id\":\"https:\/\/jornaltimoneiro.com.br\/index.php\/2017\/04\/24\/gamp-e-cobrado-sobre-medidas-contra-falta-de-insumos-em-hospitais\/\",\"url\":\"https:\/\/jornaltimoneiro.com.br\/index.php\/2017\/04\/24\/gamp-e-cobrado-sobre-medidas-contra-falta-de-insumos-em-hospitais\/\",\"name\":\"Gamp \u00e9 cobrado sobre medidas contra falta de insumos em hospitais - O Timoneiro Jornal Canoas RS\",\"isPartOf\":{\"@id\":\"https:\/\/jornaltimoneiro.com.br\/#website\"},\"datePublished\":\"2017-04-24T14:18:12+00:00\",\"dateModified\":\"2017-04-24T14:18:12+00:00\",\"breadcrumb\":{\"@id\":\"https:\/\/jornaltimoneiro.com.br\/index.php\/2017\/04\/24\/gamp-e-cobrado-sobre-medidas-contra-falta-de-insumos-em-hospitais\/#breadcrumb\"},\"inLanguage\":\"pt-BR\",\"potentialAction\":[{\"@type\":\"ReadAction\",\"target\":[\"https:\/\/jornaltimoneiro.com.br\/index.php\/2017\/04\/24\/gamp-e-cobrado-sobre-medidas-contra-falta-de-insumos-em-hospitais\/\"]}]},{\"@type\":\"BreadcrumbList\",\"@id\":\"https:\/\/jornaltimoneiro.com.br\/index.php\/2017\/04\/24\/gamp-e-cobrado-sobre-medidas-contra-falta-de-insumos-em-hospitais\/#breadcrumb\",\"itemListElement\":[{\"@type\":\"ListItem\",\"position\":1,\"name\":\"In\u00edcio\",\"item\":\"https:\/\/jornaltimoneiro.com.br\/\"},{\"@type\":\"ListItem\",\"position\":2,\"name\":\"Gamp \u00e9 cobrado sobre medidas contra falta de insumos em hospitais\"}]},{\"@type\":\"WebSite\",\"@id\":\"https:\/\/jornaltimoneiro.com.br\/#website\",\"url\":\"https:\/\/jornaltimoneiro.com.br\/\",\"name\":\"Jornal Timoneiro Canoas RS\",\"description\":\"Jornal O Timoneiro, o verdadeiro jornal de Canoas\",\"publisher\":{\"@id\":\"https:\/\/jornaltimoneiro.com.br\/#organization\"},\"potentialAction\":[{\"@type\":\"SearchAction\",\"target\":{\"@type\":\"EntryPoint\",\"urlTemplate\":\"https:\/\/jornaltimoneiro.com.br\/?s={search_term_string}\"},\"query-input\":\"required name=search_term_string\"}],\"inLanguage\":\"pt-BR\"},{\"@type\":\"Organization\",\"@id\":\"https:\/\/jornaltimoneiro.com.br\/#organization\",\"name\":\"Jornal Timoneiro Canoas RS\",\"url\":\"https:\/\/jornaltimoneiro.com.br\/\",\"logo\":{\"@type\":\"ImageObject\",\"inLanguage\":\"pt-BR\",\"@id\":\"https:\/\/jornaltimoneiro.com.br\/#\/schema\/logo\/image\/\",\"url\":\"https:\/\/jornaltimoneiro.com.br\/wp-content\/uploads\/2023\/03\/logonovo.png\",\"contentUrl\":\"https:\/\/jornaltimoneiro.com.br\/wp-content\/uploads\/2023\/03\/logonovo.png\",\"width\":\"469\",\"height\":\"171\",\"caption\":\"Jornal Timoneiro Canoas RS\"},\"image\":{\"@id\":\"https:\/\/jornaltimoneiro.com.br\/#\/schema\/logo\/image\/\"},\"sameAs\":[\"https:\/\/www.facebook.com\/jornaltimoneiro\",\"https:\/\/twitter.com\/_OTimoneiro\",\"https:\/\/www.instagram.com\/jornaltimoneirocanoas\/\",\"https:\/\/www.youtube.com\/@jornalotimoneiro7927\"]},{\"@type\":\"Person\",\"@id\":\"https:\/\/jornaltimoneiro.com.br\/#\/schema\/person\/620efd1d8244466117482be494360b08\",\"name\":\"Reda\u00e7\u00e3o\",\"image\":{\"@type\":\"ImageObject\",\"inLanguage\":\"pt-BR\",\"@id\":\"https:\/\/jornaltimoneiro.com.br\/#\/schema\/person\/image\/\",\"url\":\"https:\/\/secure.gravatar.com\/avatar\/2f04e1b304682a8d9db336c7acd77f08?s=96&d=mm&r=g\",\"contentUrl\":\"https:\/\/secure.gravatar.com\/avatar\/2f04e1b304682a8d9db336c7acd77f08?s=96&d=mm&r=g\",\"caption\":\"Reda\u00e7\u00e3o\"},\"url\":\"https:\/\/jornaltimoneiro.com.br\/index.php\/author\/timoneirocanoas\/\"}]}<\/script>\n<!-- \/ Yoast SEO plugin. -->","yoast_head_json":{"title":"Gamp \u00e9 cobrado sobre medidas contra falta de insumos em hospitais - O Timoneiro Jornal Canoas RS","robots":{"index":"index","follow":"follow","max-snippet":"max-snippet:-1","max-image-preview":"max-image-preview:large","max-video-preview":"max-video-preview:-1"},"canonical":"https:\/\/jornaltimoneiro.com.br\/index.php\/2017\/04\/24\/gamp-e-cobrado-sobre-medidas-contra-falta-de-insumos-em-hospitais\/","og_locale":"pt_BR","og_type":"article","og_title":"Gamp \u00e9 cobrado sobre medidas contra falta de insumos em hospitais - O Timoneiro Jornal Canoas RS","og_description":"A Secretaria Municipal de Sa\u00fade (SMS) promoveu uma reuni\u00e3o com os gestores do Grupo de Apoio e Preven\u00e7\u00e3o \u00e0 Medicina (Gamp), que administra no munic\u00edpio o Hospital Universit\u00e1rio (HU) e o Hospital de Pronto Socorro de Canoas (HPSC). O encontro teve a participa\u00e7\u00e3o do Sindicato M\u00e9dico do Rio Grande do Sul (Simers), que na semana [&hellip;]","og_url":"https:\/\/jornaltimoneiro.com.br\/index.php\/2017\/04\/24\/gamp-e-cobrado-sobre-medidas-contra-falta-de-insumos-em-hospitais\/","og_site_name":"O Timoneiro Jornal Canoas RS","article_publisher":"https:\/\/www.facebook.com\/jornaltimoneiro","article_published_time":"2017-04-24T14:18:12+00:00","author":"Reda\u00e7\u00e3o","twitter_card":"summary_large_image","twitter_creator":"@_OTimoneiro","twitter_site":"@_OTimoneiro","twitter_misc":{"Escrito por":"Reda\u00e7\u00e3o","Est. tempo de leitura":"2 minutos"},"schema":{"@context":"https:\/\/schema.org","@graph":[{"@type":"Article","@id":"https:\/\/jornaltimoneiro.com.br\/index.php\/2017\/04\/24\/gamp-e-cobrado-sobre-medidas-contra-falta-de-insumos-em-hospitais\/#article","isPartOf":{"@id":"https:\/\/jornaltimoneiro.com.br\/index.php\/2017\/04\/24\/gamp-e-cobrado-sobre-medidas-contra-falta-de-insumos-em-hospitais\/"},"author":{"name":"Reda\u00e7\u00e3o","@id":"https:\/\/jornaltimoneiro.com.br\/#\/schema\/person\/620efd1d8244466117482be494360b08"},"headline":"Gamp \u00e9 cobrado sobre medidas contra falta de insumos em hospitais","datePublished":"2017-04-24T14:18:12+00:00","dateModified":"2017-04-24T14:18:12+00:00","mainEntityOfPage":{"@id":"https:\/\/jornaltimoneiro.com.br\/index.php\/2017\/04\/24\/gamp-e-cobrado-sobre-medidas-contra-falta-de-insumos-em-hospitais\/"},"wordCount":492,"commentCount":0,"publisher":{"@id":"https:\/\/jornaltimoneiro.com.br\/#organization"},"articleSection":["Destaques","Not\u00edcias","Sa\u00fade"],"inLanguage":"pt-BR","potentialAction":[{"@type":"CommentAction","name":"Comment","target":["https:\/\/jornaltimoneiro.com.br\/index.php\/2017\/04\/24\/gamp-e-cobrado-sobre-medidas-contra-falta-de-insumos-em-hospitais\/#respond"]}]},{"@type":"WebPage","@id":"https:\/\/jornaltimoneiro.com.br\/index.php\/2017\/04\/24\/gamp-e-cobrado-sobre-medidas-contra-falta-de-insumos-em-hospitais\/","url":"https:\/\/jornaltimoneiro.com.br\/index.php\/2017\/04\/24\/gamp-e-cobrado-sobre-medidas-contra-falta-de-insumos-em-hospitais\/","name":"Gamp \u00e9 cobrado sobre medidas contra falta de insumos em hospitais - O Timoneiro Jornal Canoas RS","isPartOf":{"@id":"https:\/\/jornaltimoneiro.com.br\/#website"},"datePublished":"2017-04-24T14:18:12+00:00","dateModified":"2017-04-24T14:18:12+00:00","breadcrumb":{"@id":"https:\/\/jornaltimoneiro.com.br\/index.php\/2017\/04\/24\/gamp-e-cobrado-sobre-medidas-contra-falta-de-insumos-em-hospitais\/#breadcrumb"},"inLanguage":"pt-BR","potentialAction":[{"@type":"ReadAction","target":["https:\/\/jornaltimoneiro.com.br\/index.php\/2017\/04\/24\/gamp-e-cobrado-sobre-medidas-contra-falta-de-insumos-em-hospitais\/"]}]},{"@type":"BreadcrumbList","@id":"https:\/\/jornaltimoneiro.com.br\/index.php\/2017\/04\/24\/gamp-e-cobrado-sobre-medidas-contra-falta-de-insumos-em-hospitais\/#breadcrumb","itemListElement":[{"@type":"ListItem","position":1,"name":"In\u00edcio","item":"https:\/\/jornaltimoneiro.com.br\/"},{"@type":"ListItem","position":2,"name":"Gamp \u00e9 cobrado sobre medidas contra falta de insumos em hospitais"}]},{"@type":"WebSite","@id":"https:\/\/jornaltimoneiro.com.br\/#website","url":"https:\/\/jornaltimoneiro.com.br\/","name":"Jornal Timoneiro Canoas RS","description":"Jornal O Timoneiro, o verdadeiro jornal de Canoas","publisher":{"@id":"https:\/\/jornaltimoneiro.com.br\/#organization"},"potentialAction":[{"@type":"SearchAction","target":{"@type":"EntryPoint","urlTemplate":"https:\/\/jornaltimoneiro.com.br\/?s={search_term_string}"},"query-input":"required name=search_term_string"}],"inLanguage":"pt-BR"},{"@type":"Organization","@id":"https:\/\/jornaltimoneiro.com.br\/#organization","name":"Jornal Timoneiro Canoas RS","url":"https:\/\/jornaltimoneiro.com.br\/","logo":{"@type":"ImageObject","inLanguage":"pt-BR","@id":"https:\/\/jornaltimoneiro.com.br\/#\/schema\/logo\/image\/","url":"https:\/\/jornaltimoneiro.com.br\/wp-content\/uploads\/2023\/03\/logonovo.png","contentUrl":"https:\/\/jornaltimoneiro.com.br\/wp-content\/uploads\/2023\/03\/logonovo.png","width":"469","height":"171","caption":"Jornal Timoneiro Canoas RS"},"image":{"@id":"https:\/\/jornaltimoneiro.com.br\/#\/schema\/logo\/image\/"},"sameAs":["https:\/\/www.facebook.com\/jornaltimoneiro","https:\/\/twitter.com\/_OTimoneiro","https:\/\/www.instagram.com\/jornaltimoneirocanoas\/","https:\/\/www.youtube.com\/@jornalotimoneiro7927"]},{"@type":"Person","@id":"https:\/\/jornaltimoneiro.com.br\/#\/schema\/person\/620efd1d8244466117482be494360b08","name":"Reda\u00e7\u00e3o","image":{"@type":"ImageObject","inLanguage":"pt-BR","@id":"https:\/\/jornaltimoneiro.com.br\/#\/schema\/person\/image\/","url":"https:\/\/secure.gravatar.com\/avatar\/2f04e1b304682a8d9db336c7acd77f08?s=96&d=mm&r=g","contentUrl":"https:\/\/secure.gravatar.com\/avatar\/2f04e1b304682a8d9db336c7acd77f08?s=96&d=mm&r=g","caption":"Reda\u00e7\u00e3o"},"url":"https:\/\/jornaltimoneiro.com.br\/index.php\/author\/timoneirocanoas\/"}]}},"_links":{"self":[{"href":"https:\/\/jornaltimoneiro.com.br\/index.php\/wp-json\/wp\/v2\/posts\/7176"}],"collection":[{"href":"https:\/\/jornaltimoneiro.com.br\/index.php\/wp-json\/wp\/v2\/posts"}],"about":[{"href":"https:\/\/jornaltimoneiro.com.br\/index.php\/wp-json\/wp\/v2\/types\/post"}],"author":[{"embeddable":true,"href":"https:\/\/jornaltimoneiro.com.br\/index.php\/wp-json\/wp\/v2\/users\/1"}],"replies":[{"embeddable":true,"href":"https:\/\/jornaltimoneiro.com.br\/index.php\/wp-json\/wp\/v2\/comments?post=7176"}],"version-history":[{"count":0,"href":"https:\/\/jornaltimoneiro.com.br\/index.php\/wp-json\/wp\/v2\/posts\/7176\/revisions"}],"wp:featuredmedia":[{"embeddable":true,"href":"https:\/\/jornaltimoneiro.com.br\/index.php\/wp-json\/"}],"wp:attachment":[{"href":"https:\/\/jornaltimoneiro.com.br\/index.php\/wp-json\/wp\/v2\/media?parent=7176"}],"wp:term":[{"taxonomy":"category","embeddable":true,"href":"https:\/\/jornaltimoneiro.com.br\/index.php\/wp-json\/wp\/v2\/categories?post=7176"},{"taxonomy":"post_tag","embeddable":true,"href":"https:\/\/jornaltimoneiro.com.br\/index.php\/wp-json\/wp\/v2\/tags?post=7176"}],"curies":[{"name":"wp","href":"https:\/\/api.w.org\/{rel}","templated":true}]}}