{"id":7165,"date":"2017-04-20T12:12:28","date_gmt":"2017-04-20T15:12:28","guid":{"rendered":"http:\/\/otimoneiro.com.br\/?p=7165"},"modified":"2017-04-20T12:12:28","modified_gmt":"2017-04-20T15:12:28","slug":"delator-da-lava-jato-cita-detalhes-das-negociacoes-com-jairo-jorge","status":"publish","type":"post","link":"https:\/\/jornaltimoneiro.com.br\/index.php\/2017\/04\/20\/delator-da-lava-jato-cita-detalhes-das-negociacoes-com-jairo-jorge\/","title":{"rendered":"Delator da Lava Jato cita detalhes das negocia\u00e7\u00f5es com Jairo Jorge"},"content":{"rendered":"<div id=\"attachment_5315\" style=\"width: 1034px\" class=\"wp-caption aligncenter\"><a href=\"http:\/\/otimoneiro.com.br\/wp-content\/uploads\/2016\/10\/Jairo-Jorge.jpg\"><img decoding=\"async\" aria-describedby=\"caption-attachment-5315\" class=\"wp-image-5315 size-large\" src=\"http:\/\/otimoneiro.com.br\/wp-content\/uploads\/2016\/10\/Jairo-Jorge-1024x568.jpg\" alt=\"Prefeito Jairo Jorge (PT) em v\u00eddeo onde fala sobre a investiga\u00e7\u00e3o da PF. Foto: reprodu\u00e7\u00e3o\/internet.\" width=\"1024\" height=\"568\" \/><\/a><p id=\"caption-attachment-5315\" class=\"wp-caption-text\">Ex-prefeito Jairo Jorge<\/p><\/div>\n<p>O caso do ex-prefeito canoense, que n\u00e3o tem foro privilegiado, est\u00e1 com a PGR local. Ele foi delatado por Alexandrino de Salles Ramos de Alencar, que relatou o &#8220;pagamento de vantagens indevidas, n\u00e3o contabilizadas e a pretexto de doa\u00e7\u00e3o oficial&#8221;. Segundo Alexandrino, os repasses seriam motivados por pretendido favorecimento em obra rodovi\u00e1ria.<\/p>\n<p>Na dela\u00e7\u00e3o \u00e0 Pol\u00edcia Federal (PF), Alexandrino informou que conheceu Jairo Jorge em 2004, atrav\u00e9s do ent\u00e3o ministro da Educa\u00e7\u00e3o, Tarso Genro. Na \u00e9poca, Jairo trabalhava no Minist\u00e9rio e era apontado por Tarso, segundo Alexandrino, como um &#8220;quadro de crescimento&#8221; no partido. &#8220;Comecei a acompanh\u00e1-lo em suas atividades e vi que ele come\u00e7ou realmente a se projetar no campo pol\u00edtico do PT no Rio Grande do Sul&#8221;, disse o delator.<\/p>\n<h3>Caixa 2<\/h3>\n<p>Alexandrino ainda afirma que a Odebrecht participou das duas campanhas de Jairo Jorge para prefeito de Canoas: &#8220;Em ambas as campanhas n\u00f3s participamos com doa\u00e7\u00f5es legais e via caixa 2. Que eu me recorde, na de 2008 n\u00f3s doamos 50 mil reais via caixa 2, e na de 2012, se n\u00e3o me falha a mem\u00f3ria, n\u00f3s doamos 400 mil reais acima do padr\u00e3o de Prefeitura&#8221;. Tais contribui\u00e7\u00f5es, segundo o delator, eram motivadas pela lideran\u00e7a pol\u00edtica de Jairo Jorge na regi\u00e3o e pela colabora\u00e7\u00e3o do pol\u00edtico com a empresa, &#8220;ele sempre nos apoiou em trabalhos na regi\u00e3o&#8221;, completa Alexandrino.<\/p>\n<p>O empres\u00e1rio ainda relatou um encontro solicitado por Jairo Jorge, em 2008, sobre as doa\u00e7\u00f5es de campanha que eram realizadas pela empresa, de acordo com Alexandrino, via Caixa 2: &#8220;nesta \u00e9poca n\u00f3s ainda limit\u00e1vamos ao m\u00ednimo poss\u00edvel as doa\u00e7\u00f5es legais, ent\u00e3o a maioria das nossas doa\u00e7\u00f5es eram via caixa 2. Por conveni\u00eancia da empresa&#8221;. Questionado pela PF se a situa\u00e7\u00e3o teria gerado &#8220;algum estresse no candidato&#8221;, o delator respondeu: &#8220;N\u00e3o. Nenhum. Nada&#8221;.<\/p>\n<h3>RS-010<\/h3>\n<p>&#8220;Ele teve um trabalho muito importante conosco numa estrada, que infelizmente n\u00e3o conseguimos viabiliz\u00e1-la, que era uma concess\u00e3o, uma parceria p\u00fablico-privada, que era uma RS-010, que era uma estrada paralela \u00e0 estrada que liga, digamos, a serra ga\u00facha a Porto Alegre&#8221;, afirmou o ex-funcion\u00e1rio da Odebrecht \u00e0 PF. O delator afirma que as doa\u00e7\u00f5es para a campanha do ex-prefeito em 2012 ocorreram de forma legal para manter o relacionamento da empresa com o pol\u00edtico: &#8220;Ele vinha tendo uma atua\u00e7\u00e3o \u201cbem parceiro\u201d, bem, digamos, efetiva&#8221;, completou.<\/p>\n<h3>Confira o v\u00eddeo da dela\u00e7\u00e3o, na \u00edntegra:<\/h3>\n<p><iframe style=\"border: none; overflow: hidden;\" src=\"https:\/\/www.facebook.com\/plugins\/video.php?href=https%3A%2F%2Fwww.facebook.com%2Fjornalotimoneiro%2Fvideos%2F1276403212427794%2F&amp;show_text=0&amp;width=400\" width=\"400\" height=\"400\" frameborder=\"0\" scrolling=\"no\" allowfullscreen=\"allowfullscreen\"><\/iframe><\/p>\n","protected":false},"excerpt":{"rendered":"<p>O caso do ex-prefeito canoense, que n\u00e3o tem foro privilegiado, est\u00e1 com a PGR local. Ele foi delatado por Alexandrino de Salles Ramos de Alencar, que relatou o &#8220;pagamento de vantagens indevidas, n\u00e3o contabilizadas e a pretexto de doa\u00e7\u00e3o oficial&#8221;. Segundo Alexandrino, os repasses seriam motivados por pretendido favorecimento em obra rodovi\u00e1ria. Na dela\u00e7\u00e3o \u00e0 [&hellip;]<\/p>\n","protected":false},"author":1,"featured_media":5315,"comment_status":"open","ping_status":"open","sticky":false,"template":"","format":"standard","meta":{"amp_status":"","footnotes":""},"categories":[19,23,22,20],"tags":[],"class_list":["post-7165","post","type-post","status-publish","format-standard","has-post-thumbnail","hentry","category-destaques","category-geral","category-noticias","category-politica-noticias"],"yoast_head":"<!-- This site is optimized with the Yoast SEO plugin v20.5 - https:\/\/yoast.com\/wordpress\/plugins\/seo\/ -->\n<title>Delator da Lava Jato cita detalhes das negocia\u00e7\u00f5es com Jairo Jorge - O Timoneiro Jornal Canoas RS<\/title>\n<meta name=\"robots\" content=\"index, follow, max-snippet:-1, max-image-preview:large, max-video-preview:-1\" \/>\n<link rel=\"canonical\" href=\"https:\/\/jornaltimoneiro.com.br\/index.php\/2017\/04\/20\/delator-da-lava-jato-cita-detalhes-das-negociacoes-com-jairo-jorge\/\" \/>\n<meta property=\"og:locale\" content=\"pt_BR\" \/>\n<meta property=\"og:type\" content=\"article\" \/>\n<meta property=\"og:title\" content=\"Delator da Lava Jato cita detalhes das negocia\u00e7\u00f5es com Jairo Jorge - O Timoneiro Jornal Canoas RS\" \/>\n<meta property=\"og:description\" content=\"O caso do ex-prefeito canoense, que n\u00e3o tem foro privilegiado, est\u00e1 com a PGR local. Ele foi delatado por Alexandrino de Salles Ramos de Alencar, que relatou o &#8220;pagamento de vantagens indevidas, n\u00e3o contabilizadas e a pretexto de doa\u00e7\u00e3o oficial&#8221;. Segundo Alexandrino, os repasses seriam motivados por pretendido favorecimento em obra rodovi\u00e1ria. Na dela\u00e7\u00e3o \u00e0 [&hellip;]\" \/>\n<meta property=\"og:url\" content=\"https:\/\/jornaltimoneiro.com.br\/index.php\/2017\/04\/20\/delator-da-lava-jato-cita-detalhes-das-negociacoes-com-jairo-jorge\/\" \/>\n<meta property=\"og:site_name\" content=\"O Timoneiro Jornal Canoas RS\" \/>\n<meta property=\"article:publisher\" content=\"https:\/\/www.facebook.com\/jornaltimoneiro\" \/>\n<meta property=\"article:published_time\" content=\"2017-04-20T15:12:28+00:00\" \/>\n<meta name=\"author\" content=\"Reda\u00e7\u00e3o\" \/>\n<meta name=\"twitter:card\" content=\"summary_large_image\" \/>\n<meta name=\"twitter:creator\" content=\"@_OTimoneiro\" \/>\n<meta name=\"twitter:site\" content=\"@_OTimoneiro\" \/>\n<meta name=\"twitter:label1\" content=\"Escrito por\" \/>\n\t<meta name=\"twitter:data1\" content=\"Reda\u00e7\u00e3o\" \/>\n\t<meta name=\"twitter:label2\" content=\"Est. tempo de leitura\" \/>\n\t<meta name=\"twitter:data2\" content=\"2 minutos\" \/>\n<script type=\"application\/ld+json\" class=\"yoast-schema-graph\">{\"@context\":\"https:\/\/schema.org\",\"@graph\":[{\"@type\":\"Article\",\"@id\":\"https:\/\/jornaltimoneiro.com.br\/index.php\/2017\/04\/20\/delator-da-lava-jato-cita-detalhes-das-negociacoes-com-jairo-jorge\/#article\",\"isPartOf\":{\"@id\":\"https:\/\/jornaltimoneiro.com.br\/index.php\/2017\/04\/20\/delator-da-lava-jato-cita-detalhes-das-negociacoes-com-jairo-jorge\/\"},\"author\":{\"name\":\"Reda\u00e7\u00e3o\",\"@id\":\"https:\/\/jornaltimoneiro.com.br\/#\/schema\/person\/620efd1d8244466117482be494360b08\"},\"headline\":\"Delator da Lava Jato cita detalhes das negocia\u00e7\u00f5es com Jairo Jorge\",\"datePublished\":\"2017-04-20T15:12:28+00:00\",\"dateModified\":\"2017-04-20T15:12:28+00:00\",\"mainEntityOfPage\":{\"@id\":\"https:\/\/jornaltimoneiro.com.br\/index.php\/2017\/04\/20\/delator-da-lava-jato-cita-detalhes-das-negociacoes-com-jairo-jorge\/\"},\"wordCount\":444,\"commentCount\":0,\"publisher\":{\"@id\":\"https:\/\/jornaltimoneiro.com.br\/#organization\"},\"articleSection\":[\"Destaques\",\"Geral\",\"Not\u00edcias\",\"Pol\u00edtica\"],\"inLanguage\":\"pt-BR\",\"potentialAction\":[{\"@type\":\"CommentAction\",\"name\":\"Comment\",\"target\":[\"https:\/\/jornaltimoneiro.com.br\/index.php\/2017\/04\/20\/delator-da-lava-jato-cita-detalhes-das-negociacoes-com-jairo-jorge\/#respond\"]}]},{\"@type\":\"WebPage\",\"@id\":\"https:\/\/jornaltimoneiro.com.br\/index.php\/2017\/04\/20\/delator-da-lava-jato-cita-detalhes-das-negociacoes-com-jairo-jorge\/\",\"url\":\"https:\/\/jornaltimoneiro.com.br\/index.php\/2017\/04\/20\/delator-da-lava-jato-cita-detalhes-das-negociacoes-com-jairo-jorge\/\",\"name\":\"Delator da Lava Jato cita detalhes das negocia\u00e7\u00f5es com Jairo Jorge - O Timoneiro Jornal Canoas RS\",\"isPartOf\":{\"@id\":\"https:\/\/jornaltimoneiro.com.br\/#website\"},\"datePublished\":\"2017-04-20T15:12:28+00:00\",\"dateModified\":\"2017-04-20T15:12:28+00:00\",\"breadcrumb\":{\"@id\":\"https:\/\/jornaltimoneiro.com.br\/index.php\/2017\/04\/20\/delator-da-lava-jato-cita-detalhes-das-negociacoes-com-jairo-jorge\/#breadcrumb\"},\"inLanguage\":\"pt-BR\",\"potentialAction\":[{\"@type\":\"ReadAction\",\"target\":[\"https:\/\/jornaltimoneiro.com.br\/index.php\/2017\/04\/20\/delator-da-lava-jato-cita-detalhes-das-negociacoes-com-jairo-jorge\/\"]}]},{\"@type\":\"BreadcrumbList\",\"@id\":\"https:\/\/jornaltimoneiro.com.br\/index.php\/2017\/04\/20\/delator-da-lava-jato-cita-detalhes-das-negociacoes-com-jairo-jorge\/#breadcrumb\",\"itemListElement\":[{\"@type\":\"ListItem\",\"position\":1,\"name\":\"In\u00edcio\",\"item\":\"https:\/\/jornaltimoneiro.com.br\/\"},{\"@type\":\"ListItem\",\"position\":2,\"name\":\"Delator da Lava Jato cita detalhes das negocia\u00e7\u00f5es com Jairo Jorge\"}]},{\"@type\":\"WebSite\",\"@id\":\"https:\/\/jornaltimoneiro.com.br\/#website\",\"url\":\"https:\/\/jornaltimoneiro.com.br\/\",\"name\":\"Jornal Timoneiro Canoas RS\",\"description\":\"Jornal O Timoneiro, o verdadeiro jornal de Canoas\",\"publisher\":{\"@id\":\"https:\/\/jornaltimoneiro.com.br\/#organization\"},\"potentialAction\":[{\"@type\":\"SearchAction\",\"target\":{\"@type\":\"EntryPoint\",\"urlTemplate\":\"https:\/\/jornaltimoneiro.com.br\/?s={search_term_string}\"},\"query-input\":\"required name=search_term_string\"}],\"inLanguage\":\"pt-BR\"},{\"@type\":\"Organization\",\"@id\":\"https:\/\/jornaltimoneiro.com.br\/#organization\",\"name\":\"Jornal Timoneiro Canoas RS\",\"url\":\"https:\/\/jornaltimoneiro.com.br\/\",\"logo\":{\"@type\":\"ImageObject\",\"inLanguage\":\"pt-BR\",\"@id\":\"https:\/\/jornaltimoneiro.com.br\/#\/schema\/logo\/image\/\",\"url\":\"https:\/\/jornaltimoneiro.com.br\/wp-content\/uploads\/2023\/03\/logonovo.png\",\"contentUrl\":\"https:\/\/jornaltimoneiro.com.br\/wp-content\/uploads\/2023\/03\/logonovo.png\",\"width\":\"469\",\"height\":\"171\",\"caption\":\"Jornal Timoneiro Canoas RS\"},\"image\":{\"@id\":\"https:\/\/jornaltimoneiro.com.br\/#\/schema\/logo\/image\/\"},\"sameAs\":[\"https:\/\/www.facebook.com\/jornaltimoneiro\",\"https:\/\/twitter.com\/_OTimoneiro\",\"https:\/\/www.instagram.com\/jornaltimoneirocanoas\/\",\"https:\/\/www.youtube.com\/@jornalotimoneiro7927\"]},{\"@type\":\"Person\",\"@id\":\"https:\/\/jornaltimoneiro.com.br\/#\/schema\/person\/620efd1d8244466117482be494360b08\",\"name\":\"Reda\u00e7\u00e3o\",\"image\":{\"@type\":\"ImageObject\",\"inLanguage\":\"pt-BR\",\"@id\":\"https:\/\/jornaltimoneiro.com.br\/#\/schema\/person\/image\/\",\"url\":\"https:\/\/secure.gravatar.com\/avatar\/2f04e1b304682a8d9db336c7acd77f08?s=96&d=mm&r=g\",\"contentUrl\":\"https:\/\/secure.gravatar.com\/avatar\/2f04e1b304682a8d9db336c7acd77f08?s=96&d=mm&r=g\",\"caption\":\"Reda\u00e7\u00e3o\"},\"url\":\"https:\/\/jornaltimoneiro.com.br\/index.php\/author\/timoneirocanoas\/\"}]}<\/script>\n<!-- \/ Yoast SEO plugin. -->","yoast_head_json":{"title":"Delator da Lava Jato cita detalhes das negocia\u00e7\u00f5es com Jairo Jorge - O Timoneiro Jornal Canoas RS","robots":{"index":"index","follow":"follow","max-snippet":"max-snippet:-1","max-image-preview":"max-image-preview:large","max-video-preview":"max-video-preview:-1"},"canonical":"https:\/\/jornaltimoneiro.com.br\/index.php\/2017\/04\/20\/delator-da-lava-jato-cita-detalhes-das-negociacoes-com-jairo-jorge\/","og_locale":"pt_BR","og_type":"article","og_title":"Delator da Lava Jato cita detalhes das negocia\u00e7\u00f5es com Jairo Jorge - O Timoneiro Jornal Canoas RS","og_description":"O caso do ex-prefeito canoense, que n\u00e3o tem foro privilegiado, est\u00e1 com a PGR local. Ele foi delatado por Alexandrino de Salles Ramos de Alencar, que relatou o &#8220;pagamento de vantagens indevidas, n\u00e3o contabilizadas e a pretexto de doa\u00e7\u00e3o oficial&#8221;. Segundo Alexandrino, os repasses seriam motivados por pretendido favorecimento em obra rodovi\u00e1ria. Na dela\u00e7\u00e3o \u00e0 [&hellip;]","og_url":"https:\/\/jornaltimoneiro.com.br\/index.php\/2017\/04\/20\/delator-da-lava-jato-cita-detalhes-das-negociacoes-com-jairo-jorge\/","og_site_name":"O Timoneiro Jornal Canoas RS","article_publisher":"https:\/\/www.facebook.com\/jornaltimoneiro","article_published_time":"2017-04-20T15:12:28+00:00","author":"Reda\u00e7\u00e3o","twitter_card":"summary_large_image","twitter_creator":"@_OTimoneiro","twitter_site":"@_OTimoneiro","twitter_misc":{"Escrito por":"Reda\u00e7\u00e3o","Est. tempo de leitura":"2 minutos"},"schema":{"@context":"https:\/\/schema.org","@graph":[{"@type":"Article","@id":"https:\/\/jornaltimoneiro.com.br\/index.php\/2017\/04\/20\/delator-da-lava-jato-cita-detalhes-das-negociacoes-com-jairo-jorge\/#article","isPartOf":{"@id":"https:\/\/jornaltimoneiro.com.br\/index.php\/2017\/04\/20\/delator-da-lava-jato-cita-detalhes-das-negociacoes-com-jairo-jorge\/"},"author":{"name":"Reda\u00e7\u00e3o","@id":"https:\/\/jornaltimoneiro.com.br\/#\/schema\/person\/620efd1d8244466117482be494360b08"},"headline":"Delator da Lava Jato cita detalhes das negocia\u00e7\u00f5es com Jairo Jorge","datePublished":"2017-04-20T15:12:28+00:00","dateModified":"2017-04-20T15:12:28+00:00","mainEntityOfPage":{"@id":"https:\/\/jornaltimoneiro.com.br\/index.php\/2017\/04\/20\/delator-da-lava-jato-cita-detalhes-das-negociacoes-com-jairo-jorge\/"},"wordCount":444,"commentCount":0,"publisher":{"@id":"https:\/\/jornaltimoneiro.com.br\/#organization"},"articleSection":["Destaques","Geral","Not\u00edcias","Pol\u00edtica"],"inLanguage":"pt-BR","potentialAction":[{"@type":"CommentAction","name":"Comment","target":["https:\/\/jornaltimoneiro.com.br\/index.php\/2017\/04\/20\/delator-da-lava-jato-cita-detalhes-das-negociacoes-com-jairo-jorge\/#respond"]}]},{"@type":"WebPage","@id":"https:\/\/jornaltimoneiro.com.br\/index.php\/2017\/04\/20\/delator-da-lava-jato-cita-detalhes-das-negociacoes-com-jairo-jorge\/","url":"https:\/\/jornaltimoneiro.com.br\/index.php\/2017\/04\/20\/delator-da-lava-jato-cita-detalhes-das-negociacoes-com-jairo-jorge\/","name":"Delator da Lava Jato cita detalhes das negocia\u00e7\u00f5es com Jairo Jorge - O Timoneiro Jornal Canoas RS","isPartOf":{"@id":"https:\/\/jornaltimoneiro.com.br\/#website"},"datePublished":"2017-04-20T15:12:28+00:00","dateModified":"2017-04-20T15:12:28+00:00","breadcrumb":{"@id":"https:\/\/jornaltimoneiro.com.br\/index.php\/2017\/04\/20\/delator-da-lava-jato-cita-detalhes-das-negociacoes-com-jairo-jorge\/#breadcrumb"},"inLanguage":"pt-BR","potentialAction":[{"@type":"ReadAction","target":["https:\/\/jornaltimoneiro.com.br\/index.php\/2017\/04\/20\/delator-da-lava-jato-cita-detalhes-das-negociacoes-com-jairo-jorge\/"]}]},{"@type":"BreadcrumbList","@id":"https:\/\/jornaltimoneiro.com.br\/index.php\/2017\/04\/20\/delator-da-lava-jato-cita-detalhes-das-negociacoes-com-jairo-jorge\/#breadcrumb","itemListElement":[{"@type":"ListItem","position":1,"name":"In\u00edcio","item":"https:\/\/jornaltimoneiro.com.br\/"},{"@type":"ListItem","position":2,"name":"Delator da Lava Jato cita detalhes das negocia\u00e7\u00f5es com Jairo Jorge"}]},{"@type":"WebSite","@id":"https:\/\/jornaltimoneiro.com.br\/#website","url":"https:\/\/jornaltimoneiro.com.br\/","name":"Jornal Timoneiro Canoas RS","description":"Jornal O Timoneiro, o verdadeiro jornal de Canoas","publisher":{"@id":"https:\/\/jornaltimoneiro.com.br\/#organization"},"potentialAction":[{"@type":"SearchAction","target":{"@type":"EntryPoint","urlTemplate":"https:\/\/jornaltimoneiro.com.br\/?s={search_term_string}"},"query-input":"required name=search_term_string"}],"inLanguage":"pt-BR"},{"@type":"Organization","@id":"https:\/\/jornaltimoneiro.com.br\/#organization","name":"Jornal Timoneiro Canoas RS","url":"https:\/\/jornaltimoneiro.com.br\/","logo":{"@type":"ImageObject","inLanguage":"pt-BR","@id":"https:\/\/jornaltimoneiro.com.br\/#\/schema\/logo\/image\/","url":"https:\/\/jornaltimoneiro.com.br\/wp-content\/uploads\/2023\/03\/logonovo.png","contentUrl":"https:\/\/jornaltimoneiro.com.br\/wp-content\/uploads\/2023\/03\/logonovo.png","width":"469","height":"171","caption":"Jornal Timoneiro Canoas RS"},"image":{"@id":"https:\/\/jornaltimoneiro.com.br\/#\/schema\/logo\/image\/"},"sameAs":["https:\/\/www.facebook.com\/jornaltimoneiro","https:\/\/twitter.com\/_OTimoneiro","https:\/\/www.instagram.com\/jornaltimoneirocanoas\/","https:\/\/www.youtube.com\/@jornalotimoneiro7927"]},{"@type":"Person","@id":"https:\/\/jornaltimoneiro.com.br\/#\/schema\/person\/620efd1d8244466117482be494360b08","name":"Reda\u00e7\u00e3o","image":{"@type":"ImageObject","inLanguage":"pt-BR","@id":"https:\/\/jornaltimoneiro.com.br\/#\/schema\/person\/image\/","url":"https:\/\/secure.gravatar.com\/avatar\/2f04e1b304682a8d9db336c7acd77f08?s=96&d=mm&r=g","contentUrl":"https:\/\/secure.gravatar.com\/avatar\/2f04e1b304682a8d9db336c7acd77f08?s=96&d=mm&r=g","caption":"Reda\u00e7\u00e3o"},"url":"https:\/\/jornaltimoneiro.com.br\/index.php\/author\/timoneirocanoas\/"}]}},"_links":{"self":[{"href":"https:\/\/jornaltimoneiro.com.br\/index.php\/wp-json\/wp\/v2\/posts\/7165"}],"collection":[{"href":"https:\/\/jornaltimoneiro.com.br\/index.php\/wp-json\/wp\/v2\/posts"}],"about":[{"href":"https:\/\/jornaltimoneiro.com.br\/index.php\/wp-json\/wp\/v2\/types\/post"}],"author":[{"embeddable":true,"href":"https:\/\/jornaltimoneiro.com.br\/index.php\/wp-json\/wp\/v2\/users\/1"}],"replies":[{"embeddable":true,"href":"https:\/\/jornaltimoneiro.com.br\/index.php\/wp-json\/wp\/v2\/comments?post=7165"}],"version-history":[{"count":0,"href":"https:\/\/jornaltimoneiro.com.br\/index.php\/wp-json\/wp\/v2\/posts\/7165\/revisions"}],"wp:featuredmedia":[{"embeddable":true,"href":"https:\/\/jornaltimoneiro.com.br\/index.php\/wp-json\/"}],"wp:attachment":[{"href":"https:\/\/jornaltimoneiro.com.br\/index.php\/wp-json\/wp\/v2\/media?parent=7165"}],"wp:term":[{"taxonomy":"category","embeddable":true,"href":"https:\/\/jornaltimoneiro.com.br\/index.php\/wp-json\/wp\/v2\/categories?post=7165"},{"taxonomy":"post_tag","embeddable":true,"href":"https:\/\/jornaltimoneiro.com.br\/index.php\/wp-json\/wp\/v2\/tags?post=7165"}],"curies":[{"name":"wp","href":"https:\/\/api.w.org\/{rel}","templated":true}]}}