{"id":7116,"date":"2017-04-19T11:31:17","date_gmt":"2017-04-19T14:31:17","guid":{"rendered":"http:\/\/otimoneiro.com.br\/?p=7116"},"modified":"2017-04-19T11:31:17","modified_gmt":"2017-04-19T14:31:17","slug":"legislativo-promove-sessao-ordinaria-em-homenagem-ao-guajuviras","status":"publish","type":"post","link":"https:\/\/jornaltimoneiro.com.br\/index.php\/2017\/04\/19\/legislativo-promove-sessao-ordinaria-em-homenagem-ao-guajuviras\/","title":{"rendered":"Legislativo promove sess\u00e3o ordin\u00e1ria em homenagem ao Guajuviras"},"content":{"rendered":"<div id=\"attachment_7117\" style=\"width: 1034px\" class=\"wp-caption aligncenter\"><a href=\"http:\/\/otimoneiro.com.br\/wp-content\/uploads\/2017\/04\/legislativo.jpg\"><img decoding=\"async\" aria-describedby=\"caption-attachment-7117\" class=\"wp-image-7117 size-large\" src=\"http:\/\/otimoneiro.com.br\/wp-content\/uploads\/2017\/04\/legislativo-1024x683.jpg\" alt=\"legislativo\" width=\"1024\" height=\"683\" \/><\/a><p id=\"caption-attachment-7117\" class=\"wp-caption-text\">Foto: Vinicius Thormann<\/p><\/div>\n<p dir=\"ltr\">A Escola Municipal de Ensino Fundamental (EMEF) Erna W\u00fcrth, no bairro Guajuviras, recebeu na tarde desta ter\u00e7a-feira, 18, a sess\u00e3o plen\u00e1ria ordin\u00e1ria da C\u00e2mara dos Vereadores de Canoas. Presidida pelo chefe do Legislativo municipal, vereador Juarez Hoy, o ato teve como motiva\u00e7\u00e3o a comemora\u00e7\u00e3o dos 30 anos do Guajuviras.<\/p>\n<p>O Grande Expediente da sess\u00e3o ocorreu em homenagem \u00e0 Comiss\u00e3o Organizadora de Negocia\u00e7\u00e3o do Conjunto Habitacional Ildo Meneghetti, formada h\u00e1 30 anos para defender a ocupa\u00e7\u00e3o do local. Na sequ\u00eancia, cada partido do Legislativo prestou uma homenagem a uma personalidade do bairro.<\/p>\n<p>O subprefeito da regi\u00e3o Nordeste, quadrante que engloba o Guajuviras, Dr. Pompeu, falou sobre o trabalho da sua equipe, cuja fun\u00e7\u00e3o envolve desde o combate ao problema de alagamentos at\u00e9 a emiss\u00e3o de uma segunda via de IPTU. &#8220;Nossa subprefeitura est\u00e1 sempre de portas abertas para a comunidade. Queremos que o local se torne, mais do que nunca, uma refer\u00eancia, um bra\u00e7o de a\u00e7\u00e3o dos moradores da regi\u00e3o&#8221;, salientou Pompeu.<\/p>\n<p>Confira o nome dos homenageados:<\/p>\n<p>PSD &#8211; Maria Aparecida Flores<br \/>\nPMDB &#8211; Tamarisa Lopes da Silva<br \/>\nPCdoB &#8211; Padre Cl\u00e1udio D\u2019Angelo Castro<br \/>\nPTB &#8211; Maria Cristina Leite<br \/>\nSD &#8211; Iris Loraine Santana<br \/>\nPV &#8211; Jo\u00e3o Amado Alves<br \/>\nPDT &#8211; Ana Flores Mossatte<br \/>\nPPS &#8211; Luiz Alberto de Quadros<br \/>\nPT &#8211; Gilberto Amaral Mossatte<br \/>\nPP &#8211; S\u00e9rgio Santa Helena<br \/>\nPRB &#8211; Solange Maria Santos<\/p>\n","protected":false},"excerpt":{"rendered":"<p>A Escola Municipal de Ensino Fundamental (EMEF) Erna W\u00fcrth, no bairro Guajuviras, recebeu na tarde desta ter\u00e7a-feira, 18, a sess\u00e3o plen\u00e1ria ordin\u00e1ria da C\u00e2mara dos Vereadores de Canoas. Presidida pelo chefe do Legislativo municipal, vereador Juarez Hoy, o ato teve como motiva\u00e7\u00e3o a comemora\u00e7\u00e3o dos 30 anos do Guajuviras. O Grande Expediente da sess\u00e3o ocorreu [&hellip;]<\/p>\n","protected":false},"author":1,"featured_media":7117,"comment_status":"open","ping_status":"open","sticky":false,"template":"","format":"standard","meta":{"amp_status":"","footnotes":""},"categories":[25,19,23,22],"tags":[],"class_list":["post-7116","post","type-post","status-publish","format-standard","has-post-thumbnail","hentry","category-comunidade","category-destaques","category-geral","category-noticias"],"yoast_head":"<!-- This site is optimized with the Yoast SEO plugin v20.5 - https:\/\/yoast.com\/wordpress\/plugins\/seo\/ -->\n<title>Legislativo promove sess\u00e3o ordin\u00e1ria em homenagem ao Guajuviras - O Timoneiro Jornal Canoas RS<\/title>\n<meta name=\"robots\" content=\"index, follow, max-snippet:-1, max-image-preview:large, max-video-preview:-1\" \/>\n<link rel=\"canonical\" href=\"https:\/\/jornaltimoneiro.com.br\/index.php\/2017\/04\/19\/legislativo-promove-sessao-ordinaria-em-homenagem-ao-guajuviras\/\" \/>\n<meta property=\"og:locale\" content=\"pt_BR\" \/>\n<meta property=\"og:type\" content=\"article\" \/>\n<meta property=\"og:title\" content=\"Legislativo promove sess\u00e3o ordin\u00e1ria em homenagem ao Guajuviras - O Timoneiro Jornal Canoas RS\" \/>\n<meta property=\"og:description\" content=\"A Escola Municipal de Ensino Fundamental (EMEF) Erna W\u00fcrth, no bairro Guajuviras, recebeu na tarde desta ter\u00e7a-feira, 18, a sess\u00e3o plen\u00e1ria ordin\u00e1ria da C\u00e2mara dos Vereadores de Canoas. Presidida pelo chefe do Legislativo municipal, vereador Juarez Hoy, o ato teve como motiva\u00e7\u00e3o a comemora\u00e7\u00e3o dos 30 anos do Guajuviras. O Grande Expediente da sess\u00e3o ocorreu [&hellip;]\" \/>\n<meta property=\"og:url\" content=\"https:\/\/jornaltimoneiro.com.br\/index.php\/2017\/04\/19\/legislativo-promove-sessao-ordinaria-em-homenagem-ao-guajuviras\/\" \/>\n<meta property=\"og:site_name\" content=\"O Timoneiro Jornal Canoas RS\" \/>\n<meta property=\"article:publisher\" content=\"https:\/\/www.facebook.com\/jornaltimoneiro\" \/>\n<meta property=\"article:published_time\" content=\"2017-04-19T14:31:17+00:00\" \/>\n<meta name=\"author\" content=\"Reda\u00e7\u00e3o\" \/>\n<meta name=\"twitter:card\" content=\"summary_large_image\" \/>\n<meta name=\"twitter:creator\" content=\"@_OTimoneiro\" \/>\n<meta name=\"twitter:site\" content=\"@_OTimoneiro\" \/>\n<meta name=\"twitter:label1\" content=\"Escrito por\" \/>\n\t<meta name=\"twitter:data1\" content=\"Reda\u00e7\u00e3o\" \/>\n\t<meta name=\"twitter:label2\" content=\"Est. tempo de leitura\" \/>\n\t<meta name=\"twitter:data2\" content=\"1 minuto\" \/>\n<script type=\"application\/ld+json\" class=\"yoast-schema-graph\">{\"@context\":\"https:\/\/schema.org\",\"@graph\":[{\"@type\":\"Article\",\"@id\":\"https:\/\/jornaltimoneiro.com.br\/index.php\/2017\/04\/19\/legislativo-promove-sessao-ordinaria-em-homenagem-ao-guajuviras\/#article\",\"isPartOf\":{\"@id\":\"https:\/\/jornaltimoneiro.com.br\/index.php\/2017\/04\/19\/legislativo-promove-sessao-ordinaria-em-homenagem-ao-guajuviras\/\"},\"author\":{\"name\":\"Reda\u00e7\u00e3o\",\"@id\":\"https:\/\/jornaltimoneiro.com.br\/#\/schema\/person\/620efd1d8244466117482be494360b08\"},\"headline\":\"Legislativo promove sess\u00e3o ordin\u00e1ria em homenagem ao Guajuviras\",\"datePublished\":\"2017-04-19T14:31:17+00:00\",\"dateModified\":\"2017-04-19T14:31:17+00:00\",\"mainEntityOfPage\":{\"@id\":\"https:\/\/jornaltimoneiro.com.br\/index.php\/2017\/04\/19\/legislativo-promove-sessao-ordinaria-em-homenagem-ao-guajuviras\/\"},\"wordCount\":264,\"commentCount\":0,\"publisher\":{\"@id\":\"https:\/\/jornaltimoneiro.com.br\/#organization\"},\"articleSection\":[\"Comunidade\",\"Destaques\",\"Geral\",\"Not\u00edcias\"],\"inLanguage\":\"pt-BR\",\"potentialAction\":[{\"@type\":\"CommentAction\",\"name\":\"Comment\",\"target\":[\"https:\/\/jornaltimoneiro.com.br\/index.php\/2017\/04\/19\/legislativo-promove-sessao-ordinaria-em-homenagem-ao-guajuviras\/#respond\"]}]},{\"@type\":\"WebPage\",\"@id\":\"https:\/\/jornaltimoneiro.com.br\/index.php\/2017\/04\/19\/legislativo-promove-sessao-ordinaria-em-homenagem-ao-guajuviras\/\",\"url\":\"https:\/\/jornaltimoneiro.com.br\/index.php\/2017\/04\/19\/legislativo-promove-sessao-ordinaria-em-homenagem-ao-guajuviras\/\",\"name\":\"Legislativo promove sess\u00e3o ordin\u00e1ria em homenagem ao Guajuviras - O Timoneiro Jornal Canoas RS\",\"isPartOf\":{\"@id\":\"https:\/\/jornaltimoneiro.com.br\/#website\"},\"datePublished\":\"2017-04-19T14:31:17+00:00\",\"dateModified\":\"2017-04-19T14:31:17+00:00\",\"breadcrumb\":{\"@id\":\"https:\/\/jornaltimoneiro.com.br\/index.php\/2017\/04\/19\/legislativo-promove-sessao-ordinaria-em-homenagem-ao-guajuviras\/#breadcrumb\"},\"inLanguage\":\"pt-BR\",\"potentialAction\":[{\"@type\":\"ReadAction\",\"target\":[\"https:\/\/jornaltimoneiro.com.br\/index.php\/2017\/04\/19\/legislativo-promove-sessao-ordinaria-em-homenagem-ao-guajuviras\/\"]}]},{\"@type\":\"BreadcrumbList\",\"@id\":\"https:\/\/jornaltimoneiro.com.br\/index.php\/2017\/04\/19\/legislativo-promove-sessao-ordinaria-em-homenagem-ao-guajuviras\/#breadcrumb\",\"itemListElement\":[{\"@type\":\"ListItem\",\"position\":1,\"name\":\"In\u00edcio\",\"item\":\"https:\/\/jornaltimoneiro.com.br\/\"},{\"@type\":\"ListItem\",\"position\":2,\"name\":\"Legislativo promove sess\u00e3o ordin\u00e1ria em homenagem ao Guajuviras\"}]},{\"@type\":\"WebSite\",\"@id\":\"https:\/\/jornaltimoneiro.com.br\/#website\",\"url\":\"https:\/\/jornaltimoneiro.com.br\/\",\"name\":\"Jornal Timoneiro Canoas RS\",\"description\":\"Jornal O Timoneiro, o verdadeiro jornal de Canoas\",\"publisher\":{\"@id\":\"https:\/\/jornaltimoneiro.com.br\/#organization\"},\"potentialAction\":[{\"@type\":\"SearchAction\",\"target\":{\"@type\":\"EntryPoint\",\"urlTemplate\":\"https:\/\/jornaltimoneiro.com.br\/?s={search_term_string}\"},\"query-input\":\"required name=search_term_string\"}],\"inLanguage\":\"pt-BR\"},{\"@type\":\"Organization\",\"@id\":\"https:\/\/jornaltimoneiro.com.br\/#organization\",\"name\":\"Jornal Timoneiro Canoas RS\",\"url\":\"https:\/\/jornaltimoneiro.com.br\/\",\"logo\":{\"@type\":\"ImageObject\",\"inLanguage\":\"pt-BR\",\"@id\":\"https:\/\/jornaltimoneiro.com.br\/#\/schema\/logo\/image\/\",\"url\":\"https:\/\/jornaltimoneiro.com.br\/wp-content\/uploads\/2023\/03\/logonovo.png\",\"contentUrl\":\"https:\/\/jornaltimoneiro.com.br\/wp-content\/uploads\/2023\/03\/logonovo.png\",\"width\":\"469\",\"height\":\"171\",\"caption\":\"Jornal Timoneiro Canoas RS\"},\"image\":{\"@id\":\"https:\/\/jornaltimoneiro.com.br\/#\/schema\/logo\/image\/\"},\"sameAs\":[\"https:\/\/www.facebook.com\/jornaltimoneiro\",\"https:\/\/twitter.com\/_OTimoneiro\",\"https:\/\/www.instagram.com\/jornaltimoneirocanoas\/\",\"https:\/\/www.youtube.com\/@jornalotimoneiro7927\"]},{\"@type\":\"Person\",\"@id\":\"https:\/\/jornaltimoneiro.com.br\/#\/schema\/person\/620efd1d8244466117482be494360b08\",\"name\":\"Reda\u00e7\u00e3o\",\"image\":{\"@type\":\"ImageObject\",\"inLanguage\":\"pt-BR\",\"@id\":\"https:\/\/jornaltimoneiro.com.br\/#\/schema\/person\/image\/\",\"url\":\"https:\/\/secure.gravatar.com\/avatar\/2f04e1b304682a8d9db336c7acd77f08?s=96&d=mm&r=g\",\"contentUrl\":\"https:\/\/secure.gravatar.com\/avatar\/2f04e1b304682a8d9db336c7acd77f08?s=96&d=mm&r=g\",\"caption\":\"Reda\u00e7\u00e3o\"},\"url\":\"https:\/\/jornaltimoneiro.com.br\/index.php\/author\/timoneirocanoas\/\"}]}<\/script>\n<!-- \/ Yoast SEO plugin. -->","yoast_head_json":{"title":"Legislativo promove sess\u00e3o ordin\u00e1ria em homenagem ao Guajuviras - O Timoneiro Jornal Canoas RS","robots":{"index":"index","follow":"follow","max-snippet":"max-snippet:-1","max-image-preview":"max-image-preview:large","max-video-preview":"max-video-preview:-1"},"canonical":"https:\/\/jornaltimoneiro.com.br\/index.php\/2017\/04\/19\/legislativo-promove-sessao-ordinaria-em-homenagem-ao-guajuviras\/","og_locale":"pt_BR","og_type":"article","og_title":"Legislativo promove sess\u00e3o ordin\u00e1ria em homenagem ao Guajuviras - O Timoneiro Jornal Canoas RS","og_description":"A Escola Municipal de Ensino Fundamental (EMEF) Erna W\u00fcrth, no bairro Guajuviras, recebeu na tarde desta ter\u00e7a-feira, 18, a sess\u00e3o plen\u00e1ria ordin\u00e1ria da C\u00e2mara dos Vereadores de Canoas. Presidida pelo chefe do Legislativo municipal, vereador Juarez Hoy, o ato teve como motiva\u00e7\u00e3o a comemora\u00e7\u00e3o dos 30 anos do Guajuviras. O Grande Expediente da sess\u00e3o ocorreu [&hellip;]","og_url":"https:\/\/jornaltimoneiro.com.br\/index.php\/2017\/04\/19\/legislativo-promove-sessao-ordinaria-em-homenagem-ao-guajuviras\/","og_site_name":"O Timoneiro Jornal Canoas RS","article_publisher":"https:\/\/www.facebook.com\/jornaltimoneiro","article_published_time":"2017-04-19T14:31:17+00:00","author":"Reda\u00e7\u00e3o","twitter_card":"summary_large_image","twitter_creator":"@_OTimoneiro","twitter_site":"@_OTimoneiro","twitter_misc":{"Escrito por":"Reda\u00e7\u00e3o","Est. tempo de leitura":"1 minuto"},"schema":{"@context":"https:\/\/schema.org","@graph":[{"@type":"Article","@id":"https:\/\/jornaltimoneiro.com.br\/index.php\/2017\/04\/19\/legislativo-promove-sessao-ordinaria-em-homenagem-ao-guajuviras\/#article","isPartOf":{"@id":"https:\/\/jornaltimoneiro.com.br\/index.php\/2017\/04\/19\/legislativo-promove-sessao-ordinaria-em-homenagem-ao-guajuviras\/"},"author":{"name":"Reda\u00e7\u00e3o","@id":"https:\/\/jornaltimoneiro.com.br\/#\/schema\/person\/620efd1d8244466117482be494360b08"},"headline":"Legislativo promove sess\u00e3o ordin\u00e1ria em homenagem ao Guajuviras","datePublished":"2017-04-19T14:31:17+00:00","dateModified":"2017-04-19T14:31:17+00:00","mainEntityOfPage":{"@id":"https:\/\/jornaltimoneiro.com.br\/index.php\/2017\/04\/19\/legislativo-promove-sessao-ordinaria-em-homenagem-ao-guajuviras\/"},"wordCount":264,"commentCount":0,"publisher":{"@id":"https:\/\/jornaltimoneiro.com.br\/#organization"},"articleSection":["Comunidade","Destaques","Geral","Not\u00edcias"],"inLanguage":"pt-BR","potentialAction":[{"@type":"CommentAction","name":"Comment","target":["https:\/\/jornaltimoneiro.com.br\/index.php\/2017\/04\/19\/legislativo-promove-sessao-ordinaria-em-homenagem-ao-guajuviras\/#respond"]}]},{"@type":"WebPage","@id":"https:\/\/jornaltimoneiro.com.br\/index.php\/2017\/04\/19\/legislativo-promove-sessao-ordinaria-em-homenagem-ao-guajuviras\/","url":"https:\/\/jornaltimoneiro.com.br\/index.php\/2017\/04\/19\/legislativo-promove-sessao-ordinaria-em-homenagem-ao-guajuviras\/","name":"Legislativo promove sess\u00e3o ordin\u00e1ria em homenagem ao Guajuviras - O Timoneiro Jornal Canoas RS","isPartOf":{"@id":"https:\/\/jornaltimoneiro.com.br\/#website"},"datePublished":"2017-04-19T14:31:17+00:00","dateModified":"2017-04-19T14:31:17+00:00","breadcrumb":{"@id":"https:\/\/jornaltimoneiro.com.br\/index.php\/2017\/04\/19\/legislativo-promove-sessao-ordinaria-em-homenagem-ao-guajuviras\/#breadcrumb"},"inLanguage":"pt-BR","potentialAction":[{"@type":"ReadAction","target":["https:\/\/jornaltimoneiro.com.br\/index.php\/2017\/04\/19\/legislativo-promove-sessao-ordinaria-em-homenagem-ao-guajuviras\/"]}]},{"@type":"BreadcrumbList","@id":"https:\/\/jornaltimoneiro.com.br\/index.php\/2017\/04\/19\/legislativo-promove-sessao-ordinaria-em-homenagem-ao-guajuviras\/#breadcrumb","itemListElement":[{"@type":"ListItem","position":1,"name":"In\u00edcio","item":"https:\/\/jornaltimoneiro.com.br\/"},{"@type":"ListItem","position":2,"name":"Legislativo promove sess\u00e3o ordin\u00e1ria em homenagem ao Guajuviras"}]},{"@type":"WebSite","@id":"https:\/\/jornaltimoneiro.com.br\/#website","url":"https:\/\/jornaltimoneiro.com.br\/","name":"Jornal Timoneiro Canoas RS","description":"Jornal O Timoneiro, o verdadeiro jornal de Canoas","publisher":{"@id":"https:\/\/jornaltimoneiro.com.br\/#organization"},"potentialAction":[{"@type":"SearchAction","target":{"@type":"EntryPoint","urlTemplate":"https:\/\/jornaltimoneiro.com.br\/?s={search_term_string}"},"query-input":"required name=search_term_string"}],"inLanguage":"pt-BR"},{"@type":"Organization","@id":"https:\/\/jornaltimoneiro.com.br\/#organization","name":"Jornal Timoneiro Canoas RS","url":"https:\/\/jornaltimoneiro.com.br\/","logo":{"@type":"ImageObject","inLanguage":"pt-BR","@id":"https:\/\/jornaltimoneiro.com.br\/#\/schema\/logo\/image\/","url":"https:\/\/jornaltimoneiro.com.br\/wp-content\/uploads\/2023\/03\/logonovo.png","contentUrl":"https:\/\/jornaltimoneiro.com.br\/wp-content\/uploads\/2023\/03\/logonovo.png","width":"469","height":"171","caption":"Jornal Timoneiro Canoas RS"},"image":{"@id":"https:\/\/jornaltimoneiro.com.br\/#\/schema\/logo\/image\/"},"sameAs":["https:\/\/www.facebook.com\/jornaltimoneiro","https:\/\/twitter.com\/_OTimoneiro","https:\/\/www.instagram.com\/jornaltimoneirocanoas\/","https:\/\/www.youtube.com\/@jornalotimoneiro7927"]},{"@type":"Person","@id":"https:\/\/jornaltimoneiro.com.br\/#\/schema\/person\/620efd1d8244466117482be494360b08","name":"Reda\u00e7\u00e3o","image":{"@type":"ImageObject","inLanguage":"pt-BR","@id":"https:\/\/jornaltimoneiro.com.br\/#\/schema\/person\/image\/","url":"https:\/\/secure.gravatar.com\/avatar\/2f04e1b304682a8d9db336c7acd77f08?s=96&d=mm&r=g","contentUrl":"https:\/\/secure.gravatar.com\/avatar\/2f04e1b304682a8d9db336c7acd77f08?s=96&d=mm&r=g","caption":"Reda\u00e7\u00e3o"},"url":"https:\/\/jornaltimoneiro.com.br\/index.php\/author\/timoneirocanoas\/"}]}},"_links":{"self":[{"href":"https:\/\/jornaltimoneiro.com.br\/index.php\/wp-json\/wp\/v2\/posts\/7116"}],"collection":[{"href":"https:\/\/jornaltimoneiro.com.br\/index.php\/wp-json\/wp\/v2\/posts"}],"about":[{"href":"https:\/\/jornaltimoneiro.com.br\/index.php\/wp-json\/wp\/v2\/types\/post"}],"author":[{"embeddable":true,"href":"https:\/\/jornaltimoneiro.com.br\/index.php\/wp-json\/wp\/v2\/users\/1"}],"replies":[{"embeddable":true,"href":"https:\/\/jornaltimoneiro.com.br\/index.php\/wp-json\/wp\/v2\/comments?post=7116"}],"version-history":[{"count":0,"href":"https:\/\/jornaltimoneiro.com.br\/index.php\/wp-json\/wp\/v2\/posts\/7116\/revisions"}],"wp:featuredmedia":[{"embeddable":true,"href":"https:\/\/jornaltimoneiro.com.br\/index.php\/wp-json\/"}],"wp:attachment":[{"href":"https:\/\/jornaltimoneiro.com.br\/index.php\/wp-json\/wp\/v2\/media?parent=7116"}],"wp:term":[{"taxonomy":"category","embeddable":true,"href":"https:\/\/jornaltimoneiro.com.br\/index.php\/wp-json\/wp\/v2\/categories?post=7116"},{"taxonomy":"post_tag","embeddable":true,"href":"https:\/\/jornaltimoneiro.com.br\/index.php\/wp-json\/wp\/v2\/tags?post=7116"}],"curies":[{"name":"wp","href":"https:\/\/api.w.org\/{rel}","templated":true}]}}