{"id":7108,"date":"2017-04-17T18:07:24","date_gmt":"2017-04-17T21:07:24","guid":{"rendered":"http:\/\/otimoneiro.com.br\/?p=7108"},"modified":"2017-04-17T18:07:24","modified_gmt":"2017-04-17T21:07:24","slug":"busato-e-citado-em-delacao-da-lava-jato","status":"publish","type":"post","link":"https:\/\/jornaltimoneiro.com.br\/index.php\/2017\/04\/17\/busato-e-citado-em-delacao-da-lava-jato\/","title":{"rendered":"Busato \u00e9 citado em dela\u00e7\u00e3o da Odebrecht"},"content":{"rendered":"<p><a href=\"http:\/\/otimoneiro.com.br\/wp-content\/uploads\/2017\/04\/busato.jpg\"><img decoding=\"async\" class=\"aligncenter size-large wp-image-7109\" src=\"http:\/\/otimoneiro.com.br\/wp-content\/uploads\/2017\/04\/busato-1024x683.jpg\" alt=\"busato\" width=\"1024\" height=\"683\" \/><\/a><\/p>\n<p>O prefeito de Canoas Luiz Carlos Busato (PTB) foi citado na lista fornecida pelo\u00a0ex-executivo da Odebrecht, Benedicto J\u00fanior, o BJ. A planilha mostra supostas doa\u00e7\u00f5es de caixa 2 a 187 pol\u00edticos. As opera\u00e7\u00f5es mostradas na planilha, de acordo com Benedicto, teriam ocorrido entre 2008 e 2014.<\/p>\n<p>A planilha aponta que o codinome Jangada teria sido atribu\u00eddo ao atual Prefeito, que em 2010 teria recebido, de acordo com o que consta na\u00a0planilha, uma quantia de R$ 100 mil para sua campanha \u00e0 reelei\u00e7\u00e3o como deputado federal.Na lista, o nome do prefeito consta com grafia incorreta, chamado de Luis Carlos Bussato.<\/p>\n<p>Busato foi apenas citado na lista e ainda n\u00e3o h\u00e1 investiga\u00e7\u00e3o instaurada ou peti\u00e7\u00e3o\u00a0da Procuradoria Geral da Rep\u00fablica\u00a0(PGR) para que ele seja investigado.<\/p>\n<p>Diferente da situa\u00e7\u00e3o do deputado federal Marco Maia (PT) que j\u00e1 responde a inqu\u00e9rito\u00a0no STF\u00a0e do ex-prefeito Jairo Jorge (PDT) que\u00a0foi alvo\u00a0de uma peti\u00e7\u00e3o da\u00a0PGR\u00a0no STF, onde\u00a0o \u00a0relator,\u00a0ministro\u00a0 Edson\u00a0Fachin,determinou o envio do caso para a Justi\u00e7a Federal de Canoas, onde a PGR local analisar\u00e1 a necessidade ou n\u00e3o de investigar o caso.<\/p>\n<p><strong>O que diz Busato<\/strong><\/p>\n<p>Contatada pela equipe de reportagem de O Timoneiro, a assessoria de imprensa de Busato informou que ele nega qualquer envolvimento nesses fatos e garante que as contas de suas campanhas sempre foram dentro da lei.<\/p>\n","protected":false},"excerpt":{"rendered":"<p>O prefeito de Canoas Luiz Carlos Busato (PTB) foi citado na lista fornecida pelo\u00a0ex-executivo da Odebrecht, Benedicto J\u00fanior, o BJ. A planilha mostra supostas doa\u00e7\u00f5es de caixa 2 a 187 pol\u00edticos. As opera\u00e7\u00f5es mostradas na planilha, de acordo com Benedicto, teriam ocorrido entre 2008 e 2014. A planilha aponta que o codinome Jangada teria sido [&hellip;]<\/p>\n","protected":false},"author":1,"featured_media":7109,"comment_status":"open","ping_status":"open","sticky":false,"template":"","format":"standard","meta":{"amp_status":"","footnotes":""},"categories":[19],"tags":[],"class_list":["post-7108","post","type-post","status-publish","format-standard","has-post-thumbnail","hentry","category-destaques"],"yoast_head":"<!-- This site is optimized with the Yoast SEO plugin v20.5 - https:\/\/yoast.com\/wordpress\/plugins\/seo\/ -->\n<title>Busato \u00e9 citado em dela\u00e7\u00e3o da Odebrecht - O Timoneiro Jornal Canoas RS<\/title>\n<meta name=\"robots\" content=\"index, follow, max-snippet:-1, max-image-preview:large, max-video-preview:-1\" \/>\n<link rel=\"canonical\" href=\"https:\/\/jornaltimoneiro.com.br\/index.php\/2017\/04\/17\/busato-e-citado-em-delacao-da-lava-jato\/\" \/>\n<meta property=\"og:locale\" content=\"pt_BR\" \/>\n<meta property=\"og:type\" content=\"article\" \/>\n<meta property=\"og:title\" content=\"Busato \u00e9 citado em dela\u00e7\u00e3o da Odebrecht - O Timoneiro Jornal Canoas RS\" \/>\n<meta property=\"og:description\" content=\"O prefeito de Canoas Luiz Carlos Busato (PTB) foi citado na lista fornecida pelo\u00a0ex-executivo da Odebrecht, Benedicto J\u00fanior, o BJ. A planilha mostra supostas doa\u00e7\u00f5es de caixa 2 a 187 pol\u00edticos. As opera\u00e7\u00f5es mostradas na planilha, de acordo com Benedicto, teriam ocorrido entre 2008 e 2014. A planilha aponta que o codinome Jangada teria sido [&hellip;]\" \/>\n<meta property=\"og:url\" content=\"https:\/\/jornaltimoneiro.com.br\/index.php\/2017\/04\/17\/busato-e-citado-em-delacao-da-lava-jato\/\" \/>\n<meta property=\"og:site_name\" content=\"O Timoneiro Jornal Canoas RS\" \/>\n<meta property=\"article:publisher\" content=\"https:\/\/www.facebook.com\/jornaltimoneiro\" \/>\n<meta property=\"article:published_time\" content=\"2017-04-17T21:07:24+00:00\" \/>\n<meta name=\"author\" content=\"Reda\u00e7\u00e3o\" \/>\n<meta name=\"twitter:card\" content=\"summary_large_image\" \/>\n<meta name=\"twitter:creator\" content=\"@_OTimoneiro\" \/>\n<meta name=\"twitter:site\" content=\"@_OTimoneiro\" \/>\n<meta name=\"twitter:label1\" content=\"Escrito por\" \/>\n\t<meta name=\"twitter:data1\" content=\"Reda\u00e7\u00e3o\" \/>\n\t<meta name=\"twitter:label2\" content=\"Est. tempo de leitura\" \/>\n\t<meta name=\"twitter:data2\" content=\"1 minuto\" \/>\n<script type=\"application\/ld+json\" class=\"yoast-schema-graph\">{\"@context\":\"https:\/\/schema.org\",\"@graph\":[{\"@type\":\"Article\",\"@id\":\"https:\/\/jornaltimoneiro.com.br\/index.php\/2017\/04\/17\/busato-e-citado-em-delacao-da-lava-jato\/#article\",\"isPartOf\":{\"@id\":\"https:\/\/jornaltimoneiro.com.br\/index.php\/2017\/04\/17\/busato-e-citado-em-delacao-da-lava-jato\/\"},\"author\":{\"name\":\"Reda\u00e7\u00e3o\",\"@id\":\"https:\/\/jornaltimoneiro.com.br\/#\/schema\/person\/620efd1d8244466117482be494360b08\"},\"headline\":\"Busato \u00e9 citado em dela\u00e7\u00e3o da Odebrecht\",\"datePublished\":\"2017-04-17T21:07:24+00:00\",\"dateModified\":\"2017-04-17T21:07:24+00:00\",\"mainEntityOfPage\":{\"@id\":\"https:\/\/jornaltimoneiro.com.br\/index.php\/2017\/04\/17\/busato-e-citado-em-delacao-da-lava-jato\/\"},\"wordCount\":243,\"commentCount\":0,\"publisher\":{\"@id\":\"https:\/\/jornaltimoneiro.com.br\/#organization\"},\"articleSection\":[\"Destaques\"],\"inLanguage\":\"pt-BR\",\"potentialAction\":[{\"@type\":\"CommentAction\",\"name\":\"Comment\",\"target\":[\"https:\/\/jornaltimoneiro.com.br\/index.php\/2017\/04\/17\/busato-e-citado-em-delacao-da-lava-jato\/#respond\"]}]},{\"@type\":\"WebPage\",\"@id\":\"https:\/\/jornaltimoneiro.com.br\/index.php\/2017\/04\/17\/busato-e-citado-em-delacao-da-lava-jato\/\",\"url\":\"https:\/\/jornaltimoneiro.com.br\/index.php\/2017\/04\/17\/busato-e-citado-em-delacao-da-lava-jato\/\",\"name\":\"Busato \u00e9 citado em dela\u00e7\u00e3o da Odebrecht - O Timoneiro Jornal Canoas RS\",\"isPartOf\":{\"@id\":\"https:\/\/jornaltimoneiro.com.br\/#website\"},\"datePublished\":\"2017-04-17T21:07:24+00:00\",\"dateModified\":\"2017-04-17T21:07:24+00:00\",\"breadcrumb\":{\"@id\":\"https:\/\/jornaltimoneiro.com.br\/index.php\/2017\/04\/17\/busato-e-citado-em-delacao-da-lava-jato\/#breadcrumb\"},\"inLanguage\":\"pt-BR\",\"potentialAction\":[{\"@type\":\"ReadAction\",\"target\":[\"https:\/\/jornaltimoneiro.com.br\/index.php\/2017\/04\/17\/busato-e-citado-em-delacao-da-lava-jato\/\"]}]},{\"@type\":\"BreadcrumbList\",\"@id\":\"https:\/\/jornaltimoneiro.com.br\/index.php\/2017\/04\/17\/busato-e-citado-em-delacao-da-lava-jato\/#breadcrumb\",\"itemListElement\":[{\"@type\":\"ListItem\",\"position\":1,\"name\":\"In\u00edcio\",\"item\":\"https:\/\/jornaltimoneiro.com.br\/\"},{\"@type\":\"ListItem\",\"position\":2,\"name\":\"Busato \u00e9 citado em dela\u00e7\u00e3o da Odebrecht\"}]},{\"@type\":\"WebSite\",\"@id\":\"https:\/\/jornaltimoneiro.com.br\/#website\",\"url\":\"https:\/\/jornaltimoneiro.com.br\/\",\"name\":\"Jornal Timoneiro Canoas RS\",\"description\":\"Jornal O Timoneiro, o verdadeiro jornal de Canoas\",\"publisher\":{\"@id\":\"https:\/\/jornaltimoneiro.com.br\/#organization\"},\"potentialAction\":[{\"@type\":\"SearchAction\",\"target\":{\"@type\":\"EntryPoint\",\"urlTemplate\":\"https:\/\/jornaltimoneiro.com.br\/?s={search_term_string}\"},\"query-input\":\"required name=search_term_string\"}],\"inLanguage\":\"pt-BR\"},{\"@type\":\"Organization\",\"@id\":\"https:\/\/jornaltimoneiro.com.br\/#organization\",\"name\":\"Jornal Timoneiro Canoas RS\",\"url\":\"https:\/\/jornaltimoneiro.com.br\/\",\"logo\":{\"@type\":\"ImageObject\",\"inLanguage\":\"pt-BR\",\"@id\":\"https:\/\/jornaltimoneiro.com.br\/#\/schema\/logo\/image\/\",\"url\":\"https:\/\/jornaltimoneiro.com.br\/wp-content\/uploads\/2023\/03\/logonovo.png\",\"contentUrl\":\"https:\/\/jornaltimoneiro.com.br\/wp-content\/uploads\/2023\/03\/logonovo.png\",\"width\":\"469\",\"height\":\"171\",\"caption\":\"Jornal Timoneiro Canoas RS\"},\"image\":{\"@id\":\"https:\/\/jornaltimoneiro.com.br\/#\/schema\/logo\/image\/\"},\"sameAs\":[\"https:\/\/www.facebook.com\/jornaltimoneiro\",\"https:\/\/twitter.com\/_OTimoneiro\",\"https:\/\/www.instagram.com\/jornaltimoneirocanoas\/\",\"https:\/\/www.youtube.com\/@jornalotimoneiro7927\"]},{\"@type\":\"Person\",\"@id\":\"https:\/\/jornaltimoneiro.com.br\/#\/schema\/person\/620efd1d8244466117482be494360b08\",\"name\":\"Reda\u00e7\u00e3o\",\"image\":{\"@type\":\"ImageObject\",\"inLanguage\":\"pt-BR\",\"@id\":\"https:\/\/jornaltimoneiro.com.br\/#\/schema\/person\/image\/\",\"url\":\"https:\/\/secure.gravatar.com\/avatar\/2f04e1b304682a8d9db336c7acd77f08?s=96&d=mm&r=g\",\"contentUrl\":\"https:\/\/secure.gravatar.com\/avatar\/2f04e1b304682a8d9db336c7acd77f08?s=96&d=mm&r=g\",\"caption\":\"Reda\u00e7\u00e3o\"},\"url\":\"https:\/\/jornaltimoneiro.com.br\/index.php\/author\/timoneirocanoas\/\"}]}<\/script>\n<!-- \/ Yoast SEO plugin. -->","yoast_head_json":{"title":"Busato \u00e9 citado em dela\u00e7\u00e3o da Odebrecht - O Timoneiro Jornal Canoas RS","robots":{"index":"index","follow":"follow","max-snippet":"max-snippet:-1","max-image-preview":"max-image-preview:large","max-video-preview":"max-video-preview:-1"},"canonical":"https:\/\/jornaltimoneiro.com.br\/index.php\/2017\/04\/17\/busato-e-citado-em-delacao-da-lava-jato\/","og_locale":"pt_BR","og_type":"article","og_title":"Busato \u00e9 citado em dela\u00e7\u00e3o da Odebrecht - O Timoneiro Jornal Canoas RS","og_description":"O prefeito de Canoas Luiz Carlos Busato (PTB) foi citado na lista fornecida pelo\u00a0ex-executivo da Odebrecht, Benedicto J\u00fanior, o BJ. A planilha mostra supostas doa\u00e7\u00f5es de caixa 2 a 187 pol\u00edticos. As opera\u00e7\u00f5es mostradas na planilha, de acordo com Benedicto, teriam ocorrido entre 2008 e 2014. A planilha aponta que o codinome Jangada teria sido [&hellip;]","og_url":"https:\/\/jornaltimoneiro.com.br\/index.php\/2017\/04\/17\/busato-e-citado-em-delacao-da-lava-jato\/","og_site_name":"O Timoneiro Jornal Canoas RS","article_publisher":"https:\/\/www.facebook.com\/jornaltimoneiro","article_published_time":"2017-04-17T21:07:24+00:00","author":"Reda\u00e7\u00e3o","twitter_card":"summary_large_image","twitter_creator":"@_OTimoneiro","twitter_site":"@_OTimoneiro","twitter_misc":{"Escrito por":"Reda\u00e7\u00e3o","Est. tempo de leitura":"1 minuto"},"schema":{"@context":"https:\/\/schema.org","@graph":[{"@type":"Article","@id":"https:\/\/jornaltimoneiro.com.br\/index.php\/2017\/04\/17\/busato-e-citado-em-delacao-da-lava-jato\/#article","isPartOf":{"@id":"https:\/\/jornaltimoneiro.com.br\/index.php\/2017\/04\/17\/busato-e-citado-em-delacao-da-lava-jato\/"},"author":{"name":"Reda\u00e7\u00e3o","@id":"https:\/\/jornaltimoneiro.com.br\/#\/schema\/person\/620efd1d8244466117482be494360b08"},"headline":"Busato \u00e9 citado em dela\u00e7\u00e3o da Odebrecht","datePublished":"2017-04-17T21:07:24+00:00","dateModified":"2017-04-17T21:07:24+00:00","mainEntityOfPage":{"@id":"https:\/\/jornaltimoneiro.com.br\/index.php\/2017\/04\/17\/busato-e-citado-em-delacao-da-lava-jato\/"},"wordCount":243,"commentCount":0,"publisher":{"@id":"https:\/\/jornaltimoneiro.com.br\/#organization"},"articleSection":["Destaques"],"inLanguage":"pt-BR","potentialAction":[{"@type":"CommentAction","name":"Comment","target":["https:\/\/jornaltimoneiro.com.br\/index.php\/2017\/04\/17\/busato-e-citado-em-delacao-da-lava-jato\/#respond"]}]},{"@type":"WebPage","@id":"https:\/\/jornaltimoneiro.com.br\/index.php\/2017\/04\/17\/busato-e-citado-em-delacao-da-lava-jato\/","url":"https:\/\/jornaltimoneiro.com.br\/index.php\/2017\/04\/17\/busato-e-citado-em-delacao-da-lava-jato\/","name":"Busato \u00e9 citado em dela\u00e7\u00e3o da Odebrecht - O Timoneiro Jornal Canoas RS","isPartOf":{"@id":"https:\/\/jornaltimoneiro.com.br\/#website"},"datePublished":"2017-04-17T21:07:24+00:00","dateModified":"2017-04-17T21:07:24+00:00","breadcrumb":{"@id":"https:\/\/jornaltimoneiro.com.br\/index.php\/2017\/04\/17\/busato-e-citado-em-delacao-da-lava-jato\/#breadcrumb"},"inLanguage":"pt-BR","potentialAction":[{"@type":"ReadAction","target":["https:\/\/jornaltimoneiro.com.br\/index.php\/2017\/04\/17\/busato-e-citado-em-delacao-da-lava-jato\/"]}]},{"@type":"BreadcrumbList","@id":"https:\/\/jornaltimoneiro.com.br\/index.php\/2017\/04\/17\/busato-e-citado-em-delacao-da-lava-jato\/#breadcrumb","itemListElement":[{"@type":"ListItem","position":1,"name":"In\u00edcio","item":"https:\/\/jornaltimoneiro.com.br\/"},{"@type":"ListItem","position":2,"name":"Busato \u00e9 citado em dela\u00e7\u00e3o da Odebrecht"}]},{"@type":"WebSite","@id":"https:\/\/jornaltimoneiro.com.br\/#website","url":"https:\/\/jornaltimoneiro.com.br\/","name":"Jornal Timoneiro Canoas RS","description":"Jornal O Timoneiro, o verdadeiro jornal de Canoas","publisher":{"@id":"https:\/\/jornaltimoneiro.com.br\/#organization"},"potentialAction":[{"@type":"SearchAction","target":{"@type":"EntryPoint","urlTemplate":"https:\/\/jornaltimoneiro.com.br\/?s={search_term_string}"},"query-input":"required name=search_term_string"}],"inLanguage":"pt-BR"},{"@type":"Organization","@id":"https:\/\/jornaltimoneiro.com.br\/#organization","name":"Jornal Timoneiro Canoas RS","url":"https:\/\/jornaltimoneiro.com.br\/","logo":{"@type":"ImageObject","inLanguage":"pt-BR","@id":"https:\/\/jornaltimoneiro.com.br\/#\/schema\/logo\/image\/","url":"https:\/\/jornaltimoneiro.com.br\/wp-content\/uploads\/2023\/03\/logonovo.png","contentUrl":"https:\/\/jornaltimoneiro.com.br\/wp-content\/uploads\/2023\/03\/logonovo.png","width":"469","height":"171","caption":"Jornal Timoneiro Canoas RS"},"image":{"@id":"https:\/\/jornaltimoneiro.com.br\/#\/schema\/logo\/image\/"},"sameAs":["https:\/\/www.facebook.com\/jornaltimoneiro","https:\/\/twitter.com\/_OTimoneiro","https:\/\/www.instagram.com\/jornaltimoneirocanoas\/","https:\/\/www.youtube.com\/@jornalotimoneiro7927"]},{"@type":"Person","@id":"https:\/\/jornaltimoneiro.com.br\/#\/schema\/person\/620efd1d8244466117482be494360b08","name":"Reda\u00e7\u00e3o","image":{"@type":"ImageObject","inLanguage":"pt-BR","@id":"https:\/\/jornaltimoneiro.com.br\/#\/schema\/person\/image\/","url":"https:\/\/secure.gravatar.com\/avatar\/2f04e1b304682a8d9db336c7acd77f08?s=96&d=mm&r=g","contentUrl":"https:\/\/secure.gravatar.com\/avatar\/2f04e1b304682a8d9db336c7acd77f08?s=96&d=mm&r=g","caption":"Reda\u00e7\u00e3o"},"url":"https:\/\/jornaltimoneiro.com.br\/index.php\/author\/timoneirocanoas\/"}]}},"_links":{"self":[{"href":"https:\/\/jornaltimoneiro.com.br\/index.php\/wp-json\/wp\/v2\/posts\/7108"}],"collection":[{"href":"https:\/\/jornaltimoneiro.com.br\/index.php\/wp-json\/wp\/v2\/posts"}],"about":[{"href":"https:\/\/jornaltimoneiro.com.br\/index.php\/wp-json\/wp\/v2\/types\/post"}],"author":[{"embeddable":true,"href":"https:\/\/jornaltimoneiro.com.br\/index.php\/wp-json\/wp\/v2\/users\/1"}],"replies":[{"embeddable":true,"href":"https:\/\/jornaltimoneiro.com.br\/index.php\/wp-json\/wp\/v2\/comments?post=7108"}],"version-history":[{"count":0,"href":"https:\/\/jornaltimoneiro.com.br\/index.php\/wp-json\/wp\/v2\/posts\/7108\/revisions"}],"wp:featuredmedia":[{"embeddable":true,"href":"https:\/\/jornaltimoneiro.com.br\/index.php\/wp-json\/"}],"wp:attachment":[{"href":"https:\/\/jornaltimoneiro.com.br\/index.php\/wp-json\/wp\/v2\/media?parent=7108"}],"wp:term":[{"taxonomy":"category","embeddable":true,"href":"https:\/\/jornaltimoneiro.com.br\/index.php\/wp-json\/wp\/v2\/categories?post=7108"},{"taxonomy":"post_tag","embeddable":true,"href":"https:\/\/jornaltimoneiro.com.br\/index.php\/wp-json\/wp\/v2\/tags?post=7108"}],"curies":[{"name":"wp","href":"https:\/\/api.w.org\/{rel}","templated":true}]}}