{"id":7105,"date":"2017-04-17T17:18:24","date_gmt":"2017-04-17T20:18:24","guid":{"rendered":"http:\/\/otimoneiro.com.br\/?p=7105"},"modified":"2017-04-17T17:18:24","modified_gmt":"2017-04-17T20:18:24","slug":"alunos-da-rede-municipal-recebem-educacao-ambiental","status":"publish","type":"post","link":"https:\/\/jornaltimoneiro.com.br\/index.php\/2017\/04\/17\/alunos-da-rede-municipal-recebem-educacao-ambiental\/","title":{"rendered":"Alunos da rede municipal recebem educa\u00e7\u00e3o ambiental"},"content":{"rendered":"<div id=\"attachment_7106\" style=\"width: 1034px\" class=\"wp-caption aligncenter\"><a href=\"http:\/\/otimoneiro.com.br\/wp-content\/uploads\/2017\/04\/horta.jpg\"><img decoding=\"async\" aria-describedby=\"caption-attachment-7106\" class=\"wp-image-7106 size-large\" src=\"http:\/\/otimoneiro.com.br\/wp-content\/uploads\/2017\/04\/horta-1024x682.jpg\" alt=\"horta\" width=\"1024\" height=\"682\" \/><\/a><p id=\"caption-attachment-7106\" class=\"wp-caption-text\">Foto: Vinicius Thormann<\/p><\/div>\n<p>Alunos da rede municipal de ensino de Canoas recebem educa\u00e7\u00e3o ambiental diariamente por meio das\u00a0hortas escolares e do uso de composteiras nas escolas. A composteira \u00e9 uma esp\u00e9cie de caixa de madeira, onde s\u00e3o depositados restos de alimentos, como cascas de frutas e verduras e cascas de ovo vindos da pr\u00f3pria cozinha da escola. Em cerca de seis meses, esse material se transforma em adubo org\u00e2nico, que \u00e9 utilizado nas hortas.<\/p>\n<p>&#8220;A compostagem \u00e9 uma forma de aproveitamento de res\u00edduos org\u00e2nicos, cujo resultado \u00e9 a forma\u00e7\u00e3o do adubo rico em nutrientes. Esse adubo \u00e9 usado nas hortas, que s\u00e3o uma maneira de oferecer \u00e0s crian\u00e7as a experi\u00eancia de observar a transforma\u00e7\u00e3o de semente e mudas em alimentos saud\u00e1veis&#8221;, explica a diretora de Educa\u00e7\u00e3o Ambiental da Secretaria de Meio Ambiente e Sustentabilidade (SMAS), Mari Celeste Cancelli dos Santos.<\/p>\n<p>Atualmente, 21 escolas municipais de Canoas possuem horta ativada, 26 escolas t\u00eam composteiras ativas e 23 est\u00e3o em processo de ativa\u00e7\u00e3o da compostagem. A ades\u00e3o ao programa de educa\u00e7\u00e3o ambiental n\u00e3o \u00e9 obrigat\u00f3ria.<\/p>\n<h3><strong>Crian\u00e7as plantam, colhem e consomem<\/strong><\/h3>\n<p>Na Escola Municipal de Educa\u00e7\u00e3o Infantil (EMEI) Cara Melada, no bairro Guajuviras, as crian\u00e7as plantam, colhem e consomem couve, repolho, alface, ch\u00e1s e temperos. &#8220;Eles colhem e eles mesmo fazem a salada. Eles gostam muito&#8221;, conta a secret\u00e1ria da escola, Roseli Xavier. A EMEI Cara Melada possui 189 alunos entre seis meses e seis anos de idade.<\/p>\n<p>Al\u00e9m de promover a educa\u00e7\u00e3o ambiental, a composteira<strong>\u00a0<\/strong>tamb\u00e9m possibilita<strong>\u00a0<\/strong>economia \u00e0 escola, que passou a poupar cerca de R$ 60 mensais com a redu\u00e7\u00e3o do uso de sacos de lixo. &#8220;Entre 60% a 65% do lixo produzido aqui na escola \u00e9 reaproveit\u00e1vel. Isso n\u00e3o \u00e9 lixo, \u00e9 mat\u00e9ria-prima, que vira um importante composto que \u00e9 usado na horta. As crian\u00e7as podem\u00a0comer verduras totalmente org\u00e2nicas. A ideia \u00e9 que elas aprendam e levem esse conhecimento para casa&#8221;, relata o assessor da Diretoria de Educa\u00e7\u00e3o Ambiental, Derli Petry, que al\u00e9m de fazer as composteiras e auxiliar as escolas na manuten\u00e7\u00e3o das hortas, faz palestras para os alunos.<\/p>\n<p>Derli destaca a import\u00e2ncia do cuidado que deve se ter com a composteira, para evitar mau cheiro e prolifera\u00e7\u00e3o de ratos. &#8220;Eu oriento o pessoal que trabalha na cozinha das escolas que optam por ter a composteira.\u00a0O trabalho s\u00f3 d\u00e1 certo se a cozinha pega junto. Podem ser colocados na composteira cascas de frutas e verduras, borra de caf\u00e9, erva de chimarr\u00e3o, casca de ovo, folhas, mas n\u00e3o pode restos de comida, nada que tenha tempero&#8221;, explica.<\/p>\n<h3><strong>\u00c1rvores nas escolas<\/strong><\/h3>\n<p>Em parceria com a Diretoria de Parques e Pra\u00e7as, a Diretoria de Educa\u00e7\u00e3o Ambiental vai iniciar o plantio de \u00e1rvores nas escolas para garantir as brincadeiras na sombra aos alunos. Ser\u00e3o plantadas \u00e1rvores nativas e frut\u00edferas, como laranjeiras, jabuticabeiras e bergamoteiras, vindas do viveiro do Parque Get\u00falio Vargas (Cap\u00e3o do Corvo), local onde tamb\u00e9m h\u00e1 seis composteiras.<\/p>\n<h3>Composteira Ativa<\/h3>\n<p>EMEI V\u00d3 DORALICE<br \/>\nEMEI V\u00d3 BABALI<br \/>\nEMEI PROF IDARA ROCHA<br \/>\nEMEI CARMEM FERREIRA<br \/>\nEMEI M\u00c3E AUGUSTA<br \/>\nEMEI NILTON LEAL MARIA<br \/>\nEMEI TEREZINHA TERGOLINA<br \/>\nEMEI CARA MELADA<br \/>\nEMEI V\u00d3 NELSA<br \/>\nEMEI PEQUENO POLEGAR<br \/>\nEMEI OLGA RONCHETTI<br \/>\nEMEF THEODORO BOGEN<br \/>\nEMEF JO\u00c3O PAULO I<br \/>\nEMEF BAR\u00c3O DE MAUA<br \/>\nEMEF CARLOS DRUMMOND DE ANDRADE<br \/>\nEMEF SANTOS DUMONT<br \/>\nEMEF PERNAMBUCO<br \/>\nEMEF MINISTRO RUBEM CARLOS LUDWIG<br \/>\nEMEF WALTER PERACCHI BARCELOS<br \/>\nEMEF ROND\u00d4NIA<br \/>\nEMEF PREFEITO EDGAR FONTOURA<br \/>\nEMEF ASSIS BRASIL<br \/>\nEMEF GUAJUVIRAS<br \/>\nEMEF ARTHUR OSCAR JOACHINS<br \/>\nEMEF SETE DE SETEMBRO<br \/>\nEMEF ERNA WURTH<\/p>\n<h3>Em processo de ativa\u00e7\u00e3o<\/h3>\n<p>EMEI GILDA SCHIAVON<br \/>\nEMEI RECANTO DO FILHOTE<br \/>\nEMEI IRMA CHIES<br \/>\nEMEI CARINHA DE ANJO<br \/>\nEMEI BEM ME QUER<br \/>\nEMEI V\u00d3 CORINA<br \/>\nEMEI TIA LOURDES<br \/>\nEMEI V\u00d3 PICUCHA<br \/>\nEMEF CASTELO BRANCO<br \/>\nEMEF MAX ADOLFO ODERICH<br \/>\nEMEF ENG ILDO MENEGHETTI<br \/>\nEMEF DUQUE DE CAXIAS<br \/>\nEMEF ARTHUR PEREIRA DE VARGAS<br \/>\nEMEF MONTEIRO LOBATO<br \/>\nEMEF JACOB LONGONI<br \/>\nEMEF CEARA<br \/>\nEMEF IRM\u00c3O PEDRO<br \/>\nEMEF JO\u00c3O PALMA DA SILVA<br \/>\nEMEF PAULO VI<br \/>\nEMEF DR RUI CIRNE LIMA<br \/>\nEMEF GOV LEONEL DE MOURA BRIZOLA<br \/>\nEMEF PAULO FREIRE<br \/>\nEMEF CEL FRANCISCO PINTO BANDEIRA<\/p>\n<h3>Horta Ativada<\/h3>\n<p>EMEI V\u00d3 PICUCHA<br \/>\nEMEI TIA LOURDES<br \/>\nEMEI OLGA RONCHETTI<br \/>\nEMEI P\u00c9 DE MOLEQUE<br \/>\nEMEI CARA MELADA<br \/>\nEMEI TIA MARIA LUCIA<br \/>\nEMEI MUNDO M\u00c1GICO<br \/>\nEMEI CARINHA DE ANJO<br \/>\nEMEI PINGO DE GENTE<br \/>\nEMEI CARMEM FERREIRA<br \/>\nEMEF ROND\u00d4NIA<br \/>\nEMEF PREFEITO EDGAR FONTOURA<br \/>\nEMEF ASSIS BRASIL<br \/>\nEMEF ARTHUR OSCAR JOACHINS<br \/>\nEMEF MINISTRO RUBEM CARLOS LUDWIG<br \/>\nEMEF DR RUI CIRNE LIMA<br \/>\nEMEF CARLOS DRUMMOND DE ANDRADE<br \/>\nEMEF GAL NETO<br \/>\nEMEF IRM\u00c3O PEDRO<br \/>\nEMEF BAR\u00c3O DE MAUA<br \/>\nEMEF THEODORO BOGEN<\/p>\n<p>&nbsp;<\/p>\n","protected":false},"excerpt":{"rendered":"<p>Alunos da rede municipal de ensino de Canoas recebem educa\u00e7\u00e3o ambiental diariamente por meio das\u00a0hortas escolares e do uso de composteiras nas escolas. A composteira \u00e9 uma esp\u00e9cie de caixa de madeira, onde s\u00e3o depositados restos de alimentos, como cascas de frutas e verduras e cascas de ovo vindos da pr\u00f3pria cozinha da escola. Em [&hellip;]<\/p>\n","protected":false},"author":1,"featured_media":7106,"comment_status":"open","ping_status":"open","sticky":false,"template":"","format":"standard","meta":{"amp_status":"","footnotes":""},"categories":[19,27,23,22],"tags":[],"class_list":["post-7105","post","type-post","status-publish","format-standard","has-post-thumbnail","hentry","category-destaques","category-ensino","category-geral","category-noticias"],"yoast_head":"<!-- This site is optimized with the Yoast SEO plugin v20.5 - https:\/\/yoast.com\/wordpress\/plugins\/seo\/ -->\n<title>Alunos da rede municipal recebem educa\u00e7\u00e3o ambiental - O Timoneiro Jornal Canoas RS<\/title>\n<meta name=\"robots\" content=\"index, follow, max-snippet:-1, max-image-preview:large, max-video-preview:-1\" \/>\n<link rel=\"canonical\" href=\"https:\/\/jornaltimoneiro.com.br\/index.php\/2017\/04\/17\/alunos-da-rede-municipal-recebem-educacao-ambiental\/\" \/>\n<meta property=\"og:locale\" content=\"pt_BR\" \/>\n<meta property=\"og:type\" content=\"article\" \/>\n<meta property=\"og:title\" content=\"Alunos da rede municipal recebem educa\u00e7\u00e3o ambiental - O Timoneiro Jornal Canoas RS\" \/>\n<meta property=\"og:description\" content=\"Alunos da rede municipal de ensino de Canoas recebem educa\u00e7\u00e3o ambiental diariamente por meio das\u00a0hortas escolares e do uso de composteiras nas escolas. A composteira \u00e9 uma esp\u00e9cie de caixa de madeira, onde s\u00e3o depositados restos de alimentos, como cascas de frutas e verduras e cascas de ovo vindos da pr\u00f3pria cozinha da escola. Em [&hellip;]\" \/>\n<meta property=\"og:url\" content=\"https:\/\/jornaltimoneiro.com.br\/index.php\/2017\/04\/17\/alunos-da-rede-municipal-recebem-educacao-ambiental\/\" \/>\n<meta property=\"og:site_name\" content=\"O Timoneiro Jornal Canoas RS\" \/>\n<meta property=\"article:publisher\" content=\"https:\/\/www.facebook.com\/jornaltimoneiro\" \/>\n<meta property=\"article:published_time\" content=\"2017-04-17T20:18:24+00:00\" \/>\n<meta name=\"author\" content=\"Reda\u00e7\u00e3o\" \/>\n<meta name=\"twitter:card\" content=\"summary_large_image\" \/>\n<meta name=\"twitter:creator\" content=\"@_OTimoneiro\" \/>\n<meta name=\"twitter:site\" content=\"@_OTimoneiro\" \/>\n<meta name=\"twitter:label1\" content=\"Escrito por\" \/>\n\t<meta name=\"twitter:data1\" content=\"Reda\u00e7\u00e3o\" \/>\n\t<meta name=\"twitter:label2\" content=\"Est. tempo de leitura\" \/>\n\t<meta name=\"twitter:data2\" content=\"4 minutos\" \/>\n<script type=\"application\/ld+json\" class=\"yoast-schema-graph\">{\"@context\":\"https:\/\/schema.org\",\"@graph\":[{\"@type\":\"Article\",\"@id\":\"https:\/\/jornaltimoneiro.com.br\/index.php\/2017\/04\/17\/alunos-da-rede-municipal-recebem-educacao-ambiental\/#article\",\"isPartOf\":{\"@id\":\"https:\/\/jornaltimoneiro.com.br\/index.php\/2017\/04\/17\/alunos-da-rede-municipal-recebem-educacao-ambiental\/\"},\"author\":{\"name\":\"Reda\u00e7\u00e3o\",\"@id\":\"https:\/\/jornaltimoneiro.com.br\/#\/schema\/person\/620efd1d8244466117482be494360b08\"},\"headline\":\"Alunos da rede municipal recebem educa\u00e7\u00e3o ambiental\",\"datePublished\":\"2017-04-17T20:18:24+00:00\",\"dateModified\":\"2017-04-17T20:18:24+00:00\",\"mainEntityOfPage\":{\"@id\":\"https:\/\/jornaltimoneiro.com.br\/index.php\/2017\/04\/17\/alunos-da-rede-municipal-recebem-educacao-ambiental\/\"},\"wordCount\":793,\"commentCount\":0,\"publisher\":{\"@id\":\"https:\/\/jornaltimoneiro.com.br\/#organization\"},\"articleSection\":[\"Destaques\",\"Ensino\",\"Geral\",\"Not\u00edcias\"],\"inLanguage\":\"pt-BR\",\"potentialAction\":[{\"@type\":\"CommentAction\",\"name\":\"Comment\",\"target\":[\"https:\/\/jornaltimoneiro.com.br\/index.php\/2017\/04\/17\/alunos-da-rede-municipal-recebem-educacao-ambiental\/#respond\"]}]},{\"@type\":\"WebPage\",\"@id\":\"https:\/\/jornaltimoneiro.com.br\/index.php\/2017\/04\/17\/alunos-da-rede-municipal-recebem-educacao-ambiental\/\",\"url\":\"https:\/\/jornaltimoneiro.com.br\/index.php\/2017\/04\/17\/alunos-da-rede-municipal-recebem-educacao-ambiental\/\",\"name\":\"Alunos da rede municipal recebem educa\u00e7\u00e3o ambiental - O Timoneiro Jornal Canoas RS\",\"isPartOf\":{\"@id\":\"https:\/\/jornaltimoneiro.com.br\/#website\"},\"datePublished\":\"2017-04-17T20:18:24+00:00\",\"dateModified\":\"2017-04-17T20:18:24+00:00\",\"breadcrumb\":{\"@id\":\"https:\/\/jornaltimoneiro.com.br\/index.php\/2017\/04\/17\/alunos-da-rede-municipal-recebem-educacao-ambiental\/#breadcrumb\"},\"inLanguage\":\"pt-BR\",\"potentialAction\":[{\"@type\":\"ReadAction\",\"target\":[\"https:\/\/jornaltimoneiro.com.br\/index.php\/2017\/04\/17\/alunos-da-rede-municipal-recebem-educacao-ambiental\/\"]}]},{\"@type\":\"BreadcrumbList\",\"@id\":\"https:\/\/jornaltimoneiro.com.br\/index.php\/2017\/04\/17\/alunos-da-rede-municipal-recebem-educacao-ambiental\/#breadcrumb\",\"itemListElement\":[{\"@type\":\"ListItem\",\"position\":1,\"name\":\"In\u00edcio\",\"item\":\"https:\/\/jornaltimoneiro.com.br\/\"},{\"@type\":\"ListItem\",\"position\":2,\"name\":\"Alunos da rede municipal recebem educa\u00e7\u00e3o ambiental\"}]},{\"@type\":\"WebSite\",\"@id\":\"https:\/\/jornaltimoneiro.com.br\/#website\",\"url\":\"https:\/\/jornaltimoneiro.com.br\/\",\"name\":\"Jornal Timoneiro Canoas RS\",\"description\":\"Jornal O Timoneiro, o verdadeiro jornal de Canoas\",\"publisher\":{\"@id\":\"https:\/\/jornaltimoneiro.com.br\/#organization\"},\"potentialAction\":[{\"@type\":\"SearchAction\",\"target\":{\"@type\":\"EntryPoint\",\"urlTemplate\":\"https:\/\/jornaltimoneiro.com.br\/?s={search_term_string}\"},\"query-input\":\"required name=search_term_string\"}],\"inLanguage\":\"pt-BR\"},{\"@type\":\"Organization\",\"@id\":\"https:\/\/jornaltimoneiro.com.br\/#organization\",\"name\":\"Jornal Timoneiro Canoas RS\",\"url\":\"https:\/\/jornaltimoneiro.com.br\/\",\"logo\":{\"@type\":\"ImageObject\",\"inLanguage\":\"pt-BR\",\"@id\":\"https:\/\/jornaltimoneiro.com.br\/#\/schema\/logo\/image\/\",\"url\":\"https:\/\/jornaltimoneiro.com.br\/wp-content\/uploads\/2023\/03\/logonovo.png\",\"contentUrl\":\"https:\/\/jornaltimoneiro.com.br\/wp-content\/uploads\/2023\/03\/logonovo.png\",\"width\":\"469\",\"height\":\"171\",\"caption\":\"Jornal Timoneiro Canoas RS\"},\"image\":{\"@id\":\"https:\/\/jornaltimoneiro.com.br\/#\/schema\/logo\/image\/\"},\"sameAs\":[\"https:\/\/www.facebook.com\/jornaltimoneiro\",\"https:\/\/twitter.com\/_OTimoneiro\",\"https:\/\/www.instagram.com\/jornaltimoneirocanoas\/\",\"https:\/\/www.youtube.com\/@jornalotimoneiro7927\"]},{\"@type\":\"Person\",\"@id\":\"https:\/\/jornaltimoneiro.com.br\/#\/schema\/person\/620efd1d8244466117482be494360b08\",\"name\":\"Reda\u00e7\u00e3o\",\"image\":{\"@type\":\"ImageObject\",\"inLanguage\":\"pt-BR\",\"@id\":\"https:\/\/jornaltimoneiro.com.br\/#\/schema\/person\/image\/\",\"url\":\"https:\/\/secure.gravatar.com\/avatar\/2f04e1b304682a8d9db336c7acd77f08?s=96&d=mm&r=g\",\"contentUrl\":\"https:\/\/secure.gravatar.com\/avatar\/2f04e1b304682a8d9db336c7acd77f08?s=96&d=mm&r=g\",\"caption\":\"Reda\u00e7\u00e3o\"},\"url\":\"https:\/\/jornaltimoneiro.com.br\/index.php\/author\/timoneirocanoas\/\"}]}<\/script>\n<!-- \/ Yoast SEO plugin. -->","yoast_head_json":{"title":"Alunos da rede municipal recebem educa\u00e7\u00e3o ambiental - O Timoneiro Jornal Canoas RS","robots":{"index":"index","follow":"follow","max-snippet":"max-snippet:-1","max-image-preview":"max-image-preview:large","max-video-preview":"max-video-preview:-1"},"canonical":"https:\/\/jornaltimoneiro.com.br\/index.php\/2017\/04\/17\/alunos-da-rede-municipal-recebem-educacao-ambiental\/","og_locale":"pt_BR","og_type":"article","og_title":"Alunos da rede municipal recebem educa\u00e7\u00e3o ambiental - O Timoneiro Jornal Canoas RS","og_description":"Alunos da rede municipal de ensino de Canoas recebem educa\u00e7\u00e3o ambiental diariamente por meio das\u00a0hortas escolares e do uso de composteiras nas escolas. A composteira \u00e9 uma esp\u00e9cie de caixa de madeira, onde s\u00e3o depositados restos de alimentos, como cascas de frutas e verduras e cascas de ovo vindos da pr\u00f3pria cozinha da escola. Em [&hellip;]","og_url":"https:\/\/jornaltimoneiro.com.br\/index.php\/2017\/04\/17\/alunos-da-rede-municipal-recebem-educacao-ambiental\/","og_site_name":"O Timoneiro Jornal Canoas RS","article_publisher":"https:\/\/www.facebook.com\/jornaltimoneiro","article_published_time":"2017-04-17T20:18:24+00:00","author":"Reda\u00e7\u00e3o","twitter_card":"summary_large_image","twitter_creator":"@_OTimoneiro","twitter_site":"@_OTimoneiro","twitter_misc":{"Escrito por":"Reda\u00e7\u00e3o","Est. tempo de leitura":"4 minutos"},"schema":{"@context":"https:\/\/schema.org","@graph":[{"@type":"Article","@id":"https:\/\/jornaltimoneiro.com.br\/index.php\/2017\/04\/17\/alunos-da-rede-municipal-recebem-educacao-ambiental\/#article","isPartOf":{"@id":"https:\/\/jornaltimoneiro.com.br\/index.php\/2017\/04\/17\/alunos-da-rede-municipal-recebem-educacao-ambiental\/"},"author":{"name":"Reda\u00e7\u00e3o","@id":"https:\/\/jornaltimoneiro.com.br\/#\/schema\/person\/620efd1d8244466117482be494360b08"},"headline":"Alunos da rede municipal recebem educa\u00e7\u00e3o ambiental","datePublished":"2017-04-17T20:18:24+00:00","dateModified":"2017-04-17T20:18:24+00:00","mainEntityOfPage":{"@id":"https:\/\/jornaltimoneiro.com.br\/index.php\/2017\/04\/17\/alunos-da-rede-municipal-recebem-educacao-ambiental\/"},"wordCount":793,"commentCount":0,"publisher":{"@id":"https:\/\/jornaltimoneiro.com.br\/#organization"},"articleSection":["Destaques","Ensino","Geral","Not\u00edcias"],"inLanguage":"pt-BR","potentialAction":[{"@type":"CommentAction","name":"Comment","target":["https:\/\/jornaltimoneiro.com.br\/index.php\/2017\/04\/17\/alunos-da-rede-municipal-recebem-educacao-ambiental\/#respond"]}]},{"@type":"WebPage","@id":"https:\/\/jornaltimoneiro.com.br\/index.php\/2017\/04\/17\/alunos-da-rede-municipal-recebem-educacao-ambiental\/","url":"https:\/\/jornaltimoneiro.com.br\/index.php\/2017\/04\/17\/alunos-da-rede-municipal-recebem-educacao-ambiental\/","name":"Alunos da rede municipal recebem educa\u00e7\u00e3o ambiental - O Timoneiro Jornal Canoas RS","isPartOf":{"@id":"https:\/\/jornaltimoneiro.com.br\/#website"},"datePublished":"2017-04-17T20:18:24+00:00","dateModified":"2017-04-17T20:18:24+00:00","breadcrumb":{"@id":"https:\/\/jornaltimoneiro.com.br\/index.php\/2017\/04\/17\/alunos-da-rede-municipal-recebem-educacao-ambiental\/#breadcrumb"},"inLanguage":"pt-BR","potentialAction":[{"@type":"ReadAction","target":["https:\/\/jornaltimoneiro.com.br\/index.php\/2017\/04\/17\/alunos-da-rede-municipal-recebem-educacao-ambiental\/"]}]},{"@type":"BreadcrumbList","@id":"https:\/\/jornaltimoneiro.com.br\/index.php\/2017\/04\/17\/alunos-da-rede-municipal-recebem-educacao-ambiental\/#breadcrumb","itemListElement":[{"@type":"ListItem","position":1,"name":"In\u00edcio","item":"https:\/\/jornaltimoneiro.com.br\/"},{"@type":"ListItem","position":2,"name":"Alunos da rede municipal recebem educa\u00e7\u00e3o ambiental"}]},{"@type":"WebSite","@id":"https:\/\/jornaltimoneiro.com.br\/#website","url":"https:\/\/jornaltimoneiro.com.br\/","name":"Jornal Timoneiro Canoas RS","description":"Jornal O Timoneiro, o verdadeiro jornal de Canoas","publisher":{"@id":"https:\/\/jornaltimoneiro.com.br\/#organization"},"potentialAction":[{"@type":"SearchAction","target":{"@type":"EntryPoint","urlTemplate":"https:\/\/jornaltimoneiro.com.br\/?s={search_term_string}"},"query-input":"required name=search_term_string"}],"inLanguage":"pt-BR"},{"@type":"Organization","@id":"https:\/\/jornaltimoneiro.com.br\/#organization","name":"Jornal Timoneiro Canoas RS","url":"https:\/\/jornaltimoneiro.com.br\/","logo":{"@type":"ImageObject","inLanguage":"pt-BR","@id":"https:\/\/jornaltimoneiro.com.br\/#\/schema\/logo\/image\/","url":"https:\/\/jornaltimoneiro.com.br\/wp-content\/uploads\/2023\/03\/logonovo.png","contentUrl":"https:\/\/jornaltimoneiro.com.br\/wp-content\/uploads\/2023\/03\/logonovo.png","width":"469","height":"171","caption":"Jornal Timoneiro Canoas RS"},"image":{"@id":"https:\/\/jornaltimoneiro.com.br\/#\/schema\/logo\/image\/"},"sameAs":["https:\/\/www.facebook.com\/jornaltimoneiro","https:\/\/twitter.com\/_OTimoneiro","https:\/\/www.instagram.com\/jornaltimoneirocanoas\/","https:\/\/www.youtube.com\/@jornalotimoneiro7927"]},{"@type":"Person","@id":"https:\/\/jornaltimoneiro.com.br\/#\/schema\/person\/620efd1d8244466117482be494360b08","name":"Reda\u00e7\u00e3o","image":{"@type":"ImageObject","inLanguage":"pt-BR","@id":"https:\/\/jornaltimoneiro.com.br\/#\/schema\/person\/image\/","url":"https:\/\/secure.gravatar.com\/avatar\/2f04e1b304682a8d9db336c7acd77f08?s=96&d=mm&r=g","contentUrl":"https:\/\/secure.gravatar.com\/avatar\/2f04e1b304682a8d9db336c7acd77f08?s=96&d=mm&r=g","caption":"Reda\u00e7\u00e3o"},"url":"https:\/\/jornaltimoneiro.com.br\/index.php\/author\/timoneirocanoas\/"}]}},"_links":{"self":[{"href":"https:\/\/jornaltimoneiro.com.br\/index.php\/wp-json\/wp\/v2\/posts\/7105"}],"collection":[{"href":"https:\/\/jornaltimoneiro.com.br\/index.php\/wp-json\/wp\/v2\/posts"}],"about":[{"href":"https:\/\/jornaltimoneiro.com.br\/index.php\/wp-json\/wp\/v2\/types\/post"}],"author":[{"embeddable":true,"href":"https:\/\/jornaltimoneiro.com.br\/index.php\/wp-json\/wp\/v2\/users\/1"}],"replies":[{"embeddable":true,"href":"https:\/\/jornaltimoneiro.com.br\/index.php\/wp-json\/wp\/v2\/comments?post=7105"}],"version-history":[{"count":0,"href":"https:\/\/jornaltimoneiro.com.br\/index.php\/wp-json\/wp\/v2\/posts\/7105\/revisions"}],"wp:featuredmedia":[{"embeddable":true,"href":"https:\/\/jornaltimoneiro.com.br\/index.php\/wp-json\/"}],"wp:attachment":[{"href":"https:\/\/jornaltimoneiro.com.br\/index.php\/wp-json\/wp\/v2\/media?parent=7105"}],"wp:term":[{"taxonomy":"category","embeddable":true,"href":"https:\/\/jornaltimoneiro.com.br\/index.php\/wp-json\/wp\/v2\/categories?post=7105"},{"taxonomy":"post_tag","embeddable":true,"href":"https:\/\/jornaltimoneiro.com.br\/index.php\/wp-json\/wp\/v2\/tags?post=7105"}],"curies":[{"name":"wp","href":"https:\/\/api.w.org\/{rel}","templated":true}]}}