{"id":6945,"date":"2015-05-08T13:50:20","date_gmt":"2015-05-08T16:50:20","guid":{"rendered":"http:\/\/otimoneiro.com.br\/?p=71"},"modified":"2015-05-08T13:50:20","modified_gmt":"2015-05-08T16:50:20","slug":"sem-sistema-sem-saude-problemas-nas-consultas-da-ubs-santa-isabel","status":"publish","type":"post","link":"https:\/\/jornaltimoneiro.com.br\/index.php\/2015\/05\/08\/sem-sistema-sem-saude-problemas-nas-consultas-da-ubs-santa-isabel\/","title":{"rendered":"Sem sistema, sem sa\u00fade: Problemas nas consultas da UBS Santa Isabel"},"content":{"rendered":"<div id=\"attachment_86\" style=\"width: 297px\" class=\"wp-caption alignnone\"><a href=\"http:\/\/otimoneiro.com.br\/wp-content\/uploads\/2015\/05\/Obras-022.jpg\"><img decoding=\"async\" aria-describedby=\"caption-attachment-86\" class=\"wp-image-86\" src=\"http:\/\/otimoneiro.com.br\/wp-content\/uploads\/2015\/05\/Obras-022-300x200.jpg\" alt=\"Foto: Bruno Lara\/OT\" width=\"287\" height=\"191\" \/><\/a><p id=\"caption-attachment-86\" class=\"wp-caption-text\">Foto: Bruno Lara\/OT<\/p><\/div>\n<p style=\"text-align: justify;\">Os moradores reclamam que a unidade, administrada pelo hospital Nossa Senhora das Gra\u00e7as, atrav\u00e9s da Associa\u00e7\u00e3o Beneficente de Canoas (ABC) e da Prefeitura Municipal de Canoas, est\u00e1 sempre sem sistema, o que impossibilita a marca\u00e7\u00e3o de consultas e prejudica o dia a dia da cidade.<\/p>\n<p style=\"text-align: justify;\">Paulo Ricardo, 67 anos, morador da rua Coronel Vicente, reclama que para trocar a receita, que deve ser renovada todo o m\u00eas, precisa marcar uma consulta na Unidade B\u00e1sica de Sa\u00fade (UBS) Santa Isabel, situada na mesma rua. \u201cO sistema aqui est\u00e1 sempre fora. Acho que \u00e9 um desrespeito\u201d, salienta Paulo, afirmando que desta vez a situa\u00e7\u00e3o se prolongou por mais ou menos vinte dias. \u201cS\u00f3 eu j\u00e1 vim oito vezes aqui\u201d, completa. A situa\u00e7\u00e3o n\u00e3o \u00e9 novidade para os moradores, o agravante \u00e9 que Paulo precisava retirar o medicamento at\u00e9 o dia 29, o que n\u00e3o ocorreu em fun\u00e7\u00e3o de n\u00e3o conseguir a troca da receita.<br \/>\nEm visita ao local a equipe de O Timoneiro constatou que a maioria dos pacientes n\u00e3o foram atendidos em fun\u00e7\u00e3o da falta de sistema e teve de retornar para casa. A respons\u00e1vel pela unidade presente no local informou \u00e0 equipe que n\u00e3o se pronunciaria e que toda e qualquer resposta deve ser dada \u00fanica e exclusivamente pela Secretaria Municipal de Sa\u00fade (SMS) que, por sua vez, s\u00f3 pode responder atrav\u00e9s da Secretaria de Comunica\u00e7\u00e3o (SECOM) do munic\u00edpio.<\/p>\n<p style=\"text-align: justify;\"><strong>Administra\u00e7\u00e3o<\/strong><br \/>\nA UBS Santa Isabel \u00e9 administrada pelo Hospital Nossa Senhora das Gra\u00e7as (HNSG). Por\u00e9m, o hospital, no auge dos seus 52 anos, adotou um novo modelo de gest\u00e3o em fevereiro deste ano. Segundo o portal informativo da Prefeitura de Canoas, foi assinado um Protocolo de Coopera\u00e7\u00e3o T\u00e9cnica entre a Prefeitura e a Associa\u00e7\u00e3o Beneficente de Canoas (ABC), mantenedora da institui\u00e7\u00e3o, em uma quarta-feira, 18 de fevereiro de 2015. \u201cO objetivo foi alterar o modelo de governan\u00e7a do HNSG e dar in\u00edcio \u00e0 transi\u00e7\u00e3o para um novo modelo de gest\u00e3o. A assinatura, feita pelo prefeito Jairo Jorge e o presidente da ABC, Os\u00f3rio Biazus, ocorreu no audit\u00f3rio do HNSG\u201d. O que n\u00e3o fica claro \u00e9 quem vai administrar as Unidades de Pronto Atendimento (UPA) e as UBSs que eram responsabilidades do HNSG.<\/p>\n<p style=\"text-align: justify;\"><strong>O que diz a Prefeitura<\/strong><br \/>\nA Prefeitura confirmou o problema e disse que &#8221; todas as provid\u00eancias para garantir a estabilidade do servi\u00e7os de internet\/sistema, melhores da rede de intranet por r\u00e1dio&#8221; foram tomadas. Explicou, ainda, que a &#8220;Prefeitura administra e o HNSG executa os servi\u00e7os de higieniza\u00e7\u00e3o e acolhedores das UBS, os demais, a Prefeitura e a Funda\u00e7\u00e3o Municipal de Sa\u00fade que executam.&#8221;<\/p>\n","protected":false},"excerpt":{"rendered":"<p>Os moradores reclamam que a unidade, administrada pelo hospital Nossa Senhora das Gra\u00e7as, atrav\u00e9s da Associa\u00e7\u00e3o Beneficente de Canoas (ABC) e da Prefeitura Municipal de Canoas, est\u00e1 sempre sem sistema, o que impossibilita a marca\u00e7\u00e3o de consultas e prejudica o dia a dia da cidade. Paulo Ricardo, 67 anos, morador da rua Coronel Vicente, reclama [&hellip;]<\/p>\n","protected":false},"author":1,"featured_media":0,"comment_status":"open","ping_status":"open","sticky":false,"template":"","format":"standard","meta":{"amp_status":"","footnotes":""},"categories":[19,26],"tags":[],"class_list":["post-6945","post","type-post","status-publish","format-standard","hentry","category-destaques","category-saude"],"yoast_head":"<!-- This site is optimized with the Yoast SEO plugin v20.5 - https:\/\/yoast.com\/wordpress\/plugins\/seo\/ -->\n<title>Sem sistema, sem sa\u00fade: Problemas nas consultas da UBS Santa Isabel - O Timoneiro Jornal Canoas RS<\/title>\n<meta name=\"robots\" content=\"index, follow, max-snippet:-1, max-image-preview:large, max-video-preview:-1\" \/>\n<link rel=\"canonical\" href=\"https:\/\/jornaltimoneiro.com.br\/index.php\/2015\/05\/08\/sem-sistema-sem-saude-problemas-nas-consultas-da-ubs-santa-isabel\/\" \/>\n<meta property=\"og:locale\" content=\"pt_BR\" \/>\n<meta property=\"og:type\" content=\"article\" \/>\n<meta property=\"og:title\" content=\"Sem sistema, sem sa\u00fade: Problemas nas consultas da UBS Santa Isabel - O Timoneiro Jornal Canoas RS\" \/>\n<meta property=\"og:description\" content=\"Os moradores reclamam que a unidade, administrada pelo hospital Nossa Senhora das Gra\u00e7as, atrav\u00e9s da Associa\u00e7\u00e3o Beneficente de Canoas (ABC) e da Prefeitura Municipal de Canoas, est\u00e1 sempre sem sistema, o que impossibilita a marca\u00e7\u00e3o de consultas e prejudica o dia a dia da cidade. Paulo Ricardo, 67 anos, morador da rua Coronel Vicente, reclama [&hellip;]\" \/>\n<meta property=\"og:url\" content=\"https:\/\/jornaltimoneiro.com.br\/index.php\/2015\/05\/08\/sem-sistema-sem-saude-problemas-nas-consultas-da-ubs-santa-isabel\/\" \/>\n<meta property=\"og:site_name\" content=\"O Timoneiro Jornal Canoas RS\" \/>\n<meta property=\"article:publisher\" content=\"https:\/\/www.facebook.com\/jornaltimoneiro\" \/>\n<meta property=\"article:published_time\" content=\"2015-05-08T16:50:20+00:00\" \/>\n<meta property=\"og:image\" content=\"http:\/\/otimoneiro.com.br\/wp-content\/uploads\/2015\/05\/Obras-022-300x200.jpg\" \/>\n<meta name=\"author\" content=\"Reda\u00e7\u00e3o\" \/>\n<meta name=\"twitter:card\" content=\"summary_large_image\" \/>\n<meta name=\"twitter:creator\" content=\"@_OTimoneiro\" \/>\n<meta name=\"twitter:site\" content=\"@_OTimoneiro\" \/>\n<meta name=\"twitter:label1\" content=\"Escrito por\" \/>\n\t<meta name=\"twitter:data1\" content=\"Reda\u00e7\u00e3o\" \/>\n\t<meta name=\"twitter:label2\" content=\"Est. tempo de leitura\" \/>\n\t<meta name=\"twitter:data2\" content=\"2 minutos\" \/>\n<script type=\"application\/ld+json\" class=\"yoast-schema-graph\">{\"@context\":\"https:\/\/schema.org\",\"@graph\":[{\"@type\":\"Article\",\"@id\":\"https:\/\/jornaltimoneiro.com.br\/index.php\/2015\/05\/08\/sem-sistema-sem-saude-problemas-nas-consultas-da-ubs-santa-isabel\/#article\",\"isPartOf\":{\"@id\":\"https:\/\/jornaltimoneiro.com.br\/index.php\/2015\/05\/08\/sem-sistema-sem-saude-problemas-nas-consultas-da-ubs-santa-isabel\/\"},\"author\":{\"name\":\"Reda\u00e7\u00e3o\",\"@id\":\"https:\/\/jornaltimoneiro.com.br\/#\/schema\/person\/620efd1d8244466117482be494360b08\"},\"headline\":\"Sem sistema, sem sa\u00fade: Problemas nas consultas da UBS Santa Isabel\",\"datePublished\":\"2015-05-08T16:50:20+00:00\",\"dateModified\":\"2015-05-08T16:50:20+00:00\",\"mainEntityOfPage\":{\"@id\":\"https:\/\/jornaltimoneiro.com.br\/index.php\/2015\/05\/08\/sem-sistema-sem-saude-problemas-nas-consultas-da-ubs-santa-isabel\/\"},\"wordCount\":479,\"commentCount\":0,\"publisher\":{\"@id\":\"https:\/\/jornaltimoneiro.com.br\/#organization\"},\"articleSection\":[\"Destaques\",\"Sa\u00fade\"],\"inLanguage\":\"pt-BR\",\"potentialAction\":[{\"@type\":\"CommentAction\",\"name\":\"Comment\",\"target\":[\"https:\/\/jornaltimoneiro.com.br\/index.php\/2015\/05\/08\/sem-sistema-sem-saude-problemas-nas-consultas-da-ubs-santa-isabel\/#respond\"]}]},{\"@type\":\"WebPage\",\"@id\":\"https:\/\/jornaltimoneiro.com.br\/index.php\/2015\/05\/08\/sem-sistema-sem-saude-problemas-nas-consultas-da-ubs-santa-isabel\/\",\"url\":\"https:\/\/jornaltimoneiro.com.br\/index.php\/2015\/05\/08\/sem-sistema-sem-saude-problemas-nas-consultas-da-ubs-santa-isabel\/\",\"name\":\"Sem sistema, sem sa\u00fade: Problemas nas consultas da UBS Santa Isabel - O Timoneiro Jornal Canoas RS\",\"isPartOf\":{\"@id\":\"https:\/\/jornaltimoneiro.com.br\/#website\"},\"datePublished\":\"2015-05-08T16:50:20+00:00\",\"dateModified\":\"2015-05-08T16:50:20+00:00\",\"breadcrumb\":{\"@id\":\"https:\/\/jornaltimoneiro.com.br\/index.php\/2015\/05\/08\/sem-sistema-sem-saude-problemas-nas-consultas-da-ubs-santa-isabel\/#breadcrumb\"},\"inLanguage\":\"pt-BR\",\"potentialAction\":[{\"@type\":\"ReadAction\",\"target\":[\"https:\/\/jornaltimoneiro.com.br\/index.php\/2015\/05\/08\/sem-sistema-sem-saude-problemas-nas-consultas-da-ubs-santa-isabel\/\"]}]},{\"@type\":\"BreadcrumbList\",\"@id\":\"https:\/\/jornaltimoneiro.com.br\/index.php\/2015\/05\/08\/sem-sistema-sem-saude-problemas-nas-consultas-da-ubs-santa-isabel\/#breadcrumb\",\"itemListElement\":[{\"@type\":\"ListItem\",\"position\":1,\"name\":\"In\u00edcio\",\"item\":\"https:\/\/jornaltimoneiro.com.br\/\"},{\"@type\":\"ListItem\",\"position\":2,\"name\":\"Sem sistema, sem sa\u00fade: Problemas nas consultas da UBS Santa Isabel\"}]},{\"@type\":\"WebSite\",\"@id\":\"https:\/\/jornaltimoneiro.com.br\/#website\",\"url\":\"https:\/\/jornaltimoneiro.com.br\/\",\"name\":\"Jornal Timoneiro Canoas RS\",\"description\":\"Jornal O Timoneiro, o verdadeiro jornal de Canoas\",\"publisher\":{\"@id\":\"https:\/\/jornaltimoneiro.com.br\/#organization\"},\"potentialAction\":[{\"@type\":\"SearchAction\",\"target\":{\"@type\":\"EntryPoint\",\"urlTemplate\":\"https:\/\/jornaltimoneiro.com.br\/?s={search_term_string}\"},\"query-input\":\"required name=search_term_string\"}],\"inLanguage\":\"pt-BR\"},{\"@type\":\"Organization\",\"@id\":\"https:\/\/jornaltimoneiro.com.br\/#organization\",\"name\":\"Jornal Timoneiro Canoas RS\",\"url\":\"https:\/\/jornaltimoneiro.com.br\/\",\"logo\":{\"@type\":\"ImageObject\",\"inLanguage\":\"pt-BR\",\"@id\":\"https:\/\/jornaltimoneiro.com.br\/#\/schema\/logo\/image\/\",\"url\":\"https:\/\/jornaltimoneiro.com.br\/wp-content\/uploads\/2023\/03\/logonovo.png\",\"contentUrl\":\"https:\/\/jornaltimoneiro.com.br\/wp-content\/uploads\/2023\/03\/logonovo.png\",\"width\":\"469\",\"height\":\"171\",\"caption\":\"Jornal Timoneiro Canoas RS\"},\"image\":{\"@id\":\"https:\/\/jornaltimoneiro.com.br\/#\/schema\/logo\/image\/\"},\"sameAs\":[\"https:\/\/www.facebook.com\/jornaltimoneiro\",\"https:\/\/twitter.com\/_OTimoneiro\",\"https:\/\/www.instagram.com\/jornaltimoneirocanoas\/\",\"https:\/\/www.youtube.com\/@jornalotimoneiro7927\"]},{\"@type\":\"Person\",\"@id\":\"https:\/\/jornaltimoneiro.com.br\/#\/schema\/person\/620efd1d8244466117482be494360b08\",\"name\":\"Reda\u00e7\u00e3o\",\"image\":{\"@type\":\"ImageObject\",\"inLanguage\":\"pt-BR\",\"@id\":\"https:\/\/jornaltimoneiro.com.br\/#\/schema\/person\/image\/\",\"url\":\"https:\/\/secure.gravatar.com\/avatar\/2f04e1b304682a8d9db336c7acd77f08?s=96&d=mm&r=g\",\"contentUrl\":\"https:\/\/secure.gravatar.com\/avatar\/2f04e1b304682a8d9db336c7acd77f08?s=96&d=mm&r=g\",\"caption\":\"Reda\u00e7\u00e3o\"},\"url\":\"https:\/\/jornaltimoneiro.com.br\/index.php\/author\/timoneirocanoas\/\"}]}<\/script>\n<!-- \/ Yoast SEO plugin. -->","yoast_head_json":{"title":"Sem sistema, sem sa\u00fade: Problemas nas consultas da UBS Santa Isabel - O Timoneiro Jornal Canoas RS","robots":{"index":"index","follow":"follow","max-snippet":"max-snippet:-1","max-image-preview":"max-image-preview:large","max-video-preview":"max-video-preview:-1"},"canonical":"https:\/\/jornaltimoneiro.com.br\/index.php\/2015\/05\/08\/sem-sistema-sem-saude-problemas-nas-consultas-da-ubs-santa-isabel\/","og_locale":"pt_BR","og_type":"article","og_title":"Sem sistema, sem sa\u00fade: Problemas nas consultas da UBS Santa Isabel - O Timoneiro Jornal Canoas RS","og_description":"Os moradores reclamam que a unidade, administrada pelo hospital Nossa Senhora das Gra\u00e7as, atrav\u00e9s da Associa\u00e7\u00e3o Beneficente de Canoas (ABC) e da Prefeitura Municipal de Canoas, est\u00e1 sempre sem sistema, o que impossibilita a marca\u00e7\u00e3o de consultas e prejudica o dia a dia da cidade. Paulo Ricardo, 67 anos, morador da rua Coronel Vicente, reclama [&hellip;]","og_url":"https:\/\/jornaltimoneiro.com.br\/index.php\/2015\/05\/08\/sem-sistema-sem-saude-problemas-nas-consultas-da-ubs-santa-isabel\/","og_site_name":"O Timoneiro Jornal Canoas RS","article_publisher":"https:\/\/www.facebook.com\/jornaltimoneiro","article_published_time":"2015-05-08T16:50:20+00:00","og_image":[{"url":"http:\/\/otimoneiro.com.br\/wp-content\/uploads\/2015\/05\/Obras-022-300x200.jpg"}],"author":"Reda\u00e7\u00e3o","twitter_card":"summary_large_image","twitter_creator":"@_OTimoneiro","twitter_site":"@_OTimoneiro","twitter_misc":{"Escrito por":"Reda\u00e7\u00e3o","Est. tempo de leitura":"2 minutos"},"schema":{"@context":"https:\/\/schema.org","@graph":[{"@type":"Article","@id":"https:\/\/jornaltimoneiro.com.br\/index.php\/2015\/05\/08\/sem-sistema-sem-saude-problemas-nas-consultas-da-ubs-santa-isabel\/#article","isPartOf":{"@id":"https:\/\/jornaltimoneiro.com.br\/index.php\/2015\/05\/08\/sem-sistema-sem-saude-problemas-nas-consultas-da-ubs-santa-isabel\/"},"author":{"name":"Reda\u00e7\u00e3o","@id":"https:\/\/jornaltimoneiro.com.br\/#\/schema\/person\/620efd1d8244466117482be494360b08"},"headline":"Sem sistema, sem sa\u00fade: Problemas nas consultas da UBS Santa Isabel","datePublished":"2015-05-08T16:50:20+00:00","dateModified":"2015-05-08T16:50:20+00:00","mainEntityOfPage":{"@id":"https:\/\/jornaltimoneiro.com.br\/index.php\/2015\/05\/08\/sem-sistema-sem-saude-problemas-nas-consultas-da-ubs-santa-isabel\/"},"wordCount":479,"commentCount":0,"publisher":{"@id":"https:\/\/jornaltimoneiro.com.br\/#organization"},"articleSection":["Destaques","Sa\u00fade"],"inLanguage":"pt-BR","potentialAction":[{"@type":"CommentAction","name":"Comment","target":["https:\/\/jornaltimoneiro.com.br\/index.php\/2015\/05\/08\/sem-sistema-sem-saude-problemas-nas-consultas-da-ubs-santa-isabel\/#respond"]}]},{"@type":"WebPage","@id":"https:\/\/jornaltimoneiro.com.br\/index.php\/2015\/05\/08\/sem-sistema-sem-saude-problemas-nas-consultas-da-ubs-santa-isabel\/","url":"https:\/\/jornaltimoneiro.com.br\/index.php\/2015\/05\/08\/sem-sistema-sem-saude-problemas-nas-consultas-da-ubs-santa-isabel\/","name":"Sem sistema, sem sa\u00fade: Problemas nas consultas da UBS Santa Isabel - O Timoneiro Jornal Canoas RS","isPartOf":{"@id":"https:\/\/jornaltimoneiro.com.br\/#website"},"datePublished":"2015-05-08T16:50:20+00:00","dateModified":"2015-05-08T16:50:20+00:00","breadcrumb":{"@id":"https:\/\/jornaltimoneiro.com.br\/index.php\/2015\/05\/08\/sem-sistema-sem-saude-problemas-nas-consultas-da-ubs-santa-isabel\/#breadcrumb"},"inLanguage":"pt-BR","potentialAction":[{"@type":"ReadAction","target":["https:\/\/jornaltimoneiro.com.br\/index.php\/2015\/05\/08\/sem-sistema-sem-saude-problemas-nas-consultas-da-ubs-santa-isabel\/"]}]},{"@type":"BreadcrumbList","@id":"https:\/\/jornaltimoneiro.com.br\/index.php\/2015\/05\/08\/sem-sistema-sem-saude-problemas-nas-consultas-da-ubs-santa-isabel\/#breadcrumb","itemListElement":[{"@type":"ListItem","position":1,"name":"In\u00edcio","item":"https:\/\/jornaltimoneiro.com.br\/"},{"@type":"ListItem","position":2,"name":"Sem sistema, sem sa\u00fade: Problemas nas consultas da UBS Santa Isabel"}]},{"@type":"WebSite","@id":"https:\/\/jornaltimoneiro.com.br\/#website","url":"https:\/\/jornaltimoneiro.com.br\/","name":"Jornal Timoneiro Canoas RS","description":"Jornal O Timoneiro, o verdadeiro jornal de Canoas","publisher":{"@id":"https:\/\/jornaltimoneiro.com.br\/#organization"},"potentialAction":[{"@type":"SearchAction","target":{"@type":"EntryPoint","urlTemplate":"https:\/\/jornaltimoneiro.com.br\/?s={search_term_string}"},"query-input":"required name=search_term_string"}],"inLanguage":"pt-BR"},{"@type":"Organization","@id":"https:\/\/jornaltimoneiro.com.br\/#organization","name":"Jornal Timoneiro Canoas RS","url":"https:\/\/jornaltimoneiro.com.br\/","logo":{"@type":"ImageObject","inLanguage":"pt-BR","@id":"https:\/\/jornaltimoneiro.com.br\/#\/schema\/logo\/image\/","url":"https:\/\/jornaltimoneiro.com.br\/wp-content\/uploads\/2023\/03\/logonovo.png","contentUrl":"https:\/\/jornaltimoneiro.com.br\/wp-content\/uploads\/2023\/03\/logonovo.png","width":"469","height":"171","caption":"Jornal Timoneiro Canoas RS"},"image":{"@id":"https:\/\/jornaltimoneiro.com.br\/#\/schema\/logo\/image\/"},"sameAs":["https:\/\/www.facebook.com\/jornaltimoneiro","https:\/\/twitter.com\/_OTimoneiro","https:\/\/www.instagram.com\/jornaltimoneirocanoas\/","https:\/\/www.youtube.com\/@jornalotimoneiro7927"]},{"@type":"Person","@id":"https:\/\/jornaltimoneiro.com.br\/#\/schema\/person\/620efd1d8244466117482be494360b08","name":"Reda\u00e7\u00e3o","image":{"@type":"ImageObject","inLanguage":"pt-BR","@id":"https:\/\/jornaltimoneiro.com.br\/#\/schema\/person\/image\/","url":"https:\/\/secure.gravatar.com\/avatar\/2f04e1b304682a8d9db336c7acd77f08?s=96&d=mm&r=g","contentUrl":"https:\/\/secure.gravatar.com\/avatar\/2f04e1b304682a8d9db336c7acd77f08?s=96&d=mm&r=g","caption":"Reda\u00e7\u00e3o"},"url":"https:\/\/jornaltimoneiro.com.br\/index.php\/author\/timoneirocanoas\/"}]}},"_links":{"self":[{"href":"https:\/\/jornaltimoneiro.com.br\/index.php\/wp-json\/wp\/v2\/posts\/6945"}],"collection":[{"href":"https:\/\/jornaltimoneiro.com.br\/index.php\/wp-json\/wp\/v2\/posts"}],"about":[{"href":"https:\/\/jornaltimoneiro.com.br\/index.php\/wp-json\/wp\/v2\/types\/post"}],"author":[{"embeddable":true,"href":"https:\/\/jornaltimoneiro.com.br\/index.php\/wp-json\/wp\/v2\/users\/1"}],"replies":[{"embeddable":true,"href":"https:\/\/jornaltimoneiro.com.br\/index.php\/wp-json\/wp\/v2\/comments?post=6945"}],"version-history":[{"count":0,"href":"https:\/\/jornaltimoneiro.com.br\/index.php\/wp-json\/wp\/v2\/posts\/6945\/revisions"}],"wp:attachment":[{"href":"https:\/\/jornaltimoneiro.com.br\/index.php\/wp-json\/wp\/v2\/media?parent=6945"}],"wp:term":[{"taxonomy":"category","embeddable":true,"href":"https:\/\/jornaltimoneiro.com.br\/index.php\/wp-json\/wp\/v2\/categories?post=6945"},{"taxonomy":"post_tag","embeddable":true,"href":"https:\/\/jornaltimoneiro.com.br\/index.php\/wp-json\/wp\/v2\/tags?post=6945"}],"curies":[{"name":"wp","href":"https:\/\/api.w.org\/{rel}","templated":true}]}}