{"id":693,"date":"2015-07-24T09:52:53","date_gmt":"2015-07-24T12:52:53","guid":{"rendered":"http:\/\/otimoneiro.com.br\/?p=693"},"modified":"2015-07-24T09:52:53","modified_gmt":"2015-07-24T12:52:53","slug":"o-timoneiro-agora-tambem-e-radio","status":"publish","type":"post","link":"https:\/\/jornaltimoneiro.com.br\/index.php\/2015\/07\/24\/o-timoneiro-agora-tambem-e-radio\/","title":{"rendered":"O Timoneiro agora tamb\u00e9m \u00e9 r\u00e1dio"},"content":{"rendered":"<p style=\"text-align: justify;\">\u201cDia 29 de julho de 1966 saiu a primeira edi\u00e7\u00e3o de O Timoneiro. A proximidade com a capital, Porto Alegre, prejudica a imprensa local. A grande imprensa \u00e9 sedutora. A maioria quer ler a Zero Hora, mas esquece que no jornal local est\u00e1 o seu problema. O problema do dia a dia da cidade. A falta d\u2019\u00e1gua, o buraco na rua, o tr\u00e2nsito. Tudo da viv\u00eancia cotidiana est\u00e1 no jornal local. A grande imprensa corre aqui quando tem um grande acidente, um grande crime.<br \/>\nO jornal \u00e9 uma maravilha. \u00c9 um produto cultural que sofre os danos do conflito. \u00c9 cultura e empresa ao mesmo tempo e isso, \u00e0s vezes, prejudica o idealismo dos jornalistas. Muitas vezes a necessidade extrema de sobreviver cont\u00e9m um pouco o jornal na sua vontade de criticar como merecem os governantes. \u00c0s vezes o jornal atenua um pouco. Ameniza um pouco quando devia dar um pau. Mas os comerciantes amigos do poder negam ao jornal. \u00c9 um produto muito sens\u00edvel, muito delicado. Mas meus parab\u00e9ns, a mim tamb\u00e9m, um pouco. 49 anos. Que maravilha\u201d, descreve um jornal local em v\u00eddeo para o site otimoneiro.com.br .<br \/>\n\u201cQuando um empreendimento positivo, ben\u00e9fico falha, n\u00e3o \u00e9 o empreendedor que falha, mas a comunidade que o cerca\u201d, diz Ant\u00f4nio Canabarro Tr\u00f3is filho, o Tonito, parafraseando Henry Ford.<br \/>\nTonito lembra que especialmente a identidade foi o motivo de OT ser lan\u00e7ado. \u201cCanoas se emancipou pol\u00edtica e administrativamente, mas culturalmente n\u00e3o se emancipou. Somos muito submissos, muito suburbanos. Os pr\u00f3prios governos s\u00e3o suburbanos. Eles fazem grandes eventos n\u00e3o para mostrar aos de fora o que Canoas faz, mas para mostrar aos canoenses o que os de fora fazem\u201d, lembra citando a Feira do Livro da cidade.<br \/>\nA demanda da \u00e9poca, assim como hoje, \u00e9 dar voz aos bairros. \u201cA demanda da \u00e9poca era as enchentes que voltaram agora lamentavelmente. O comunitarismo. As associa\u00e7\u00f5es funcionavam muito, eram muito fortes, mas entraram em decad\u00eancia. Lutavam muito pela solu\u00e7\u00e3o dos problemas e o jornal dava cobertura. Dava voz \u00e0 elas\u201d, Lembra o escritor e co-fundador do ve\u00edculo. \u201c\u00c9 uma grande alegria saber que O Timoneiro est\u00e1 agora no ouvido do povo\u201d.<br \/>\nSegundo ele, o nome foi imposto. \u201cEu tinha, de 1955 at\u00e9 1958, um pequeno jornal chamado O Momento. N\u00e3o tinha condi\u00e7\u00f5es de pagar o custo das impress\u00f5es feitos na tipografia La Salle, ent\u00e3o parou de circular. Em 1966, em casa, duas pessoas me bateram na porta. Eram Ottomar Ellwanger, professor de cursos profissionalizantes da \u00e9poca e Cirilo Rodrigues Lacerda, um contador. Queriam abrir um jornal, foram at\u00e9 o Lagranha (Hugo Sim\u00f5es), atual prefeito, que os mandou falar com Tonito. O nome j\u00e1 estava pronto\u201d, conclui lamentando que ele queria colocar o mesmo \u201cO momento\u201d, para contar mais tr\u00eas anos na hist\u00f3ria, mas n\u00e3o houve jeito.<\/p>\n<p style=\"text-align: justify;\"><strong>Com a palavra, o diretor.<\/strong><br \/>\n\u201cO Timoneiro completa 49 anos de exist\u00eancia. Sob a inspira\u00e7\u00e3o de Ant\u00f4nio Canabarro Tr\u00f3is filho, o Tonito, ele se tornou um jornal compromissado com a comunidade, com a liberdade de imprensa e isento de qualquer compromisso com o poder p\u00fablico. Alguns chegam a dizer que o jornal O Timoneiro \u00e9 um jornal amado pelas comunidades e odiados pelos governos sejam eles quis forem. N\u00e3o \u00e9 bem esta t\u00f4nica das dire\u00e7\u00f5es do jornal. A t\u00f4nica \u00e9 o compromisso com a verdade e nada de subservi\u00eancia.<br \/>\nA responsabilidade com os fatos e o direito de opinar. Todos sabem que O Timoneiro tem opini\u00e3o e as pessoas podem expressar a sua opini\u00e3o nas p\u00e1ginas do jornal sem qualquer tipo de censura. Sem qualquer intimida\u00e7\u00e3o. 49 anos nos encaminham para o cinquenten\u00e1rio que \u00e9 um momento importante na vida de qualquer jornal, especialmente no interior do estado, nas \u00e9pocas de crise que todos sabem que o pa\u00eds atravessou e atravessa. Estamos felizes e vivemos permanentemente com as dificuldades financeiros normais daqueles que s\u00e3o independentes.<br \/>\nOs independentes n\u00e3o t\u00eam c\u00famplices e eles arcam com as suas responsabilidades e com o direito de informar a sociedade e s\u00f3 ter compromisso com a sociedade. Nesse momento, que nos encaminhamos para o cinquenten\u00e1rio, estamos tentando avan\u00e7ar nas for\u00e7as de comunica\u00e7\u00e3o e a inaugura\u00e7\u00e3o na data dos 49, da r\u00e1dio web, \u00e9 uma tentativa de ampliar essa forma de comunica\u00e7\u00e3o. Um jornal semanal, como o nosso, com seus dez mil exemplares, com a sua quase totalidade de distribui\u00e7\u00e3o gratuita para permitir aos canoenses a possibilidade de conhecer, de ler e de se informar, quer agora agregar a pot\u00eancia da r\u00e1dio web.<br \/>\nAs dire\u00e7\u00f5es que passaram pelo Timoneiro, ao longo deste per\u00edodo, sempre mantiveram essa independ\u00eancia. E \u00e9 esta que faz a t\u00f4nica da vida do jornal. Esta que faz o entusiasmo dos seus colaboradores. Alguns n\u00e3o sabem, mas n\u00f3s temos centenas de colaboradores na cidade. N\u00e3o apenas os que nos mandam not\u00edcias ou aqueles que anunciam em nossas p\u00e1ginas. Ou os que distribuem o jornal para seus amigos e companheiros. Os que defendem as posi\u00e7\u00f5es. Os que mandam mat\u00e9rias sobre opini\u00f5es que eles desejam que sejam publicadas. S\u00e3o centenas. Eu me atrevo a dizer que, talvez, milhares de canoenses que compartilham com a vida de O Timoneiro e ele s\u00f3 \u00e9 poss\u00edvel existir, dentro da crise que passam os \u00f3rg\u00e3os de comunica\u00e7\u00e3o impressa, por essa m\u00e3o bendita, esse bra\u00e7o protetor de centenas, talvez milhares de canoenses que s\u00e3o os entusiastas de O Timoneiro.<br \/>\nA data \u00e9 importante para todos n\u00f3s. Especialmente porque come\u00e7amos a dar os primeiros passos do cinq\u00fcenten\u00e1rio. E porque, tamb\u00e9m, come\u00e7amos a dar os primeiros passos da nossa r\u00e1dio. Os agradecimentos a todos. Os que partilham as not\u00edcias, os que diagramam, os que buscam a informa\u00e7\u00e3o, os que buscam an\u00fancios, os que anunciam, os que fazem as verbas publicit\u00e1rias, os que transmitem para seus amigos os exemplares. A todos, muito obrigado. Porque ele \u00e9 a cara de Canoas\u201d, Jorge Feres Uequed, diretor de O Timoneiro.<\/p>\n","protected":false},"excerpt":{"rendered":"<p>Ve\u00edculo de comunica\u00e7\u00e3o preferido entre os canoenses desde 1966 no impresso agora \u00e9 multim\u00eddia<\/p>\n","protected":false},"author":1,"featured_media":0,"comment_status":"open","ping_status":"open","sticky":false,"template":"","format":"standard","meta":{"amp_status":"","footnotes":""},"categories":[25,19,22],"tags":[],"class_list":["post-693","post","type-post","status-publish","format-standard","hentry","category-comunidade","category-destaques","category-noticias"],"yoast_head":"<!-- This site is optimized with the Yoast SEO plugin v20.5 - https:\/\/yoast.com\/wordpress\/plugins\/seo\/ -->\n<title>O Timoneiro agora tamb\u00e9m \u00e9 r\u00e1dio - O Timoneiro Jornal Canoas RS<\/title>\n<meta name=\"robots\" content=\"index, follow, max-snippet:-1, max-image-preview:large, max-video-preview:-1\" \/>\n<link rel=\"canonical\" href=\"https:\/\/jornaltimoneiro.com.br\/index.php\/2015\/07\/24\/o-timoneiro-agora-tambem-e-radio\/\" \/>\n<meta property=\"og:locale\" content=\"pt_BR\" \/>\n<meta property=\"og:type\" content=\"article\" \/>\n<meta property=\"og:title\" content=\"O Timoneiro agora tamb\u00e9m \u00e9 r\u00e1dio - O Timoneiro Jornal Canoas RS\" \/>\n<meta property=\"og:description\" content=\"Ve\u00edculo de comunica\u00e7\u00e3o preferido entre os canoenses desde 1966 no impresso agora \u00e9 multim\u00eddia\" \/>\n<meta property=\"og:url\" content=\"https:\/\/jornaltimoneiro.com.br\/index.php\/2015\/07\/24\/o-timoneiro-agora-tambem-e-radio\/\" \/>\n<meta property=\"og:site_name\" content=\"O Timoneiro Jornal Canoas RS\" \/>\n<meta property=\"article:publisher\" content=\"https:\/\/www.facebook.com\/jornaltimoneiro\" \/>\n<meta property=\"article:published_time\" content=\"2015-07-24T12:52:53+00:00\" \/>\n<meta name=\"author\" content=\"Reda\u00e7\u00e3o\" \/>\n<meta name=\"twitter:card\" content=\"summary_large_image\" \/>\n<meta name=\"twitter:creator\" content=\"@_OTimoneiro\" \/>\n<meta name=\"twitter:site\" content=\"@_OTimoneiro\" \/>\n<meta name=\"twitter:label1\" content=\"Escrito por\" \/>\n\t<meta name=\"twitter:data1\" content=\"Reda\u00e7\u00e3o\" \/>\n\t<meta name=\"twitter:label2\" content=\"Est. tempo de leitura\" \/>\n\t<meta name=\"twitter:data2\" content=\"5 minutos\" \/>\n<script type=\"application\/ld+json\" class=\"yoast-schema-graph\">{\"@context\":\"https:\/\/schema.org\",\"@graph\":[{\"@type\":\"Article\",\"@id\":\"https:\/\/jornaltimoneiro.com.br\/index.php\/2015\/07\/24\/o-timoneiro-agora-tambem-e-radio\/#article\",\"isPartOf\":{\"@id\":\"https:\/\/jornaltimoneiro.com.br\/index.php\/2015\/07\/24\/o-timoneiro-agora-tambem-e-radio\/\"},\"author\":{\"name\":\"Reda\u00e7\u00e3o\",\"@id\":\"https:\/\/jornaltimoneiro.com.br\/#\/schema\/person\/620efd1d8244466117482be494360b08\"},\"headline\":\"O Timoneiro agora tamb\u00e9m \u00e9 r\u00e1dio\",\"datePublished\":\"2015-07-24T12:52:53+00:00\",\"dateModified\":\"2015-07-24T12:52:53+00:00\",\"mainEntityOfPage\":{\"@id\":\"https:\/\/jornaltimoneiro.com.br\/index.php\/2015\/07\/24\/o-timoneiro-agora-tambem-e-radio\/\"},\"wordCount\":1038,\"commentCount\":0,\"publisher\":{\"@id\":\"https:\/\/jornaltimoneiro.com.br\/#organization\"},\"articleSection\":[\"Comunidade\",\"Destaques\",\"Not\u00edcias\"],\"inLanguage\":\"pt-BR\",\"potentialAction\":[{\"@type\":\"CommentAction\",\"name\":\"Comment\",\"target\":[\"https:\/\/jornaltimoneiro.com.br\/index.php\/2015\/07\/24\/o-timoneiro-agora-tambem-e-radio\/#respond\"]}]},{\"@type\":\"WebPage\",\"@id\":\"https:\/\/jornaltimoneiro.com.br\/index.php\/2015\/07\/24\/o-timoneiro-agora-tambem-e-radio\/\",\"url\":\"https:\/\/jornaltimoneiro.com.br\/index.php\/2015\/07\/24\/o-timoneiro-agora-tambem-e-radio\/\",\"name\":\"O Timoneiro agora tamb\u00e9m \u00e9 r\u00e1dio - O Timoneiro Jornal Canoas RS\",\"isPartOf\":{\"@id\":\"https:\/\/jornaltimoneiro.com.br\/#website\"},\"datePublished\":\"2015-07-24T12:52:53+00:00\",\"dateModified\":\"2015-07-24T12:52:53+00:00\",\"breadcrumb\":{\"@id\":\"https:\/\/jornaltimoneiro.com.br\/index.php\/2015\/07\/24\/o-timoneiro-agora-tambem-e-radio\/#breadcrumb\"},\"inLanguage\":\"pt-BR\",\"potentialAction\":[{\"@type\":\"ReadAction\",\"target\":[\"https:\/\/jornaltimoneiro.com.br\/index.php\/2015\/07\/24\/o-timoneiro-agora-tambem-e-radio\/\"]}]},{\"@type\":\"BreadcrumbList\",\"@id\":\"https:\/\/jornaltimoneiro.com.br\/index.php\/2015\/07\/24\/o-timoneiro-agora-tambem-e-radio\/#breadcrumb\",\"itemListElement\":[{\"@type\":\"ListItem\",\"position\":1,\"name\":\"In\u00edcio\",\"item\":\"https:\/\/jornaltimoneiro.com.br\/\"},{\"@type\":\"ListItem\",\"position\":2,\"name\":\"O Timoneiro agora tamb\u00e9m \u00e9 r\u00e1dio\"}]},{\"@type\":\"WebSite\",\"@id\":\"https:\/\/jornaltimoneiro.com.br\/#website\",\"url\":\"https:\/\/jornaltimoneiro.com.br\/\",\"name\":\"Jornal Timoneiro Canoas RS\",\"description\":\"Jornal O Timoneiro, o verdadeiro jornal de Canoas\",\"publisher\":{\"@id\":\"https:\/\/jornaltimoneiro.com.br\/#organization\"},\"potentialAction\":[{\"@type\":\"SearchAction\",\"target\":{\"@type\":\"EntryPoint\",\"urlTemplate\":\"https:\/\/jornaltimoneiro.com.br\/?s={search_term_string}\"},\"query-input\":\"required name=search_term_string\"}],\"inLanguage\":\"pt-BR\"},{\"@type\":\"Organization\",\"@id\":\"https:\/\/jornaltimoneiro.com.br\/#organization\",\"name\":\"Jornal Timoneiro Canoas RS\",\"url\":\"https:\/\/jornaltimoneiro.com.br\/\",\"logo\":{\"@type\":\"ImageObject\",\"inLanguage\":\"pt-BR\",\"@id\":\"https:\/\/jornaltimoneiro.com.br\/#\/schema\/logo\/image\/\",\"url\":\"https:\/\/jornaltimoneiro.com.br\/wp-content\/uploads\/2023\/03\/logonovo.png\",\"contentUrl\":\"https:\/\/jornaltimoneiro.com.br\/wp-content\/uploads\/2023\/03\/logonovo.png\",\"width\":\"469\",\"height\":\"171\",\"caption\":\"Jornal Timoneiro Canoas RS\"},\"image\":{\"@id\":\"https:\/\/jornaltimoneiro.com.br\/#\/schema\/logo\/image\/\"},\"sameAs\":[\"https:\/\/www.facebook.com\/jornaltimoneiro\",\"https:\/\/twitter.com\/_OTimoneiro\",\"https:\/\/www.instagram.com\/jornaltimoneirocanoas\/\",\"https:\/\/www.youtube.com\/@jornalotimoneiro7927\"]},{\"@type\":\"Person\",\"@id\":\"https:\/\/jornaltimoneiro.com.br\/#\/schema\/person\/620efd1d8244466117482be494360b08\",\"name\":\"Reda\u00e7\u00e3o\",\"image\":{\"@type\":\"ImageObject\",\"inLanguage\":\"pt-BR\",\"@id\":\"https:\/\/jornaltimoneiro.com.br\/#\/schema\/person\/image\/\",\"url\":\"https:\/\/secure.gravatar.com\/avatar\/2f04e1b304682a8d9db336c7acd77f08?s=96&d=mm&r=g\",\"contentUrl\":\"https:\/\/secure.gravatar.com\/avatar\/2f04e1b304682a8d9db336c7acd77f08?s=96&d=mm&r=g\",\"caption\":\"Reda\u00e7\u00e3o\"},\"url\":\"https:\/\/jornaltimoneiro.com.br\/index.php\/author\/timoneirocanoas\/\"}]}<\/script>\n<!-- \/ Yoast SEO plugin. -->","yoast_head_json":{"title":"O Timoneiro agora tamb\u00e9m \u00e9 r\u00e1dio - O Timoneiro Jornal Canoas RS","robots":{"index":"index","follow":"follow","max-snippet":"max-snippet:-1","max-image-preview":"max-image-preview:large","max-video-preview":"max-video-preview:-1"},"canonical":"https:\/\/jornaltimoneiro.com.br\/index.php\/2015\/07\/24\/o-timoneiro-agora-tambem-e-radio\/","og_locale":"pt_BR","og_type":"article","og_title":"O Timoneiro agora tamb\u00e9m \u00e9 r\u00e1dio - O Timoneiro Jornal Canoas RS","og_description":"Ve\u00edculo de comunica\u00e7\u00e3o preferido entre os canoenses desde 1966 no impresso agora \u00e9 multim\u00eddia","og_url":"https:\/\/jornaltimoneiro.com.br\/index.php\/2015\/07\/24\/o-timoneiro-agora-tambem-e-radio\/","og_site_name":"O Timoneiro Jornal Canoas RS","article_publisher":"https:\/\/www.facebook.com\/jornaltimoneiro","article_published_time":"2015-07-24T12:52:53+00:00","author":"Reda\u00e7\u00e3o","twitter_card":"summary_large_image","twitter_creator":"@_OTimoneiro","twitter_site":"@_OTimoneiro","twitter_misc":{"Escrito por":"Reda\u00e7\u00e3o","Est. tempo de leitura":"5 minutos"},"schema":{"@context":"https:\/\/schema.org","@graph":[{"@type":"Article","@id":"https:\/\/jornaltimoneiro.com.br\/index.php\/2015\/07\/24\/o-timoneiro-agora-tambem-e-radio\/#article","isPartOf":{"@id":"https:\/\/jornaltimoneiro.com.br\/index.php\/2015\/07\/24\/o-timoneiro-agora-tambem-e-radio\/"},"author":{"name":"Reda\u00e7\u00e3o","@id":"https:\/\/jornaltimoneiro.com.br\/#\/schema\/person\/620efd1d8244466117482be494360b08"},"headline":"O Timoneiro agora tamb\u00e9m \u00e9 r\u00e1dio","datePublished":"2015-07-24T12:52:53+00:00","dateModified":"2015-07-24T12:52:53+00:00","mainEntityOfPage":{"@id":"https:\/\/jornaltimoneiro.com.br\/index.php\/2015\/07\/24\/o-timoneiro-agora-tambem-e-radio\/"},"wordCount":1038,"commentCount":0,"publisher":{"@id":"https:\/\/jornaltimoneiro.com.br\/#organization"},"articleSection":["Comunidade","Destaques","Not\u00edcias"],"inLanguage":"pt-BR","potentialAction":[{"@type":"CommentAction","name":"Comment","target":["https:\/\/jornaltimoneiro.com.br\/index.php\/2015\/07\/24\/o-timoneiro-agora-tambem-e-radio\/#respond"]}]},{"@type":"WebPage","@id":"https:\/\/jornaltimoneiro.com.br\/index.php\/2015\/07\/24\/o-timoneiro-agora-tambem-e-radio\/","url":"https:\/\/jornaltimoneiro.com.br\/index.php\/2015\/07\/24\/o-timoneiro-agora-tambem-e-radio\/","name":"O Timoneiro agora tamb\u00e9m \u00e9 r\u00e1dio - O Timoneiro Jornal Canoas RS","isPartOf":{"@id":"https:\/\/jornaltimoneiro.com.br\/#website"},"datePublished":"2015-07-24T12:52:53+00:00","dateModified":"2015-07-24T12:52:53+00:00","breadcrumb":{"@id":"https:\/\/jornaltimoneiro.com.br\/index.php\/2015\/07\/24\/o-timoneiro-agora-tambem-e-radio\/#breadcrumb"},"inLanguage":"pt-BR","potentialAction":[{"@type":"ReadAction","target":["https:\/\/jornaltimoneiro.com.br\/index.php\/2015\/07\/24\/o-timoneiro-agora-tambem-e-radio\/"]}]},{"@type":"BreadcrumbList","@id":"https:\/\/jornaltimoneiro.com.br\/index.php\/2015\/07\/24\/o-timoneiro-agora-tambem-e-radio\/#breadcrumb","itemListElement":[{"@type":"ListItem","position":1,"name":"In\u00edcio","item":"https:\/\/jornaltimoneiro.com.br\/"},{"@type":"ListItem","position":2,"name":"O Timoneiro agora tamb\u00e9m \u00e9 r\u00e1dio"}]},{"@type":"WebSite","@id":"https:\/\/jornaltimoneiro.com.br\/#website","url":"https:\/\/jornaltimoneiro.com.br\/","name":"Jornal Timoneiro Canoas RS","description":"Jornal O Timoneiro, o verdadeiro jornal de Canoas","publisher":{"@id":"https:\/\/jornaltimoneiro.com.br\/#organization"},"potentialAction":[{"@type":"SearchAction","target":{"@type":"EntryPoint","urlTemplate":"https:\/\/jornaltimoneiro.com.br\/?s={search_term_string}"},"query-input":"required name=search_term_string"}],"inLanguage":"pt-BR"},{"@type":"Organization","@id":"https:\/\/jornaltimoneiro.com.br\/#organization","name":"Jornal Timoneiro Canoas RS","url":"https:\/\/jornaltimoneiro.com.br\/","logo":{"@type":"ImageObject","inLanguage":"pt-BR","@id":"https:\/\/jornaltimoneiro.com.br\/#\/schema\/logo\/image\/","url":"https:\/\/jornaltimoneiro.com.br\/wp-content\/uploads\/2023\/03\/logonovo.png","contentUrl":"https:\/\/jornaltimoneiro.com.br\/wp-content\/uploads\/2023\/03\/logonovo.png","width":"469","height":"171","caption":"Jornal Timoneiro Canoas RS"},"image":{"@id":"https:\/\/jornaltimoneiro.com.br\/#\/schema\/logo\/image\/"},"sameAs":["https:\/\/www.facebook.com\/jornaltimoneiro","https:\/\/twitter.com\/_OTimoneiro","https:\/\/www.instagram.com\/jornaltimoneirocanoas\/","https:\/\/www.youtube.com\/@jornalotimoneiro7927"]},{"@type":"Person","@id":"https:\/\/jornaltimoneiro.com.br\/#\/schema\/person\/620efd1d8244466117482be494360b08","name":"Reda\u00e7\u00e3o","image":{"@type":"ImageObject","inLanguage":"pt-BR","@id":"https:\/\/jornaltimoneiro.com.br\/#\/schema\/person\/image\/","url":"https:\/\/secure.gravatar.com\/avatar\/2f04e1b304682a8d9db336c7acd77f08?s=96&d=mm&r=g","contentUrl":"https:\/\/secure.gravatar.com\/avatar\/2f04e1b304682a8d9db336c7acd77f08?s=96&d=mm&r=g","caption":"Reda\u00e7\u00e3o"},"url":"https:\/\/jornaltimoneiro.com.br\/index.php\/author\/timoneirocanoas\/"}]}},"_links":{"self":[{"href":"https:\/\/jornaltimoneiro.com.br\/index.php\/wp-json\/wp\/v2\/posts\/693"}],"collection":[{"href":"https:\/\/jornaltimoneiro.com.br\/index.php\/wp-json\/wp\/v2\/posts"}],"about":[{"href":"https:\/\/jornaltimoneiro.com.br\/index.php\/wp-json\/wp\/v2\/types\/post"}],"author":[{"embeddable":true,"href":"https:\/\/jornaltimoneiro.com.br\/index.php\/wp-json\/wp\/v2\/users\/1"}],"replies":[{"embeddable":true,"href":"https:\/\/jornaltimoneiro.com.br\/index.php\/wp-json\/wp\/v2\/comments?post=693"}],"version-history":[{"count":0,"href":"https:\/\/jornaltimoneiro.com.br\/index.php\/wp-json\/wp\/v2\/posts\/693\/revisions"}],"wp:attachment":[{"href":"https:\/\/jornaltimoneiro.com.br\/index.php\/wp-json\/wp\/v2\/media?parent=693"}],"wp:term":[{"taxonomy":"category","embeddable":true,"href":"https:\/\/jornaltimoneiro.com.br\/index.php\/wp-json\/wp\/v2\/categories?post=693"},{"taxonomy":"post_tag","embeddable":true,"href":"https:\/\/jornaltimoneiro.com.br\/index.php\/wp-json\/wp\/v2\/tags?post=693"}],"curies":[{"name":"wp","href":"https:\/\/api.w.org\/{rel}","templated":true}]}}