{"id":690,"date":"2015-07-24T09:51:48","date_gmt":"2015-07-24T12:51:48","guid":{"rendered":"http:\/\/otimoneiro.com.br\/?p=690"},"modified":"2015-07-24T09:51:48","modified_gmt":"2015-07-24T12:51:48","slug":"o-que-voce-faria-se-soubesse-que-sua-filha-corre-risco-de-morrer-ou-ficar-tetraplegica","status":"publish","type":"post","link":"https:\/\/jornaltimoneiro.com.br\/index.php\/2015\/07\/24\/o-que-voce-faria-se-soubesse-que-sua-filha-corre-risco-de-morrer-ou-ficar-tetraplegica\/","title":{"rendered":"&#8220;O que voc\u00ea faria se soubesse que sua filha corre risco de morrer  ou ficar tetrapl\u00e9gica?&#8221;"},"content":{"rendered":"<div id=\"attachment_703\" style=\"width: 582px\" class=\"wp-caption aligncenter\"><a href=\"http:\/\/otimoneiro.com.br\/wp-content\/uploads\/2015\/07\/DSC25131.jpg\"><img decoding=\"async\" aria-describedby=\"caption-attachment-703\" class=\"wp-image-703\" src=\"http:\/\/otimoneiro.com.br\/wp-content\/uploads\/2015\/07\/DSC25131-1024x632.jpg\" alt=\"Raio X da menina revela curvatura de 72 graus na coluna vertebral. Foto: Bruno Lara\/OT\" width=\"572\" height=\"353\" \/><\/a><p id=\"caption-attachment-703\" class=\"wp-caption-text\">Raio X da menina revela curvatura de 72 graus na coluna vertebral. Foto: Bruno Lara\/OT<\/p><\/div>\n<p style=\"text-align: center;\"><strong>Bruno Lara<\/strong><\/p>\n<p style=\"text-align: justify;\">Assim come\u00e7ou o e-mail de uma m\u00e3e desesperada. Adriana Cardoso, moradora do bairro Guajuviras, trabalha desde os 13 anos, nos \u00faltimos anos como porteira em um shopping da cidade, mas devido ao problema da filha foi obrigada a abandonar o servi\u00e7o para cuid\u00e1-la. Desempregada, apenas o marido, vigilante, \u00e9 quem mant\u00e9m a casa que al\u00e9m dela abriga mais tr\u00eas filhos de seis, oito e 14 anos. \u201cNingu\u00e9m est\u00e1 fazendo nada. Me sinto impotente\u201d, se queixa.<\/p>\n<p style=\"text-align: justify;\">Desde os 13 anos a filha se queixava de dor nas costas, \u201cmas eu olhava e n\u00e3o aparecia nada\u201d, relata a m\u00e3e. A menina sempre teve o cabelo cumprido, o que dificultava os sinais da doen\u00e7a. Sempre se queixando do inc\u00f4modo, um dia reclamou que estava com uma dor al\u00e9m do normal. \u201cA levamos para a central de consultas e a m\u00e9dica nos disse que era uma escoliose e nos encaminhou para a Ulbra. L\u00e1 o m\u00e9dico disse que n\u00e3o adiantava mais colocar o colete, que precisava de uma cirurgia\u201d, lembra.<\/p>\n<p style=\"text-align: justify;\">Aos tr\u00eas dias de junho de 2014 ela consultou no Instituto Ga\u00facho de Cirurgia da Coluna Vertebral. Assinado pelo Dr. Erasmo Zardo, o relat\u00f3rio m\u00e9dico informou que a paciente \u201capresenta grave escoliotica dorsal com 60 graus de caracter rapidamente progressivo\u201d e ainda que \u201cconsiderando o valor angular, imaturidade esquel\u00e9tica, necessita de tratamento cir\u00fargico com brevidade\u201d.<\/p>\n<p style=\"text-align: justify;\">Segundo o boletim de atendimento datado em 13 de novembro de 2014, por volta das 11 horas da manh\u00e3 no Hospital Universit\u00e1rio, o documento assinado pelo Dr. Alexandre C. Borba explana sobre a dificuldade de agendar cirurgia devido \u00e0 necessidade de material espec\u00edfico para cirurgia n\u00e3o existente no espa\u00e7o. \u201c1. RX. Adequado; 2. Mesa radiotransparente adequada; 3. Monitoriza\u00e7\u00e3o eletrofiologica; 4. Suporte anest\u00e9sico adequado\u201d, termina recomendando o retorno da paciente em 45 dias. \u201cOs m\u00e9dicos me disseram que ela pode ficar tetrapl\u00e9gica ou ir ao \u00f3bito se a curvatura chegar aos 80\u00b0. Falaram isso na minha cara e na dela tamb\u00e9m\u201d, reclama Adriana.<\/p>\n<div id=\"attachment_705\" style=\"width: 229px\" class=\"wp-caption alignright\"><a href=\"http:\/\/otimoneiro.com.br\/wp-content\/uploads\/2015\/07\/IMG-20150702-WA0015.jpg\"><img decoding=\"async\" aria-describedby=\"caption-attachment-705\" class=\" wp-image-705\" src=\"http:\/\/otimoneiro.com.br\/wp-content\/uploads\/2015\/07\/IMG-20150702-WA0015-264x300.jpg\" alt=\"Menina est\u00e1 evadindo da escola por sentir vergonha de sua apar\u00eancia. Foto: Divulga\u00e7\u00e3o\" width=\"219\" height=\"250\" \/><\/a><p id=\"caption-attachment-705\" class=\"wp-caption-text\">Menina est\u00e1 evadindo da escola por sentir vergonha de sua apar\u00eancia. Foto: Divulga\u00e7\u00e3o<\/p><\/div>\n<p style=\"text-align: justify;\">No hist\u00f3rico, o documento salienta que o \u201cfamiliar encontra-se ansioso pelo tempo de espera\u201d e que o m\u00e9dico residente \u201cconsultou o Dr. Erasmo que indicou realizar cirurgia\u201d. Segundo a m\u00e3e, uma interven\u00e7\u00e3o cir\u00fargica particular lhe foi oferecida por um outro m\u00e9dico com um custo de R$ 128 mil. No Sistema \u00danico de Sa\u00fade (SUS), o procedimento n\u00e3o mais ocorreria por falta de dinheiro. \u201cMe disseram que ela precisaria de 27 pinos na coluna e que seriam oito horas de cirurgia. Que podia at\u00e9 ficar tetrapl\u00e9gica, mas que n\u00e3o fariam, pois o hospital est\u00e1 sem verbas\u201d, afirmou. Adriana informou ainda que se reuniu com o secret\u00e1rio municipal de Sa\u00fade, Marcelo B\u00f3sio, na manh\u00e3 de quarta-feira, 22. O resultado foi um aperto de m\u00e3os e mais um pedido de paci\u00eancia.<\/p>\n<p style=\"text-align: justify;\"><strong> Presente de debutantes<\/strong><br \/>\nNo dia 12 de janeiro do ano que est\u00e1 por vir, a menina ir\u00e1 debutar. \u201cEm janeiro ela faz 15 anos. O presente que eu queria dar \u00e9 fazer a cirurgia. Endireitar a coluna dela. Endireitar a nossa vida\u201d, desabafa. \u201cEu quero fazer a cirurgia logo\u201d, complementa a menor, que teve sua identidade preservada.<\/p>\n<p style=\"text-align: justify;\">Com a certeza do diagn\u00f3stico as dificuldades come\u00e7aram. A menina, que atualmente, cursa o oitavo ano em uma escola municipal da cidade, reprovou no ano passado e enfrenta dificuldades di\u00e1rias para voltar a frequentar a institui\u00e7\u00e3o. \u201cEla n\u00e3o quer mais ir para o col\u00e9gio, nem conversar com os amigos. Ela j\u00e1 est\u00e1 ficando para tr\u00e1s. Ela chama isso (desvio na coluna vertebral) de tro\u00e7o que est\u00e1 nas costas dela. Eu j\u00e1 n\u00e3o consigo mais viver com isso\u201d, afirma a m\u00e3e.<\/p>\n<p style=\"text-align: justify;\">A curvatura era de 60 graus em junho de 2014. Em julho deste ano, a curvatura j\u00e1 est\u00e1 em 72 graus. \u201cOs \u00f3rg\u00e3os vitais est\u00e3o sendo pressionados, fazendo com que ela corra risco de morte. A SA\u00daDE desse ESTADO est\u00e1 matando minha filha, estou perdendo minha filha\u201d, afirma.<\/p>\n<p style=\"text-align: justify;\"><strong>O que \u00e9 escoliose<\/strong><br \/>\nA escoliose \u00e9 uma deformidade na coluna vertebral. Pode ser ou n\u00e3o acompanhada de rota\u00e7\u00e3o nas v\u00e9rtebras. Existem v\u00e1rios tipos da doen\u00e7a, as mais comuns s\u00e3o: Cong\u00eanita, quando \u00e9 gen\u00e9tica; Neuromuscular, quando causa por paralisia cerebral ou fraqueza do m\u00fasculo entre outros; e Idiop\u00e1ticas, com causas desconhecidas, mas respons\u00e1vel por 80% dos casos em todo o mundo. A doen\u00e7a \u00e9 descoberta geralmente quando os ombros est\u00e3o aparentemente em alturas diversas &#8211; n\u00e3o sim\u00e9tricas como o normal &#8211; apresentando coluna com inclina\u00e7\u00e3o para um dos lados e um eventual desconforto muscular. O uso de coletes \u00e9 recomendado para retardar a curvatura em alguns casos. No da moradora do Guajuviras, os m\u00e9dicos recomendaram a cirurgia, que consiste em encaixar os ossos com hastes de metal, ganchos e parafusos e corrigir a curvatura.<\/p>\n<p style=\"text-align: justify;\"><strong>O que diz a Prefeitura<\/strong><br \/>\nSegundo a Prefeitura Municipal de Canoas, \u201cAs cirurgias de escoliose s\u00e3o feitas no HU de Canoas, sempre que houver avalia\u00e7\u00e3o t\u00e9cnica compat\u00edvel com a realiza\u00e7\u00e3o do procedimento\u201d. A atual administra\u00e7\u00e3o seguiu afirmando que \u201cPara esta senhora, cuja filha sofre de escoliose, o secret\u00e1rio municipal de Sa\u00fade, Marcelo B\u00f3sio, sugere n\u00e3o aguardar. Ele tomar\u00e1 provid\u00eancias para a realiza\u00e7\u00e3o da cirurgia, com toda a celeridade poss\u00edvel, dentro das condi\u00e7\u00f5es t\u00e9cnicas necess\u00e1rias. A paciente j\u00e1 tem consulta agendada no HU para o dia 30\/07\/15, com equipe do HU, para dar prosseguimento ao tratamento\u201d.<\/p>\n","protected":false},"excerpt":{"rendered":"<p>Jovem de 14 anos sofre com escoliose e n\u00e3o consegue marcar cirurgia<\/p>\n","protected":false},"author":1,"featured_media":703,"comment_status":"open","ping_status":"open","sticky":false,"template":"","format":"standard","meta":{"amp_status":"","footnotes":""},"categories":[25,19,22,26],"tags":[],"class_list":["post-690","post","type-post","status-publish","format-standard","has-post-thumbnail","hentry","category-comunidade","category-destaques","category-noticias","category-saude"],"yoast_head":"<!-- This site is optimized with the Yoast SEO plugin v20.5 - https:\/\/yoast.com\/wordpress\/plugins\/seo\/ -->\n<title>&quot;O que voc\u00ea faria se soubesse que sua filha corre risco de morrer ou ficar tetrapl\u00e9gica?&quot; - O Timoneiro Jornal Canoas RS<\/title>\n<meta name=\"robots\" content=\"index, follow, max-snippet:-1, max-image-preview:large, max-video-preview:-1\" \/>\n<link rel=\"canonical\" href=\"https:\/\/jornaltimoneiro.com.br\/index.php\/2015\/07\/24\/o-que-voce-faria-se-soubesse-que-sua-filha-corre-risco-de-morrer-ou-ficar-tetraplegica\/\" \/>\n<meta property=\"og:locale\" content=\"pt_BR\" \/>\n<meta property=\"og:type\" content=\"article\" \/>\n<meta property=\"og:title\" content=\"&quot;O que voc\u00ea faria se soubesse que sua filha corre risco de morrer ou ficar tetrapl\u00e9gica?&quot; - O Timoneiro Jornal Canoas RS\" \/>\n<meta property=\"og:description\" content=\"Jovem de 14 anos sofre com escoliose e n\u00e3o consegue marcar cirurgia\" \/>\n<meta property=\"og:url\" content=\"https:\/\/jornaltimoneiro.com.br\/index.php\/2015\/07\/24\/o-que-voce-faria-se-soubesse-que-sua-filha-corre-risco-de-morrer-ou-ficar-tetraplegica\/\" \/>\n<meta property=\"og:site_name\" content=\"O Timoneiro Jornal Canoas RS\" \/>\n<meta property=\"article:publisher\" content=\"https:\/\/www.facebook.com\/jornaltimoneiro\" \/>\n<meta property=\"article:published_time\" content=\"2015-07-24T12:51:48+00:00\" \/>\n<meta name=\"author\" content=\"Reda\u00e7\u00e3o\" \/>\n<meta name=\"twitter:card\" content=\"summary_large_image\" \/>\n<meta name=\"twitter:creator\" content=\"@_OTimoneiro\" \/>\n<meta name=\"twitter:site\" content=\"@_OTimoneiro\" \/>\n<meta name=\"twitter:label1\" content=\"Escrito por\" \/>\n\t<meta name=\"twitter:data1\" content=\"Reda\u00e7\u00e3o\" \/>\n\t<meta name=\"twitter:label2\" content=\"Est. tempo de leitura\" \/>\n\t<meta name=\"twitter:data2\" content=\"5 minutos\" \/>\n<script type=\"application\/ld+json\" class=\"yoast-schema-graph\">{\"@context\":\"https:\/\/schema.org\",\"@graph\":[{\"@type\":\"Article\",\"@id\":\"https:\/\/jornaltimoneiro.com.br\/index.php\/2015\/07\/24\/o-que-voce-faria-se-soubesse-que-sua-filha-corre-risco-de-morrer-ou-ficar-tetraplegica\/#article\",\"isPartOf\":{\"@id\":\"https:\/\/jornaltimoneiro.com.br\/index.php\/2015\/07\/24\/o-que-voce-faria-se-soubesse-que-sua-filha-corre-risco-de-morrer-ou-ficar-tetraplegica\/\"},\"author\":{\"name\":\"Reda\u00e7\u00e3o\",\"@id\":\"https:\/\/jornaltimoneiro.com.br\/#\/schema\/person\/620efd1d8244466117482be494360b08\"},\"headline\":\"&#8220;O que voc\u00ea faria se soubesse que sua filha corre risco de morrer ou ficar tetrapl\u00e9gica?&#8221;\",\"datePublished\":\"2015-07-24T12:51:48+00:00\",\"dateModified\":\"2015-07-24T12:51:48+00:00\",\"mainEntityOfPage\":{\"@id\":\"https:\/\/jornaltimoneiro.com.br\/index.php\/2015\/07\/24\/o-que-voce-faria-se-soubesse-que-sua-filha-corre-risco-de-morrer-ou-ficar-tetraplegica\/\"},\"wordCount\":988,\"commentCount\":0,\"publisher\":{\"@id\":\"https:\/\/jornaltimoneiro.com.br\/#organization\"},\"articleSection\":[\"Comunidade\",\"Destaques\",\"Not\u00edcias\",\"Sa\u00fade\"],\"inLanguage\":\"pt-BR\",\"potentialAction\":[{\"@type\":\"CommentAction\",\"name\":\"Comment\",\"target\":[\"https:\/\/jornaltimoneiro.com.br\/index.php\/2015\/07\/24\/o-que-voce-faria-se-soubesse-que-sua-filha-corre-risco-de-morrer-ou-ficar-tetraplegica\/#respond\"]}]},{\"@type\":\"WebPage\",\"@id\":\"https:\/\/jornaltimoneiro.com.br\/index.php\/2015\/07\/24\/o-que-voce-faria-se-soubesse-que-sua-filha-corre-risco-de-morrer-ou-ficar-tetraplegica\/\",\"url\":\"https:\/\/jornaltimoneiro.com.br\/index.php\/2015\/07\/24\/o-que-voce-faria-se-soubesse-que-sua-filha-corre-risco-de-morrer-ou-ficar-tetraplegica\/\",\"name\":\"\\\"O que voc\u00ea faria se soubesse que sua filha corre risco de morrer ou ficar tetrapl\u00e9gica?\\\" - O Timoneiro Jornal Canoas RS\",\"isPartOf\":{\"@id\":\"https:\/\/jornaltimoneiro.com.br\/#website\"},\"datePublished\":\"2015-07-24T12:51:48+00:00\",\"dateModified\":\"2015-07-24T12:51:48+00:00\",\"breadcrumb\":{\"@id\":\"https:\/\/jornaltimoneiro.com.br\/index.php\/2015\/07\/24\/o-que-voce-faria-se-soubesse-que-sua-filha-corre-risco-de-morrer-ou-ficar-tetraplegica\/#breadcrumb\"},\"inLanguage\":\"pt-BR\",\"potentialAction\":[{\"@type\":\"ReadAction\",\"target\":[\"https:\/\/jornaltimoneiro.com.br\/index.php\/2015\/07\/24\/o-que-voce-faria-se-soubesse-que-sua-filha-corre-risco-de-morrer-ou-ficar-tetraplegica\/\"]}]},{\"@type\":\"BreadcrumbList\",\"@id\":\"https:\/\/jornaltimoneiro.com.br\/index.php\/2015\/07\/24\/o-que-voce-faria-se-soubesse-que-sua-filha-corre-risco-de-morrer-ou-ficar-tetraplegica\/#breadcrumb\",\"itemListElement\":[{\"@type\":\"ListItem\",\"position\":1,\"name\":\"In\u00edcio\",\"item\":\"https:\/\/jornaltimoneiro.com.br\/\"},{\"@type\":\"ListItem\",\"position\":2,\"name\":\"&#8220;O que voc\u00ea faria se soubesse que sua filha corre risco de morrer ou ficar tetrapl\u00e9gica?&#8221;\"}]},{\"@type\":\"WebSite\",\"@id\":\"https:\/\/jornaltimoneiro.com.br\/#website\",\"url\":\"https:\/\/jornaltimoneiro.com.br\/\",\"name\":\"Jornal Timoneiro Canoas RS\",\"description\":\"Jornal O Timoneiro, o verdadeiro jornal de Canoas\",\"publisher\":{\"@id\":\"https:\/\/jornaltimoneiro.com.br\/#organization\"},\"potentialAction\":[{\"@type\":\"SearchAction\",\"target\":{\"@type\":\"EntryPoint\",\"urlTemplate\":\"https:\/\/jornaltimoneiro.com.br\/?s={search_term_string}\"},\"query-input\":\"required name=search_term_string\"}],\"inLanguage\":\"pt-BR\"},{\"@type\":\"Organization\",\"@id\":\"https:\/\/jornaltimoneiro.com.br\/#organization\",\"name\":\"Jornal Timoneiro Canoas RS\",\"url\":\"https:\/\/jornaltimoneiro.com.br\/\",\"logo\":{\"@type\":\"ImageObject\",\"inLanguage\":\"pt-BR\",\"@id\":\"https:\/\/jornaltimoneiro.com.br\/#\/schema\/logo\/image\/\",\"url\":\"https:\/\/jornaltimoneiro.com.br\/wp-content\/uploads\/2023\/03\/logonovo.png\",\"contentUrl\":\"https:\/\/jornaltimoneiro.com.br\/wp-content\/uploads\/2023\/03\/logonovo.png\",\"width\":\"469\",\"height\":\"171\",\"caption\":\"Jornal Timoneiro Canoas RS\"},\"image\":{\"@id\":\"https:\/\/jornaltimoneiro.com.br\/#\/schema\/logo\/image\/\"},\"sameAs\":[\"https:\/\/www.facebook.com\/jornaltimoneiro\",\"https:\/\/twitter.com\/_OTimoneiro\",\"https:\/\/www.instagram.com\/jornaltimoneirocanoas\/\",\"https:\/\/www.youtube.com\/@jornalotimoneiro7927\"]},{\"@type\":\"Person\",\"@id\":\"https:\/\/jornaltimoneiro.com.br\/#\/schema\/person\/620efd1d8244466117482be494360b08\",\"name\":\"Reda\u00e7\u00e3o\",\"image\":{\"@type\":\"ImageObject\",\"inLanguage\":\"pt-BR\",\"@id\":\"https:\/\/jornaltimoneiro.com.br\/#\/schema\/person\/image\/\",\"url\":\"https:\/\/secure.gravatar.com\/avatar\/2f04e1b304682a8d9db336c7acd77f08?s=96&d=mm&r=g\",\"contentUrl\":\"https:\/\/secure.gravatar.com\/avatar\/2f04e1b304682a8d9db336c7acd77f08?s=96&d=mm&r=g\",\"caption\":\"Reda\u00e7\u00e3o\"},\"url\":\"https:\/\/jornaltimoneiro.com.br\/index.php\/author\/timoneirocanoas\/\"}]}<\/script>\n<!-- \/ Yoast SEO plugin. -->","yoast_head_json":{"title":"\"O que voc\u00ea faria se soubesse que sua filha corre risco de morrer ou ficar tetrapl\u00e9gica?\" - O Timoneiro Jornal Canoas RS","robots":{"index":"index","follow":"follow","max-snippet":"max-snippet:-1","max-image-preview":"max-image-preview:large","max-video-preview":"max-video-preview:-1"},"canonical":"https:\/\/jornaltimoneiro.com.br\/index.php\/2015\/07\/24\/o-que-voce-faria-se-soubesse-que-sua-filha-corre-risco-de-morrer-ou-ficar-tetraplegica\/","og_locale":"pt_BR","og_type":"article","og_title":"\"O que voc\u00ea faria se soubesse que sua filha corre risco de morrer ou ficar tetrapl\u00e9gica?\" - O Timoneiro Jornal Canoas RS","og_description":"Jovem de 14 anos sofre com escoliose e n\u00e3o consegue marcar cirurgia","og_url":"https:\/\/jornaltimoneiro.com.br\/index.php\/2015\/07\/24\/o-que-voce-faria-se-soubesse-que-sua-filha-corre-risco-de-morrer-ou-ficar-tetraplegica\/","og_site_name":"O Timoneiro Jornal Canoas RS","article_publisher":"https:\/\/www.facebook.com\/jornaltimoneiro","article_published_time":"2015-07-24T12:51:48+00:00","author":"Reda\u00e7\u00e3o","twitter_card":"summary_large_image","twitter_creator":"@_OTimoneiro","twitter_site":"@_OTimoneiro","twitter_misc":{"Escrito por":"Reda\u00e7\u00e3o","Est. tempo de leitura":"5 minutos"},"schema":{"@context":"https:\/\/schema.org","@graph":[{"@type":"Article","@id":"https:\/\/jornaltimoneiro.com.br\/index.php\/2015\/07\/24\/o-que-voce-faria-se-soubesse-que-sua-filha-corre-risco-de-morrer-ou-ficar-tetraplegica\/#article","isPartOf":{"@id":"https:\/\/jornaltimoneiro.com.br\/index.php\/2015\/07\/24\/o-que-voce-faria-se-soubesse-que-sua-filha-corre-risco-de-morrer-ou-ficar-tetraplegica\/"},"author":{"name":"Reda\u00e7\u00e3o","@id":"https:\/\/jornaltimoneiro.com.br\/#\/schema\/person\/620efd1d8244466117482be494360b08"},"headline":"&#8220;O que voc\u00ea faria se soubesse que sua filha corre risco de morrer ou ficar tetrapl\u00e9gica?&#8221;","datePublished":"2015-07-24T12:51:48+00:00","dateModified":"2015-07-24T12:51:48+00:00","mainEntityOfPage":{"@id":"https:\/\/jornaltimoneiro.com.br\/index.php\/2015\/07\/24\/o-que-voce-faria-se-soubesse-que-sua-filha-corre-risco-de-morrer-ou-ficar-tetraplegica\/"},"wordCount":988,"commentCount":0,"publisher":{"@id":"https:\/\/jornaltimoneiro.com.br\/#organization"},"articleSection":["Comunidade","Destaques","Not\u00edcias","Sa\u00fade"],"inLanguage":"pt-BR","potentialAction":[{"@type":"CommentAction","name":"Comment","target":["https:\/\/jornaltimoneiro.com.br\/index.php\/2015\/07\/24\/o-que-voce-faria-se-soubesse-que-sua-filha-corre-risco-de-morrer-ou-ficar-tetraplegica\/#respond"]}]},{"@type":"WebPage","@id":"https:\/\/jornaltimoneiro.com.br\/index.php\/2015\/07\/24\/o-que-voce-faria-se-soubesse-que-sua-filha-corre-risco-de-morrer-ou-ficar-tetraplegica\/","url":"https:\/\/jornaltimoneiro.com.br\/index.php\/2015\/07\/24\/o-que-voce-faria-se-soubesse-que-sua-filha-corre-risco-de-morrer-ou-ficar-tetraplegica\/","name":"\"O que voc\u00ea faria se soubesse que sua filha corre risco de morrer ou ficar tetrapl\u00e9gica?\" - O Timoneiro Jornal Canoas RS","isPartOf":{"@id":"https:\/\/jornaltimoneiro.com.br\/#website"},"datePublished":"2015-07-24T12:51:48+00:00","dateModified":"2015-07-24T12:51:48+00:00","breadcrumb":{"@id":"https:\/\/jornaltimoneiro.com.br\/index.php\/2015\/07\/24\/o-que-voce-faria-se-soubesse-que-sua-filha-corre-risco-de-morrer-ou-ficar-tetraplegica\/#breadcrumb"},"inLanguage":"pt-BR","potentialAction":[{"@type":"ReadAction","target":["https:\/\/jornaltimoneiro.com.br\/index.php\/2015\/07\/24\/o-que-voce-faria-se-soubesse-que-sua-filha-corre-risco-de-morrer-ou-ficar-tetraplegica\/"]}]},{"@type":"BreadcrumbList","@id":"https:\/\/jornaltimoneiro.com.br\/index.php\/2015\/07\/24\/o-que-voce-faria-se-soubesse-que-sua-filha-corre-risco-de-morrer-ou-ficar-tetraplegica\/#breadcrumb","itemListElement":[{"@type":"ListItem","position":1,"name":"In\u00edcio","item":"https:\/\/jornaltimoneiro.com.br\/"},{"@type":"ListItem","position":2,"name":"&#8220;O que voc\u00ea faria se soubesse que sua filha corre risco de morrer ou ficar tetrapl\u00e9gica?&#8221;"}]},{"@type":"WebSite","@id":"https:\/\/jornaltimoneiro.com.br\/#website","url":"https:\/\/jornaltimoneiro.com.br\/","name":"Jornal Timoneiro Canoas RS","description":"Jornal O Timoneiro, o verdadeiro jornal de Canoas","publisher":{"@id":"https:\/\/jornaltimoneiro.com.br\/#organization"},"potentialAction":[{"@type":"SearchAction","target":{"@type":"EntryPoint","urlTemplate":"https:\/\/jornaltimoneiro.com.br\/?s={search_term_string}"},"query-input":"required name=search_term_string"}],"inLanguage":"pt-BR"},{"@type":"Organization","@id":"https:\/\/jornaltimoneiro.com.br\/#organization","name":"Jornal Timoneiro Canoas RS","url":"https:\/\/jornaltimoneiro.com.br\/","logo":{"@type":"ImageObject","inLanguage":"pt-BR","@id":"https:\/\/jornaltimoneiro.com.br\/#\/schema\/logo\/image\/","url":"https:\/\/jornaltimoneiro.com.br\/wp-content\/uploads\/2023\/03\/logonovo.png","contentUrl":"https:\/\/jornaltimoneiro.com.br\/wp-content\/uploads\/2023\/03\/logonovo.png","width":"469","height":"171","caption":"Jornal Timoneiro Canoas RS"},"image":{"@id":"https:\/\/jornaltimoneiro.com.br\/#\/schema\/logo\/image\/"},"sameAs":["https:\/\/www.facebook.com\/jornaltimoneiro","https:\/\/twitter.com\/_OTimoneiro","https:\/\/www.instagram.com\/jornaltimoneirocanoas\/","https:\/\/www.youtube.com\/@jornalotimoneiro7927"]},{"@type":"Person","@id":"https:\/\/jornaltimoneiro.com.br\/#\/schema\/person\/620efd1d8244466117482be494360b08","name":"Reda\u00e7\u00e3o","image":{"@type":"ImageObject","inLanguage":"pt-BR","@id":"https:\/\/jornaltimoneiro.com.br\/#\/schema\/person\/image\/","url":"https:\/\/secure.gravatar.com\/avatar\/2f04e1b304682a8d9db336c7acd77f08?s=96&d=mm&r=g","contentUrl":"https:\/\/secure.gravatar.com\/avatar\/2f04e1b304682a8d9db336c7acd77f08?s=96&d=mm&r=g","caption":"Reda\u00e7\u00e3o"},"url":"https:\/\/jornaltimoneiro.com.br\/index.php\/author\/timoneirocanoas\/"}]}},"_links":{"self":[{"href":"https:\/\/jornaltimoneiro.com.br\/index.php\/wp-json\/wp\/v2\/posts\/690"}],"collection":[{"href":"https:\/\/jornaltimoneiro.com.br\/index.php\/wp-json\/wp\/v2\/posts"}],"about":[{"href":"https:\/\/jornaltimoneiro.com.br\/index.php\/wp-json\/wp\/v2\/types\/post"}],"author":[{"embeddable":true,"href":"https:\/\/jornaltimoneiro.com.br\/index.php\/wp-json\/wp\/v2\/users\/1"}],"replies":[{"embeddable":true,"href":"https:\/\/jornaltimoneiro.com.br\/index.php\/wp-json\/wp\/v2\/comments?post=690"}],"version-history":[{"count":0,"href":"https:\/\/jornaltimoneiro.com.br\/index.php\/wp-json\/wp\/v2\/posts\/690\/revisions"}],"wp:featuredmedia":[{"embeddable":true,"href":"https:\/\/jornaltimoneiro.com.br\/index.php\/wp-json\/"}],"wp:attachment":[{"href":"https:\/\/jornaltimoneiro.com.br\/index.php\/wp-json\/wp\/v2\/media?parent=690"}],"wp:term":[{"taxonomy":"category","embeddable":true,"href":"https:\/\/jornaltimoneiro.com.br\/index.php\/wp-json\/wp\/v2\/categories?post=690"},{"taxonomy":"post_tag","embeddable":true,"href":"https:\/\/jornaltimoneiro.com.br\/index.php\/wp-json\/wp\/v2\/tags?post=690"}],"curies":[{"name":"wp","href":"https:\/\/api.w.org\/{rel}","templated":true}]}}