{"id":687,"date":"2015-07-24T09:46:03","date_gmt":"2015-07-24T12:46:03","guid":{"rendered":"http:\/\/otimoneiro.com.br\/?p=687"},"modified":"2015-07-24T09:46:03","modified_gmt":"2015-07-24T12:46:03","slug":"tradicional-festa-do-padroeiro-dos-motoristas-acontecera-domingo-na-paroquia-sao-cristovao","status":"publish","type":"post","link":"https:\/\/jornaltimoneiro.com.br\/index.php\/2015\/07\/24\/tradicional-festa-do-padroeiro-dos-motoristas-acontecera-domingo-na-paroquia-sao-cristovao\/","title":{"rendered":"Tradicional festa do padroeiro dos motoristas acontecer\u00e1 domingo na par\u00f3quia S\u00e3o Crist\u00f3v\u00e3o"},"content":{"rendered":"<div id=\"attachment_688\" style=\"width: 270px\" class=\"wp-caption alignright\"><a href=\"http:\/\/otimoneiro.com.br\/wp-content\/uploads\/2015\/07\/Padre-na-moto-2014.jpg\"><img decoding=\"async\" aria-describedby=\"caption-attachment-688\" class=\"wp-image-688 \" src=\"http:\/\/otimoneiro.com.br\/wp-content\/uploads\/2015\/07\/Padre-na-moto-2014-300x200.jpg\" alt=\"Padre da par\u00f3quia S\u00e3o Crist\u00f3v\u00e3o fez o trajeto de moto no ano passado\" width=\"260\" height=\"173\" \/><\/a><p id=\"caption-attachment-688\" class=\"wp-caption-text\">Padre da par\u00f3quia S\u00e3o Crist\u00f3v\u00e3o fez o trajeto de moto no ano passado<\/p><\/div>\n<p style=\"text-align: justify;\">Em 2014, ao menos 3.500 motoristas participaram da festa que celebra o padroeiro dos motoristas, S\u00e3o Crist\u00f3v\u00e3o. As festividades come\u00e7am cedo no domingo, 26, na par\u00f3quia que leva o nome do santo, localizada no bairro Igara. A partir das 8 horas, a par\u00f3quia convida para a missa que ser\u00e1 celebrada pelo arcebisbo metropolitana Dom Jaime Spengler, seguida do tradicional almo\u00e7o e da carreata.<br \/>\nO ingresso para o almo\u00e7o est\u00e1 no valor de R$ 25,00. O card\u00e1pio \u00e9 composto por sopa de capelleti, carne Lessa, churrasco, galeto, salsich\u00e3o, maionese e saladas. Tamb\u00e9m sobremesas que podem ser adquiridas em separados por quem se interessar.<br \/>\nA tradicional carreata espera receber ainda mais motoristas neste ano. O trajeto ser\u00e1 o mesmo dos anos passados, com concentra\u00e7\u00e3o no Santu\u00e1rio S\u00e3o Crist\u00f3v\u00e3o e segue pela BR-116 at\u00e9 onde est\u00e1 localizada a refinaria Alberto Pasqualini, retornando pelo sentido interior-capital at\u00e9 o viaduto do bairro Rio Branco.<\/p>\n<p style=\"text-align: justify;\"><strong>Servi\u00e7o<\/strong><br \/>\n<strong>O que:<\/strong> Festa do padroeiro dos motoristas<br \/>\n<strong>Quando:<\/strong> Domingo, 26<br \/>\n<strong>Onde:<\/strong> Par\u00f3quia S\u00e3o Crist\u00f3v\u00e3o, rua Tupi, 228 \u2013 Canoas<br \/>\n<strong>Como:<\/strong> Ingresso para o almo\u00e7o custa R$ 25,00. N\u00e3o h\u00e1 custo para participar da carreata.<\/p>\n","protected":false},"excerpt":{"rendered":"<p>Mais de 3.500 motoristas s\u00e3o aguardados na festa que ocorre domingo<\/p>\n","protected":false},"author":1,"featured_media":688,"comment_status":"open","ping_status":"open","sticky":false,"template":"","format":"standard","meta":{"amp_status":"","footnotes":""},"categories":[25,19,22],"tags":[],"class_list":["post-687","post","type-post","status-publish","format-standard","has-post-thumbnail","hentry","category-comunidade","category-destaques","category-noticias"],"yoast_head":"<!-- This site is optimized with the Yoast SEO plugin v20.5 - https:\/\/yoast.com\/wordpress\/plugins\/seo\/ -->\n<title>Tradicional festa do padroeiro dos motoristas acontecer\u00e1 domingo na par\u00f3quia S\u00e3o Crist\u00f3v\u00e3o - O Timoneiro Jornal Canoas RS<\/title>\n<meta name=\"robots\" content=\"index, follow, max-snippet:-1, max-image-preview:large, max-video-preview:-1\" \/>\n<link rel=\"canonical\" href=\"https:\/\/jornaltimoneiro.com.br\/index.php\/2015\/07\/24\/tradicional-festa-do-padroeiro-dos-motoristas-acontecera-domingo-na-paroquia-sao-cristovao\/\" \/>\n<meta property=\"og:locale\" content=\"pt_BR\" \/>\n<meta property=\"og:type\" content=\"article\" \/>\n<meta property=\"og:title\" content=\"Tradicional festa do padroeiro dos motoristas acontecer\u00e1 domingo na par\u00f3quia S\u00e3o Crist\u00f3v\u00e3o - O Timoneiro Jornal Canoas RS\" \/>\n<meta property=\"og:description\" content=\"Mais de 3.500 motoristas s\u00e3o aguardados na festa que ocorre domingo\" \/>\n<meta property=\"og:url\" content=\"https:\/\/jornaltimoneiro.com.br\/index.php\/2015\/07\/24\/tradicional-festa-do-padroeiro-dos-motoristas-acontecera-domingo-na-paroquia-sao-cristovao\/\" \/>\n<meta property=\"og:site_name\" content=\"O Timoneiro Jornal Canoas RS\" \/>\n<meta property=\"article:publisher\" content=\"https:\/\/www.facebook.com\/jornaltimoneiro\" \/>\n<meta property=\"article:published_time\" content=\"2015-07-24T12:46:03+00:00\" \/>\n<meta name=\"author\" content=\"Reda\u00e7\u00e3o\" \/>\n<meta name=\"twitter:card\" content=\"summary_large_image\" \/>\n<meta name=\"twitter:creator\" content=\"@_OTimoneiro\" \/>\n<meta name=\"twitter:site\" content=\"@_OTimoneiro\" \/>\n<meta name=\"twitter:label1\" content=\"Escrito por\" \/>\n\t<meta name=\"twitter:data1\" content=\"Reda\u00e7\u00e3o\" \/>\n\t<meta name=\"twitter:label2\" content=\"Est. tempo de leitura\" \/>\n\t<meta name=\"twitter:data2\" content=\"1 minuto\" \/>\n<script type=\"application\/ld+json\" class=\"yoast-schema-graph\">{\"@context\":\"https:\/\/schema.org\",\"@graph\":[{\"@type\":\"Article\",\"@id\":\"https:\/\/jornaltimoneiro.com.br\/index.php\/2015\/07\/24\/tradicional-festa-do-padroeiro-dos-motoristas-acontecera-domingo-na-paroquia-sao-cristovao\/#article\",\"isPartOf\":{\"@id\":\"https:\/\/jornaltimoneiro.com.br\/index.php\/2015\/07\/24\/tradicional-festa-do-padroeiro-dos-motoristas-acontecera-domingo-na-paroquia-sao-cristovao\/\"},\"author\":{\"name\":\"Reda\u00e7\u00e3o\",\"@id\":\"https:\/\/jornaltimoneiro.com.br\/#\/schema\/person\/620efd1d8244466117482be494360b08\"},\"headline\":\"Tradicional festa do padroeiro dos motoristas acontecer\u00e1 domingo na par\u00f3quia S\u00e3o Crist\u00f3v\u00e3o\",\"datePublished\":\"2015-07-24T12:46:03+00:00\",\"dateModified\":\"2015-07-24T12:46:03+00:00\",\"mainEntityOfPage\":{\"@id\":\"https:\/\/jornaltimoneiro.com.br\/index.php\/2015\/07\/24\/tradicional-festa-do-padroeiro-dos-motoristas-acontecera-domingo-na-paroquia-sao-cristovao\/\"},\"wordCount\":237,\"commentCount\":0,\"publisher\":{\"@id\":\"https:\/\/jornaltimoneiro.com.br\/#organization\"},\"articleSection\":[\"Comunidade\",\"Destaques\",\"Not\u00edcias\"],\"inLanguage\":\"pt-BR\",\"potentialAction\":[{\"@type\":\"CommentAction\",\"name\":\"Comment\",\"target\":[\"https:\/\/jornaltimoneiro.com.br\/index.php\/2015\/07\/24\/tradicional-festa-do-padroeiro-dos-motoristas-acontecera-domingo-na-paroquia-sao-cristovao\/#respond\"]}]},{\"@type\":\"WebPage\",\"@id\":\"https:\/\/jornaltimoneiro.com.br\/index.php\/2015\/07\/24\/tradicional-festa-do-padroeiro-dos-motoristas-acontecera-domingo-na-paroquia-sao-cristovao\/\",\"url\":\"https:\/\/jornaltimoneiro.com.br\/index.php\/2015\/07\/24\/tradicional-festa-do-padroeiro-dos-motoristas-acontecera-domingo-na-paroquia-sao-cristovao\/\",\"name\":\"Tradicional festa do padroeiro dos motoristas acontecer\u00e1 domingo na par\u00f3quia S\u00e3o Crist\u00f3v\u00e3o - O Timoneiro Jornal Canoas RS\",\"isPartOf\":{\"@id\":\"https:\/\/jornaltimoneiro.com.br\/#website\"},\"datePublished\":\"2015-07-24T12:46:03+00:00\",\"dateModified\":\"2015-07-24T12:46:03+00:00\",\"breadcrumb\":{\"@id\":\"https:\/\/jornaltimoneiro.com.br\/index.php\/2015\/07\/24\/tradicional-festa-do-padroeiro-dos-motoristas-acontecera-domingo-na-paroquia-sao-cristovao\/#breadcrumb\"},\"inLanguage\":\"pt-BR\",\"potentialAction\":[{\"@type\":\"ReadAction\",\"target\":[\"https:\/\/jornaltimoneiro.com.br\/index.php\/2015\/07\/24\/tradicional-festa-do-padroeiro-dos-motoristas-acontecera-domingo-na-paroquia-sao-cristovao\/\"]}]},{\"@type\":\"BreadcrumbList\",\"@id\":\"https:\/\/jornaltimoneiro.com.br\/index.php\/2015\/07\/24\/tradicional-festa-do-padroeiro-dos-motoristas-acontecera-domingo-na-paroquia-sao-cristovao\/#breadcrumb\",\"itemListElement\":[{\"@type\":\"ListItem\",\"position\":1,\"name\":\"In\u00edcio\",\"item\":\"https:\/\/jornaltimoneiro.com.br\/\"},{\"@type\":\"ListItem\",\"position\":2,\"name\":\"Tradicional festa do padroeiro dos motoristas acontecer\u00e1 domingo na par\u00f3quia S\u00e3o Crist\u00f3v\u00e3o\"}]},{\"@type\":\"WebSite\",\"@id\":\"https:\/\/jornaltimoneiro.com.br\/#website\",\"url\":\"https:\/\/jornaltimoneiro.com.br\/\",\"name\":\"Jornal Timoneiro Canoas RS\",\"description\":\"Jornal O Timoneiro, o verdadeiro jornal de Canoas\",\"publisher\":{\"@id\":\"https:\/\/jornaltimoneiro.com.br\/#organization\"},\"potentialAction\":[{\"@type\":\"SearchAction\",\"target\":{\"@type\":\"EntryPoint\",\"urlTemplate\":\"https:\/\/jornaltimoneiro.com.br\/?s={search_term_string}\"},\"query-input\":\"required name=search_term_string\"}],\"inLanguage\":\"pt-BR\"},{\"@type\":\"Organization\",\"@id\":\"https:\/\/jornaltimoneiro.com.br\/#organization\",\"name\":\"Jornal Timoneiro Canoas RS\",\"url\":\"https:\/\/jornaltimoneiro.com.br\/\",\"logo\":{\"@type\":\"ImageObject\",\"inLanguage\":\"pt-BR\",\"@id\":\"https:\/\/jornaltimoneiro.com.br\/#\/schema\/logo\/image\/\",\"url\":\"https:\/\/jornaltimoneiro.com.br\/wp-content\/uploads\/2023\/03\/logonovo.png\",\"contentUrl\":\"https:\/\/jornaltimoneiro.com.br\/wp-content\/uploads\/2023\/03\/logonovo.png\",\"width\":\"469\",\"height\":\"171\",\"caption\":\"Jornal Timoneiro Canoas RS\"},\"image\":{\"@id\":\"https:\/\/jornaltimoneiro.com.br\/#\/schema\/logo\/image\/\"},\"sameAs\":[\"https:\/\/www.facebook.com\/jornaltimoneiro\",\"https:\/\/twitter.com\/_OTimoneiro\",\"https:\/\/www.instagram.com\/jornaltimoneirocanoas\/\",\"https:\/\/www.youtube.com\/@jornalotimoneiro7927\"]},{\"@type\":\"Person\",\"@id\":\"https:\/\/jornaltimoneiro.com.br\/#\/schema\/person\/620efd1d8244466117482be494360b08\",\"name\":\"Reda\u00e7\u00e3o\",\"image\":{\"@type\":\"ImageObject\",\"inLanguage\":\"pt-BR\",\"@id\":\"https:\/\/jornaltimoneiro.com.br\/#\/schema\/person\/image\/\",\"url\":\"https:\/\/secure.gravatar.com\/avatar\/2f04e1b304682a8d9db336c7acd77f08?s=96&d=mm&r=g\",\"contentUrl\":\"https:\/\/secure.gravatar.com\/avatar\/2f04e1b304682a8d9db336c7acd77f08?s=96&d=mm&r=g\",\"caption\":\"Reda\u00e7\u00e3o\"},\"url\":\"https:\/\/jornaltimoneiro.com.br\/index.php\/author\/timoneirocanoas\/\"}]}<\/script>\n<!-- \/ Yoast SEO plugin. -->","yoast_head_json":{"title":"Tradicional festa do padroeiro dos motoristas acontecer\u00e1 domingo na par\u00f3quia S\u00e3o Crist\u00f3v\u00e3o - O Timoneiro Jornal Canoas RS","robots":{"index":"index","follow":"follow","max-snippet":"max-snippet:-1","max-image-preview":"max-image-preview:large","max-video-preview":"max-video-preview:-1"},"canonical":"https:\/\/jornaltimoneiro.com.br\/index.php\/2015\/07\/24\/tradicional-festa-do-padroeiro-dos-motoristas-acontecera-domingo-na-paroquia-sao-cristovao\/","og_locale":"pt_BR","og_type":"article","og_title":"Tradicional festa do padroeiro dos motoristas acontecer\u00e1 domingo na par\u00f3quia S\u00e3o Crist\u00f3v\u00e3o - O Timoneiro Jornal Canoas RS","og_description":"Mais de 3.500 motoristas s\u00e3o aguardados na festa que ocorre domingo","og_url":"https:\/\/jornaltimoneiro.com.br\/index.php\/2015\/07\/24\/tradicional-festa-do-padroeiro-dos-motoristas-acontecera-domingo-na-paroquia-sao-cristovao\/","og_site_name":"O Timoneiro Jornal Canoas RS","article_publisher":"https:\/\/www.facebook.com\/jornaltimoneiro","article_published_time":"2015-07-24T12:46:03+00:00","author":"Reda\u00e7\u00e3o","twitter_card":"summary_large_image","twitter_creator":"@_OTimoneiro","twitter_site":"@_OTimoneiro","twitter_misc":{"Escrito por":"Reda\u00e7\u00e3o","Est. tempo de leitura":"1 minuto"},"schema":{"@context":"https:\/\/schema.org","@graph":[{"@type":"Article","@id":"https:\/\/jornaltimoneiro.com.br\/index.php\/2015\/07\/24\/tradicional-festa-do-padroeiro-dos-motoristas-acontecera-domingo-na-paroquia-sao-cristovao\/#article","isPartOf":{"@id":"https:\/\/jornaltimoneiro.com.br\/index.php\/2015\/07\/24\/tradicional-festa-do-padroeiro-dos-motoristas-acontecera-domingo-na-paroquia-sao-cristovao\/"},"author":{"name":"Reda\u00e7\u00e3o","@id":"https:\/\/jornaltimoneiro.com.br\/#\/schema\/person\/620efd1d8244466117482be494360b08"},"headline":"Tradicional festa do padroeiro dos motoristas acontecer\u00e1 domingo na par\u00f3quia S\u00e3o Crist\u00f3v\u00e3o","datePublished":"2015-07-24T12:46:03+00:00","dateModified":"2015-07-24T12:46:03+00:00","mainEntityOfPage":{"@id":"https:\/\/jornaltimoneiro.com.br\/index.php\/2015\/07\/24\/tradicional-festa-do-padroeiro-dos-motoristas-acontecera-domingo-na-paroquia-sao-cristovao\/"},"wordCount":237,"commentCount":0,"publisher":{"@id":"https:\/\/jornaltimoneiro.com.br\/#organization"},"articleSection":["Comunidade","Destaques","Not\u00edcias"],"inLanguage":"pt-BR","potentialAction":[{"@type":"CommentAction","name":"Comment","target":["https:\/\/jornaltimoneiro.com.br\/index.php\/2015\/07\/24\/tradicional-festa-do-padroeiro-dos-motoristas-acontecera-domingo-na-paroquia-sao-cristovao\/#respond"]}]},{"@type":"WebPage","@id":"https:\/\/jornaltimoneiro.com.br\/index.php\/2015\/07\/24\/tradicional-festa-do-padroeiro-dos-motoristas-acontecera-domingo-na-paroquia-sao-cristovao\/","url":"https:\/\/jornaltimoneiro.com.br\/index.php\/2015\/07\/24\/tradicional-festa-do-padroeiro-dos-motoristas-acontecera-domingo-na-paroquia-sao-cristovao\/","name":"Tradicional festa do padroeiro dos motoristas acontecer\u00e1 domingo na par\u00f3quia S\u00e3o Crist\u00f3v\u00e3o - O Timoneiro Jornal Canoas RS","isPartOf":{"@id":"https:\/\/jornaltimoneiro.com.br\/#website"},"datePublished":"2015-07-24T12:46:03+00:00","dateModified":"2015-07-24T12:46:03+00:00","breadcrumb":{"@id":"https:\/\/jornaltimoneiro.com.br\/index.php\/2015\/07\/24\/tradicional-festa-do-padroeiro-dos-motoristas-acontecera-domingo-na-paroquia-sao-cristovao\/#breadcrumb"},"inLanguage":"pt-BR","potentialAction":[{"@type":"ReadAction","target":["https:\/\/jornaltimoneiro.com.br\/index.php\/2015\/07\/24\/tradicional-festa-do-padroeiro-dos-motoristas-acontecera-domingo-na-paroquia-sao-cristovao\/"]}]},{"@type":"BreadcrumbList","@id":"https:\/\/jornaltimoneiro.com.br\/index.php\/2015\/07\/24\/tradicional-festa-do-padroeiro-dos-motoristas-acontecera-domingo-na-paroquia-sao-cristovao\/#breadcrumb","itemListElement":[{"@type":"ListItem","position":1,"name":"In\u00edcio","item":"https:\/\/jornaltimoneiro.com.br\/"},{"@type":"ListItem","position":2,"name":"Tradicional festa do padroeiro dos motoristas acontecer\u00e1 domingo na par\u00f3quia S\u00e3o Crist\u00f3v\u00e3o"}]},{"@type":"WebSite","@id":"https:\/\/jornaltimoneiro.com.br\/#website","url":"https:\/\/jornaltimoneiro.com.br\/","name":"Jornal Timoneiro Canoas RS","description":"Jornal O Timoneiro, o verdadeiro jornal de Canoas","publisher":{"@id":"https:\/\/jornaltimoneiro.com.br\/#organization"},"potentialAction":[{"@type":"SearchAction","target":{"@type":"EntryPoint","urlTemplate":"https:\/\/jornaltimoneiro.com.br\/?s={search_term_string}"},"query-input":"required name=search_term_string"}],"inLanguage":"pt-BR"},{"@type":"Organization","@id":"https:\/\/jornaltimoneiro.com.br\/#organization","name":"Jornal Timoneiro Canoas RS","url":"https:\/\/jornaltimoneiro.com.br\/","logo":{"@type":"ImageObject","inLanguage":"pt-BR","@id":"https:\/\/jornaltimoneiro.com.br\/#\/schema\/logo\/image\/","url":"https:\/\/jornaltimoneiro.com.br\/wp-content\/uploads\/2023\/03\/logonovo.png","contentUrl":"https:\/\/jornaltimoneiro.com.br\/wp-content\/uploads\/2023\/03\/logonovo.png","width":"469","height":"171","caption":"Jornal Timoneiro Canoas RS"},"image":{"@id":"https:\/\/jornaltimoneiro.com.br\/#\/schema\/logo\/image\/"},"sameAs":["https:\/\/www.facebook.com\/jornaltimoneiro","https:\/\/twitter.com\/_OTimoneiro","https:\/\/www.instagram.com\/jornaltimoneirocanoas\/","https:\/\/www.youtube.com\/@jornalotimoneiro7927"]},{"@type":"Person","@id":"https:\/\/jornaltimoneiro.com.br\/#\/schema\/person\/620efd1d8244466117482be494360b08","name":"Reda\u00e7\u00e3o","image":{"@type":"ImageObject","inLanguage":"pt-BR","@id":"https:\/\/jornaltimoneiro.com.br\/#\/schema\/person\/image\/","url":"https:\/\/secure.gravatar.com\/avatar\/2f04e1b304682a8d9db336c7acd77f08?s=96&d=mm&r=g","contentUrl":"https:\/\/secure.gravatar.com\/avatar\/2f04e1b304682a8d9db336c7acd77f08?s=96&d=mm&r=g","caption":"Reda\u00e7\u00e3o"},"url":"https:\/\/jornaltimoneiro.com.br\/index.php\/author\/timoneirocanoas\/"}]}},"_links":{"self":[{"href":"https:\/\/jornaltimoneiro.com.br\/index.php\/wp-json\/wp\/v2\/posts\/687"}],"collection":[{"href":"https:\/\/jornaltimoneiro.com.br\/index.php\/wp-json\/wp\/v2\/posts"}],"about":[{"href":"https:\/\/jornaltimoneiro.com.br\/index.php\/wp-json\/wp\/v2\/types\/post"}],"author":[{"embeddable":true,"href":"https:\/\/jornaltimoneiro.com.br\/index.php\/wp-json\/wp\/v2\/users\/1"}],"replies":[{"embeddable":true,"href":"https:\/\/jornaltimoneiro.com.br\/index.php\/wp-json\/wp\/v2\/comments?post=687"}],"version-history":[{"count":0,"href":"https:\/\/jornaltimoneiro.com.br\/index.php\/wp-json\/wp\/v2\/posts\/687\/revisions"}],"wp:featuredmedia":[{"embeddable":true,"href":"https:\/\/jornaltimoneiro.com.br\/index.php\/wp-json\/"}],"wp:attachment":[{"href":"https:\/\/jornaltimoneiro.com.br\/index.php\/wp-json\/wp\/v2\/media?parent=687"}],"wp:term":[{"taxonomy":"category","embeddable":true,"href":"https:\/\/jornaltimoneiro.com.br\/index.php\/wp-json\/wp\/v2\/categories?post=687"},{"taxonomy":"post_tag","embeddable":true,"href":"https:\/\/jornaltimoneiro.com.br\/index.php\/wp-json\/wp\/v2\/tags?post=687"}],"curies":[{"name":"wp","href":"https:\/\/api.w.org\/{rel}","templated":true}]}}