{"id":684,"date":"2015-07-24T09:44:04","date_gmt":"2015-07-24T12:44:04","guid":{"rendered":"http:\/\/otimoneiro.com.br\/?p=684"},"modified":"2015-07-24T09:44:04","modified_gmt":"2015-07-24T12:44:04","slug":"chuva-parou-mas-deixou-estragos","status":"publish","type":"post","link":"https:\/\/jornaltimoneiro.com.br\/index.php\/2015\/07\/24\/chuva-parou-mas-deixou-estragos\/","title":{"rendered":"Chuva parou, mas deixou estragos"},"content":{"rendered":"<div id=\"attachment_685\" style=\"width: 190px\" class=\"wp-caption alignleft\"><a href=\"http:\/\/otimoneiro.com.br\/wp-content\/uploads\/2015\/07\/Foto-Andreia-Fadanni-bairro-S\u00e3o-Luiz-2.jpg\"><img decoding=\"async\" aria-describedby=\"caption-attachment-685\" class=\"size-medium wp-image-685\" src=\"http:\/\/otimoneiro.com.br\/wp-content\/uploads\/2015\/07\/Foto-Andreia-Fadanni-bairro-S\u00e3o-Luiz-2-180x300.jpg\" alt=\"Bairro S\u00e3o Luis\" width=\"180\" height=\"300\" \/><\/a><p id=\"caption-attachment-685\" class=\"wp-caption-text\">Bairro S\u00e3o Luis<\/p><\/div>\n<p style=\"text-align: justify;\">S\u00e3o muitos os relatos de moradores dos bairros S\u00e3o Luis e Mato Grande de que a \u00e1gua invadiu suas ruas na \u00faltima semana. Revoltos nas redes sociais, os moradores reclamam de mat\u00e9rias da grande imprensa do estado que poucos falaram da situa\u00e7\u00e3o na cidade e, quando falaram, foi para usar de \u201cexemplo contra os alagamentos\u201d. Ao menos 40 pessoas passaram pelo gin\u00e1sio da cidade em fun\u00e7\u00e3o das \u00e1guas que invadiram o munic\u00edpio, mesmo que a Prefeitura afirme que a situa\u00e7\u00e3o est\u00e1 controlada. Para ajudar aos desabrigados e desalojados, Canoas e Nova Santa Rita est\u00e3o com instala\u00e7\u00f5es espec\u00edficas para o recebimento de donativos.<\/p>\n<p style=\"text-align: justify;\"><strong>Doa\u00e7\u00f5es em Canoas<\/strong><br \/>\nNa rua Victor Barreto, esquina com a rua Angustura, pr\u00f3ximo \u00e0 Esta\u00e7\u00e3o Mathias Velho, a Prefeitura de Canoas instalou uma central de doa\u00e7\u00f5es para ajudar aqueles desabrigados pelas chuvas da \u00faltima semana e que precisam de roupas, len\u00e7\u00f3is, cobertores, material de limpeza, \u00e1gua e colch\u00f5es. A central funcionar\u00e1 24 horas.<br \/>\nAtrav\u00e9s das redes sociais, o vereador Jos\u00e9 Carlos Patricio pediu solidariedade. \u201cA hora agora \u00e9 de SOLIDARIEDADE com estes cidad\u00e3os, que agora mais do que nunca precisam da compaix\u00e3o do outro. Por este motivo, pe\u00e7o encarecidamente aos amigos que tiverem a possibilidade de doar, seja roupas, len\u00e7\u00f3is, cobertores, qualquer doa\u00e7\u00e3o neste momento \u00e9 bem-vinda!\u201d, afirma. Para esclarecer d\u00favidas, o telefone \u00e9 (051) 3476.2755<\/p>\n<p style=\"text-align: justify;\"><strong>Em Nova Santa Rita<\/strong><br \/>\nA Prefeitura de Nova Santa Rita pede doa\u00e7\u00f5es de roupas e alimentos n\u00e3o perec\u00edveis para serem encaminhadas para as fam\u00edlias atingidas pelas enchentes na cidade, que podem ser feitas ao Movimento Assistencial de Nova Santa Rita (Mansari). As arrecada\u00e7\u00f5es s\u00e3o permanentes, e, neste ano, a necessidade maior \u00e9 de roupas para crian\u00e7as e alimentos.<br \/>\n\u201cSobre as roupas, na hora da doa\u00e7\u00e3o devem-se ser observados alguns cuidados, como evitar roupas rasgadas, pu\u00eddas, ou com sujeiras de dif\u00edcil remo\u00e7\u00e3o pois, afinal, o donativo depois de higienizado, ser\u00e1 entregue para outra pessoa, para que continue sendo usado\u201d, orienta o \u00f3rg\u00e3o.<br \/>\nAs doa\u00e7\u00f5es podem ser realizadas no Mansari, na av. Santa Rita &#8211; 1195, bairro Centro, pr\u00f3ximo ao terminal de \u00f4nibus. O contato pode ser feito pelo telefone (051) 3479.1213, aos cuidados de Rejane. O hor\u00e1rio de atendimento para doa\u00e7\u00f5es \u00e9 das 8h15min \u00e0s 16h45min e o hor\u00e1rio para retirada \u00e9 das 13h15min \u00e0s 16h45min.<\/p>\n","protected":false},"excerpt":{"rendered":"<p>Desabrigados est\u00e3o alojados no gin\u00e1sio do bairro S\u00e3o Luis, um dos mais atingidos na \u00faltima semana<\/p>\n","protected":false},"author":1,"featured_media":0,"comment_status":"open","ping_status":"open","sticky":false,"template":"","format":"standard","meta":{"amp_status":"","footnotes":""},"categories":[25,19,22],"tags":[],"class_list":["post-684","post","type-post","status-publish","format-standard","hentry","category-comunidade","category-destaques","category-noticias"],"yoast_head":"<!-- This site is optimized with the Yoast SEO plugin v20.5 - https:\/\/yoast.com\/wordpress\/plugins\/seo\/ -->\n<title>Chuva parou, mas deixou estragos - O Timoneiro Jornal Canoas RS<\/title>\n<meta name=\"robots\" content=\"index, follow, max-snippet:-1, max-image-preview:large, max-video-preview:-1\" \/>\n<link rel=\"canonical\" href=\"https:\/\/jornaltimoneiro.com.br\/index.php\/2015\/07\/24\/chuva-parou-mas-deixou-estragos\/\" \/>\n<meta property=\"og:locale\" content=\"pt_BR\" \/>\n<meta property=\"og:type\" content=\"article\" \/>\n<meta property=\"og:title\" content=\"Chuva parou, mas deixou estragos - O Timoneiro Jornal Canoas RS\" \/>\n<meta property=\"og:description\" content=\"Desabrigados est\u00e3o alojados no gin\u00e1sio do bairro S\u00e3o Luis, um dos mais atingidos na \u00faltima semana\" \/>\n<meta property=\"og:url\" content=\"https:\/\/jornaltimoneiro.com.br\/index.php\/2015\/07\/24\/chuva-parou-mas-deixou-estragos\/\" \/>\n<meta property=\"og:site_name\" content=\"O Timoneiro Jornal Canoas RS\" \/>\n<meta property=\"article:publisher\" content=\"https:\/\/www.facebook.com\/jornaltimoneiro\" \/>\n<meta property=\"article:published_time\" content=\"2015-07-24T12:44:04+00:00\" \/>\n<meta name=\"author\" content=\"Reda\u00e7\u00e3o\" \/>\n<meta name=\"twitter:card\" content=\"summary_large_image\" \/>\n<meta name=\"twitter:creator\" content=\"@_OTimoneiro\" \/>\n<meta name=\"twitter:site\" content=\"@_OTimoneiro\" \/>\n<meta name=\"twitter:label1\" content=\"Escrito por\" \/>\n\t<meta name=\"twitter:data1\" content=\"Reda\u00e7\u00e3o\" \/>\n\t<meta name=\"twitter:label2\" content=\"Est. tempo de leitura\" \/>\n\t<meta name=\"twitter:data2\" content=\"2 minutos\" \/>\n<script type=\"application\/ld+json\" class=\"yoast-schema-graph\">{\"@context\":\"https:\/\/schema.org\",\"@graph\":[{\"@type\":\"Article\",\"@id\":\"https:\/\/jornaltimoneiro.com.br\/index.php\/2015\/07\/24\/chuva-parou-mas-deixou-estragos\/#article\",\"isPartOf\":{\"@id\":\"https:\/\/jornaltimoneiro.com.br\/index.php\/2015\/07\/24\/chuva-parou-mas-deixou-estragos\/\"},\"author\":{\"name\":\"Reda\u00e7\u00e3o\",\"@id\":\"https:\/\/jornaltimoneiro.com.br\/#\/schema\/person\/620efd1d8244466117482be494360b08\"},\"headline\":\"Chuva parou, mas deixou estragos\",\"datePublished\":\"2015-07-24T12:44:04+00:00\",\"dateModified\":\"2015-07-24T12:44:04+00:00\",\"mainEntityOfPage\":{\"@id\":\"https:\/\/jornaltimoneiro.com.br\/index.php\/2015\/07\/24\/chuva-parou-mas-deixou-estragos\/\"},\"wordCount\":420,\"commentCount\":0,\"publisher\":{\"@id\":\"https:\/\/jornaltimoneiro.com.br\/#organization\"},\"articleSection\":[\"Comunidade\",\"Destaques\",\"Not\u00edcias\"],\"inLanguage\":\"pt-BR\",\"potentialAction\":[{\"@type\":\"CommentAction\",\"name\":\"Comment\",\"target\":[\"https:\/\/jornaltimoneiro.com.br\/index.php\/2015\/07\/24\/chuva-parou-mas-deixou-estragos\/#respond\"]}]},{\"@type\":\"WebPage\",\"@id\":\"https:\/\/jornaltimoneiro.com.br\/index.php\/2015\/07\/24\/chuva-parou-mas-deixou-estragos\/\",\"url\":\"https:\/\/jornaltimoneiro.com.br\/index.php\/2015\/07\/24\/chuva-parou-mas-deixou-estragos\/\",\"name\":\"Chuva parou, mas deixou estragos - O Timoneiro Jornal Canoas RS\",\"isPartOf\":{\"@id\":\"https:\/\/jornaltimoneiro.com.br\/#website\"},\"datePublished\":\"2015-07-24T12:44:04+00:00\",\"dateModified\":\"2015-07-24T12:44:04+00:00\",\"breadcrumb\":{\"@id\":\"https:\/\/jornaltimoneiro.com.br\/index.php\/2015\/07\/24\/chuva-parou-mas-deixou-estragos\/#breadcrumb\"},\"inLanguage\":\"pt-BR\",\"potentialAction\":[{\"@type\":\"ReadAction\",\"target\":[\"https:\/\/jornaltimoneiro.com.br\/index.php\/2015\/07\/24\/chuva-parou-mas-deixou-estragos\/\"]}]},{\"@type\":\"BreadcrumbList\",\"@id\":\"https:\/\/jornaltimoneiro.com.br\/index.php\/2015\/07\/24\/chuva-parou-mas-deixou-estragos\/#breadcrumb\",\"itemListElement\":[{\"@type\":\"ListItem\",\"position\":1,\"name\":\"In\u00edcio\",\"item\":\"https:\/\/jornaltimoneiro.com.br\/\"},{\"@type\":\"ListItem\",\"position\":2,\"name\":\"Chuva parou, mas deixou estragos\"}]},{\"@type\":\"WebSite\",\"@id\":\"https:\/\/jornaltimoneiro.com.br\/#website\",\"url\":\"https:\/\/jornaltimoneiro.com.br\/\",\"name\":\"Jornal Timoneiro Canoas RS\",\"description\":\"Jornal O Timoneiro, o verdadeiro jornal de Canoas\",\"publisher\":{\"@id\":\"https:\/\/jornaltimoneiro.com.br\/#organization\"},\"potentialAction\":[{\"@type\":\"SearchAction\",\"target\":{\"@type\":\"EntryPoint\",\"urlTemplate\":\"https:\/\/jornaltimoneiro.com.br\/?s={search_term_string}\"},\"query-input\":\"required name=search_term_string\"}],\"inLanguage\":\"pt-BR\"},{\"@type\":\"Organization\",\"@id\":\"https:\/\/jornaltimoneiro.com.br\/#organization\",\"name\":\"Jornal Timoneiro Canoas RS\",\"url\":\"https:\/\/jornaltimoneiro.com.br\/\",\"logo\":{\"@type\":\"ImageObject\",\"inLanguage\":\"pt-BR\",\"@id\":\"https:\/\/jornaltimoneiro.com.br\/#\/schema\/logo\/image\/\",\"url\":\"https:\/\/jornaltimoneiro.com.br\/wp-content\/uploads\/2023\/03\/logonovo.png\",\"contentUrl\":\"https:\/\/jornaltimoneiro.com.br\/wp-content\/uploads\/2023\/03\/logonovo.png\",\"width\":\"469\",\"height\":\"171\",\"caption\":\"Jornal Timoneiro Canoas RS\"},\"image\":{\"@id\":\"https:\/\/jornaltimoneiro.com.br\/#\/schema\/logo\/image\/\"},\"sameAs\":[\"https:\/\/www.facebook.com\/jornaltimoneiro\",\"https:\/\/twitter.com\/_OTimoneiro\",\"https:\/\/www.instagram.com\/jornaltimoneirocanoas\/\",\"https:\/\/www.youtube.com\/@jornalotimoneiro7927\"]},{\"@type\":\"Person\",\"@id\":\"https:\/\/jornaltimoneiro.com.br\/#\/schema\/person\/620efd1d8244466117482be494360b08\",\"name\":\"Reda\u00e7\u00e3o\",\"image\":{\"@type\":\"ImageObject\",\"inLanguage\":\"pt-BR\",\"@id\":\"https:\/\/jornaltimoneiro.com.br\/#\/schema\/person\/image\/\",\"url\":\"https:\/\/secure.gravatar.com\/avatar\/2f04e1b304682a8d9db336c7acd77f08?s=96&d=mm&r=g\",\"contentUrl\":\"https:\/\/secure.gravatar.com\/avatar\/2f04e1b304682a8d9db336c7acd77f08?s=96&d=mm&r=g\",\"caption\":\"Reda\u00e7\u00e3o\"},\"url\":\"https:\/\/jornaltimoneiro.com.br\/index.php\/author\/timoneirocanoas\/\"}]}<\/script>\n<!-- \/ Yoast SEO plugin. -->","yoast_head_json":{"title":"Chuva parou, mas deixou estragos - O Timoneiro Jornal Canoas RS","robots":{"index":"index","follow":"follow","max-snippet":"max-snippet:-1","max-image-preview":"max-image-preview:large","max-video-preview":"max-video-preview:-1"},"canonical":"https:\/\/jornaltimoneiro.com.br\/index.php\/2015\/07\/24\/chuva-parou-mas-deixou-estragos\/","og_locale":"pt_BR","og_type":"article","og_title":"Chuva parou, mas deixou estragos - O Timoneiro Jornal Canoas RS","og_description":"Desabrigados est\u00e3o alojados no gin\u00e1sio do bairro S\u00e3o Luis, um dos mais atingidos na \u00faltima semana","og_url":"https:\/\/jornaltimoneiro.com.br\/index.php\/2015\/07\/24\/chuva-parou-mas-deixou-estragos\/","og_site_name":"O Timoneiro Jornal Canoas RS","article_publisher":"https:\/\/www.facebook.com\/jornaltimoneiro","article_published_time":"2015-07-24T12:44:04+00:00","author":"Reda\u00e7\u00e3o","twitter_card":"summary_large_image","twitter_creator":"@_OTimoneiro","twitter_site":"@_OTimoneiro","twitter_misc":{"Escrito por":"Reda\u00e7\u00e3o","Est. tempo de leitura":"2 minutos"},"schema":{"@context":"https:\/\/schema.org","@graph":[{"@type":"Article","@id":"https:\/\/jornaltimoneiro.com.br\/index.php\/2015\/07\/24\/chuva-parou-mas-deixou-estragos\/#article","isPartOf":{"@id":"https:\/\/jornaltimoneiro.com.br\/index.php\/2015\/07\/24\/chuva-parou-mas-deixou-estragos\/"},"author":{"name":"Reda\u00e7\u00e3o","@id":"https:\/\/jornaltimoneiro.com.br\/#\/schema\/person\/620efd1d8244466117482be494360b08"},"headline":"Chuva parou, mas deixou estragos","datePublished":"2015-07-24T12:44:04+00:00","dateModified":"2015-07-24T12:44:04+00:00","mainEntityOfPage":{"@id":"https:\/\/jornaltimoneiro.com.br\/index.php\/2015\/07\/24\/chuva-parou-mas-deixou-estragos\/"},"wordCount":420,"commentCount":0,"publisher":{"@id":"https:\/\/jornaltimoneiro.com.br\/#organization"},"articleSection":["Comunidade","Destaques","Not\u00edcias"],"inLanguage":"pt-BR","potentialAction":[{"@type":"CommentAction","name":"Comment","target":["https:\/\/jornaltimoneiro.com.br\/index.php\/2015\/07\/24\/chuva-parou-mas-deixou-estragos\/#respond"]}]},{"@type":"WebPage","@id":"https:\/\/jornaltimoneiro.com.br\/index.php\/2015\/07\/24\/chuva-parou-mas-deixou-estragos\/","url":"https:\/\/jornaltimoneiro.com.br\/index.php\/2015\/07\/24\/chuva-parou-mas-deixou-estragos\/","name":"Chuva parou, mas deixou estragos - O Timoneiro Jornal Canoas RS","isPartOf":{"@id":"https:\/\/jornaltimoneiro.com.br\/#website"},"datePublished":"2015-07-24T12:44:04+00:00","dateModified":"2015-07-24T12:44:04+00:00","breadcrumb":{"@id":"https:\/\/jornaltimoneiro.com.br\/index.php\/2015\/07\/24\/chuva-parou-mas-deixou-estragos\/#breadcrumb"},"inLanguage":"pt-BR","potentialAction":[{"@type":"ReadAction","target":["https:\/\/jornaltimoneiro.com.br\/index.php\/2015\/07\/24\/chuva-parou-mas-deixou-estragos\/"]}]},{"@type":"BreadcrumbList","@id":"https:\/\/jornaltimoneiro.com.br\/index.php\/2015\/07\/24\/chuva-parou-mas-deixou-estragos\/#breadcrumb","itemListElement":[{"@type":"ListItem","position":1,"name":"In\u00edcio","item":"https:\/\/jornaltimoneiro.com.br\/"},{"@type":"ListItem","position":2,"name":"Chuva parou, mas deixou estragos"}]},{"@type":"WebSite","@id":"https:\/\/jornaltimoneiro.com.br\/#website","url":"https:\/\/jornaltimoneiro.com.br\/","name":"Jornal Timoneiro Canoas RS","description":"Jornal O Timoneiro, o verdadeiro jornal de Canoas","publisher":{"@id":"https:\/\/jornaltimoneiro.com.br\/#organization"},"potentialAction":[{"@type":"SearchAction","target":{"@type":"EntryPoint","urlTemplate":"https:\/\/jornaltimoneiro.com.br\/?s={search_term_string}"},"query-input":"required name=search_term_string"}],"inLanguage":"pt-BR"},{"@type":"Organization","@id":"https:\/\/jornaltimoneiro.com.br\/#organization","name":"Jornal Timoneiro Canoas RS","url":"https:\/\/jornaltimoneiro.com.br\/","logo":{"@type":"ImageObject","inLanguage":"pt-BR","@id":"https:\/\/jornaltimoneiro.com.br\/#\/schema\/logo\/image\/","url":"https:\/\/jornaltimoneiro.com.br\/wp-content\/uploads\/2023\/03\/logonovo.png","contentUrl":"https:\/\/jornaltimoneiro.com.br\/wp-content\/uploads\/2023\/03\/logonovo.png","width":"469","height":"171","caption":"Jornal Timoneiro Canoas RS"},"image":{"@id":"https:\/\/jornaltimoneiro.com.br\/#\/schema\/logo\/image\/"},"sameAs":["https:\/\/www.facebook.com\/jornaltimoneiro","https:\/\/twitter.com\/_OTimoneiro","https:\/\/www.instagram.com\/jornaltimoneirocanoas\/","https:\/\/www.youtube.com\/@jornalotimoneiro7927"]},{"@type":"Person","@id":"https:\/\/jornaltimoneiro.com.br\/#\/schema\/person\/620efd1d8244466117482be494360b08","name":"Reda\u00e7\u00e3o","image":{"@type":"ImageObject","inLanguage":"pt-BR","@id":"https:\/\/jornaltimoneiro.com.br\/#\/schema\/person\/image\/","url":"https:\/\/secure.gravatar.com\/avatar\/2f04e1b304682a8d9db336c7acd77f08?s=96&d=mm&r=g","contentUrl":"https:\/\/secure.gravatar.com\/avatar\/2f04e1b304682a8d9db336c7acd77f08?s=96&d=mm&r=g","caption":"Reda\u00e7\u00e3o"},"url":"https:\/\/jornaltimoneiro.com.br\/index.php\/author\/timoneirocanoas\/"}]}},"_links":{"self":[{"href":"https:\/\/jornaltimoneiro.com.br\/index.php\/wp-json\/wp\/v2\/posts\/684"}],"collection":[{"href":"https:\/\/jornaltimoneiro.com.br\/index.php\/wp-json\/wp\/v2\/posts"}],"about":[{"href":"https:\/\/jornaltimoneiro.com.br\/index.php\/wp-json\/wp\/v2\/types\/post"}],"author":[{"embeddable":true,"href":"https:\/\/jornaltimoneiro.com.br\/index.php\/wp-json\/wp\/v2\/users\/1"}],"replies":[{"embeddable":true,"href":"https:\/\/jornaltimoneiro.com.br\/index.php\/wp-json\/wp\/v2\/comments?post=684"}],"version-history":[{"count":0,"href":"https:\/\/jornaltimoneiro.com.br\/index.php\/wp-json\/wp\/v2\/posts\/684\/revisions"}],"wp:attachment":[{"href":"https:\/\/jornaltimoneiro.com.br\/index.php\/wp-json\/wp\/v2\/media?parent=684"}],"wp:term":[{"taxonomy":"category","embeddable":true,"href":"https:\/\/jornaltimoneiro.com.br\/index.php\/wp-json\/wp\/v2\/categories?post=684"},{"taxonomy":"post_tag","embeddable":true,"href":"https:\/\/jornaltimoneiro.com.br\/index.php\/wp-json\/wp\/v2\/tags?post=684"}],"curies":[{"name":"wp","href":"https:\/\/api.w.org\/{rel}","templated":true}]}}