{"id":680,"date":"2015-07-24T09:36:09","date_gmt":"2015-07-24T12:36:09","guid":{"rendered":"http:\/\/otimoneiro.com.br\/?p=680"},"modified":"2015-07-24T09:36:09","modified_gmt":"2015-07-24T12:36:09","slug":"grande-expediente-sobre-bem-estar-animal","status":"publish","type":"post","link":"https:\/\/jornaltimoneiro.com.br\/index.php\/2015\/07\/24\/grande-expediente-sobre-bem-estar-animal\/","title":{"rendered":"Grande expediente  sobre Bem-Estar Animal"},"content":{"rendered":"<p style=\"text-align: justify;\">Proposto pelo vereador Airton Souza (PP), o grande expediente realizado na quinta-feira, 16, foi sobre o trabalho da Coordenadoria do Bem-Estar Animal. As atividades realizadas foram apresentadas por Alexandre Szekir, gerente do programa. Inaugurado em junho de 2015, o Centro \u00e9 um espa\u00e7o p\u00fablico de assist\u00eancia aos animais de rua da cidade, administrado pelo munic\u00edpio, por meio da Coordenadoria do Bem-Estar Animal. A unidade deve prestar atendimento m\u00e9dico veterin\u00e1rio a c\u00e3es, gatos e cavalos, al\u00e9m de castra\u00e7\u00e3o para animais de fam\u00edlias de baixa renda. Com \u00eanfase nos servi\u00e7os ofertados pelo Centro de Bem-Estar Animal (CBEA), o Alexandre ressaltou que a inaugura\u00e7\u00e3o do CBEA \u00e9 o resultado do esfor\u00e7o conjunto de diversas pessoas na tentativa de minimizar e extinguir o sofrimento de animais em situa\u00e7\u00e3o de rua. Segundo ele, existem atualmente 130 animais na Coordenadoria, 30 deles em tratamento cont\u00ednuo e 90 j\u00e1 aptos para a ado\u00e7\u00e3o. Os mais antigos s\u00e3o cuidados h\u00e1 seis anos. &#8220;Todos os animais atendidos t\u00eam nome e uma hist\u00f3ria. Torcemos para que suas hist\u00f3rias sejam reescritas com a ado\u00e7\u00e3o respons\u00e1vel\u201d, salientou. Szekir comentou ainda os avan\u00e7os obtidos a partir da lei estadual 13.193\/2009, que proibiu o exterm\u00ednio de animais nas cidades ga\u00fachas.<\/p>\n","protected":false},"excerpt":{"rendered":"<p>Proposto pelo vereador Airton Souza (PP), o grande expediente realizado na quinta-feira, 16, foi sobre o trabalho da Coordenadoria do Bem-Estar Animal. As atividades realizadas foram apresentadas por Alexandre Szekir, gerente do programa. Inaugurado em junho de 2015, o Centro \u00e9 um espa\u00e7o p\u00fablico de assist\u00eancia aos animais de rua da cidade, administrado pelo munic\u00edpio, [&hellip;]<\/p>\n","protected":false},"author":1,"featured_media":0,"comment_status":"open","ping_status":"open","sticky":false,"template":"","format":"standard","meta":{"amp_status":"","footnotes":""},"categories":[19,22,20],"tags":[],"class_list":["post-680","post","type-post","status-publish","format-standard","hentry","category-destaques","category-noticias","category-politica-noticias"],"yoast_head":"<!-- This site is optimized with the Yoast SEO plugin v20.5 - https:\/\/yoast.com\/wordpress\/plugins\/seo\/ -->\n<title>Grande expediente sobre Bem-Estar Animal - O Timoneiro Jornal Canoas RS<\/title>\n<meta name=\"robots\" content=\"index, follow, max-snippet:-1, max-image-preview:large, max-video-preview:-1\" \/>\n<link rel=\"canonical\" href=\"https:\/\/jornaltimoneiro.com.br\/index.php\/2015\/07\/24\/grande-expediente-sobre-bem-estar-animal\/\" \/>\n<meta property=\"og:locale\" content=\"pt_BR\" \/>\n<meta property=\"og:type\" content=\"article\" \/>\n<meta property=\"og:title\" content=\"Grande expediente sobre Bem-Estar Animal - O Timoneiro Jornal Canoas RS\" \/>\n<meta property=\"og:description\" content=\"Proposto pelo vereador Airton Souza (PP), o grande expediente realizado na quinta-feira, 16, foi sobre o trabalho da Coordenadoria do Bem-Estar Animal. As atividades realizadas foram apresentadas por Alexandre Szekir, gerente do programa. Inaugurado em junho de 2015, o Centro \u00e9 um espa\u00e7o p\u00fablico de assist\u00eancia aos animais de rua da cidade, administrado pelo munic\u00edpio, [&hellip;]\" \/>\n<meta property=\"og:url\" content=\"https:\/\/jornaltimoneiro.com.br\/index.php\/2015\/07\/24\/grande-expediente-sobre-bem-estar-animal\/\" \/>\n<meta property=\"og:site_name\" content=\"O Timoneiro Jornal Canoas RS\" \/>\n<meta property=\"article:publisher\" content=\"https:\/\/www.facebook.com\/jornaltimoneiro\" \/>\n<meta property=\"article:published_time\" content=\"2015-07-24T12:36:09+00:00\" \/>\n<meta name=\"author\" content=\"Reda\u00e7\u00e3o\" \/>\n<meta name=\"twitter:card\" content=\"summary_large_image\" \/>\n<meta name=\"twitter:creator\" content=\"@_OTimoneiro\" \/>\n<meta name=\"twitter:site\" content=\"@_OTimoneiro\" \/>\n<meta name=\"twitter:label1\" content=\"Escrito por\" \/>\n\t<meta name=\"twitter:data1\" content=\"Reda\u00e7\u00e3o\" \/>\n\t<meta name=\"twitter:label2\" content=\"Est. tempo de leitura\" \/>\n\t<meta name=\"twitter:data2\" content=\"1 minuto\" \/>\n<script type=\"application\/ld+json\" class=\"yoast-schema-graph\">{\"@context\":\"https:\/\/schema.org\",\"@graph\":[{\"@type\":\"Article\",\"@id\":\"https:\/\/jornaltimoneiro.com.br\/index.php\/2015\/07\/24\/grande-expediente-sobre-bem-estar-animal\/#article\",\"isPartOf\":{\"@id\":\"https:\/\/jornaltimoneiro.com.br\/index.php\/2015\/07\/24\/grande-expediente-sobre-bem-estar-animal\/\"},\"author\":{\"name\":\"Reda\u00e7\u00e3o\",\"@id\":\"https:\/\/jornaltimoneiro.com.br\/#\/schema\/person\/620efd1d8244466117482be494360b08\"},\"headline\":\"Grande expediente sobre Bem-Estar Animal\",\"datePublished\":\"2015-07-24T12:36:09+00:00\",\"dateModified\":\"2015-07-24T12:36:09+00:00\",\"mainEntityOfPage\":{\"@id\":\"https:\/\/jornaltimoneiro.com.br\/index.php\/2015\/07\/24\/grande-expediente-sobre-bem-estar-animal\/\"},\"wordCount\":218,\"commentCount\":0,\"publisher\":{\"@id\":\"https:\/\/jornaltimoneiro.com.br\/#organization\"},\"articleSection\":[\"Destaques\",\"Not\u00edcias\",\"Pol\u00edtica\"],\"inLanguage\":\"pt-BR\",\"potentialAction\":[{\"@type\":\"CommentAction\",\"name\":\"Comment\",\"target\":[\"https:\/\/jornaltimoneiro.com.br\/index.php\/2015\/07\/24\/grande-expediente-sobre-bem-estar-animal\/#respond\"]}]},{\"@type\":\"WebPage\",\"@id\":\"https:\/\/jornaltimoneiro.com.br\/index.php\/2015\/07\/24\/grande-expediente-sobre-bem-estar-animal\/\",\"url\":\"https:\/\/jornaltimoneiro.com.br\/index.php\/2015\/07\/24\/grande-expediente-sobre-bem-estar-animal\/\",\"name\":\"Grande expediente sobre Bem-Estar Animal - O Timoneiro Jornal Canoas RS\",\"isPartOf\":{\"@id\":\"https:\/\/jornaltimoneiro.com.br\/#website\"},\"datePublished\":\"2015-07-24T12:36:09+00:00\",\"dateModified\":\"2015-07-24T12:36:09+00:00\",\"breadcrumb\":{\"@id\":\"https:\/\/jornaltimoneiro.com.br\/index.php\/2015\/07\/24\/grande-expediente-sobre-bem-estar-animal\/#breadcrumb\"},\"inLanguage\":\"pt-BR\",\"potentialAction\":[{\"@type\":\"ReadAction\",\"target\":[\"https:\/\/jornaltimoneiro.com.br\/index.php\/2015\/07\/24\/grande-expediente-sobre-bem-estar-animal\/\"]}]},{\"@type\":\"BreadcrumbList\",\"@id\":\"https:\/\/jornaltimoneiro.com.br\/index.php\/2015\/07\/24\/grande-expediente-sobre-bem-estar-animal\/#breadcrumb\",\"itemListElement\":[{\"@type\":\"ListItem\",\"position\":1,\"name\":\"In\u00edcio\",\"item\":\"https:\/\/jornaltimoneiro.com.br\/\"},{\"@type\":\"ListItem\",\"position\":2,\"name\":\"Grande expediente sobre Bem-Estar Animal\"}]},{\"@type\":\"WebSite\",\"@id\":\"https:\/\/jornaltimoneiro.com.br\/#website\",\"url\":\"https:\/\/jornaltimoneiro.com.br\/\",\"name\":\"Jornal Timoneiro Canoas RS\",\"description\":\"Jornal O Timoneiro, o verdadeiro jornal de Canoas\",\"publisher\":{\"@id\":\"https:\/\/jornaltimoneiro.com.br\/#organization\"},\"potentialAction\":[{\"@type\":\"SearchAction\",\"target\":{\"@type\":\"EntryPoint\",\"urlTemplate\":\"https:\/\/jornaltimoneiro.com.br\/?s={search_term_string}\"},\"query-input\":\"required name=search_term_string\"}],\"inLanguage\":\"pt-BR\"},{\"@type\":\"Organization\",\"@id\":\"https:\/\/jornaltimoneiro.com.br\/#organization\",\"name\":\"Jornal Timoneiro Canoas RS\",\"url\":\"https:\/\/jornaltimoneiro.com.br\/\",\"logo\":{\"@type\":\"ImageObject\",\"inLanguage\":\"pt-BR\",\"@id\":\"https:\/\/jornaltimoneiro.com.br\/#\/schema\/logo\/image\/\",\"url\":\"https:\/\/jornaltimoneiro.com.br\/wp-content\/uploads\/2023\/03\/logonovo.png\",\"contentUrl\":\"https:\/\/jornaltimoneiro.com.br\/wp-content\/uploads\/2023\/03\/logonovo.png\",\"width\":\"469\",\"height\":\"171\",\"caption\":\"Jornal Timoneiro Canoas RS\"},\"image\":{\"@id\":\"https:\/\/jornaltimoneiro.com.br\/#\/schema\/logo\/image\/\"},\"sameAs\":[\"https:\/\/www.facebook.com\/jornaltimoneiro\",\"https:\/\/twitter.com\/_OTimoneiro\",\"https:\/\/www.instagram.com\/jornaltimoneirocanoas\/\",\"https:\/\/www.youtube.com\/@jornalotimoneiro7927\"]},{\"@type\":\"Person\",\"@id\":\"https:\/\/jornaltimoneiro.com.br\/#\/schema\/person\/620efd1d8244466117482be494360b08\",\"name\":\"Reda\u00e7\u00e3o\",\"image\":{\"@type\":\"ImageObject\",\"inLanguage\":\"pt-BR\",\"@id\":\"https:\/\/jornaltimoneiro.com.br\/#\/schema\/person\/image\/\",\"url\":\"https:\/\/secure.gravatar.com\/avatar\/2f04e1b304682a8d9db336c7acd77f08?s=96&d=mm&r=g\",\"contentUrl\":\"https:\/\/secure.gravatar.com\/avatar\/2f04e1b304682a8d9db336c7acd77f08?s=96&d=mm&r=g\",\"caption\":\"Reda\u00e7\u00e3o\"},\"url\":\"https:\/\/jornaltimoneiro.com.br\/index.php\/author\/timoneirocanoas\/\"}]}<\/script>\n<!-- \/ Yoast SEO plugin. -->","yoast_head_json":{"title":"Grande expediente sobre Bem-Estar Animal - O Timoneiro Jornal Canoas RS","robots":{"index":"index","follow":"follow","max-snippet":"max-snippet:-1","max-image-preview":"max-image-preview:large","max-video-preview":"max-video-preview:-1"},"canonical":"https:\/\/jornaltimoneiro.com.br\/index.php\/2015\/07\/24\/grande-expediente-sobre-bem-estar-animal\/","og_locale":"pt_BR","og_type":"article","og_title":"Grande expediente sobre Bem-Estar Animal - O Timoneiro Jornal Canoas RS","og_description":"Proposto pelo vereador Airton Souza (PP), o grande expediente realizado na quinta-feira, 16, foi sobre o trabalho da Coordenadoria do Bem-Estar Animal. As atividades realizadas foram apresentadas por Alexandre Szekir, gerente do programa. Inaugurado em junho de 2015, o Centro \u00e9 um espa\u00e7o p\u00fablico de assist\u00eancia aos animais de rua da cidade, administrado pelo munic\u00edpio, [&hellip;]","og_url":"https:\/\/jornaltimoneiro.com.br\/index.php\/2015\/07\/24\/grande-expediente-sobre-bem-estar-animal\/","og_site_name":"O Timoneiro Jornal Canoas RS","article_publisher":"https:\/\/www.facebook.com\/jornaltimoneiro","article_published_time":"2015-07-24T12:36:09+00:00","author":"Reda\u00e7\u00e3o","twitter_card":"summary_large_image","twitter_creator":"@_OTimoneiro","twitter_site":"@_OTimoneiro","twitter_misc":{"Escrito por":"Reda\u00e7\u00e3o","Est. tempo de leitura":"1 minuto"},"schema":{"@context":"https:\/\/schema.org","@graph":[{"@type":"Article","@id":"https:\/\/jornaltimoneiro.com.br\/index.php\/2015\/07\/24\/grande-expediente-sobre-bem-estar-animal\/#article","isPartOf":{"@id":"https:\/\/jornaltimoneiro.com.br\/index.php\/2015\/07\/24\/grande-expediente-sobre-bem-estar-animal\/"},"author":{"name":"Reda\u00e7\u00e3o","@id":"https:\/\/jornaltimoneiro.com.br\/#\/schema\/person\/620efd1d8244466117482be494360b08"},"headline":"Grande expediente sobre Bem-Estar Animal","datePublished":"2015-07-24T12:36:09+00:00","dateModified":"2015-07-24T12:36:09+00:00","mainEntityOfPage":{"@id":"https:\/\/jornaltimoneiro.com.br\/index.php\/2015\/07\/24\/grande-expediente-sobre-bem-estar-animal\/"},"wordCount":218,"commentCount":0,"publisher":{"@id":"https:\/\/jornaltimoneiro.com.br\/#organization"},"articleSection":["Destaques","Not\u00edcias","Pol\u00edtica"],"inLanguage":"pt-BR","potentialAction":[{"@type":"CommentAction","name":"Comment","target":["https:\/\/jornaltimoneiro.com.br\/index.php\/2015\/07\/24\/grande-expediente-sobre-bem-estar-animal\/#respond"]}]},{"@type":"WebPage","@id":"https:\/\/jornaltimoneiro.com.br\/index.php\/2015\/07\/24\/grande-expediente-sobre-bem-estar-animal\/","url":"https:\/\/jornaltimoneiro.com.br\/index.php\/2015\/07\/24\/grande-expediente-sobre-bem-estar-animal\/","name":"Grande expediente sobre Bem-Estar Animal - O Timoneiro Jornal Canoas RS","isPartOf":{"@id":"https:\/\/jornaltimoneiro.com.br\/#website"},"datePublished":"2015-07-24T12:36:09+00:00","dateModified":"2015-07-24T12:36:09+00:00","breadcrumb":{"@id":"https:\/\/jornaltimoneiro.com.br\/index.php\/2015\/07\/24\/grande-expediente-sobre-bem-estar-animal\/#breadcrumb"},"inLanguage":"pt-BR","potentialAction":[{"@type":"ReadAction","target":["https:\/\/jornaltimoneiro.com.br\/index.php\/2015\/07\/24\/grande-expediente-sobre-bem-estar-animal\/"]}]},{"@type":"BreadcrumbList","@id":"https:\/\/jornaltimoneiro.com.br\/index.php\/2015\/07\/24\/grande-expediente-sobre-bem-estar-animal\/#breadcrumb","itemListElement":[{"@type":"ListItem","position":1,"name":"In\u00edcio","item":"https:\/\/jornaltimoneiro.com.br\/"},{"@type":"ListItem","position":2,"name":"Grande expediente sobre Bem-Estar Animal"}]},{"@type":"WebSite","@id":"https:\/\/jornaltimoneiro.com.br\/#website","url":"https:\/\/jornaltimoneiro.com.br\/","name":"Jornal Timoneiro Canoas RS","description":"Jornal O Timoneiro, o verdadeiro jornal de Canoas","publisher":{"@id":"https:\/\/jornaltimoneiro.com.br\/#organization"},"potentialAction":[{"@type":"SearchAction","target":{"@type":"EntryPoint","urlTemplate":"https:\/\/jornaltimoneiro.com.br\/?s={search_term_string}"},"query-input":"required name=search_term_string"}],"inLanguage":"pt-BR"},{"@type":"Organization","@id":"https:\/\/jornaltimoneiro.com.br\/#organization","name":"Jornal Timoneiro Canoas RS","url":"https:\/\/jornaltimoneiro.com.br\/","logo":{"@type":"ImageObject","inLanguage":"pt-BR","@id":"https:\/\/jornaltimoneiro.com.br\/#\/schema\/logo\/image\/","url":"https:\/\/jornaltimoneiro.com.br\/wp-content\/uploads\/2023\/03\/logonovo.png","contentUrl":"https:\/\/jornaltimoneiro.com.br\/wp-content\/uploads\/2023\/03\/logonovo.png","width":"469","height":"171","caption":"Jornal Timoneiro Canoas RS"},"image":{"@id":"https:\/\/jornaltimoneiro.com.br\/#\/schema\/logo\/image\/"},"sameAs":["https:\/\/www.facebook.com\/jornaltimoneiro","https:\/\/twitter.com\/_OTimoneiro","https:\/\/www.instagram.com\/jornaltimoneirocanoas\/","https:\/\/www.youtube.com\/@jornalotimoneiro7927"]},{"@type":"Person","@id":"https:\/\/jornaltimoneiro.com.br\/#\/schema\/person\/620efd1d8244466117482be494360b08","name":"Reda\u00e7\u00e3o","image":{"@type":"ImageObject","inLanguage":"pt-BR","@id":"https:\/\/jornaltimoneiro.com.br\/#\/schema\/person\/image\/","url":"https:\/\/secure.gravatar.com\/avatar\/2f04e1b304682a8d9db336c7acd77f08?s=96&d=mm&r=g","contentUrl":"https:\/\/secure.gravatar.com\/avatar\/2f04e1b304682a8d9db336c7acd77f08?s=96&d=mm&r=g","caption":"Reda\u00e7\u00e3o"},"url":"https:\/\/jornaltimoneiro.com.br\/index.php\/author\/timoneirocanoas\/"}]}},"_links":{"self":[{"href":"https:\/\/jornaltimoneiro.com.br\/index.php\/wp-json\/wp\/v2\/posts\/680"}],"collection":[{"href":"https:\/\/jornaltimoneiro.com.br\/index.php\/wp-json\/wp\/v2\/posts"}],"about":[{"href":"https:\/\/jornaltimoneiro.com.br\/index.php\/wp-json\/wp\/v2\/types\/post"}],"author":[{"embeddable":true,"href":"https:\/\/jornaltimoneiro.com.br\/index.php\/wp-json\/wp\/v2\/users\/1"}],"replies":[{"embeddable":true,"href":"https:\/\/jornaltimoneiro.com.br\/index.php\/wp-json\/wp\/v2\/comments?post=680"}],"version-history":[{"count":0,"href":"https:\/\/jornaltimoneiro.com.br\/index.php\/wp-json\/wp\/v2\/posts\/680\/revisions"}],"wp:attachment":[{"href":"https:\/\/jornaltimoneiro.com.br\/index.php\/wp-json\/wp\/v2\/media?parent=680"}],"wp:term":[{"taxonomy":"category","embeddable":true,"href":"https:\/\/jornaltimoneiro.com.br\/index.php\/wp-json\/wp\/v2\/categories?post=680"},{"taxonomy":"post_tag","embeddable":true,"href":"https:\/\/jornaltimoneiro.com.br\/index.php\/wp-json\/wp\/v2\/tags?post=680"}],"curies":[{"name":"wp","href":"https:\/\/api.w.org\/{rel}","templated":true}]}}