{"id":629,"date":"2015-07-17T09:50:42","date_gmt":"2015-07-17T12:50:42","guid":{"rendered":"http:\/\/otimoneiro.com.br\/?p=629"},"modified":"2015-07-17T09:50:42","modified_gmt":"2015-07-17T12:50:42","slug":"canoense-assume-como-governador-do-distrito-4670-do-rotary-international","status":"publish","type":"post","link":"https:\/\/jornaltimoneiro.com.br\/index.php\/2015\/07\/17\/canoense-assume-como-governador-do-distrito-4670-do-rotary-international\/","title":{"rendered":"Canoense assume como governador do Distrito 4670 do Rotary International"},"content":{"rendered":"<p style=\"text-align: justify;\"><a href=\"http:\/\/otimoneiro.com.br\/wp-content\/uploads\/2015\/07\/10501814_411842699022556_2258555567716636114_n.jpg\"><img decoding=\"async\" class=\"aligncenter wp-image-653 \" src=\"http:\/\/otimoneiro.com.br\/wp-content\/uploads\/2015\/07\/10501814_411842699022556_2258555567716636114_n.jpg\" alt=\"10501814_411842699022556_2258555567716636114_n\" width=\"584\" height=\"389\" \/><\/a><\/p>\n<p style=\"text-align: justify;\">No dia 5 de julho, em reuni\u00e3o de Rotary International, realizada no CSSGAPA, o canoense Cl\u00e1udio Faccin assumiu como Governador do Distrito 4670, que tem sob sua jurisdi\u00e7\u00e3o 57 clubes de Rotary, distribu\u00eddo em 35 munic\u00edpios das regi\u00f5es da Serra, Litoral, Vale dos Sinos, Vale do Gravata\u00ed, Vale do S\u00e3o Sebasti\u00e3o do Ca\u00ed e parte da Regi\u00e3o Metropolitana. O evento contou com diversas autoridades de Rotary International, civis e militares, inclusive com representa\u00e7\u00f5es do Rio de Janeiro, Bras\u00edlia e S\u00e3o Paulo.<\/p>\n<p style=\"text-align: justify;\">Faccin \u00e9 natural de Canoas, associado do Rotary Club de Canoas Industrial, serviu na For\u00e7a A\u00e9rea Brasileira por mais de 30 anos, aonde chegou ao Posto de Coronel Aviador, tendo exercido os Comandos de Esquadrilha, Esquadr\u00e3o de Busca e Salvamento. No V Comar, tamb\u00e9m foi Chefe de Gabinete e Chefe do Estado Maior e em Bras\u00edlia foi Comandante Geral de Pessoal, dentre outros cargos que exerceu na sua carreira militar. Ingressou no Rotary Club de Canoas Industrial em 2006 e exerceu os cargos de L\u00edder de Comiss\u00f5es da Funda\u00e7\u00e3o Rot\u00e1ria, Novas Gera\u00e7\u00f5es e Administra\u00e7\u00e3o, sendo Presidente do Clube em 2011\/12, per\u00edodo comemorativo aos 30 anos de funda\u00e7\u00e3o do Clube e tamb\u00e9m foi Governador Assistente em 2013\/14, assessorando os Clubes de Rotary de Ivoti, Igrejinha, Gramado e Canela.<\/p>\n<p style=\"text-align: justify;\">Neste ano rot\u00e1rio, que iniciou em 1\u00ba de julho e encerra em 30 de junho de 2016, o lema de Rotary International faz alus\u00e3o a presta\u00e7\u00e3o de servi\u00e7os a comunidades mais carentes que atende, chamando aos rotarianos de todos mundo a serem \u201cUm Presente para o Mundo\u201d, levando o Rotary para mais pr\u00f3ximo dos seus objetivos, que s\u00e3o atividades voltadas para preserva\u00e7\u00e3o dos recursos h\u00eddricos, continuidade da Campanha Mundial de Erradica\u00e7\u00e3o da Paralisia Infantil (Poliomelite), atrav\u00e9s da distribui\u00e7\u00e3o de vacinas aos pa\u00edses aonde a doen\u00e7a ainda \u00e9 end\u00eamica, programas para atendimento as crian\u00e7as.<\/p>\n<div id=\"attachment_654\" style=\"width: 310px\" class=\"wp-caption alignright\"><a href=\"http:\/\/otimoneiro.com.br\/wp-content\/uploads\/2015\/07\/11168131_411842529022573_1109940660142004615_n.jpg\"><img decoding=\"async\" aria-describedby=\"caption-attachment-654\" class=\"size-medium wp-image-654\" src=\"http:\/\/otimoneiro.com.br\/wp-content\/uploads\/2015\/07\/11168131_411842529022573_1109940660142004615_n-300x200.jpg\" alt=\"Cl\u00e1udio Faccin e Maria de Lurdes Andrade\" width=\"300\" height=\"200\" \/><\/a><p id=\"caption-attachment-654\" class=\"wp-caption-text\">Cl\u00e1udio Faccin e Maria de Lurdes Andrade<\/p><\/div>\n<p style=\"text-align: justify;\">Segundo Cl\u00e1udio Faccin, o Rotary International presta muitos servi\u00e7os \u00e0s comunidades mais necessitadas realizam diversas campanhas que beneficiam muitas pessoas e no passado preferia n\u00e3o dar publicidade de suas a\u00e7\u00f5es. Atualmente, o Rotary International passou a valorizar os seus volunt\u00e1rios e iniciou um processo de aproxima\u00e7\u00e3o com as empresas jornal\u00edsticas para dar cr\u00e9dito aos seus feitos, que existem h\u00e1 110 anos desde a sua funda\u00e7\u00e3o pelo rotariano Paul Harris em Chicago\/EUA.<\/p>\n<p style=\"text-align: justify;\">Para o rotariano Miguel Dias, secret\u00e1rio executivo do Distrito 4670, em Canoas os quatro clubes fazem um trabalho bem reconhecido pela comunidade, tais como reforma do pr\u00e9dio da Escola S\u00e3o Matheus pelo Rotary Canoas Empreendedor, a manuten\u00e7\u00e3o do Consult\u00f3rio Odontol\u00f3gico no bairro Mathias Velho com atendimento gratuito pelo Rotary Canoas Integra\u00e7\u00e3o, a Campanha de Doa\u00e7\u00e3o de Sangue no Posto do Hemocentro do Hospital Universit\u00e1rio Ulbra pelo Rotary Canoas e a recente inaugura\u00e7\u00e3o do Centro de Aprendizado Digital na Escola Comunit\u00e1ria Santa Cruz em parceria com Rotary de Taipei-Taiwan, tudo somente neste ano de 2015. Nesta sexta-feira ocorre a solenidade de posse dos novos Presidentes do Clubes de Rotary de Canoas. Assumem os Rotarianos Jo\u00e3o Paulo Jergensen, Tom\u00e1s Fonseca Dal Pozzo, Ana Cristina Peter Gita\u00ed e S\u00e9rgio Malmann, nos Rotary Club Canoas, Rotary Club Canoas Empreendedor, Rotary Club de Canoas Industrial e Rotary Club Canoas Integra\u00e7\u00e3o, respectivamente.<\/p>\n","protected":false},"excerpt":{"rendered":"<p>Coronel Cl\u00e1udio Faccin comandar\u00e1 jurisdi\u00e7\u00e3o que re\u00fane 57 clubes de Rotary distribu\u00eddos em 35 munic\u00edpios<\/p>\n","protected":false},"author":1,"featured_media":653,"comment_status":"open","ping_status":"open","sticky":false,"template":"","format":"standard","meta":{"amp_status":"","footnotes":""},"categories":[25,19,22],"tags":[],"class_list":["post-629","post","type-post","status-publish","format-standard","has-post-thumbnail","hentry","category-comunidade","category-destaques","category-noticias"],"yoast_head":"<!-- This site is optimized with the Yoast SEO plugin v20.5 - https:\/\/yoast.com\/wordpress\/plugins\/seo\/ -->\n<title>Canoense assume como governador do Distrito 4670 do Rotary International - O Timoneiro Jornal Canoas RS<\/title>\n<meta name=\"robots\" content=\"index, follow, max-snippet:-1, max-image-preview:large, max-video-preview:-1\" \/>\n<link rel=\"canonical\" href=\"https:\/\/jornaltimoneiro.com.br\/index.php\/2015\/07\/17\/canoense-assume-como-governador-do-distrito-4670-do-rotary-international\/\" \/>\n<meta property=\"og:locale\" content=\"pt_BR\" \/>\n<meta property=\"og:type\" content=\"article\" \/>\n<meta property=\"og:title\" content=\"Canoense assume como governador do Distrito 4670 do Rotary International - O Timoneiro Jornal Canoas RS\" \/>\n<meta property=\"og:description\" content=\"Coronel Cl\u00e1udio Faccin comandar\u00e1 jurisdi\u00e7\u00e3o que re\u00fane 57 clubes de Rotary distribu\u00eddos em 35 munic\u00edpios\" \/>\n<meta property=\"og:url\" content=\"https:\/\/jornaltimoneiro.com.br\/index.php\/2015\/07\/17\/canoense-assume-como-governador-do-distrito-4670-do-rotary-international\/\" \/>\n<meta property=\"og:site_name\" content=\"O Timoneiro Jornal Canoas RS\" \/>\n<meta property=\"article:publisher\" content=\"https:\/\/www.facebook.com\/jornaltimoneiro\" \/>\n<meta property=\"article:published_time\" content=\"2015-07-17T12:50:42+00:00\" \/>\n<meta name=\"author\" content=\"Reda\u00e7\u00e3o\" \/>\n<meta name=\"twitter:card\" content=\"summary_large_image\" \/>\n<meta name=\"twitter:creator\" content=\"@_OTimoneiro\" \/>\n<meta name=\"twitter:site\" content=\"@_OTimoneiro\" \/>\n<meta name=\"twitter:label1\" content=\"Escrito por\" \/>\n\t<meta name=\"twitter:data1\" content=\"Reda\u00e7\u00e3o\" \/>\n\t<meta name=\"twitter:label2\" content=\"Est. tempo de leitura\" \/>\n\t<meta name=\"twitter:data2\" content=\"3 minutos\" \/>\n<script type=\"application\/ld+json\" class=\"yoast-schema-graph\">{\"@context\":\"https:\/\/schema.org\",\"@graph\":[{\"@type\":\"Article\",\"@id\":\"https:\/\/jornaltimoneiro.com.br\/index.php\/2015\/07\/17\/canoense-assume-como-governador-do-distrito-4670-do-rotary-international\/#article\",\"isPartOf\":{\"@id\":\"https:\/\/jornaltimoneiro.com.br\/index.php\/2015\/07\/17\/canoense-assume-como-governador-do-distrito-4670-do-rotary-international\/\"},\"author\":{\"name\":\"Reda\u00e7\u00e3o\",\"@id\":\"https:\/\/jornaltimoneiro.com.br\/#\/schema\/person\/620efd1d8244466117482be494360b08\"},\"headline\":\"Canoense assume como governador do Distrito 4670 do Rotary International\",\"datePublished\":\"2015-07-17T12:50:42+00:00\",\"dateModified\":\"2015-07-17T12:50:42+00:00\",\"mainEntityOfPage\":{\"@id\":\"https:\/\/jornaltimoneiro.com.br\/index.php\/2015\/07\/17\/canoense-assume-como-governador-do-distrito-4670-do-rotary-international\/\"},\"wordCount\":591,\"commentCount\":0,\"publisher\":{\"@id\":\"https:\/\/jornaltimoneiro.com.br\/#organization\"},\"articleSection\":[\"Comunidade\",\"Destaques\",\"Not\u00edcias\"],\"inLanguage\":\"pt-BR\",\"potentialAction\":[{\"@type\":\"CommentAction\",\"name\":\"Comment\",\"target\":[\"https:\/\/jornaltimoneiro.com.br\/index.php\/2015\/07\/17\/canoense-assume-como-governador-do-distrito-4670-do-rotary-international\/#respond\"]}]},{\"@type\":\"WebPage\",\"@id\":\"https:\/\/jornaltimoneiro.com.br\/index.php\/2015\/07\/17\/canoense-assume-como-governador-do-distrito-4670-do-rotary-international\/\",\"url\":\"https:\/\/jornaltimoneiro.com.br\/index.php\/2015\/07\/17\/canoense-assume-como-governador-do-distrito-4670-do-rotary-international\/\",\"name\":\"Canoense assume como governador do Distrito 4670 do Rotary International - O Timoneiro Jornal Canoas RS\",\"isPartOf\":{\"@id\":\"https:\/\/jornaltimoneiro.com.br\/#website\"},\"datePublished\":\"2015-07-17T12:50:42+00:00\",\"dateModified\":\"2015-07-17T12:50:42+00:00\",\"breadcrumb\":{\"@id\":\"https:\/\/jornaltimoneiro.com.br\/index.php\/2015\/07\/17\/canoense-assume-como-governador-do-distrito-4670-do-rotary-international\/#breadcrumb\"},\"inLanguage\":\"pt-BR\",\"potentialAction\":[{\"@type\":\"ReadAction\",\"target\":[\"https:\/\/jornaltimoneiro.com.br\/index.php\/2015\/07\/17\/canoense-assume-como-governador-do-distrito-4670-do-rotary-international\/\"]}]},{\"@type\":\"BreadcrumbList\",\"@id\":\"https:\/\/jornaltimoneiro.com.br\/index.php\/2015\/07\/17\/canoense-assume-como-governador-do-distrito-4670-do-rotary-international\/#breadcrumb\",\"itemListElement\":[{\"@type\":\"ListItem\",\"position\":1,\"name\":\"In\u00edcio\",\"item\":\"https:\/\/jornaltimoneiro.com.br\/\"},{\"@type\":\"ListItem\",\"position\":2,\"name\":\"Canoense assume como governador do Distrito 4670 do Rotary International\"}]},{\"@type\":\"WebSite\",\"@id\":\"https:\/\/jornaltimoneiro.com.br\/#website\",\"url\":\"https:\/\/jornaltimoneiro.com.br\/\",\"name\":\"Jornal Timoneiro Canoas RS\",\"description\":\"Jornal O Timoneiro, o verdadeiro jornal de Canoas\",\"publisher\":{\"@id\":\"https:\/\/jornaltimoneiro.com.br\/#organization\"},\"potentialAction\":[{\"@type\":\"SearchAction\",\"target\":{\"@type\":\"EntryPoint\",\"urlTemplate\":\"https:\/\/jornaltimoneiro.com.br\/?s={search_term_string}\"},\"query-input\":\"required name=search_term_string\"}],\"inLanguage\":\"pt-BR\"},{\"@type\":\"Organization\",\"@id\":\"https:\/\/jornaltimoneiro.com.br\/#organization\",\"name\":\"Jornal Timoneiro Canoas RS\",\"url\":\"https:\/\/jornaltimoneiro.com.br\/\",\"logo\":{\"@type\":\"ImageObject\",\"inLanguage\":\"pt-BR\",\"@id\":\"https:\/\/jornaltimoneiro.com.br\/#\/schema\/logo\/image\/\",\"url\":\"https:\/\/jornaltimoneiro.com.br\/wp-content\/uploads\/2023\/03\/logonovo.png\",\"contentUrl\":\"https:\/\/jornaltimoneiro.com.br\/wp-content\/uploads\/2023\/03\/logonovo.png\",\"width\":\"469\",\"height\":\"171\",\"caption\":\"Jornal Timoneiro Canoas RS\"},\"image\":{\"@id\":\"https:\/\/jornaltimoneiro.com.br\/#\/schema\/logo\/image\/\"},\"sameAs\":[\"https:\/\/www.facebook.com\/jornaltimoneiro\",\"https:\/\/twitter.com\/_OTimoneiro\",\"https:\/\/www.instagram.com\/jornaltimoneirocanoas\/\",\"https:\/\/www.youtube.com\/@jornalotimoneiro7927\"]},{\"@type\":\"Person\",\"@id\":\"https:\/\/jornaltimoneiro.com.br\/#\/schema\/person\/620efd1d8244466117482be494360b08\",\"name\":\"Reda\u00e7\u00e3o\",\"image\":{\"@type\":\"ImageObject\",\"inLanguage\":\"pt-BR\",\"@id\":\"https:\/\/jornaltimoneiro.com.br\/#\/schema\/person\/image\/\",\"url\":\"https:\/\/secure.gravatar.com\/avatar\/2f04e1b304682a8d9db336c7acd77f08?s=96&d=mm&r=g\",\"contentUrl\":\"https:\/\/secure.gravatar.com\/avatar\/2f04e1b304682a8d9db336c7acd77f08?s=96&d=mm&r=g\",\"caption\":\"Reda\u00e7\u00e3o\"},\"url\":\"https:\/\/jornaltimoneiro.com.br\/index.php\/author\/timoneirocanoas\/\"}]}<\/script>\n<!-- \/ Yoast SEO plugin. -->","yoast_head_json":{"title":"Canoense assume como governador do Distrito 4670 do Rotary International - O Timoneiro Jornal Canoas RS","robots":{"index":"index","follow":"follow","max-snippet":"max-snippet:-1","max-image-preview":"max-image-preview:large","max-video-preview":"max-video-preview:-1"},"canonical":"https:\/\/jornaltimoneiro.com.br\/index.php\/2015\/07\/17\/canoense-assume-como-governador-do-distrito-4670-do-rotary-international\/","og_locale":"pt_BR","og_type":"article","og_title":"Canoense assume como governador do Distrito 4670 do Rotary International - O Timoneiro Jornal Canoas RS","og_description":"Coronel Cl\u00e1udio Faccin comandar\u00e1 jurisdi\u00e7\u00e3o que re\u00fane 57 clubes de Rotary distribu\u00eddos em 35 munic\u00edpios","og_url":"https:\/\/jornaltimoneiro.com.br\/index.php\/2015\/07\/17\/canoense-assume-como-governador-do-distrito-4670-do-rotary-international\/","og_site_name":"O Timoneiro Jornal Canoas RS","article_publisher":"https:\/\/www.facebook.com\/jornaltimoneiro","article_published_time":"2015-07-17T12:50:42+00:00","author":"Reda\u00e7\u00e3o","twitter_card":"summary_large_image","twitter_creator":"@_OTimoneiro","twitter_site":"@_OTimoneiro","twitter_misc":{"Escrito por":"Reda\u00e7\u00e3o","Est. tempo de leitura":"3 minutos"},"schema":{"@context":"https:\/\/schema.org","@graph":[{"@type":"Article","@id":"https:\/\/jornaltimoneiro.com.br\/index.php\/2015\/07\/17\/canoense-assume-como-governador-do-distrito-4670-do-rotary-international\/#article","isPartOf":{"@id":"https:\/\/jornaltimoneiro.com.br\/index.php\/2015\/07\/17\/canoense-assume-como-governador-do-distrito-4670-do-rotary-international\/"},"author":{"name":"Reda\u00e7\u00e3o","@id":"https:\/\/jornaltimoneiro.com.br\/#\/schema\/person\/620efd1d8244466117482be494360b08"},"headline":"Canoense assume como governador do Distrito 4670 do Rotary International","datePublished":"2015-07-17T12:50:42+00:00","dateModified":"2015-07-17T12:50:42+00:00","mainEntityOfPage":{"@id":"https:\/\/jornaltimoneiro.com.br\/index.php\/2015\/07\/17\/canoense-assume-como-governador-do-distrito-4670-do-rotary-international\/"},"wordCount":591,"commentCount":0,"publisher":{"@id":"https:\/\/jornaltimoneiro.com.br\/#organization"},"articleSection":["Comunidade","Destaques","Not\u00edcias"],"inLanguage":"pt-BR","potentialAction":[{"@type":"CommentAction","name":"Comment","target":["https:\/\/jornaltimoneiro.com.br\/index.php\/2015\/07\/17\/canoense-assume-como-governador-do-distrito-4670-do-rotary-international\/#respond"]}]},{"@type":"WebPage","@id":"https:\/\/jornaltimoneiro.com.br\/index.php\/2015\/07\/17\/canoense-assume-como-governador-do-distrito-4670-do-rotary-international\/","url":"https:\/\/jornaltimoneiro.com.br\/index.php\/2015\/07\/17\/canoense-assume-como-governador-do-distrito-4670-do-rotary-international\/","name":"Canoense assume como governador do Distrito 4670 do Rotary International - O Timoneiro Jornal Canoas RS","isPartOf":{"@id":"https:\/\/jornaltimoneiro.com.br\/#website"},"datePublished":"2015-07-17T12:50:42+00:00","dateModified":"2015-07-17T12:50:42+00:00","breadcrumb":{"@id":"https:\/\/jornaltimoneiro.com.br\/index.php\/2015\/07\/17\/canoense-assume-como-governador-do-distrito-4670-do-rotary-international\/#breadcrumb"},"inLanguage":"pt-BR","potentialAction":[{"@type":"ReadAction","target":["https:\/\/jornaltimoneiro.com.br\/index.php\/2015\/07\/17\/canoense-assume-como-governador-do-distrito-4670-do-rotary-international\/"]}]},{"@type":"BreadcrumbList","@id":"https:\/\/jornaltimoneiro.com.br\/index.php\/2015\/07\/17\/canoense-assume-como-governador-do-distrito-4670-do-rotary-international\/#breadcrumb","itemListElement":[{"@type":"ListItem","position":1,"name":"In\u00edcio","item":"https:\/\/jornaltimoneiro.com.br\/"},{"@type":"ListItem","position":2,"name":"Canoense assume como governador do Distrito 4670 do Rotary International"}]},{"@type":"WebSite","@id":"https:\/\/jornaltimoneiro.com.br\/#website","url":"https:\/\/jornaltimoneiro.com.br\/","name":"Jornal Timoneiro Canoas RS","description":"Jornal O Timoneiro, o verdadeiro jornal de Canoas","publisher":{"@id":"https:\/\/jornaltimoneiro.com.br\/#organization"},"potentialAction":[{"@type":"SearchAction","target":{"@type":"EntryPoint","urlTemplate":"https:\/\/jornaltimoneiro.com.br\/?s={search_term_string}"},"query-input":"required name=search_term_string"}],"inLanguage":"pt-BR"},{"@type":"Organization","@id":"https:\/\/jornaltimoneiro.com.br\/#organization","name":"Jornal Timoneiro Canoas RS","url":"https:\/\/jornaltimoneiro.com.br\/","logo":{"@type":"ImageObject","inLanguage":"pt-BR","@id":"https:\/\/jornaltimoneiro.com.br\/#\/schema\/logo\/image\/","url":"https:\/\/jornaltimoneiro.com.br\/wp-content\/uploads\/2023\/03\/logonovo.png","contentUrl":"https:\/\/jornaltimoneiro.com.br\/wp-content\/uploads\/2023\/03\/logonovo.png","width":"469","height":"171","caption":"Jornal Timoneiro Canoas RS"},"image":{"@id":"https:\/\/jornaltimoneiro.com.br\/#\/schema\/logo\/image\/"},"sameAs":["https:\/\/www.facebook.com\/jornaltimoneiro","https:\/\/twitter.com\/_OTimoneiro","https:\/\/www.instagram.com\/jornaltimoneirocanoas\/","https:\/\/www.youtube.com\/@jornalotimoneiro7927"]},{"@type":"Person","@id":"https:\/\/jornaltimoneiro.com.br\/#\/schema\/person\/620efd1d8244466117482be494360b08","name":"Reda\u00e7\u00e3o","image":{"@type":"ImageObject","inLanguage":"pt-BR","@id":"https:\/\/jornaltimoneiro.com.br\/#\/schema\/person\/image\/","url":"https:\/\/secure.gravatar.com\/avatar\/2f04e1b304682a8d9db336c7acd77f08?s=96&d=mm&r=g","contentUrl":"https:\/\/secure.gravatar.com\/avatar\/2f04e1b304682a8d9db336c7acd77f08?s=96&d=mm&r=g","caption":"Reda\u00e7\u00e3o"},"url":"https:\/\/jornaltimoneiro.com.br\/index.php\/author\/timoneirocanoas\/"}]}},"_links":{"self":[{"href":"https:\/\/jornaltimoneiro.com.br\/index.php\/wp-json\/wp\/v2\/posts\/629"}],"collection":[{"href":"https:\/\/jornaltimoneiro.com.br\/index.php\/wp-json\/wp\/v2\/posts"}],"about":[{"href":"https:\/\/jornaltimoneiro.com.br\/index.php\/wp-json\/wp\/v2\/types\/post"}],"author":[{"embeddable":true,"href":"https:\/\/jornaltimoneiro.com.br\/index.php\/wp-json\/wp\/v2\/users\/1"}],"replies":[{"embeddable":true,"href":"https:\/\/jornaltimoneiro.com.br\/index.php\/wp-json\/wp\/v2\/comments?post=629"}],"version-history":[{"count":0,"href":"https:\/\/jornaltimoneiro.com.br\/index.php\/wp-json\/wp\/v2\/posts\/629\/revisions"}],"wp:featuredmedia":[{"embeddable":true,"href":"https:\/\/jornaltimoneiro.com.br\/index.php\/wp-json\/"}],"wp:attachment":[{"href":"https:\/\/jornaltimoneiro.com.br\/index.php\/wp-json\/wp\/v2\/media?parent=629"}],"wp:term":[{"taxonomy":"category","embeddable":true,"href":"https:\/\/jornaltimoneiro.com.br\/index.php\/wp-json\/wp\/v2\/categories?post=629"},{"taxonomy":"post_tag","embeddable":true,"href":"https:\/\/jornaltimoneiro.com.br\/index.php\/wp-json\/wp\/v2\/tags?post=629"}],"curies":[{"name":"wp","href":"https:\/\/api.w.org\/{rel}","templated":true}]}}