{"id":615,"date":"2015-07-17T09:45:18","date_gmt":"2015-07-17T12:45:18","guid":{"rendered":"http:\/\/otimoneiro.com.br\/?p=615"},"modified":"2015-07-17T09:45:18","modified_gmt":"2015-07-17T12:45:18","slug":"gente-e-mais-importante-e-o-novo-livro-de-tonito","status":"publish","type":"post","link":"https:\/\/jornaltimoneiro.com.br\/index.php\/2015\/07\/17\/gente-e-mais-importante-e-o-novo-livro-de-tonito\/","title":{"rendered":"\u201cGente \u00e9 mais importante\u201d \u00e9 o novo livro de Tonito"},"content":{"rendered":"<div id=\"attachment_671\" style=\"width: 210px\" class=\"wp-caption alignleft\"><a href=\"http:\/\/otimoneiro.com.br\/wp-content\/uploads\/2015\/07\/tonito_foto_claiton_dornelles_bbc_fotografias_06.jpg\"><img decoding=\"async\" aria-describedby=\"caption-attachment-671\" class=\"size-medium wp-image-671\" src=\"http:\/\/otimoneiro.com.br\/wp-content\/uploads\/2015\/07\/tonito_foto_claiton_dornelles_bbc_fotografias_06-200x300.jpg\" alt=\"Tonito! Foto: Claiton Dornelles\/bbc fotografias\" width=\"200\" height=\"300\" \/><\/a><p id=\"caption-attachment-671\" class=\"wp-caption-text\">Tonito! Foto: Claiton Dornelles\/bbc fotografias<\/p><\/div>\n<p style=\"text-align: justify;\">Gente \u00e9 mais importante \u00e9 o terceiro volume de cr\u00f4nicas do escritor canoense Canabarro Tr\u00f3is filho, o Tonito. O evento ser\u00e1 dia 18 de julho, \u00e0s 15 horas, no evento Caf\u00e9 Lambe-Lambe, na rua Ulisses Machado, 110, no bairro Harmonia. O lan\u00e7amento \u00e9 promovido pela BBC Fotografia e Atelier Santa B\u00e1rbara. A edi\u00e7\u00e3o cont\u00e9m 82 p\u00e1ginas e relembra nomes que povoam a mem\u00f3ria de Tonito.<\/p>\n<p style=\"text-align: justify;\">Em sua capa, a publica\u00e7\u00e3o revela sua ess\u00eancia e esbanja talento na vers\u00e3o de Marcos Merker do monumento canoense \u201cO Futuro\u201d, de Vin\u00edcio Cassiano. O livro \u00e9 uma homenagem a quem adotou Canoas como sua segunda terra, \u00e0s pessoas que foram trazidas e \u00e0quelas que nasceram na cidade. Com 52 textos compilados, j\u00e1 publicados anteriormente em jornais como O Momento, Di\u00e1rio de Canoas, Jornal Da Cidade, Sinal Vermelho e O Timoneiro \u2013 do qual \u00e9 co-fundador \u2013 entre 1956 e 2008.<\/p>\n<p style=\"text-align: justify;\">S\u00e3o muitos os nomes que Tonito mant\u00e9m vivos na mem\u00f3ria. &#8220;Outras lembran\u00e7as valorizam o livro, porque s\u00e3o prova de conviv\u00eancia fraternal&#8221;, comenta o escritor que, deseja presentear familiares das pessoas homenageadas em sua obra com um exemplar do livro. Reservas podem ser feitas pelo telefone (51) 9191.6722.<\/p>\n<div id=\"attachment_673\" style=\"width: 602px\" class=\"wp-caption aligncenter\"><a href=\"http:\/\/otimoneiro.com.br\/wp-content\/uploads\/2015\/07\/gente_\u00e9_mais_importante_3_-_capa.jpg\"><img decoding=\"async\" aria-describedby=\"caption-attachment-673\" class=\"wp-image-673 \" src=\"http:\/\/otimoneiro.com.br\/wp-content\/uploads\/2015\/07\/gente_\u00e9_mais_importante_3_-_capa-722x1024.jpg\" alt=\"Capa do livro Gente \u00e9 mais importante 3\" width=\"592\" height=\"843\" \/><\/a><p id=\"caption-attachment-673\" class=\"wp-caption-text\">Capa do livro Gente \u00e9 mais importante 3<\/p><\/div>\n","protected":false},"excerpt":{"rendered":"<p>Escritor eterniza pessoas marcantes em sua vida nas 82 p\u00e1ginas da nova obra<\/p>\n","protected":false},"author":1,"featured_media":0,"comment_status":"open","ping_status":"open","sticky":false,"template":"","format":"standard","meta":{"amp_status":"","footnotes":""},"categories":[25,19,22],"tags":[],"class_list":["post-615","post","type-post","status-publish","format-standard","hentry","category-comunidade","category-destaques","category-noticias"],"yoast_head":"<!-- This site is optimized with the Yoast SEO plugin v20.5 - https:\/\/yoast.com\/wordpress\/plugins\/seo\/ -->\n<title>\u201cGente \u00e9 mais importante\u201d \u00e9 o novo livro de Tonito - O Timoneiro Jornal Canoas RS<\/title>\n<meta name=\"robots\" content=\"index, follow, max-snippet:-1, max-image-preview:large, max-video-preview:-1\" \/>\n<link rel=\"canonical\" href=\"https:\/\/jornaltimoneiro.com.br\/index.php\/2015\/07\/17\/gente-e-mais-importante-e-o-novo-livro-de-tonito\/\" \/>\n<meta property=\"og:locale\" content=\"pt_BR\" \/>\n<meta property=\"og:type\" content=\"article\" \/>\n<meta property=\"og:title\" content=\"\u201cGente \u00e9 mais importante\u201d \u00e9 o novo livro de Tonito - O Timoneiro Jornal Canoas RS\" \/>\n<meta property=\"og:description\" content=\"Escritor eterniza pessoas marcantes em sua vida nas 82 p\u00e1ginas da nova obra\" \/>\n<meta property=\"og:url\" content=\"https:\/\/jornaltimoneiro.com.br\/index.php\/2015\/07\/17\/gente-e-mais-importante-e-o-novo-livro-de-tonito\/\" \/>\n<meta property=\"og:site_name\" content=\"O Timoneiro Jornal Canoas RS\" \/>\n<meta property=\"article:publisher\" content=\"https:\/\/www.facebook.com\/jornaltimoneiro\" \/>\n<meta property=\"article:published_time\" content=\"2015-07-17T12:45:18+00:00\" \/>\n<meta property=\"og:image\" content=\"http:\/\/otimoneiro.com.br\/wp-content\/uploads\/2015\/07\/tonito_foto_claiton_dornelles_bbc_fotografias_06-200x300.jpg\" \/>\n<meta name=\"author\" content=\"Reda\u00e7\u00e3o\" \/>\n<meta name=\"twitter:card\" content=\"summary_large_image\" \/>\n<meta name=\"twitter:creator\" content=\"@_OTimoneiro\" \/>\n<meta name=\"twitter:site\" content=\"@_OTimoneiro\" \/>\n<meta name=\"twitter:label1\" content=\"Escrito por\" \/>\n\t<meta name=\"twitter:data1\" content=\"Reda\u00e7\u00e3o\" \/>\n\t<meta name=\"twitter:label2\" content=\"Est. tempo de leitura\" \/>\n\t<meta name=\"twitter:data2\" content=\"1 minuto\" \/>\n<script type=\"application\/ld+json\" class=\"yoast-schema-graph\">{\"@context\":\"https:\/\/schema.org\",\"@graph\":[{\"@type\":\"Article\",\"@id\":\"https:\/\/jornaltimoneiro.com.br\/index.php\/2015\/07\/17\/gente-e-mais-importante-e-o-novo-livro-de-tonito\/#article\",\"isPartOf\":{\"@id\":\"https:\/\/jornaltimoneiro.com.br\/index.php\/2015\/07\/17\/gente-e-mais-importante-e-o-novo-livro-de-tonito\/\"},\"author\":{\"name\":\"Reda\u00e7\u00e3o\",\"@id\":\"https:\/\/jornaltimoneiro.com.br\/#\/schema\/person\/620efd1d8244466117482be494360b08\"},\"headline\":\"\u201cGente \u00e9 mais importante\u201d \u00e9 o novo livro de Tonito\",\"datePublished\":\"2015-07-17T12:45:18+00:00\",\"dateModified\":\"2015-07-17T12:45:18+00:00\",\"mainEntityOfPage\":{\"@id\":\"https:\/\/jornaltimoneiro.com.br\/index.php\/2015\/07\/17\/gente-e-mais-importante-e-o-novo-livro-de-tonito\/\"},\"wordCount\":230,\"commentCount\":0,\"publisher\":{\"@id\":\"https:\/\/jornaltimoneiro.com.br\/#organization\"},\"articleSection\":[\"Comunidade\",\"Destaques\",\"Not\u00edcias\"],\"inLanguage\":\"pt-BR\",\"potentialAction\":[{\"@type\":\"CommentAction\",\"name\":\"Comment\",\"target\":[\"https:\/\/jornaltimoneiro.com.br\/index.php\/2015\/07\/17\/gente-e-mais-importante-e-o-novo-livro-de-tonito\/#respond\"]}]},{\"@type\":\"WebPage\",\"@id\":\"https:\/\/jornaltimoneiro.com.br\/index.php\/2015\/07\/17\/gente-e-mais-importante-e-o-novo-livro-de-tonito\/\",\"url\":\"https:\/\/jornaltimoneiro.com.br\/index.php\/2015\/07\/17\/gente-e-mais-importante-e-o-novo-livro-de-tonito\/\",\"name\":\"\u201cGente \u00e9 mais importante\u201d \u00e9 o novo livro de Tonito - O Timoneiro Jornal Canoas RS\",\"isPartOf\":{\"@id\":\"https:\/\/jornaltimoneiro.com.br\/#website\"},\"datePublished\":\"2015-07-17T12:45:18+00:00\",\"dateModified\":\"2015-07-17T12:45:18+00:00\",\"breadcrumb\":{\"@id\":\"https:\/\/jornaltimoneiro.com.br\/index.php\/2015\/07\/17\/gente-e-mais-importante-e-o-novo-livro-de-tonito\/#breadcrumb\"},\"inLanguage\":\"pt-BR\",\"potentialAction\":[{\"@type\":\"ReadAction\",\"target\":[\"https:\/\/jornaltimoneiro.com.br\/index.php\/2015\/07\/17\/gente-e-mais-importante-e-o-novo-livro-de-tonito\/\"]}]},{\"@type\":\"BreadcrumbList\",\"@id\":\"https:\/\/jornaltimoneiro.com.br\/index.php\/2015\/07\/17\/gente-e-mais-importante-e-o-novo-livro-de-tonito\/#breadcrumb\",\"itemListElement\":[{\"@type\":\"ListItem\",\"position\":1,\"name\":\"In\u00edcio\",\"item\":\"https:\/\/jornaltimoneiro.com.br\/\"},{\"@type\":\"ListItem\",\"position\":2,\"name\":\"\u201cGente \u00e9 mais importante\u201d \u00e9 o novo livro de Tonito\"}]},{\"@type\":\"WebSite\",\"@id\":\"https:\/\/jornaltimoneiro.com.br\/#website\",\"url\":\"https:\/\/jornaltimoneiro.com.br\/\",\"name\":\"Jornal Timoneiro Canoas RS\",\"description\":\"Jornal O Timoneiro, o verdadeiro jornal de Canoas\",\"publisher\":{\"@id\":\"https:\/\/jornaltimoneiro.com.br\/#organization\"},\"potentialAction\":[{\"@type\":\"SearchAction\",\"target\":{\"@type\":\"EntryPoint\",\"urlTemplate\":\"https:\/\/jornaltimoneiro.com.br\/?s={search_term_string}\"},\"query-input\":\"required name=search_term_string\"}],\"inLanguage\":\"pt-BR\"},{\"@type\":\"Organization\",\"@id\":\"https:\/\/jornaltimoneiro.com.br\/#organization\",\"name\":\"Jornal Timoneiro Canoas RS\",\"url\":\"https:\/\/jornaltimoneiro.com.br\/\",\"logo\":{\"@type\":\"ImageObject\",\"inLanguage\":\"pt-BR\",\"@id\":\"https:\/\/jornaltimoneiro.com.br\/#\/schema\/logo\/image\/\",\"url\":\"https:\/\/jornaltimoneiro.com.br\/wp-content\/uploads\/2023\/03\/logonovo.png\",\"contentUrl\":\"https:\/\/jornaltimoneiro.com.br\/wp-content\/uploads\/2023\/03\/logonovo.png\",\"width\":\"469\",\"height\":\"171\",\"caption\":\"Jornal Timoneiro Canoas RS\"},\"image\":{\"@id\":\"https:\/\/jornaltimoneiro.com.br\/#\/schema\/logo\/image\/\"},\"sameAs\":[\"https:\/\/www.facebook.com\/jornaltimoneiro\",\"https:\/\/twitter.com\/_OTimoneiro\",\"https:\/\/www.instagram.com\/jornaltimoneirocanoas\/\",\"https:\/\/www.youtube.com\/@jornalotimoneiro7927\"]},{\"@type\":\"Person\",\"@id\":\"https:\/\/jornaltimoneiro.com.br\/#\/schema\/person\/620efd1d8244466117482be494360b08\",\"name\":\"Reda\u00e7\u00e3o\",\"image\":{\"@type\":\"ImageObject\",\"inLanguage\":\"pt-BR\",\"@id\":\"https:\/\/jornaltimoneiro.com.br\/#\/schema\/person\/image\/\",\"url\":\"https:\/\/secure.gravatar.com\/avatar\/2f04e1b304682a8d9db336c7acd77f08?s=96&d=mm&r=g\",\"contentUrl\":\"https:\/\/secure.gravatar.com\/avatar\/2f04e1b304682a8d9db336c7acd77f08?s=96&d=mm&r=g\",\"caption\":\"Reda\u00e7\u00e3o\"},\"url\":\"https:\/\/jornaltimoneiro.com.br\/index.php\/author\/timoneirocanoas\/\"}]}<\/script>\n<!-- \/ Yoast SEO plugin. -->","yoast_head_json":{"title":"\u201cGente \u00e9 mais importante\u201d \u00e9 o novo livro de Tonito - O Timoneiro Jornal Canoas RS","robots":{"index":"index","follow":"follow","max-snippet":"max-snippet:-1","max-image-preview":"max-image-preview:large","max-video-preview":"max-video-preview:-1"},"canonical":"https:\/\/jornaltimoneiro.com.br\/index.php\/2015\/07\/17\/gente-e-mais-importante-e-o-novo-livro-de-tonito\/","og_locale":"pt_BR","og_type":"article","og_title":"\u201cGente \u00e9 mais importante\u201d \u00e9 o novo livro de Tonito - O Timoneiro Jornal Canoas RS","og_description":"Escritor eterniza pessoas marcantes em sua vida nas 82 p\u00e1ginas da nova obra","og_url":"https:\/\/jornaltimoneiro.com.br\/index.php\/2015\/07\/17\/gente-e-mais-importante-e-o-novo-livro-de-tonito\/","og_site_name":"O Timoneiro Jornal Canoas RS","article_publisher":"https:\/\/www.facebook.com\/jornaltimoneiro","article_published_time":"2015-07-17T12:45:18+00:00","og_image":[{"url":"http:\/\/otimoneiro.com.br\/wp-content\/uploads\/2015\/07\/tonito_foto_claiton_dornelles_bbc_fotografias_06-200x300.jpg"}],"author":"Reda\u00e7\u00e3o","twitter_card":"summary_large_image","twitter_creator":"@_OTimoneiro","twitter_site":"@_OTimoneiro","twitter_misc":{"Escrito por":"Reda\u00e7\u00e3o","Est. tempo de leitura":"1 minuto"},"schema":{"@context":"https:\/\/schema.org","@graph":[{"@type":"Article","@id":"https:\/\/jornaltimoneiro.com.br\/index.php\/2015\/07\/17\/gente-e-mais-importante-e-o-novo-livro-de-tonito\/#article","isPartOf":{"@id":"https:\/\/jornaltimoneiro.com.br\/index.php\/2015\/07\/17\/gente-e-mais-importante-e-o-novo-livro-de-tonito\/"},"author":{"name":"Reda\u00e7\u00e3o","@id":"https:\/\/jornaltimoneiro.com.br\/#\/schema\/person\/620efd1d8244466117482be494360b08"},"headline":"\u201cGente \u00e9 mais importante\u201d \u00e9 o novo livro de Tonito","datePublished":"2015-07-17T12:45:18+00:00","dateModified":"2015-07-17T12:45:18+00:00","mainEntityOfPage":{"@id":"https:\/\/jornaltimoneiro.com.br\/index.php\/2015\/07\/17\/gente-e-mais-importante-e-o-novo-livro-de-tonito\/"},"wordCount":230,"commentCount":0,"publisher":{"@id":"https:\/\/jornaltimoneiro.com.br\/#organization"},"articleSection":["Comunidade","Destaques","Not\u00edcias"],"inLanguage":"pt-BR","potentialAction":[{"@type":"CommentAction","name":"Comment","target":["https:\/\/jornaltimoneiro.com.br\/index.php\/2015\/07\/17\/gente-e-mais-importante-e-o-novo-livro-de-tonito\/#respond"]}]},{"@type":"WebPage","@id":"https:\/\/jornaltimoneiro.com.br\/index.php\/2015\/07\/17\/gente-e-mais-importante-e-o-novo-livro-de-tonito\/","url":"https:\/\/jornaltimoneiro.com.br\/index.php\/2015\/07\/17\/gente-e-mais-importante-e-o-novo-livro-de-tonito\/","name":"\u201cGente \u00e9 mais importante\u201d \u00e9 o novo livro de Tonito - O Timoneiro Jornal Canoas RS","isPartOf":{"@id":"https:\/\/jornaltimoneiro.com.br\/#website"},"datePublished":"2015-07-17T12:45:18+00:00","dateModified":"2015-07-17T12:45:18+00:00","breadcrumb":{"@id":"https:\/\/jornaltimoneiro.com.br\/index.php\/2015\/07\/17\/gente-e-mais-importante-e-o-novo-livro-de-tonito\/#breadcrumb"},"inLanguage":"pt-BR","potentialAction":[{"@type":"ReadAction","target":["https:\/\/jornaltimoneiro.com.br\/index.php\/2015\/07\/17\/gente-e-mais-importante-e-o-novo-livro-de-tonito\/"]}]},{"@type":"BreadcrumbList","@id":"https:\/\/jornaltimoneiro.com.br\/index.php\/2015\/07\/17\/gente-e-mais-importante-e-o-novo-livro-de-tonito\/#breadcrumb","itemListElement":[{"@type":"ListItem","position":1,"name":"In\u00edcio","item":"https:\/\/jornaltimoneiro.com.br\/"},{"@type":"ListItem","position":2,"name":"\u201cGente \u00e9 mais importante\u201d \u00e9 o novo livro de Tonito"}]},{"@type":"WebSite","@id":"https:\/\/jornaltimoneiro.com.br\/#website","url":"https:\/\/jornaltimoneiro.com.br\/","name":"Jornal Timoneiro Canoas RS","description":"Jornal O Timoneiro, o verdadeiro jornal de Canoas","publisher":{"@id":"https:\/\/jornaltimoneiro.com.br\/#organization"},"potentialAction":[{"@type":"SearchAction","target":{"@type":"EntryPoint","urlTemplate":"https:\/\/jornaltimoneiro.com.br\/?s={search_term_string}"},"query-input":"required name=search_term_string"}],"inLanguage":"pt-BR"},{"@type":"Organization","@id":"https:\/\/jornaltimoneiro.com.br\/#organization","name":"Jornal Timoneiro Canoas RS","url":"https:\/\/jornaltimoneiro.com.br\/","logo":{"@type":"ImageObject","inLanguage":"pt-BR","@id":"https:\/\/jornaltimoneiro.com.br\/#\/schema\/logo\/image\/","url":"https:\/\/jornaltimoneiro.com.br\/wp-content\/uploads\/2023\/03\/logonovo.png","contentUrl":"https:\/\/jornaltimoneiro.com.br\/wp-content\/uploads\/2023\/03\/logonovo.png","width":"469","height":"171","caption":"Jornal Timoneiro Canoas RS"},"image":{"@id":"https:\/\/jornaltimoneiro.com.br\/#\/schema\/logo\/image\/"},"sameAs":["https:\/\/www.facebook.com\/jornaltimoneiro","https:\/\/twitter.com\/_OTimoneiro","https:\/\/www.instagram.com\/jornaltimoneirocanoas\/","https:\/\/www.youtube.com\/@jornalotimoneiro7927"]},{"@type":"Person","@id":"https:\/\/jornaltimoneiro.com.br\/#\/schema\/person\/620efd1d8244466117482be494360b08","name":"Reda\u00e7\u00e3o","image":{"@type":"ImageObject","inLanguage":"pt-BR","@id":"https:\/\/jornaltimoneiro.com.br\/#\/schema\/person\/image\/","url":"https:\/\/secure.gravatar.com\/avatar\/2f04e1b304682a8d9db336c7acd77f08?s=96&d=mm&r=g","contentUrl":"https:\/\/secure.gravatar.com\/avatar\/2f04e1b304682a8d9db336c7acd77f08?s=96&d=mm&r=g","caption":"Reda\u00e7\u00e3o"},"url":"https:\/\/jornaltimoneiro.com.br\/index.php\/author\/timoneirocanoas\/"}]}},"_links":{"self":[{"href":"https:\/\/jornaltimoneiro.com.br\/index.php\/wp-json\/wp\/v2\/posts\/615"}],"collection":[{"href":"https:\/\/jornaltimoneiro.com.br\/index.php\/wp-json\/wp\/v2\/posts"}],"about":[{"href":"https:\/\/jornaltimoneiro.com.br\/index.php\/wp-json\/wp\/v2\/types\/post"}],"author":[{"embeddable":true,"href":"https:\/\/jornaltimoneiro.com.br\/index.php\/wp-json\/wp\/v2\/users\/1"}],"replies":[{"embeddable":true,"href":"https:\/\/jornaltimoneiro.com.br\/index.php\/wp-json\/wp\/v2\/comments?post=615"}],"version-history":[{"count":0,"href":"https:\/\/jornaltimoneiro.com.br\/index.php\/wp-json\/wp\/v2\/posts\/615\/revisions"}],"wp:attachment":[{"href":"https:\/\/jornaltimoneiro.com.br\/index.php\/wp-json\/wp\/v2\/media?parent=615"}],"wp:term":[{"taxonomy":"category","embeddable":true,"href":"https:\/\/jornaltimoneiro.com.br\/index.php\/wp-json\/wp\/v2\/categories?post=615"},{"taxonomy":"post_tag","embeddable":true,"href":"https:\/\/jornaltimoneiro.com.br\/index.php\/wp-json\/wp\/v2\/tags?post=615"}],"curies":[{"name":"wp","href":"https:\/\/api.w.org\/{rel}","templated":true}]}}