{"id":6069,"date":"2016-12-30T11:18:26","date_gmt":"2016-12-30T13:18:26","guid":{"rendered":"http:\/\/otimoneiro.com.br\/?p=6069"},"modified":"2016-12-30T11:18:26","modified_gmt":"2016-12-30T13:18:26","slug":"busato-fala-sobre-planos-para-seu-mandato-como-prefeito","status":"publish","type":"post","link":"https:\/\/jornaltimoneiro.com.br\/index.php\/2016\/12\/30\/busato-fala-sobre-planos-para-seu-mandato-como-prefeito\/","title":{"rendered":"Busato fala sobre planos para seu mandato como prefeito"},"content":{"rendered":"<p><a href=\"http:\/\/otimoneiro.com.br\/wp-content\/uploads\/2016\/12\/DSC0017.jpg\"><img decoding=\"async\" class=\"aligncenter size-large wp-image-6070\" src=\"http:\/\/otimoneiro.com.br\/wp-content\/uploads\/2016\/12\/DSC0017-1024x683.jpg\" alt=\"_dsc0017\" width=\"1024\" height=\"683\" \/><\/a>Na quarta-feira, 28, a equipe de reportagem de O Timoneiro conversou com o prefeito eleito Luiz Carlos Busato (PTB), que toma posse no domingo, 1\u00ba de janeiro. Ex-secret\u00e1rio municipal de Desenvolvimento Urbano e ex-vereador, deixa seu terceiro mandato como deputado federal para assumir o Executivo canoense.<\/p>\n<p>A sa\u00edda do Legislativo para o Executivo, por sinal, \u00e9 encarada com naturalidade pelo novo prefeito. \u201cEu n\u00e3o sou um deputado de tribuna. Meu perfil \u00e9 mais de Executivo do que de Legislativo\u201d, definiu.<\/p>\n<h3>Lagranha exemplo<\/h3>\n<p>Ao ser questionado sobre quais prefeitos destacaria na hist\u00f3ria de Canoas, Busato citou Hugo Sim\u00f5es Lagranha. \u201cEra um prefeito sem rodeios, andava sozinho na rua, visitava as obras. \u00c9 esse tipo de prefeito que eu quero ser, n\u00e3o quero colocar uma barreira\u201d disse.<br \/>\nComo motivo para ter ingressado na pol\u00edtica, falou de seu pai, Luiz Jer\u00f4nimo Busato: \u201cO fato de eu ser prefeito hoje tem quase tudo a ver com seguir o exemplo do meu pai. O sonho dele era ser prefeito. E ele foi, mas indicado pelo presidente da rep\u00fablica e por tr\u00eas meses. N\u00e3o \u00e9 a mesma coisa que um prefeito eleito pelo povo. Ent\u00e3o esse sonho que o pai tinha ele passou para mim. Tenho certeza de que o pai, se estivesse aqui hoje, estaria muito feliz\u201d.<\/p>\n<h3>Secretariado t\u00e9cnico<\/h3>\n<p>A respeito dos crit\u00e9rios de escolha do seu secretariado, apontou a forma\u00e7\u00e3o t\u00e9cnica como ponto fundamental e ressaltou a massiva presen\u00e7a de funcion\u00e1rios p\u00fablicos no seu governo. Ser\u00e3o oito servidores ocupando cargos no primeiro escal\u00e3o e sete no segundo. \u201cE pensando no primeiro escal\u00e3o, de 60% a 70% do or\u00e7amento vai ser dirigido por funcion\u00e1rios p\u00fablicos, j\u00e1 que Educa\u00e7\u00e3o e Sa\u00fade s\u00e3o comandadas por servidores e s\u00e3o as secretarias que t\u00eam mais recursos financeiros\u201d, revelou.<\/p>\n<h3>Sa\u00fade<\/h3>\n<p>Ao falar da Sa\u00fade, o prefeito eleito pontuou a dificuldade que ter\u00e1 para reorganizar o sistema montado atualmente. Segundo ele, s\u00e3o 2500 pessoas trabalhando atrav\u00e9s do contrato gerido pelo Gamp, mais 1600 atrav\u00e9s dos contratos geridos pela Prefeitura e ainda mais de 700 pessoas ligadas \u00e0 secretaria de Sa\u00fade e \u00e0 Funda\u00e7\u00e3o de Sa\u00fade. \u201c S\u00e3o mais de 5 mil pessoas trabalhando. Foram gastos R$ 418 milh\u00f5es, cerca de 36% do or\u00e7amento da sa\u00fade da Prefeitura, e est\u00e1 terr\u00edvel. Faltou gest\u00e3o e n\u00e3o dinheiro. Se tornou uma verdadeira Torre de Babel, com cada setor falando uma l\u00edngua diferente\u201d, disse.<br \/>\nBusato informou tamb\u00e9m que o sistema de teleagendamento deve ser aprimorado e mantido, mas que a marca\u00e7\u00e3o de consultas poder\u00e1 ser feita de outras formas. \u201cVamos avaliar a possibilidade de agendamento presencial e tamb\u00e9m por internet, para diminuir a quantidade de hor\u00e1rios que ficam em branco nas agendas\u201d, falou.<\/p>\n<h3>Mobilidade<\/h3>\n<p>Sobre a mobilidade urbana, o prefeito eleito foi enf\u00e1tico, n\u00e3o define nada sem antes montar o Plano de Mobilidade. \u201cSem esse plano n\u00e3o temos nem como buscar recursos federais. Esse plano foi institu\u00eddo em uma lei federal de 2015 e j\u00e1 deveria estar pronto. Se n\u00e3o tem esse plano, quem me garante que esta \u00e9 a melhor forma de implantar o aerom\u00f3vel e que ele \u00e9 realmente a melhor op\u00e7\u00e3o para a cidade?\u201d, questionou.<\/p>\n<p>A respeito da quest\u00e3o do Uber na cidade, o prefeito eleito entende que \u00e9 similar \u00e0 transi\u00e7\u00e3o entre m\u00e1quina de escrever e computador. \u201c\u00c9 uma tecnologia que veio e que teremos que nos adaptar. O t\u00e1xi vai ter que mudar. Talvez tenhamos que ter um pouco mais de inger\u00eancia do governo no Uber e um pouco menos de inger\u00eancia no t\u00e1xi, para que se chegue a um ponto de equil\u00edbrio\u201d, explicou.<\/p>\n<h3>Seguran\u00e7a<\/h3>\n<p>Em rela\u00e7\u00e3o \u00e0 seguran\u00e7a p\u00fablica, Busato falou que reconhece a sala de monitoramento implantada por Jairo Jorge como algo positivo. No entanto, afirmou que o espa\u00e7o precisa ser remodelado para ter real efeito pr\u00e1tico.<br \/>\nOs guardas municipais, segundo o novo prefeito, ter\u00e3o porte de arma e a administra\u00e7\u00e3o municipal dar\u00e1 apoio \u00e0s pol\u00edcias Civil e Militar.<\/p>\n<h3>Educa\u00e7\u00e3o<\/h3>\n<p>Quando questionado sobre a falta de professores na cidade, disse saber do tamanho do problema e reconheceu que sabe que n\u00e3o \u00e9 poss\u00edvel resolver totalmente a situa\u00e7\u00e3o. Ele afirmou que pretende fazer com que os educadores trabalhem em sala de aula e n\u00e3o em fun\u00e7\u00f5es que podem ser ocupadas por outras pessoas.<\/p>\n<h3>Pagamento de funcion\u00e1rios<\/h3>\n<p>No governo Jairo Jorge os funcion\u00e1rios p\u00fablicos, que antes recebiam no \u00faltimo dia \u00fatil do m\u00eas trabalhado, passaram a receber no quinto dia \u00fatil do m\u00eas seguinte. Busato diz que tentar\u00e1 puxar a data de pagamento para o primeiro dia \u00fatil, o que faria diminuir a espera dos servidores.<\/p>\n","protected":false},"excerpt":{"rendered":"<p>Na quarta-feira, 28, a equipe de reportagem de O Timoneiro conversou com o prefeito eleito Luiz Carlos Busato (PTB), que toma posse no domingo, 1\u00ba de janeiro. Ex-secret\u00e1rio municipal de Desenvolvimento Urbano e ex-vereador, deixa seu terceiro mandato como deputado federal para assumir o Executivo canoense. A sa\u00edda do Legislativo para o Executivo, por sinal, [&hellip;]<\/p>\n","protected":false},"author":1,"featured_media":6070,"comment_status":"open","ping_status":"open","sticky":false,"template":"","format":"standard","meta":{"amp_status":"","footnotes":""},"categories":[19,22,20],"tags":[],"class_list":["post-6069","post","type-post","status-publish","format-standard","has-post-thumbnail","hentry","category-destaques","category-noticias","category-politica-noticias"],"yoast_head":"<!-- This site is optimized with the Yoast SEO plugin v20.5 - https:\/\/yoast.com\/wordpress\/plugins\/seo\/ -->\n<title>Busato fala sobre planos para seu mandato como prefeito - O Timoneiro Jornal Canoas RS<\/title>\n<meta name=\"robots\" content=\"index, follow, max-snippet:-1, max-image-preview:large, max-video-preview:-1\" \/>\n<link rel=\"canonical\" href=\"https:\/\/jornaltimoneiro.com.br\/index.php\/2016\/12\/30\/busato-fala-sobre-planos-para-seu-mandato-como-prefeito\/\" \/>\n<meta property=\"og:locale\" content=\"pt_BR\" \/>\n<meta property=\"og:type\" content=\"article\" \/>\n<meta property=\"og:title\" content=\"Busato fala sobre planos para seu mandato como prefeito - O Timoneiro Jornal Canoas RS\" \/>\n<meta property=\"og:description\" content=\"Na quarta-feira, 28, a equipe de reportagem de O Timoneiro conversou com o prefeito eleito Luiz Carlos Busato (PTB), que toma posse no domingo, 1\u00ba de janeiro. Ex-secret\u00e1rio municipal de Desenvolvimento Urbano e ex-vereador, deixa seu terceiro mandato como deputado federal para assumir o Executivo canoense. A sa\u00edda do Legislativo para o Executivo, por sinal, [&hellip;]\" \/>\n<meta property=\"og:url\" content=\"https:\/\/jornaltimoneiro.com.br\/index.php\/2016\/12\/30\/busato-fala-sobre-planos-para-seu-mandato-como-prefeito\/\" \/>\n<meta property=\"og:site_name\" content=\"O Timoneiro Jornal Canoas RS\" \/>\n<meta property=\"article:publisher\" content=\"https:\/\/www.facebook.com\/jornaltimoneiro\" \/>\n<meta property=\"article:published_time\" content=\"2016-12-30T13:18:26+00:00\" \/>\n<meta name=\"author\" content=\"Reda\u00e7\u00e3o\" \/>\n<meta name=\"twitter:card\" content=\"summary_large_image\" \/>\n<meta name=\"twitter:creator\" content=\"@_OTimoneiro\" \/>\n<meta name=\"twitter:site\" content=\"@_OTimoneiro\" \/>\n<meta name=\"twitter:label1\" content=\"Escrito por\" \/>\n\t<meta name=\"twitter:data1\" content=\"Reda\u00e7\u00e3o\" \/>\n\t<meta name=\"twitter:label2\" content=\"Est. tempo de leitura\" \/>\n\t<meta name=\"twitter:data2\" content=\"4 minutos\" \/>\n<script type=\"application\/ld+json\" class=\"yoast-schema-graph\">{\"@context\":\"https:\/\/schema.org\",\"@graph\":[{\"@type\":\"Article\",\"@id\":\"https:\/\/jornaltimoneiro.com.br\/index.php\/2016\/12\/30\/busato-fala-sobre-planos-para-seu-mandato-como-prefeito\/#article\",\"isPartOf\":{\"@id\":\"https:\/\/jornaltimoneiro.com.br\/index.php\/2016\/12\/30\/busato-fala-sobre-planos-para-seu-mandato-como-prefeito\/\"},\"author\":{\"name\":\"Reda\u00e7\u00e3o\",\"@id\":\"https:\/\/jornaltimoneiro.com.br\/#\/schema\/person\/620efd1d8244466117482be494360b08\"},\"headline\":\"Busato fala sobre planos para seu mandato como prefeito\",\"datePublished\":\"2016-12-30T13:18:26+00:00\",\"dateModified\":\"2016-12-30T13:18:26+00:00\",\"mainEntityOfPage\":{\"@id\":\"https:\/\/jornaltimoneiro.com.br\/index.php\/2016\/12\/30\/busato-fala-sobre-planos-para-seu-mandato-como-prefeito\/\"},\"wordCount\":815,\"commentCount\":0,\"publisher\":{\"@id\":\"https:\/\/jornaltimoneiro.com.br\/#organization\"},\"articleSection\":[\"Destaques\",\"Not\u00edcias\",\"Pol\u00edtica\"],\"inLanguage\":\"pt-BR\",\"potentialAction\":[{\"@type\":\"CommentAction\",\"name\":\"Comment\",\"target\":[\"https:\/\/jornaltimoneiro.com.br\/index.php\/2016\/12\/30\/busato-fala-sobre-planos-para-seu-mandato-como-prefeito\/#respond\"]}]},{\"@type\":\"WebPage\",\"@id\":\"https:\/\/jornaltimoneiro.com.br\/index.php\/2016\/12\/30\/busato-fala-sobre-planos-para-seu-mandato-como-prefeito\/\",\"url\":\"https:\/\/jornaltimoneiro.com.br\/index.php\/2016\/12\/30\/busato-fala-sobre-planos-para-seu-mandato-como-prefeito\/\",\"name\":\"Busato fala sobre planos para seu mandato como prefeito - O Timoneiro Jornal Canoas RS\",\"isPartOf\":{\"@id\":\"https:\/\/jornaltimoneiro.com.br\/#website\"},\"datePublished\":\"2016-12-30T13:18:26+00:00\",\"dateModified\":\"2016-12-30T13:18:26+00:00\",\"breadcrumb\":{\"@id\":\"https:\/\/jornaltimoneiro.com.br\/index.php\/2016\/12\/30\/busato-fala-sobre-planos-para-seu-mandato-como-prefeito\/#breadcrumb\"},\"inLanguage\":\"pt-BR\",\"potentialAction\":[{\"@type\":\"ReadAction\",\"target\":[\"https:\/\/jornaltimoneiro.com.br\/index.php\/2016\/12\/30\/busato-fala-sobre-planos-para-seu-mandato-como-prefeito\/\"]}]},{\"@type\":\"BreadcrumbList\",\"@id\":\"https:\/\/jornaltimoneiro.com.br\/index.php\/2016\/12\/30\/busato-fala-sobre-planos-para-seu-mandato-como-prefeito\/#breadcrumb\",\"itemListElement\":[{\"@type\":\"ListItem\",\"position\":1,\"name\":\"In\u00edcio\",\"item\":\"https:\/\/jornaltimoneiro.com.br\/\"},{\"@type\":\"ListItem\",\"position\":2,\"name\":\"Busato fala sobre planos para seu mandato como prefeito\"}]},{\"@type\":\"WebSite\",\"@id\":\"https:\/\/jornaltimoneiro.com.br\/#website\",\"url\":\"https:\/\/jornaltimoneiro.com.br\/\",\"name\":\"Jornal Timoneiro Canoas RS\",\"description\":\"Jornal O Timoneiro, o verdadeiro jornal de Canoas\",\"publisher\":{\"@id\":\"https:\/\/jornaltimoneiro.com.br\/#organization\"},\"potentialAction\":[{\"@type\":\"SearchAction\",\"target\":{\"@type\":\"EntryPoint\",\"urlTemplate\":\"https:\/\/jornaltimoneiro.com.br\/?s={search_term_string}\"},\"query-input\":\"required name=search_term_string\"}],\"inLanguage\":\"pt-BR\"},{\"@type\":\"Organization\",\"@id\":\"https:\/\/jornaltimoneiro.com.br\/#organization\",\"name\":\"Jornal Timoneiro Canoas RS\",\"url\":\"https:\/\/jornaltimoneiro.com.br\/\",\"logo\":{\"@type\":\"ImageObject\",\"inLanguage\":\"pt-BR\",\"@id\":\"https:\/\/jornaltimoneiro.com.br\/#\/schema\/logo\/image\/\",\"url\":\"https:\/\/jornaltimoneiro.com.br\/wp-content\/uploads\/2023\/03\/logonovo.png\",\"contentUrl\":\"https:\/\/jornaltimoneiro.com.br\/wp-content\/uploads\/2023\/03\/logonovo.png\",\"width\":\"469\",\"height\":\"171\",\"caption\":\"Jornal Timoneiro Canoas RS\"},\"image\":{\"@id\":\"https:\/\/jornaltimoneiro.com.br\/#\/schema\/logo\/image\/\"},\"sameAs\":[\"https:\/\/www.facebook.com\/jornaltimoneiro\",\"https:\/\/twitter.com\/_OTimoneiro\",\"https:\/\/www.instagram.com\/jornaltimoneirocanoas\/\",\"https:\/\/www.youtube.com\/@jornalotimoneiro7927\"]},{\"@type\":\"Person\",\"@id\":\"https:\/\/jornaltimoneiro.com.br\/#\/schema\/person\/620efd1d8244466117482be494360b08\",\"name\":\"Reda\u00e7\u00e3o\",\"image\":{\"@type\":\"ImageObject\",\"inLanguage\":\"pt-BR\",\"@id\":\"https:\/\/jornaltimoneiro.com.br\/#\/schema\/person\/image\/\",\"url\":\"https:\/\/secure.gravatar.com\/avatar\/2f04e1b304682a8d9db336c7acd77f08?s=96&d=mm&r=g\",\"contentUrl\":\"https:\/\/secure.gravatar.com\/avatar\/2f04e1b304682a8d9db336c7acd77f08?s=96&d=mm&r=g\",\"caption\":\"Reda\u00e7\u00e3o\"},\"url\":\"https:\/\/jornaltimoneiro.com.br\/index.php\/author\/timoneirocanoas\/\"}]}<\/script>\n<!-- \/ Yoast SEO plugin. -->","yoast_head_json":{"title":"Busato fala sobre planos para seu mandato como prefeito - O Timoneiro Jornal Canoas RS","robots":{"index":"index","follow":"follow","max-snippet":"max-snippet:-1","max-image-preview":"max-image-preview:large","max-video-preview":"max-video-preview:-1"},"canonical":"https:\/\/jornaltimoneiro.com.br\/index.php\/2016\/12\/30\/busato-fala-sobre-planos-para-seu-mandato-como-prefeito\/","og_locale":"pt_BR","og_type":"article","og_title":"Busato fala sobre planos para seu mandato como prefeito - O Timoneiro Jornal Canoas RS","og_description":"Na quarta-feira, 28, a equipe de reportagem de O Timoneiro conversou com o prefeito eleito Luiz Carlos Busato (PTB), que toma posse no domingo, 1\u00ba de janeiro. Ex-secret\u00e1rio municipal de Desenvolvimento Urbano e ex-vereador, deixa seu terceiro mandato como deputado federal para assumir o Executivo canoense. A sa\u00edda do Legislativo para o Executivo, por sinal, [&hellip;]","og_url":"https:\/\/jornaltimoneiro.com.br\/index.php\/2016\/12\/30\/busato-fala-sobre-planos-para-seu-mandato-como-prefeito\/","og_site_name":"O Timoneiro Jornal Canoas RS","article_publisher":"https:\/\/www.facebook.com\/jornaltimoneiro","article_published_time":"2016-12-30T13:18:26+00:00","author":"Reda\u00e7\u00e3o","twitter_card":"summary_large_image","twitter_creator":"@_OTimoneiro","twitter_site":"@_OTimoneiro","twitter_misc":{"Escrito por":"Reda\u00e7\u00e3o","Est. tempo de leitura":"4 minutos"},"schema":{"@context":"https:\/\/schema.org","@graph":[{"@type":"Article","@id":"https:\/\/jornaltimoneiro.com.br\/index.php\/2016\/12\/30\/busato-fala-sobre-planos-para-seu-mandato-como-prefeito\/#article","isPartOf":{"@id":"https:\/\/jornaltimoneiro.com.br\/index.php\/2016\/12\/30\/busato-fala-sobre-planos-para-seu-mandato-como-prefeito\/"},"author":{"name":"Reda\u00e7\u00e3o","@id":"https:\/\/jornaltimoneiro.com.br\/#\/schema\/person\/620efd1d8244466117482be494360b08"},"headline":"Busato fala sobre planos para seu mandato como prefeito","datePublished":"2016-12-30T13:18:26+00:00","dateModified":"2016-12-30T13:18:26+00:00","mainEntityOfPage":{"@id":"https:\/\/jornaltimoneiro.com.br\/index.php\/2016\/12\/30\/busato-fala-sobre-planos-para-seu-mandato-como-prefeito\/"},"wordCount":815,"commentCount":0,"publisher":{"@id":"https:\/\/jornaltimoneiro.com.br\/#organization"},"articleSection":["Destaques","Not\u00edcias","Pol\u00edtica"],"inLanguage":"pt-BR","potentialAction":[{"@type":"CommentAction","name":"Comment","target":["https:\/\/jornaltimoneiro.com.br\/index.php\/2016\/12\/30\/busato-fala-sobre-planos-para-seu-mandato-como-prefeito\/#respond"]}]},{"@type":"WebPage","@id":"https:\/\/jornaltimoneiro.com.br\/index.php\/2016\/12\/30\/busato-fala-sobre-planos-para-seu-mandato-como-prefeito\/","url":"https:\/\/jornaltimoneiro.com.br\/index.php\/2016\/12\/30\/busato-fala-sobre-planos-para-seu-mandato-como-prefeito\/","name":"Busato fala sobre planos para seu mandato como prefeito - O Timoneiro Jornal Canoas RS","isPartOf":{"@id":"https:\/\/jornaltimoneiro.com.br\/#website"},"datePublished":"2016-12-30T13:18:26+00:00","dateModified":"2016-12-30T13:18:26+00:00","breadcrumb":{"@id":"https:\/\/jornaltimoneiro.com.br\/index.php\/2016\/12\/30\/busato-fala-sobre-planos-para-seu-mandato-como-prefeito\/#breadcrumb"},"inLanguage":"pt-BR","potentialAction":[{"@type":"ReadAction","target":["https:\/\/jornaltimoneiro.com.br\/index.php\/2016\/12\/30\/busato-fala-sobre-planos-para-seu-mandato-como-prefeito\/"]}]},{"@type":"BreadcrumbList","@id":"https:\/\/jornaltimoneiro.com.br\/index.php\/2016\/12\/30\/busato-fala-sobre-planos-para-seu-mandato-como-prefeito\/#breadcrumb","itemListElement":[{"@type":"ListItem","position":1,"name":"In\u00edcio","item":"https:\/\/jornaltimoneiro.com.br\/"},{"@type":"ListItem","position":2,"name":"Busato fala sobre planos para seu mandato como prefeito"}]},{"@type":"WebSite","@id":"https:\/\/jornaltimoneiro.com.br\/#website","url":"https:\/\/jornaltimoneiro.com.br\/","name":"Jornal Timoneiro Canoas RS","description":"Jornal O Timoneiro, o verdadeiro jornal de Canoas","publisher":{"@id":"https:\/\/jornaltimoneiro.com.br\/#organization"},"potentialAction":[{"@type":"SearchAction","target":{"@type":"EntryPoint","urlTemplate":"https:\/\/jornaltimoneiro.com.br\/?s={search_term_string}"},"query-input":"required name=search_term_string"}],"inLanguage":"pt-BR"},{"@type":"Organization","@id":"https:\/\/jornaltimoneiro.com.br\/#organization","name":"Jornal Timoneiro Canoas RS","url":"https:\/\/jornaltimoneiro.com.br\/","logo":{"@type":"ImageObject","inLanguage":"pt-BR","@id":"https:\/\/jornaltimoneiro.com.br\/#\/schema\/logo\/image\/","url":"https:\/\/jornaltimoneiro.com.br\/wp-content\/uploads\/2023\/03\/logonovo.png","contentUrl":"https:\/\/jornaltimoneiro.com.br\/wp-content\/uploads\/2023\/03\/logonovo.png","width":"469","height":"171","caption":"Jornal Timoneiro Canoas RS"},"image":{"@id":"https:\/\/jornaltimoneiro.com.br\/#\/schema\/logo\/image\/"},"sameAs":["https:\/\/www.facebook.com\/jornaltimoneiro","https:\/\/twitter.com\/_OTimoneiro","https:\/\/www.instagram.com\/jornaltimoneirocanoas\/","https:\/\/www.youtube.com\/@jornalotimoneiro7927"]},{"@type":"Person","@id":"https:\/\/jornaltimoneiro.com.br\/#\/schema\/person\/620efd1d8244466117482be494360b08","name":"Reda\u00e7\u00e3o","image":{"@type":"ImageObject","inLanguage":"pt-BR","@id":"https:\/\/jornaltimoneiro.com.br\/#\/schema\/person\/image\/","url":"https:\/\/secure.gravatar.com\/avatar\/2f04e1b304682a8d9db336c7acd77f08?s=96&d=mm&r=g","contentUrl":"https:\/\/secure.gravatar.com\/avatar\/2f04e1b304682a8d9db336c7acd77f08?s=96&d=mm&r=g","caption":"Reda\u00e7\u00e3o"},"url":"https:\/\/jornaltimoneiro.com.br\/index.php\/author\/timoneirocanoas\/"}]}},"_links":{"self":[{"href":"https:\/\/jornaltimoneiro.com.br\/index.php\/wp-json\/wp\/v2\/posts\/6069"}],"collection":[{"href":"https:\/\/jornaltimoneiro.com.br\/index.php\/wp-json\/wp\/v2\/posts"}],"about":[{"href":"https:\/\/jornaltimoneiro.com.br\/index.php\/wp-json\/wp\/v2\/types\/post"}],"author":[{"embeddable":true,"href":"https:\/\/jornaltimoneiro.com.br\/index.php\/wp-json\/wp\/v2\/users\/1"}],"replies":[{"embeddable":true,"href":"https:\/\/jornaltimoneiro.com.br\/index.php\/wp-json\/wp\/v2\/comments?post=6069"}],"version-history":[{"count":0,"href":"https:\/\/jornaltimoneiro.com.br\/index.php\/wp-json\/wp\/v2\/posts\/6069\/revisions"}],"wp:featuredmedia":[{"embeddable":true,"href":"https:\/\/jornaltimoneiro.com.br\/index.php\/wp-json\/"}],"wp:attachment":[{"href":"https:\/\/jornaltimoneiro.com.br\/index.php\/wp-json\/wp\/v2\/media?parent=6069"}],"wp:term":[{"taxonomy":"category","embeddable":true,"href":"https:\/\/jornaltimoneiro.com.br\/index.php\/wp-json\/wp\/v2\/categories?post=6069"},{"taxonomy":"post_tag","embeddable":true,"href":"https:\/\/jornaltimoneiro.com.br\/index.php\/wp-json\/wp\/v2\/tags?post=6069"}],"curies":[{"name":"wp","href":"https:\/\/api.w.org\/{rel}","templated":true}]}}