{"id":6024,"date":"2016-12-23T10:37:06","date_gmt":"2016-12-23T12:37:06","guid":{"rendered":"http:\/\/otimoneiro.com.br\/?p=6024"},"modified":"2016-12-23T10:37:06","modified_gmt":"2016-12-23T12:37:06","slug":"projeto-oficializa-os-jogos-abertos-e-jogos-paradesportivos-de-canoas","status":"publish","type":"post","link":"https:\/\/jornaltimoneiro.com.br\/index.php\/2016\/12\/23\/projeto-oficializa-os-jogos-abertos-e-jogos-paradesportivos-de-canoas\/","title":{"rendered":"Projeto oficializa os Jogos Abertos e Jogos Paradesportivos de Canoas"},"content":{"rendered":"<p><a href=\"http:\/\/otimoneiro.com.br\/wp-content\/uploads\/2016\/12\/938.jpg\"><img decoding=\"async\" class=\"aligncenter size-full wp-image-6025\" src=\"http:\/\/otimoneiro.com.br\/wp-content\/uploads\/2016\/12\/938.jpg\" alt=\"938\" width=\"900\" height=\"600\" \/><\/a>De autoria do vereador C\u00e9sar Augusto Ribas Moreira (PRB), o projeto de lei 38\/2016, que oficializa a institui\u00e7\u00e3o dos Jogos Abertos (JAC) e dos Jogos Paradesportivos de Canoas (PARAJAC), alusivos ao anivers\u00e1rio do munic\u00edpio, foi aprovado na sess\u00e3o do dia 15 de dezembro.<\/p>\n<p>Os eventos dever\u00e3o ser realizados anualmente, com organiza\u00e7\u00e3o da Prefeitura. &#8220;Os jogos abertos de Canoas v\u00eam sendo realizados no munic\u00edpio h\u00e1 muitos anos, com o objetivo de oportunizar, incentivar e desenvolver a pr\u00e1tica de esportes, propiciar a valoriza\u00e7\u00e3o de novos atletas, t\u00e9cnicos e dirigentes esportivos, atrav\u00e9s do interc\u00e2mbio esportivo. Por\u00e9m, ocorrem sem uma legisla\u00e7\u00e3o espec\u00edfica que os regulamente e garanta sua realiza\u00e7\u00e3o anual&#8221;, afirma o autor.<\/p>\n","protected":false},"excerpt":{"rendered":"<p>De autoria do vereador C\u00e9sar Augusto Ribas Moreira (PRB), o projeto de lei 38\/2016, que oficializa a institui\u00e7\u00e3o dos Jogos Abertos (JAC) e dos Jogos Paradesportivos de Canoas (PARAJAC), alusivos ao anivers\u00e1rio do munic\u00edpio, foi aprovado na sess\u00e3o do dia 15 de dezembro. Os eventos dever\u00e3o ser realizados anualmente, com organiza\u00e7\u00e3o da Prefeitura. &#8220;Os jogos [&hellip;]<\/p>\n","protected":false},"author":1,"featured_media":6025,"comment_status":"open","ping_status":"open","sticky":false,"template":"","format":"standard","meta":{"amp_status":"","footnotes":""},"categories":[19,24,22],"tags":[],"class_list":["post-6024","post","type-post","status-publish","format-standard","has-post-thumbnail","hentry","category-destaques","category-esporte","category-noticias"],"yoast_head":"<!-- This site is optimized with the Yoast SEO plugin v20.5 - https:\/\/yoast.com\/wordpress\/plugins\/seo\/ -->\n<title>Projeto oficializa os Jogos Abertos e Jogos Paradesportivos de Canoas - O Timoneiro Jornal Canoas RS<\/title>\n<meta name=\"robots\" content=\"index, follow, max-snippet:-1, max-image-preview:large, max-video-preview:-1\" \/>\n<link rel=\"canonical\" href=\"https:\/\/jornaltimoneiro.com.br\/index.php\/2016\/12\/23\/projeto-oficializa-os-jogos-abertos-e-jogos-paradesportivos-de-canoas\/\" \/>\n<meta property=\"og:locale\" content=\"pt_BR\" \/>\n<meta property=\"og:type\" content=\"article\" \/>\n<meta property=\"og:title\" content=\"Projeto oficializa os Jogos Abertos e Jogos Paradesportivos de Canoas - O Timoneiro Jornal Canoas RS\" \/>\n<meta property=\"og:description\" content=\"De autoria do vereador C\u00e9sar Augusto Ribas Moreira (PRB), o projeto de lei 38\/2016, que oficializa a institui\u00e7\u00e3o dos Jogos Abertos (JAC) e dos Jogos Paradesportivos de Canoas (PARAJAC), alusivos ao anivers\u00e1rio do munic\u00edpio, foi aprovado na sess\u00e3o do dia 15 de dezembro. Os eventos dever\u00e3o ser realizados anualmente, com organiza\u00e7\u00e3o da Prefeitura. &#8220;Os jogos [&hellip;]\" \/>\n<meta property=\"og:url\" content=\"https:\/\/jornaltimoneiro.com.br\/index.php\/2016\/12\/23\/projeto-oficializa-os-jogos-abertos-e-jogos-paradesportivos-de-canoas\/\" \/>\n<meta property=\"og:site_name\" content=\"O Timoneiro Jornal Canoas RS\" \/>\n<meta property=\"article:publisher\" content=\"https:\/\/www.facebook.com\/jornaltimoneiro\" \/>\n<meta property=\"article:published_time\" content=\"2016-12-23T12:37:06+00:00\" \/>\n<meta name=\"author\" content=\"Reda\u00e7\u00e3o\" \/>\n<meta name=\"twitter:card\" content=\"summary_large_image\" \/>\n<meta name=\"twitter:creator\" content=\"@_OTimoneiro\" \/>\n<meta name=\"twitter:site\" content=\"@_OTimoneiro\" \/>\n<meta name=\"twitter:label1\" content=\"Escrito por\" \/>\n\t<meta name=\"twitter:data1\" content=\"Reda\u00e7\u00e3o\" \/>\n\t<meta name=\"twitter:label2\" content=\"Est. tempo de leitura\" \/>\n\t<meta name=\"twitter:data2\" content=\"1 minuto\" \/>\n<script type=\"application\/ld+json\" class=\"yoast-schema-graph\">{\"@context\":\"https:\/\/schema.org\",\"@graph\":[{\"@type\":\"Article\",\"@id\":\"https:\/\/jornaltimoneiro.com.br\/index.php\/2016\/12\/23\/projeto-oficializa-os-jogos-abertos-e-jogos-paradesportivos-de-canoas\/#article\",\"isPartOf\":{\"@id\":\"https:\/\/jornaltimoneiro.com.br\/index.php\/2016\/12\/23\/projeto-oficializa-os-jogos-abertos-e-jogos-paradesportivos-de-canoas\/\"},\"author\":{\"name\":\"Reda\u00e7\u00e3o\",\"@id\":\"https:\/\/jornaltimoneiro.com.br\/#\/schema\/person\/620efd1d8244466117482be494360b08\"},\"headline\":\"Projeto oficializa os Jogos Abertos e Jogos Paradesportivos de Canoas\",\"datePublished\":\"2016-12-23T12:37:06+00:00\",\"dateModified\":\"2016-12-23T12:37:06+00:00\",\"mainEntityOfPage\":{\"@id\":\"https:\/\/jornaltimoneiro.com.br\/index.php\/2016\/12\/23\/projeto-oficializa-os-jogos-abertos-e-jogos-paradesportivos-de-canoas\/\"},\"wordCount\":135,\"commentCount\":0,\"publisher\":{\"@id\":\"https:\/\/jornaltimoneiro.com.br\/#organization\"},\"articleSection\":[\"Destaques\",\"Esporte\",\"Not\u00edcias\"],\"inLanguage\":\"pt-BR\",\"potentialAction\":[{\"@type\":\"CommentAction\",\"name\":\"Comment\",\"target\":[\"https:\/\/jornaltimoneiro.com.br\/index.php\/2016\/12\/23\/projeto-oficializa-os-jogos-abertos-e-jogos-paradesportivos-de-canoas\/#respond\"]}]},{\"@type\":\"WebPage\",\"@id\":\"https:\/\/jornaltimoneiro.com.br\/index.php\/2016\/12\/23\/projeto-oficializa-os-jogos-abertos-e-jogos-paradesportivos-de-canoas\/\",\"url\":\"https:\/\/jornaltimoneiro.com.br\/index.php\/2016\/12\/23\/projeto-oficializa-os-jogos-abertos-e-jogos-paradesportivos-de-canoas\/\",\"name\":\"Projeto oficializa os Jogos Abertos e Jogos Paradesportivos de Canoas - O Timoneiro Jornal Canoas RS\",\"isPartOf\":{\"@id\":\"https:\/\/jornaltimoneiro.com.br\/#website\"},\"datePublished\":\"2016-12-23T12:37:06+00:00\",\"dateModified\":\"2016-12-23T12:37:06+00:00\",\"breadcrumb\":{\"@id\":\"https:\/\/jornaltimoneiro.com.br\/index.php\/2016\/12\/23\/projeto-oficializa-os-jogos-abertos-e-jogos-paradesportivos-de-canoas\/#breadcrumb\"},\"inLanguage\":\"pt-BR\",\"potentialAction\":[{\"@type\":\"ReadAction\",\"target\":[\"https:\/\/jornaltimoneiro.com.br\/index.php\/2016\/12\/23\/projeto-oficializa-os-jogos-abertos-e-jogos-paradesportivos-de-canoas\/\"]}]},{\"@type\":\"BreadcrumbList\",\"@id\":\"https:\/\/jornaltimoneiro.com.br\/index.php\/2016\/12\/23\/projeto-oficializa-os-jogos-abertos-e-jogos-paradesportivos-de-canoas\/#breadcrumb\",\"itemListElement\":[{\"@type\":\"ListItem\",\"position\":1,\"name\":\"In\u00edcio\",\"item\":\"https:\/\/jornaltimoneiro.com.br\/\"},{\"@type\":\"ListItem\",\"position\":2,\"name\":\"Projeto oficializa os Jogos Abertos e Jogos Paradesportivos de Canoas\"}]},{\"@type\":\"WebSite\",\"@id\":\"https:\/\/jornaltimoneiro.com.br\/#website\",\"url\":\"https:\/\/jornaltimoneiro.com.br\/\",\"name\":\"Jornal Timoneiro Canoas RS\",\"description\":\"Jornal O Timoneiro, o verdadeiro jornal de Canoas\",\"publisher\":{\"@id\":\"https:\/\/jornaltimoneiro.com.br\/#organization\"},\"potentialAction\":[{\"@type\":\"SearchAction\",\"target\":{\"@type\":\"EntryPoint\",\"urlTemplate\":\"https:\/\/jornaltimoneiro.com.br\/?s={search_term_string}\"},\"query-input\":\"required name=search_term_string\"}],\"inLanguage\":\"pt-BR\"},{\"@type\":\"Organization\",\"@id\":\"https:\/\/jornaltimoneiro.com.br\/#organization\",\"name\":\"Jornal Timoneiro Canoas RS\",\"url\":\"https:\/\/jornaltimoneiro.com.br\/\",\"logo\":{\"@type\":\"ImageObject\",\"inLanguage\":\"pt-BR\",\"@id\":\"https:\/\/jornaltimoneiro.com.br\/#\/schema\/logo\/image\/\",\"url\":\"https:\/\/jornaltimoneiro.com.br\/wp-content\/uploads\/2023\/03\/logonovo.png\",\"contentUrl\":\"https:\/\/jornaltimoneiro.com.br\/wp-content\/uploads\/2023\/03\/logonovo.png\",\"width\":\"469\",\"height\":\"171\",\"caption\":\"Jornal Timoneiro Canoas RS\"},\"image\":{\"@id\":\"https:\/\/jornaltimoneiro.com.br\/#\/schema\/logo\/image\/\"},\"sameAs\":[\"https:\/\/www.facebook.com\/jornaltimoneiro\",\"https:\/\/twitter.com\/_OTimoneiro\",\"https:\/\/www.instagram.com\/jornaltimoneirocanoas\/\",\"https:\/\/www.youtube.com\/@jornalotimoneiro7927\"]},{\"@type\":\"Person\",\"@id\":\"https:\/\/jornaltimoneiro.com.br\/#\/schema\/person\/620efd1d8244466117482be494360b08\",\"name\":\"Reda\u00e7\u00e3o\",\"image\":{\"@type\":\"ImageObject\",\"inLanguage\":\"pt-BR\",\"@id\":\"https:\/\/jornaltimoneiro.com.br\/#\/schema\/person\/image\/\",\"url\":\"https:\/\/secure.gravatar.com\/avatar\/2f04e1b304682a8d9db336c7acd77f08?s=96&d=mm&r=g\",\"contentUrl\":\"https:\/\/secure.gravatar.com\/avatar\/2f04e1b304682a8d9db336c7acd77f08?s=96&d=mm&r=g\",\"caption\":\"Reda\u00e7\u00e3o\"},\"url\":\"https:\/\/jornaltimoneiro.com.br\/index.php\/author\/timoneirocanoas\/\"}]}<\/script>\n<!-- \/ Yoast SEO plugin. -->","yoast_head_json":{"title":"Projeto oficializa os Jogos Abertos e Jogos Paradesportivos de Canoas - O Timoneiro Jornal Canoas RS","robots":{"index":"index","follow":"follow","max-snippet":"max-snippet:-1","max-image-preview":"max-image-preview:large","max-video-preview":"max-video-preview:-1"},"canonical":"https:\/\/jornaltimoneiro.com.br\/index.php\/2016\/12\/23\/projeto-oficializa-os-jogos-abertos-e-jogos-paradesportivos-de-canoas\/","og_locale":"pt_BR","og_type":"article","og_title":"Projeto oficializa os Jogos Abertos e Jogos Paradesportivos de Canoas - O Timoneiro Jornal Canoas RS","og_description":"De autoria do vereador C\u00e9sar Augusto Ribas Moreira (PRB), o projeto de lei 38\/2016, que oficializa a institui\u00e7\u00e3o dos Jogos Abertos (JAC) e dos Jogos Paradesportivos de Canoas (PARAJAC), alusivos ao anivers\u00e1rio do munic\u00edpio, foi aprovado na sess\u00e3o do dia 15 de dezembro. Os eventos dever\u00e3o ser realizados anualmente, com organiza\u00e7\u00e3o da Prefeitura. &#8220;Os jogos [&hellip;]","og_url":"https:\/\/jornaltimoneiro.com.br\/index.php\/2016\/12\/23\/projeto-oficializa-os-jogos-abertos-e-jogos-paradesportivos-de-canoas\/","og_site_name":"O Timoneiro Jornal Canoas RS","article_publisher":"https:\/\/www.facebook.com\/jornaltimoneiro","article_published_time":"2016-12-23T12:37:06+00:00","author":"Reda\u00e7\u00e3o","twitter_card":"summary_large_image","twitter_creator":"@_OTimoneiro","twitter_site":"@_OTimoneiro","twitter_misc":{"Escrito por":"Reda\u00e7\u00e3o","Est. tempo de leitura":"1 minuto"},"schema":{"@context":"https:\/\/schema.org","@graph":[{"@type":"Article","@id":"https:\/\/jornaltimoneiro.com.br\/index.php\/2016\/12\/23\/projeto-oficializa-os-jogos-abertos-e-jogos-paradesportivos-de-canoas\/#article","isPartOf":{"@id":"https:\/\/jornaltimoneiro.com.br\/index.php\/2016\/12\/23\/projeto-oficializa-os-jogos-abertos-e-jogos-paradesportivos-de-canoas\/"},"author":{"name":"Reda\u00e7\u00e3o","@id":"https:\/\/jornaltimoneiro.com.br\/#\/schema\/person\/620efd1d8244466117482be494360b08"},"headline":"Projeto oficializa os Jogos Abertos e Jogos Paradesportivos de Canoas","datePublished":"2016-12-23T12:37:06+00:00","dateModified":"2016-12-23T12:37:06+00:00","mainEntityOfPage":{"@id":"https:\/\/jornaltimoneiro.com.br\/index.php\/2016\/12\/23\/projeto-oficializa-os-jogos-abertos-e-jogos-paradesportivos-de-canoas\/"},"wordCount":135,"commentCount":0,"publisher":{"@id":"https:\/\/jornaltimoneiro.com.br\/#organization"},"articleSection":["Destaques","Esporte","Not\u00edcias"],"inLanguage":"pt-BR","potentialAction":[{"@type":"CommentAction","name":"Comment","target":["https:\/\/jornaltimoneiro.com.br\/index.php\/2016\/12\/23\/projeto-oficializa-os-jogos-abertos-e-jogos-paradesportivos-de-canoas\/#respond"]}]},{"@type":"WebPage","@id":"https:\/\/jornaltimoneiro.com.br\/index.php\/2016\/12\/23\/projeto-oficializa-os-jogos-abertos-e-jogos-paradesportivos-de-canoas\/","url":"https:\/\/jornaltimoneiro.com.br\/index.php\/2016\/12\/23\/projeto-oficializa-os-jogos-abertos-e-jogos-paradesportivos-de-canoas\/","name":"Projeto oficializa os Jogos Abertos e Jogos Paradesportivos de Canoas - O Timoneiro Jornal Canoas RS","isPartOf":{"@id":"https:\/\/jornaltimoneiro.com.br\/#website"},"datePublished":"2016-12-23T12:37:06+00:00","dateModified":"2016-12-23T12:37:06+00:00","breadcrumb":{"@id":"https:\/\/jornaltimoneiro.com.br\/index.php\/2016\/12\/23\/projeto-oficializa-os-jogos-abertos-e-jogos-paradesportivos-de-canoas\/#breadcrumb"},"inLanguage":"pt-BR","potentialAction":[{"@type":"ReadAction","target":["https:\/\/jornaltimoneiro.com.br\/index.php\/2016\/12\/23\/projeto-oficializa-os-jogos-abertos-e-jogos-paradesportivos-de-canoas\/"]}]},{"@type":"BreadcrumbList","@id":"https:\/\/jornaltimoneiro.com.br\/index.php\/2016\/12\/23\/projeto-oficializa-os-jogos-abertos-e-jogos-paradesportivos-de-canoas\/#breadcrumb","itemListElement":[{"@type":"ListItem","position":1,"name":"In\u00edcio","item":"https:\/\/jornaltimoneiro.com.br\/"},{"@type":"ListItem","position":2,"name":"Projeto oficializa os Jogos Abertos e Jogos Paradesportivos de Canoas"}]},{"@type":"WebSite","@id":"https:\/\/jornaltimoneiro.com.br\/#website","url":"https:\/\/jornaltimoneiro.com.br\/","name":"Jornal Timoneiro Canoas RS","description":"Jornal O Timoneiro, o verdadeiro jornal de Canoas","publisher":{"@id":"https:\/\/jornaltimoneiro.com.br\/#organization"},"potentialAction":[{"@type":"SearchAction","target":{"@type":"EntryPoint","urlTemplate":"https:\/\/jornaltimoneiro.com.br\/?s={search_term_string}"},"query-input":"required name=search_term_string"}],"inLanguage":"pt-BR"},{"@type":"Organization","@id":"https:\/\/jornaltimoneiro.com.br\/#organization","name":"Jornal Timoneiro Canoas RS","url":"https:\/\/jornaltimoneiro.com.br\/","logo":{"@type":"ImageObject","inLanguage":"pt-BR","@id":"https:\/\/jornaltimoneiro.com.br\/#\/schema\/logo\/image\/","url":"https:\/\/jornaltimoneiro.com.br\/wp-content\/uploads\/2023\/03\/logonovo.png","contentUrl":"https:\/\/jornaltimoneiro.com.br\/wp-content\/uploads\/2023\/03\/logonovo.png","width":"469","height":"171","caption":"Jornal Timoneiro Canoas RS"},"image":{"@id":"https:\/\/jornaltimoneiro.com.br\/#\/schema\/logo\/image\/"},"sameAs":["https:\/\/www.facebook.com\/jornaltimoneiro","https:\/\/twitter.com\/_OTimoneiro","https:\/\/www.instagram.com\/jornaltimoneirocanoas\/","https:\/\/www.youtube.com\/@jornalotimoneiro7927"]},{"@type":"Person","@id":"https:\/\/jornaltimoneiro.com.br\/#\/schema\/person\/620efd1d8244466117482be494360b08","name":"Reda\u00e7\u00e3o","image":{"@type":"ImageObject","inLanguage":"pt-BR","@id":"https:\/\/jornaltimoneiro.com.br\/#\/schema\/person\/image\/","url":"https:\/\/secure.gravatar.com\/avatar\/2f04e1b304682a8d9db336c7acd77f08?s=96&d=mm&r=g","contentUrl":"https:\/\/secure.gravatar.com\/avatar\/2f04e1b304682a8d9db336c7acd77f08?s=96&d=mm&r=g","caption":"Reda\u00e7\u00e3o"},"url":"https:\/\/jornaltimoneiro.com.br\/index.php\/author\/timoneirocanoas\/"}]}},"_links":{"self":[{"href":"https:\/\/jornaltimoneiro.com.br\/index.php\/wp-json\/wp\/v2\/posts\/6024"}],"collection":[{"href":"https:\/\/jornaltimoneiro.com.br\/index.php\/wp-json\/wp\/v2\/posts"}],"about":[{"href":"https:\/\/jornaltimoneiro.com.br\/index.php\/wp-json\/wp\/v2\/types\/post"}],"author":[{"embeddable":true,"href":"https:\/\/jornaltimoneiro.com.br\/index.php\/wp-json\/wp\/v2\/users\/1"}],"replies":[{"embeddable":true,"href":"https:\/\/jornaltimoneiro.com.br\/index.php\/wp-json\/wp\/v2\/comments?post=6024"}],"version-history":[{"count":0,"href":"https:\/\/jornaltimoneiro.com.br\/index.php\/wp-json\/wp\/v2\/posts\/6024\/revisions"}],"wp:featuredmedia":[{"embeddable":true,"href":"https:\/\/jornaltimoneiro.com.br\/index.php\/wp-json\/"}],"wp:attachment":[{"href":"https:\/\/jornaltimoneiro.com.br\/index.php\/wp-json\/wp\/v2\/media?parent=6024"}],"wp:term":[{"taxonomy":"category","embeddable":true,"href":"https:\/\/jornaltimoneiro.com.br\/index.php\/wp-json\/wp\/v2\/categories?post=6024"},{"taxonomy":"post_tag","embeddable":true,"href":"https:\/\/jornaltimoneiro.com.br\/index.php\/wp-json\/wp\/v2\/tags?post=6024"}],"curies":[{"name":"wp","href":"https:\/\/api.w.org\/{rel}","templated":true}]}}