{"id":602,"date":"2015-07-13T09:58:25","date_gmt":"2015-07-13T12:58:25","guid":{"rendered":"http:\/\/otimoneiro.com.br\/?p=602"},"modified":"2015-07-13T09:58:25","modified_gmt":"2015-07-13T12:58:25","slug":"segunda-com-chuva-e-transtornos-em-canoas","status":"publish","type":"post","link":"https:\/\/jornaltimoneiro.com.br\/index.php\/2015\/07\/13\/segunda-com-chuva-e-transtornos-em-canoas\/","title":{"rendered":"Segunda com chuva e transtornos em Canoas"},"content":{"rendered":"<div id=\"attachment_603\" style=\"width: 235px\" class=\"wp-caption alignleft\"><a href=\"http:\/\/otimoneiro.com.br\/wp-content\/uploads\/2015\/07\/Foto-por-Henrique-Ribeiro-Twitter-@Henribeiroj.jpg\"><img decoding=\"async\" aria-describedby=\"caption-attachment-603\" class=\"size-medium wp-image-603\" src=\"http:\/\/otimoneiro.com.br\/wp-content\/uploads\/2015\/07\/Foto-por-Henrique-Ribeiro-Twitter-@Henribeiroj-225x300.jpg\" alt=\"Foto: Divulga\u00e7\u00e3o\/Internet by Henrique Ribeiro on Twitter @Henribeiroj\" width=\"225\" height=\"300\" \/><\/a><p id=\"caption-attachment-603\" class=\"wp-caption-text\">Foto: Divulga\u00e7\u00e3o\/Internet by Henrique Ribeiro on Twitter @Henribeiroj<\/p><\/div>\n<p style=\"text-align: justify;\">\n<p style=\"text-align: justify;\">A manh\u00e3 desta segunda-feira, 13, come\u00e7ou chuvosa em todo o Estado. Em Canoas, os bairros S\u00e3o Luis, Mathias Velho e Brigadeira apresentam inunda\u00e7\u00f5es.At\u00e9 o momento, sem informa\u00e7\u00f5es de falta no fornecimento de \u00e1gua e luz no munic\u00edpio.<\/p>\n<p style=\"text-align: justify;\">A BR-116, tamb\u00e9m est\u00e1 alagada em alguns trechos e apresenta tr\u00e2nsito lento, com engarrafamentos. As avenidas Boqueir\u00e3o, Rio Grande do Sul, Farroupilha, Armando Farjardo, Santos Ferreira, Guilherme Schell, assim como as ruas Dr. Barcelos est\u00e3o com pontos de alagamento e tr\u00e2nsito acentuado. A BR-448, tamb\u00e9m com tr\u00e2nsito lento, est\u00e1 com ve\u00edculo no acostamento e trechos alagados.<br \/>\nPara enviar ou receber mais informa\u00e7\u00f5es sobre Canaos, nosso canal de comunica\u00e7\u00e3o \u00e9 atrav\u00e9s do Twitter @_OTimoneiro<\/p>\n","protected":false},"excerpt":{"rendered":"<p>A manh\u00e3 desta segunda-feira, 13, come\u00e7ou chuvosa em todo o Estado. Em Canoas, os bairros S\u00e3o Luis, Mathias Velho e Brigadeira apresentam inunda\u00e7\u00f5es.At\u00e9 o momento, sem informa\u00e7\u00f5es de falta no fornecimento de \u00e1gua e luz no munic\u00edpio. A BR-116, tamb\u00e9m est\u00e1 alagada em alguns trechos e apresenta tr\u00e2nsito lento, com engarrafamentos. As avenidas Boqueir\u00e3o, Rio [&hellip;]<\/p>\n","protected":false},"author":1,"featured_media":0,"comment_status":"open","ping_status":"open","sticky":false,"template":"","format":"standard","meta":{"amp_status":"","footnotes":""},"categories":[25,19,22],"tags":[],"class_list":["post-602","post","type-post","status-publish","format-standard","hentry","category-comunidade","category-destaques","category-noticias"],"yoast_head":"<!-- This site is optimized with the Yoast SEO plugin v20.5 - https:\/\/yoast.com\/wordpress\/plugins\/seo\/ -->\n<title>Segunda com chuva e transtornos em Canoas - O Timoneiro Jornal Canoas RS<\/title>\n<meta name=\"robots\" content=\"index, follow, max-snippet:-1, max-image-preview:large, max-video-preview:-1\" \/>\n<link rel=\"canonical\" href=\"https:\/\/jornaltimoneiro.com.br\/index.php\/2015\/07\/13\/segunda-com-chuva-e-transtornos-em-canoas\/\" \/>\n<meta property=\"og:locale\" content=\"pt_BR\" \/>\n<meta property=\"og:type\" content=\"article\" \/>\n<meta property=\"og:title\" content=\"Segunda com chuva e transtornos em Canoas - O Timoneiro Jornal Canoas RS\" \/>\n<meta property=\"og:description\" content=\"A manh\u00e3 desta segunda-feira, 13, come\u00e7ou chuvosa em todo o Estado. Em Canoas, os bairros S\u00e3o Luis, Mathias Velho e Brigadeira apresentam inunda\u00e7\u00f5es.At\u00e9 o momento, sem informa\u00e7\u00f5es de falta no fornecimento de \u00e1gua e luz no munic\u00edpio. A BR-116, tamb\u00e9m est\u00e1 alagada em alguns trechos e apresenta tr\u00e2nsito lento, com engarrafamentos. As avenidas Boqueir\u00e3o, Rio [&hellip;]\" \/>\n<meta property=\"og:url\" content=\"https:\/\/jornaltimoneiro.com.br\/index.php\/2015\/07\/13\/segunda-com-chuva-e-transtornos-em-canoas\/\" \/>\n<meta property=\"og:site_name\" content=\"O Timoneiro Jornal Canoas RS\" \/>\n<meta property=\"article:publisher\" content=\"https:\/\/www.facebook.com\/jornaltimoneiro\" \/>\n<meta property=\"article:published_time\" content=\"2015-07-13T12:58:25+00:00\" \/>\n<meta property=\"og:image\" content=\"http:\/\/otimoneiro.com.br\/wp-content\/uploads\/2015\/07\/Foto-por-Henrique-Ribeiro-Twitter-@Henribeiroj-225x300.jpg\" \/>\n<meta name=\"author\" content=\"Reda\u00e7\u00e3o\" \/>\n<meta name=\"twitter:card\" content=\"summary_large_image\" \/>\n<meta name=\"twitter:creator\" content=\"@_OTimoneiro\" \/>\n<meta name=\"twitter:site\" content=\"@_OTimoneiro\" \/>\n<meta name=\"twitter:label1\" content=\"Escrito por\" \/>\n\t<meta name=\"twitter:data1\" content=\"Reda\u00e7\u00e3o\" \/>\n\t<meta name=\"twitter:label2\" content=\"Est. tempo de leitura\" \/>\n\t<meta name=\"twitter:data2\" content=\"1 minuto\" \/>\n<script type=\"application\/ld+json\" class=\"yoast-schema-graph\">{\"@context\":\"https:\/\/schema.org\",\"@graph\":[{\"@type\":\"Article\",\"@id\":\"https:\/\/jornaltimoneiro.com.br\/index.php\/2015\/07\/13\/segunda-com-chuva-e-transtornos-em-canoas\/#article\",\"isPartOf\":{\"@id\":\"https:\/\/jornaltimoneiro.com.br\/index.php\/2015\/07\/13\/segunda-com-chuva-e-transtornos-em-canoas\/\"},\"author\":{\"name\":\"Reda\u00e7\u00e3o\",\"@id\":\"https:\/\/jornaltimoneiro.com.br\/#\/schema\/person\/620efd1d8244466117482be494360b08\"},\"headline\":\"Segunda com chuva e transtornos em Canoas\",\"datePublished\":\"2015-07-13T12:58:25+00:00\",\"dateModified\":\"2015-07-13T12:58:25+00:00\",\"mainEntityOfPage\":{\"@id\":\"https:\/\/jornaltimoneiro.com.br\/index.php\/2015\/07\/13\/segunda-com-chuva-e-transtornos-em-canoas\/\"},\"wordCount\":149,\"commentCount\":0,\"publisher\":{\"@id\":\"https:\/\/jornaltimoneiro.com.br\/#organization\"},\"articleSection\":[\"Comunidade\",\"Destaques\",\"Not\u00edcias\"],\"inLanguage\":\"pt-BR\",\"potentialAction\":[{\"@type\":\"CommentAction\",\"name\":\"Comment\",\"target\":[\"https:\/\/jornaltimoneiro.com.br\/index.php\/2015\/07\/13\/segunda-com-chuva-e-transtornos-em-canoas\/#respond\"]}]},{\"@type\":\"WebPage\",\"@id\":\"https:\/\/jornaltimoneiro.com.br\/index.php\/2015\/07\/13\/segunda-com-chuva-e-transtornos-em-canoas\/\",\"url\":\"https:\/\/jornaltimoneiro.com.br\/index.php\/2015\/07\/13\/segunda-com-chuva-e-transtornos-em-canoas\/\",\"name\":\"Segunda com chuva e transtornos em Canoas - O Timoneiro Jornal Canoas RS\",\"isPartOf\":{\"@id\":\"https:\/\/jornaltimoneiro.com.br\/#website\"},\"datePublished\":\"2015-07-13T12:58:25+00:00\",\"dateModified\":\"2015-07-13T12:58:25+00:00\",\"breadcrumb\":{\"@id\":\"https:\/\/jornaltimoneiro.com.br\/index.php\/2015\/07\/13\/segunda-com-chuva-e-transtornos-em-canoas\/#breadcrumb\"},\"inLanguage\":\"pt-BR\",\"potentialAction\":[{\"@type\":\"ReadAction\",\"target\":[\"https:\/\/jornaltimoneiro.com.br\/index.php\/2015\/07\/13\/segunda-com-chuva-e-transtornos-em-canoas\/\"]}]},{\"@type\":\"BreadcrumbList\",\"@id\":\"https:\/\/jornaltimoneiro.com.br\/index.php\/2015\/07\/13\/segunda-com-chuva-e-transtornos-em-canoas\/#breadcrumb\",\"itemListElement\":[{\"@type\":\"ListItem\",\"position\":1,\"name\":\"In\u00edcio\",\"item\":\"https:\/\/jornaltimoneiro.com.br\/\"},{\"@type\":\"ListItem\",\"position\":2,\"name\":\"Segunda com chuva e transtornos em Canoas\"}]},{\"@type\":\"WebSite\",\"@id\":\"https:\/\/jornaltimoneiro.com.br\/#website\",\"url\":\"https:\/\/jornaltimoneiro.com.br\/\",\"name\":\"Jornal Timoneiro Canoas RS\",\"description\":\"Jornal O Timoneiro, o verdadeiro jornal de Canoas\",\"publisher\":{\"@id\":\"https:\/\/jornaltimoneiro.com.br\/#organization\"},\"potentialAction\":[{\"@type\":\"SearchAction\",\"target\":{\"@type\":\"EntryPoint\",\"urlTemplate\":\"https:\/\/jornaltimoneiro.com.br\/?s={search_term_string}\"},\"query-input\":\"required name=search_term_string\"}],\"inLanguage\":\"pt-BR\"},{\"@type\":\"Organization\",\"@id\":\"https:\/\/jornaltimoneiro.com.br\/#organization\",\"name\":\"Jornal Timoneiro Canoas RS\",\"url\":\"https:\/\/jornaltimoneiro.com.br\/\",\"logo\":{\"@type\":\"ImageObject\",\"inLanguage\":\"pt-BR\",\"@id\":\"https:\/\/jornaltimoneiro.com.br\/#\/schema\/logo\/image\/\",\"url\":\"https:\/\/jornaltimoneiro.com.br\/wp-content\/uploads\/2023\/03\/logonovo.png\",\"contentUrl\":\"https:\/\/jornaltimoneiro.com.br\/wp-content\/uploads\/2023\/03\/logonovo.png\",\"width\":\"469\",\"height\":\"171\",\"caption\":\"Jornal Timoneiro Canoas RS\"},\"image\":{\"@id\":\"https:\/\/jornaltimoneiro.com.br\/#\/schema\/logo\/image\/\"},\"sameAs\":[\"https:\/\/www.facebook.com\/jornaltimoneiro\",\"https:\/\/twitter.com\/_OTimoneiro\",\"https:\/\/www.instagram.com\/jornaltimoneirocanoas\/\",\"https:\/\/www.youtube.com\/@jornalotimoneiro7927\"]},{\"@type\":\"Person\",\"@id\":\"https:\/\/jornaltimoneiro.com.br\/#\/schema\/person\/620efd1d8244466117482be494360b08\",\"name\":\"Reda\u00e7\u00e3o\",\"image\":{\"@type\":\"ImageObject\",\"inLanguage\":\"pt-BR\",\"@id\":\"https:\/\/jornaltimoneiro.com.br\/#\/schema\/person\/image\/\",\"url\":\"https:\/\/secure.gravatar.com\/avatar\/2f04e1b304682a8d9db336c7acd77f08?s=96&d=mm&r=g\",\"contentUrl\":\"https:\/\/secure.gravatar.com\/avatar\/2f04e1b304682a8d9db336c7acd77f08?s=96&d=mm&r=g\",\"caption\":\"Reda\u00e7\u00e3o\"},\"url\":\"https:\/\/jornaltimoneiro.com.br\/index.php\/author\/timoneirocanoas\/\"}]}<\/script>\n<!-- \/ Yoast SEO plugin. -->","yoast_head_json":{"title":"Segunda com chuva e transtornos em Canoas - O Timoneiro Jornal Canoas RS","robots":{"index":"index","follow":"follow","max-snippet":"max-snippet:-1","max-image-preview":"max-image-preview:large","max-video-preview":"max-video-preview:-1"},"canonical":"https:\/\/jornaltimoneiro.com.br\/index.php\/2015\/07\/13\/segunda-com-chuva-e-transtornos-em-canoas\/","og_locale":"pt_BR","og_type":"article","og_title":"Segunda com chuva e transtornos em Canoas - O Timoneiro Jornal Canoas RS","og_description":"A manh\u00e3 desta segunda-feira, 13, come\u00e7ou chuvosa em todo o Estado. Em Canoas, os bairros S\u00e3o Luis, Mathias Velho e Brigadeira apresentam inunda\u00e7\u00f5es.At\u00e9 o momento, sem informa\u00e7\u00f5es de falta no fornecimento de \u00e1gua e luz no munic\u00edpio. A BR-116, tamb\u00e9m est\u00e1 alagada em alguns trechos e apresenta tr\u00e2nsito lento, com engarrafamentos. As avenidas Boqueir\u00e3o, Rio [&hellip;]","og_url":"https:\/\/jornaltimoneiro.com.br\/index.php\/2015\/07\/13\/segunda-com-chuva-e-transtornos-em-canoas\/","og_site_name":"O Timoneiro Jornal Canoas RS","article_publisher":"https:\/\/www.facebook.com\/jornaltimoneiro","article_published_time":"2015-07-13T12:58:25+00:00","og_image":[{"url":"http:\/\/otimoneiro.com.br\/wp-content\/uploads\/2015\/07\/Foto-por-Henrique-Ribeiro-Twitter-@Henribeiroj-225x300.jpg"}],"author":"Reda\u00e7\u00e3o","twitter_card":"summary_large_image","twitter_creator":"@_OTimoneiro","twitter_site":"@_OTimoneiro","twitter_misc":{"Escrito por":"Reda\u00e7\u00e3o","Est. tempo de leitura":"1 minuto"},"schema":{"@context":"https:\/\/schema.org","@graph":[{"@type":"Article","@id":"https:\/\/jornaltimoneiro.com.br\/index.php\/2015\/07\/13\/segunda-com-chuva-e-transtornos-em-canoas\/#article","isPartOf":{"@id":"https:\/\/jornaltimoneiro.com.br\/index.php\/2015\/07\/13\/segunda-com-chuva-e-transtornos-em-canoas\/"},"author":{"name":"Reda\u00e7\u00e3o","@id":"https:\/\/jornaltimoneiro.com.br\/#\/schema\/person\/620efd1d8244466117482be494360b08"},"headline":"Segunda com chuva e transtornos em Canoas","datePublished":"2015-07-13T12:58:25+00:00","dateModified":"2015-07-13T12:58:25+00:00","mainEntityOfPage":{"@id":"https:\/\/jornaltimoneiro.com.br\/index.php\/2015\/07\/13\/segunda-com-chuva-e-transtornos-em-canoas\/"},"wordCount":149,"commentCount":0,"publisher":{"@id":"https:\/\/jornaltimoneiro.com.br\/#organization"},"articleSection":["Comunidade","Destaques","Not\u00edcias"],"inLanguage":"pt-BR","potentialAction":[{"@type":"CommentAction","name":"Comment","target":["https:\/\/jornaltimoneiro.com.br\/index.php\/2015\/07\/13\/segunda-com-chuva-e-transtornos-em-canoas\/#respond"]}]},{"@type":"WebPage","@id":"https:\/\/jornaltimoneiro.com.br\/index.php\/2015\/07\/13\/segunda-com-chuva-e-transtornos-em-canoas\/","url":"https:\/\/jornaltimoneiro.com.br\/index.php\/2015\/07\/13\/segunda-com-chuva-e-transtornos-em-canoas\/","name":"Segunda com chuva e transtornos em Canoas - O Timoneiro Jornal Canoas RS","isPartOf":{"@id":"https:\/\/jornaltimoneiro.com.br\/#website"},"datePublished":"2015-07-13T12:58:25+00:00","dateModified":"2015-07-13T12:58:25+00:00","breadcrumb":{"@id":"https:\/\/jornaltimoneiro.com.br\/index.php\/2015\/07\/13\/segunda-com-chuva-e-transtornos-em-canoas\/#breadcrumb"},"inLanguage":"pt-BR","potentialAction":[{"@type":"ReadAction","target":["https:\/\/jornaltimoneiro.com.br\/index.php\/2015\/07\/13\/segunda-com-chuva-e-transtornos-em-canoas\/"]}]},{"@type":"BreadcrumbList","@id":"https:\/\/jornaltimoneiro.com.br\/index.php\/2015\/07\/13\/segunda-com-chuva-e-transtornos-em-canoas\/#breadcrumb","itemListElement":[{"@type":"ListItem","position":1,"name":"In\u00edcio","item":"https:\/\/jornaltimoneiro.com.br\/"},{"@type":"ListItem","position":2,"name":"Segunda com chuva e transtornos em Canoas"}]},{"@type":"WebSite","@id":"https:\/\/jornaltimoneiro.com.br\/#website","url":"https:\/\/jornaltimoneiro.com.br\/","name":"Jornal Timoneiro Canoas RS","description":"Jornal O Timoneiro, o verdadeiro jornal de Canoas","publisher":{"@id":"https:\/\/jornaltimoneiro.com.br\/#organization"},"potentialAction":[{"@type":"SearchAction","target":{"@type":"EntryPoint","urlTemplate":"https:\/\/jornaltimoneiro.com.br\/?s={search_term_string}"},"query-input":"required name=search_term_string"}],"inLanguage":"pt-BR"},{"@type":"Organization","@id":"https:\/\/jornaltimoneiro.com.br\/#organization","name":"Jornal Timoneiro Canoas RS","url":"https:\/\/jornaltimoneiro.com.br\/","logo":{"@type":"ImageObject","inLanguage":"pt-BR","@id":"https:\/\/jornaltimoneiro.com.br\/#\/schema\/logo\/image\/","url":"https:\/\/jornaltimoneiro.com.br\/wp-content\/uploads\/2023\/03\/logonovo.png","contentUrl":"https:\/\/jornaltimoneiro.com.br\/wp-content\/uploads\/2023\/03\/logonovo.png","width":"469","height":"171","caption":"Jornal Timoneiro Canoas RS"},"image":{"@id":"https:\/\/jornaltimoneiro.com.br\/#\/schema\/logo\/image\/"},"sameAs":["https:\/\/www.facebook.com\/jornaltimoneiro","https:\/\/twitter.com\/_OTimoneiro","https:\/\/www.instagram.com\/jornaltimoneirocanoas\/","https:\/\/www.youtube.com\/@jornalotimoneiro7927"]},{"@type":"Person","@id":"https:\/\/jornaltimoneiro.com.br\/#\/schema\/person\/620efd1d8244466117482be494360b08","name":"Reda\u00e7\u00e3o","image":{"@type":"ImageObject","inLanguage":"pt-BR","@id":"https:\/\/jornaltimoneiro.com.br\/#\/schema\/person\/image\/","url":"https:\/\/secure.gravatar.com\/avatar\/2f04e1b304682a8d9db336c7acd77f08?s=96&d=mm&r=g","contentUrl":"https:\/\/secure.gravatar.com\/avatar\/2f04e1b304682a8d9db336c7acd77f08?s=96&d=mm&r=g","caption":"Reda\u00e7\u00e3o"},"url":"https:\/\/jornaltimoneiro.com.br\/index.php\/author\/timoneirocanoas\/"}]}},"_links":{"self":[{"href":"https:\/\/jornaltimoneiro.com.br\/index.php\/wp-json\/wp\/v2\/posts\/602"}],"collection":[{"href":"https:\/\/jornaltimoneiro.com.br\/index.php\/wp-json\/wp\/v2\/posts"}],"about":[{"href":"https:\/\/jornaltimoneiro.com.br\/index.php\/wp-json\/wp\/v2\/types\/post"}],"author":[{"embeddable":true,"href":"https:\/\/jornaltimoneiro.com.br\/index.php\/wp-json\/wp\/v2\/users\/1"}],"replies":[{"embeddable":true,"href":"https:\/\/jornaltimoneiro.com.br\/index.php\/wp-json\/wp\/v2\/comments?post=602"}],"version-history":[{"count":0,"href":"https:\/\/jornaltimoneiro.com.br\/index.php\/wp-json\/wp\/v2\/posts\/602\/revisions"}],"wp:attachment":[{"href":"https:\/\/jornaltimoneiro.com.br\/index.php\/wp-json\/wp\/v2\/media?parent=602"}],"wp:term":[{"taxonomy":"category","embeddable":true,"href":"https:\/\/jornaltimoneiro.com.br\/index.php\/wp-json\/wp\/v2\/categories?post=602"},{"taxonomy":"post_tag","embeddable":true,"href":"https:\/\/jornaltimoneiro.com.br\/index.php\/wp-json\/wp\/v2\/tags?post=602"}],"curies":[{"name":"wp","href":"https:\/\/api.w.org\/{rel}","templated":true}]}}