{"id":5988,"date":"2016-12-20T12:05:07","date_gmt":"2016-12-20T14:05:07","guid":{"rendered":"http:\/\/otimoneiro.com.br\/?p=5988"},"modified":"2016-12-20T12:05:07","modified_gmt":"2016-12-20T14:05:07","slug":"lebesgedorecanoas-vence-classico-gaucho-e-se-consolida-no-g8","status":"publish","type":"post","link":"https:\/\/jornaltimoneiro.com.br\/index.php\/2016\/12\/20\/lebesgedorecanoas-vence-classico-gaucho-e-se-consolida-no-g8\/","title":{"rendered":"Lebes\/Gedore\/Canoas vence cl\u00e1ssico ga\u00facho e se consolida no G8"},"content":{"rendered":"<p><a href=\"http:\/\/otimoneiro.com.br\/wp-content\/uploads\/2016\/12\/2d3ac5cc-305b-4a98-b7ee-e5de3c979053.jpg\"><img decoding=\"async\" class=\"aligncenter size-large wp-image-5989\" src=\"http:\/\/otimoneiro.com.br\/wp-content\/uploads\/2016\/12\/2d3ac5cc-305b-4a98-b7ee-e5de3c979053-1024x683.jpg\" alt=\"2d3ac5cc-305b-4a98-b7ee-e5de3c979053\" width=\"1024\" height=\"683\" \/><\/a>O Lebes\/Gedore\/Canoas deu um passo importante para se consolidar no G8 da Superliga Masculina 2016\/2017. Na noite desta segunda-feira, o time comandado por Marcelo Fronckowiak venceu o cl\u00e1ssico ga\u00facho contra o Bento V\u00f4lei por 3 sets a 1.<\/p>\n<p>&#8220;Foi uma bela vit\u00f3ria, pra fechar o ano entre os oito melhores e classificados para a Copa Brasil, que era nosso objetivo&#8221; vibrou o central Ialisson, escolhido por vota\u00e7\u00e3o no site da Confedera\u00e7\u00e3o Brasileira de Voleibol (CBV) como o melhor em quadra.<\/p>\n<p>Al\u00e9m da vit\u00f3ria e do melhor jogador em quadra, o Lebes\/Gedore\/Canoas teve o maior pontuador da partida. O ponteiro Gabriel marcou 16 vezes e saiu de quadra como mais um destaque.<\/p>\n<p>Com a parada da Superliga para as festas de final de ano, o Lebes\/Gedore\/Canoas ter\u00e1 uma semana de folga. O time comandado por Marcelo Fronckowiak volta \u00e0 quadra somente no dia 7 de janeiro de 2017, na abertura do returno da competi\u00e7\u00e3o. Em casa, a equipe ga\u00facha recebe o Montes Claros V\u00f4lei.<\/p>\n<h3>EQUIPES<\/h3>\n<p><strong>BENTO V\u00d4LEI\/ISABELA<\/strong> \u2013 Sandro, Wagner, Z\u00e9 Ricardo Tarc\u00edsio, Deivid e Clinty. L\u00edbero \u2013 Daniel<\/p>\n<p>Entraram \u2013 Michel, Dantem Rivoli, Douglas, Wellington<\/p>\n<p>T\u00e9cnico: Paul\u00e3o<\/p>\n<p><strong>LEBES\/GEDORE\/CANOAS<\/strong> \u2013 Evandro, Thomaz, Giovanni, Ialisson, Gabriel e Alisson. L\u00edbero \u2013 Thales<\/p>\n<p>Entraram \u2013 Maur\u00edcio, Alem\u00e3o, Felipe, Composto<\/p>\n<p>T\u00e9cnico: Marcelo Fronckowiak<\/p>\n","protected":false},"excerpt":{"rendered":"<p>O Lebes\/Gedore\/Canoas deu um passo importante para se consolidar no G8 da Superliga Masculina 2016\/2017. Na noite desta segunda-feira, o time comandado por Marcelo Fronckowiak venceu o cl\u00e1ssico ga\u00facho contra o Bento V\u00f4lei por 3 sets a 1. &#8220;Foi uma bela vit\u00f3ria, pra fechar o ano entre os oito melhores e classificados para a Copa [&hellip;]<\/p>\n","protected":false},"author":1,"featured_media":5989,"comment_status":"open","ping_status":"open","sticky":false,"template":"","format":"standard","meta":{"amp_status":"","footnotes":""},"categories":[19,24,23,22],"tags":[],"class_list":["post-5988","post","type-post","status-publish","format-standard","has-post-thumbnail","hentry","category-destaques","category-esporte","category-geral","category-noticias"],"yoast_head":"<!-- This site is optimized with the Yoast SEO plugin v20.5 - https:\/\/yoast.com\/wordpress\/plugins\/seo\/ -->\n<title>Lebes\/Gedore\/Canoas vence cl\u00e1ssico ga\u00facho e se consolida no G8 - O Timoneiro Jornal Canoas RS<\/title>\n<meta name=\"robots\" content=\"index, follow, max-snippet:-1, max-image-preview:large, max-video-preview:-1\" \/>\n<link rel=\"canonical\" href=\"https:\/\/jornaltimoneiro.com.br\/index.php\/2016\/12\/20\/lebesgedorecanoas-vence-classico-gaucho-e-se-consolida-no-g8\/\" \/>\n<meta property=\"og:locale\" content=\"pt_BR\" \/>\n<meta property=\"og:type\" content=\"article\" \/>\n<meta property=\"og:title\" content=\"Lebes\/Gedore\/Canoas vence cl\u00e1ssico ga\u00facho e se consolida no G8 - O Timoneiro Jornal Canoas RS\" \/>\n<meta property=\"og:description\" content=\"O Lebes\/Gedore\/Canoas deu um passo importante para se consolidar no G8 da Superliga Masculina 2016\/2017. Na noite desta segunda-feira, o time comandado por Marcelo Fronckowiak venceu o cl\u00e1ssico ga\u00facho contra o Bento V\u00f4lei por 3 sets a 1. &#8220;Foi uma bela vit\u00f3ria, pra fechar o ano entre os oito melhores e classificados para a Copa [&hellip;]\" \/>\n<meta property=\"og:url\" content=\"https:\/\/jornaltimoneiro.com.br\/index.php\/2016\/12\/20\/lebesgedorecanoas-vence-classico-gaucho-e-se-consolida-no-g8\/\" \/>\n<meta property=\"og:site_name\" content=\"O Timoneiro Jornal Canoas RS\" \/>\n<meta property=\"article:publisher\" content=\"https:\/\/www.facebook.com\/jornaltimoneiro\" \/>\n<meta property=\"article:published_time\" content=\"2016-12-20T14:05:07+00:00\" \/>\n<meta name=\"author\" content=\"Reda\u00e7\u00e3o\" \/>\n<meta name=\"twitter:card\" content=\"summary_large_image\" \/>\n<meta name=\"twitter:creator\" content=\"@_OTimoneiro\" \/>\n<meta name=\"twitter:site\" content=\"@_OTimoneiro\" \/>\n<meta name=\"twitter:label1\" content=\"Escrito por\" \/>\n\t<meta name=\"twitter:data1\" content=\"Reda\u00e7\u00e3o\" \/>\n\t<meta name=\"twitter:label2\" content=\"Est. tempo de leitura\" \/>\n\t<meta name=\"twitter:data2\" content=\"1 minuto\" \/>\n<script type=\"application\/ld+json\" class=\"yoast-schema-graph\">{\"@context\":\"https:\/\/schema.org\",\"@graph\":[{\"@type\":\"Article\",\"@id\":\"https:\/\/jornaltimoneiro.com.br\/index.php\/2016\/12\/20\/lebesgedorecanoas-vence-classico-gaucho-e-se-consolida-no-g8\/#article\",\"isPartOf\":{\"@id\":\"https:\/\/jornaltimoneiro.com.br\/index.php\/2016\/12\/20\/lebesgedorecanoas-vence-classico-gaucho-e-se-consolida-no-g8\/\"},\"author\":{\"name\":\"Reda\u00e7\u00e3o\",\"@id\":\"https:\/\/jornaltimoneiro.com.br\/#\/schema\/person\/620efd1d8244466117482be494360b08\"},\"headline\":\"Lebes\/Gedore\/Canoas vence cl\u00e1ssico ga\u00facho e se consolida no G8\",\"datePublished\":\"2016-12-20T14:05:07+00:00\",\"dateModified\":\"2016-12-20T14:05:07+00:00\",\"mainEntityOfPage\":{\"@id\":\"https:\/\/jornaltimoneiro.com.br\/index.php\/2016\/12\/20\/lebesgedorecanoas-vence-classico-gaucho-e-se-consolida-no-g8\/\"},\"wordCount\":237,\"commentCount\":0,\"publisher\":{\"@id\":\"https:\/\/jornaltimoneiro.com.br\/#organization\"},\"articleSection\":[\"Destaques\",\"Esporte\",\"Geral\",\"Not\u00edcias\"],\"inLanguage\":\"pt-BR\",\"potentialAction\":[{\"@type\":\"CommentAction\",\"name\":\"Comment\",\"target\":[\"https:\/\/jornaltimoneiro.com.br\/index.php\/2016\/12\/20\/lebesgedorecanoas-vence-classico-gaucho-e-se-consolida-no-g8\/#respond\"]}]},{\"@type\":\"WebPage\",\"@id\":\"https:\/\/jornaltimoneiro.com.br\/index.php\/2016\/12\/20\/lebesgedorecanoas-vence-classico-gaucho-e-se-consolida-no-g8\/\",\"url\":\"https:\/\/jornaltimoneiro.com.br\/index.php\/2016\/12\/20\/lebesgedorecanoas-vence-classico-gaucho-e-se-consolida-no-g8\/\",\"name\":\"Lebes\/Gedore\/Canoas vence cl\u00e1ssico ga\u00facho e se consolida no G8 - O Timoneiro Jornal Canoas RS\",\"isPartOf\":{\"@id\":\"https:\/\/jornaltimoneiro.com.br\/#website\"},\"datePublished\":\"2016-12-20T14:05:07+00:00\",\"dateModified\":\"2016-12-20T14:05:07+00:00\",\"breadcrumb\":{\"@id\":\"https:\/\/jornaltimoneiro.com.br\/index.php\/2016\/12\/20\/lebesgedorecanoas-vence-classico-gaucho-e-se-consolida-no-g8\/#breadcrumb\"},\"inLanguage\":\"pt-BR\",\"potentialAction\":[{\"@type\":\"ReadAction\",\"target\":[\"https:\/\/jornaltimoneiro.com.br\/index.php\/2016\/12\/20\/lebesgedorecanoas-vence-classico-gaucho-e-se-consolida-no-g8\/\"]}]},{\"@type\":\"BreadcrumbList\",\"@id\":\"https:\/\/jornaltimoneiro.com.br\/index.php\/2016\/12\/20\/lebesgedorecanoas-vence-classico-gaucho-e-se-consolida-no-g8\/#breadcrumb\",\"itemListElement\":[{\"@type\":\"ListItem\",\"position\":1,\"name\":\"In\u00edcio\",\"item\":\"https:\/\/jornaltimoneiro.com.br\/\"},{\"@type\":\"ListItem\",\"position\":2,\"name\":\"Lebes\/Gedore\/Canoas vence cl\u00e1ssico ga\u00facho e se consolida no G8\"}]},{\"@type\":\"WebSite\",\"@id\":\"https:\/\/jornaltimoneiro.com.br\/#website\",\"url\":\"https:\/\/jornaltimoneiro.com.br\/\",\"name\":\"Jornal Timoneiro Canoas RS\",\"description\":\"Jornal O Timoneiro, o verdadeiro jornal de Canoas\",\"publisher\":{\"@id\":\"https:\/\/jornaltimoneiro.com.br\/#organization\"},\"potentialAction\":[{\"@type\":\"SearchAction\",\"target\":{\"@type\":\"EntryPoint\",\"urlTemplate\":\"https:\/\/jornaltimoneiro.com.br\/?s={search_term_string}\"},\"query-input\":\"required name=search_term_string\"}],\"inLanguage\":\"pt-BR\"},{\"@type\":\"Organization\",\"@id\":\"https:\/\/jornaltimoneiro.com.br\/#organization\",\"name\":\"Jornal Timoneiro Canoas RS\",\"url\":\"https:\/\/jornaltimoneiro.com.br\/\",\"logo\":{\"@type\":\"ImageObject\",\"inLanguage\":\"pt-BR\",\"@id\":\"https:\/\/jornaltimoneiro.com.br\/#\/schema\/logo\/image\/\",\"url\":\"https:\/\/jornaltimoneiro.com.br\/wp-content\/uploads\/2023\/03\/logonovo.png\",\"contentUrl\":\"https:\/\/jornaltimoneiro.com.br\/wp-content\/uploads\/2023\/03\/logonovo.png\",\"width\":\"469\",\"height\":\"171\",\"caption\":\"Jornal Timoneiro Canoas RS\"},\"image\":{\"@id\":\"https:\/\/jornaltimoneiro.com.br\/#\/schema\/logo\/image\/\"},\"sameAs\":[\"https:\/\/www.facebook.com\/jornaltimoneiro\",\"https:\/\/twitter.com\/_OTimoneiro\",\"https:\/\/www.instagram.com\/jornaltimoneirocanoas\/\",\"https:\/\/www.youtube.com\/@jornalotimoneiro7927\"]},{\"@type\":\"Person\",\"@id\":\"https:\/\/jornaltimoneiro.com.br\/#\/schema\/person\/620efd1d8244466117482be494360b08\",\"name\":\"Reda\u00e7\u00e3o\",\"image\":{\"@type\":\"ImageObject\",\"inLanguage\":\"pt-BR\",\"@id\":\"https:\/\/jornaltimoneiro.com.br\/#\/schema\/person\/image\/\",\"url\":\"https:\/\/secure.gravatar.com\/avatar\/2f04e1b304682a8d9db336c7acd77f08?s=96&d=mm&r=g\",\"contentUrl\":\"https:\/\/secure.gravatar.com\/avatar\/2f04e1b304682a8d9db336c7acd77f08?s=96&d=mm&r=g\",\"caption\":\"Reda\u00e7\u00e3o\"},\"url\":\"https:\/\/jornaltimoneiro.com.br\/index.php\/author\/timoneirocanoas\/\"}]}<\/script>\n<!-- \/ Yoast SEO plugin. -->","yoast_head_json":{"title":"Lebes\/Gedore\/Canoas vence cl\u00e1ssico ga\u00facho e se consolida no G8 - O Timoneiro Jornal Canoas RS","robots":{"index":"index","follow":"follow","max-snippet":"max-snippet:-1","max-image-preview":"max-image-preview:large","max-video-preview":"max-video-preview:-1"},"canonical":"https:\/\/jornaltimoneiro.com.br\/index.php\/2016\/12\/20\/lebesgedorecanoas-vence-classico-gaucho-e-se-consolida-no-g8\/","og_locale":"pt_BR","og_type":"article","og_title":"Lebes\/Gedore\/Canoas vence cl\u00e1ssico ga\u00facho e se consolida no G8 - O Timoneiro Jornal Canoas RS","og_description":"O Lebes\/Gedore\/Canoas deu um passo importante para se consolidar no G8 da Superliga Masculina 2016\/2017. Na noite desta segunda-feira, o time comandado por Marcelo Fronckowiak venceu o cl\u00e1ssico ga\u00facho contra o Bento V\u00f4lei por 3 sets a 1. &#8220;Foi uma bela vit\u00f3ria, pra fechar o ano entre os oito melhores e classificados para a Copa [&hellip;]","og_url":"https:\/\/jornaltimoneiro.com.br\/index.php\/2016\/12\/20\/lebesgedorecanoas-vence-classico-gaucho-e-se-consolida-no-g8\/","og_site_name":"O Timoneiro Jornal Canoas RS","article_publisher":"https:\/\/www.facebook.com\/jornaltimoneiro","article_published_time":"2016-12-20T14:05:07+00:00","author":"Reda\u00e7\u00e3o","twitter_card":"summary_large_image","twitter_creator":"@_OTimoneiro","twitter_site":"@_OTimoneiro","twitter_misc":{"Escrito por":"Reda\u00e7\u00e3o","Est. tempo de leitura":"1 minuto"},"schema":{"@context":"https:\/\/schema.org","@graph":[{"@type":"Article","@id":"https:\/\/jornaltimoneiro.com.br\/index.php\/2016\/12\/20\/lebesgedorecanoas-vence-classico-gaucho-e-se-consolida-no-g8\/#article","isPartOf":{"@id":"https:\/\/jornaltimoneiro.com.br\/index.php\/2016\/12\/20\/lebesgedorecanoas-vence-classico-gaucho-e-se-consolida-no-g8\/"},"author":{"name":"Reda\u00e7\u00e3o","@id":"https:\/\/jornaltimoneiro.com.br\/#\/schema\/person\/620efd1d8244466117482be494360b08"},"headline":"Lebes\/Gedore\/Canoas vence cl\u00e1ssico ga\u00facho e se consolida no G8","datePublished":"2016-12-20T14:05:07+00:00","dateModified":"2016-12-20T14:05:07+00:00","mainEntityOfPage":{"@id":"https:\/\/jornaltimoneiro.com.br\/index.php\/2016\/12\/20\/lebesgedorecanoas-vence-classico-gaucho-e-se-consolida-no-g8\/"},"wordCount":237,"commentCount":0,"publisher":{"@id":"https:\/\/jornaltimoneiro.com.br\/#organization"},"articleSection":["Destaques","Esporte","Geral","Not\u00edcias"],"inLanguage":"pt-BR","potentialAction":[{"@type":"CommentAction","name":"Comment","target":["https:\/\/jornaltimoneiro.com.br\/index.php\/2016\/12\/20\/lebesgedorecanoas-vence-classico-gaucho-e-se-consolida-no-g8\/#respond"]}]},{"@type":"WebPage","@id":"https:\/\/jornaltimoneiro.com.br\/index.php\/2016\/12\/20\/lebesgedorecanoas-vence-classico-gaucho-e-se-consolida-no-g8\/","url":"https:\/\/jornaltimoneiro.com.br\/index.php\/2016\/12\/20\/lebesgedorecanoas-vence-classico-gaucho-e-se-consolida-no-g8\/","name":"Lebes\/Gedore\/Canoas vence cl\u00e1ssico ga\u00facho e se consolida no G8 - O Timoneiro Jornal Canoas RS","isPartOf":{"@id":"https:\/\/jornaltimoneiro.com.br\/#website"},"datePublished":"2016-12-20T14:05:07+00:00","dateModified":"2016-12-20T14:05:07+00:00","breadcrumb":{"@id":"https:\/\/jornaltimoneiro.com.br\/index.php\/2016\/12\/20\/lebesgedorecanoas-vence-classico-gaucho-e-se-consolida-no-g8\/#breadcrumb"},"inLanguage":"pt-BR","potentialAction":[{"@type":"ReadAction","target":["https:\/\/jornaltimoneiro.com.br\/index.php\/2016\/12\/20\/lebesgedorecanoas-vence-classico-gaucho-e-se-consolida-no-g8\/"]}]},{"@type":"BreadcrumbList","@id":"https:\/\/jornaltimoneiro.com.br\/index.php\/2016\/12\/20\/lebesgedorecanoas-vence-classico-gaucho-e-se-consolida-no-g8\/#breadcrumb","itemListElement":[{"@type":"ListItem","position":1,"name":"In\u00edcio","item":"https:\/\/jornaltimoneiro.com.br\/"},{"@type":"ListItem","position":2,"name":"Lebes\/Gedore\/Canoas vence cl\u00e1ssico ga\u00facho e se consolida no G8"}]},{"@type":"WebSite","@id":"https:\/\/jornaltimoneiro.com.br\/#website","url":"https:\/\/jornaltimoneiro.com.br\/","name":"Jornal Timoneiro Canoas RS","description":"Jornal O Timoneiro, o verdadeiro jornal de Canoas","publisher":{"@id":"https:\/\/jornaltimoneiro.com.br\/#organization"},"potentialAction":[{"@type":"SearchAction","target":{"@type":"EntryPoint","urlTemplate":"https:\/\/jornaltimoneiro.com.br\/?s={search_term_string}"},"query-input":"required name=search_term_string"}],"inLanguage":"pt-BR"},{"@type":"Organization","@id":"https:\/\/jornaltimoneiro.com.br\/#organization","name":"Jornal Timoneiro Canoas RS","url":"https:\/\/jornaltimoneiro.com.br\/","logo":{"@type":"ImageObject","inLanguage":"pt-BR","@id":"https:\/\/jornaltimoneiro.com.br\/#\/schema\/logo\/image\/","url":"https:\/\/jornaltimoneiro.com.br\/wp-content\/uploads\/2023\/03\/logonovo.png","contentUrl":"https:\/\/jornaltimoneiro.com.br\/wp-content\/uploads\/2023\/03\/logonovo.png","width":"469","height":"171","caption":"Jornal Timoneiro Canoas RS"},"image":{"@id":"https:\/\/jornaltimoneiro.com.br\/#\/schema\/logo\/image\/"},"sameAs":["https:\/\/www.facebook.com\/jornaltimoneiro","https:\/\/twitter.com\/_OTimoneiro","https:\/\/www.instagram.com\/jornaltimoneirocanoas\/","https:\/\/www.youtube.com\/@jornalotimoneiro7927"]},{"@type":"Person","@id":"https:\/\/jornaltimoneiro.com.br\/#\/schema\/person\/620efd1d8244466117482be494360b08","name":"Reda\u00e7\u00e3o","image":{"@type":"ImageObject","inLanguage":"pt-BR","@id":"https:\/\/jornaltimoneiro.com.br\/#\/schema\/person\/image\/","url":"https:\/\/secure.gravatar.com\/avatar\/2f04e1b304682a8d9db336c7acd77f08?s=96&d=mm&r=g","contentUrl":"https:\/\/secure.gravatar.com\/avatar\/2f04e1b304682a8d9db336c7acd77f08?s=96&d=mm&r=g","caption":"Reda\u00e7\u00e3o"},"url":"https:\/\/jornaltimoneiro.com.br\/index.php\/author\/timoneirocanoas\/"}]}},"_links":{"self":[{"href":"https:\/\/jornaltimoneiro.com.br\/index.php\/wp-json\/wp\/v2\/posts\/5988"}],"collection":[{"href":"https:\/\/jornaltimoneiro.com.br\/index.php\/wp-json\/wp\/v2\/posts"}],"about":[{"href":"https:\/\/jornaltimoneiro.com.br\/index.php\/wp-json\/wp\/v2\/types\/post"}],"author":[{"embeddable":true,"href":"https:\/\/jornaltimoneiro.com.br\/index.php\/wp-json\/wp\/v2\/users\/1"}],"replies":[{"embeddable":true,"href":"https:\/\/jornaltimoneiro.com.br\/index.php\/wp-json\/wp\/v2\/comments?post=5988"}],"version-history":[{"count":0,"href":"https:\/\/jornaltimoneiro.com.br\/index.php\/wp-json\/wp\/v2\/posts\/5988\/revisions"}],"wp:featuredmedia":[{"embeddable":true,"href":"https:\/\/jornaltimoneiro.com.br\/index.php\/wp-json\/"}],"wp:attachment":[{"href":"https:\/\/jornaltimoneiro.com.br\/index.php\/wp-json\/wp\/v2\/media?parent=5988"}],"wp:term":[{"taxonomy":"category","embeddable":true,"href":"https:\/\/jornaltimoneiro.com.br\/index.php\/wp-json\/wp\/v2\/categories?post=5988"},{"taxonomy":"post_tag","embeddable":true,"href":"https:\/\/jornaltimoneiro.com.br\/index.php\/wp-json\/wp\/v2\/tags?post=5988"}],"curies":[{"name":"wp","href":"https:\/\/api.w.org\/{rel}","templated":true}]}}