{"id":5983,"date":"2016-12-19T15:50:33","date_gmt":"2016-12-19T17:50:33","guid":{"rendered":"http:\/\/otimoneiro.com.br\/?p=5983"},"modified":"2016-12-19T15:50:33","modified_gmt":"2016-12-19T17:50:33","slug":"busato-gisele-uequed-e-vereadores-sao-diplomados-pelo-tre-rs","status":"publish","type":"post","link":"https:\/\/jornaltimoneiro.com.br\/index.php\/2016\/12\/19\/busato-gisele-uequed-e-vereadores-sao-diplomados-pelo-tre-rs\/","title":{"rendered":"Busato, Gisele Uequed e vereadores s\u00e3o diplomados pelo TRE-RS"},"content":{"rendered":"<div id=\"attachment_5981\" style=\"width: 662px\" class=\"wp-caption aligncenter\"><a href=\"http:\/\/otimoneiro.com.br\/wp-content\/uploads\/2016\/12\/15622230_1614889382150623_9113943861646618575_n.jpg\"><img decoding=\"async\" aria-describedby=\"caption-attachment-5981\" class=\"size-full wp-image-5981\" src=\"http:\/\/otimoneiro.com.br\/wp-content\/uploads\/2016\/12\/15622230_1614889382150623_9113943861646618575_n.jpg\" alt=\"Vice-prefeita eleita, Gisele Uequed, ju\u00edza eleitoral respons\u00e1vel pela 66\u00aa Zona Eleitoral, Patr\u00edcia Pereira Krebs Tonet e o prefeito eleito, Luiz Carlos Busato. \" width=\"652\" height=\"536\" \/><\/a><p id=\"caption-attachment-5981\" class=\"wp-caption-text\">Vice-prefeita eleita, Gisele Uequed, ju\u00edza eleitoral respons\u00e1vel pela 66\u00aa Zona Eleitoral, Patr\u00edcia Pereira Krebs Tonet e o prefeito eleito, Luiz Carlos Busato.<\/p><\/div>\n<p>O \u00faltimo passo antes da posse oficial dos candidatos eleitos no pleito de 2016 ocorreu nesta segunda-feira, 19, no Audit\u00f3rio Irm\u00e3o Bruno R\u00fcedel (Audit\u00f3rio Bord\u00f4) da Unilasalle Canoas. Na ocasi\u00e3o, o Tribunal Regional Eleitoral do Rio Grande do Sul (TRE-RS) diplomou 21 vereadores, a vice-prefeita eleita, Gisele Uequed (REDE) e o prefeito eleito, Luiz Carlos Busato (PTB). A solenidade contou com a presen\u00e7a de diversas autoridades municipais.<\/p>\n<p>Em seu discurso, a ju\u00edza eleitoral respons\u00e1vel pela 66\u00aa Zona Eleitoral, Patr\u00edcia Pereira Krebs Tonet, saudou os presentes e citou o momento dif\u00edcil pelo qual passa a justi\u00e7a brasileira. &#8220;De minha parte, alerto que a independ\u00eancia do judici\u00e1rio vem sofrendo s\u00e9rio risco&#8221;, disse a ju\u00edza. Ela ainda parabenizou as candidatos eleitos, ressaltando que os mesmos n\u00e3o se deixaram desencorajar pelo descr\u00e9dito com a pol\u00edtica. Tonet tamb\u00e9m citou temas como saneamento, seguran\u00e7a, sa\u00fade e educa\u00e7\u00e3o como \u00e1reas fundamentais e de urg\u00eancia para a cidade. &#8220;Chegamos no fundo do po\u00e7o, somente os senhores podem reverter este fato.&#8221; disse a Dra. Patr\u00edcia.<\/p>\n<h3>Prefeito eleito<\/h3>\n<p>Luiz Carlos Busato, quando chamado para discursar, foi ovacionado pelos presentes que lotavam o Audit\u00f3rio Ir. Bruno R\u00fcedel. \u00a0O prefeito eleito comentou o momento: &#8220;j\u00e1 fui diplomado v\u00e1rias vezes, mas esse \u00e9 o diploma que mais sonhei.&#8221; Sobre o novo ciclo que come\u00e7a, Busato tamb\u00e9m ressaltou os pontos b\u00e1sicos que precisam aten\u00e7\u00e3o na cidade, como sa\u00fade, educa\u00e7\u00e3o e seguran\u00e7a. &#8220;Vamos construir uma canoas de verdade&#8221;, ressaltou o prefeito eleito, que ainda falou sobre o perfil t\u00e9cnico dos secret\u00e1rios anunciados at\u00e9 o momento. No encerramento do discurso, ele parabenizou a justi\u00e7a eleitoral, especialmente a ju\u00edza eleitoral Patr\u00edcia Pereira Krebs Tonet, &#8220;pelo trabalho \u00e1gil e s\u00e9rio&#8221;.<\/p>\n<h3>Vice-Prefeita eleita<\/h3>\n<p>Tamb\u00e9m presente na diploma\u00e7\u00e3o, a vice-prefeita eleita, Gisele Uequed, \u00a0destacou a emo\u00e7\u00e3o sentida no momento da solenidade e ressaltou a responsabilidade do posto. &#8220;Sei da minha responsabilidade com a popula\u00e7\u00e3o e especialmente com as mulheres da nossa cidade&#8221;. Gisele ressalta que estar\u00e1 ao lado do prefeito para buscar conquistas nos pr\u00f3ximos quatro anos.<\/p>\n","protected":false},"excerpt":{"rendered":"<p>O \u00faltimo passo antes da posse oficial dos candidatos eleitos no pleito de 2016 ocorreu nesta segunda-feira, 19, no Audit\u00f3rio Irm\u00e3o Bruno R\u00fcedel (Audit\u00f3rio Bord\u00f4) da Unilasalle Canoas. Na ocasi\u00e3o, o Tribunal Regional Eleitoral do Rio Grande do Sul (TRE-RS) diplomou 21 vereadores, a vice-prefeita eleita, Gisele Uequed (REDE) e o prefeito eleito, Luiz Carlos [&hellip;]<\/p>\n","protected":false},"author":1,"featured_media":5981,"comment_status":"open","ping_status":"open","sticky":false,"template":"","format":"standard","meta":{"amp_status":"","footnotes":""},"categories":[19,23,22,20],"tags":[],"class_list":["post-5983","post","type-post","status-publish","format-standard","has-post-thumbnail","hentry","category-destaques","category-geral","category-noticias","category-politica-noticias"],"yoast_head":"<!-- This site is optimized with the Yoast SEO plugin v20.5 - https:\/\/yoast.com\/wordpress\/plugins\/seo\/ -->\n<title>Busato, Gisele Uequed e vereadores s\u00e3o diplomados pelo TRE-RS - O Timoneiro Jornal Canoas RS<\/title>\n<meta name=\"robots\" content=\"index, follow, max-snippet:-1, max-image-preview:large, max-video-preview:-1\" \/>\n<link rel=\"canonical\" href=\"https:\/\/jornaltimoneiro.com.br\/index.php\/2016\/12\/19\/busato-gisele-uequed-e-vereadores-sao-diplomados-pelo-tre-rs\/\" \/>\n<meta property=\"og:locale\" content=\"pt_BR\" \/>\n<meta property=\"og:type\" content=\"article\" \/>\n<meta property=\"og:title\" content=\"Busato, Gisele Uequed e vereadores s\u00e3o diplomados pelo TRE-RS - O Timoneiro Jornal Canoas RS\" \/>\n<meta property=\"og:description\" content=\"O \u00faltimo passo antes da posse oficial dos candidatos eleitos no pleito de 2016 ocorreu nesta segunda-feira, 19, no Audit\u00f3rio Irm\u00e3o Bruno R\u00fcedel (Audit\u00f3rio Bord\u00f4) da Unilasalle Canoas. Na ocasi\u00e3o, o Tribunal Regional Eleitoral do Rio Grande do Sul (TRE-RS) diplomou 21 vereadores, a vice-prefeita eleita, Gisele Uequed (REDE) e o prefeito eleito, Luiz Carlos [&hellip;]\" \/>\n<meta property=\"og:url\" content=\"https:\/\/jornaltimoneiro.com.br\/index.php\/2016\/12\/19\/busato-gisele-uequed-e-vereadores-sao-diplomados-pelo-tre-rs\/\" \/>\n<meta property=\"og:site_name\" content=\"O Timoneiro Jornal Canoas RS\" \/>\n<meta property=\"article:publisher\" content=\"https:\/\/www.facebook.com\/jornaltimoneiro\" \/>\n<meta property=\"article:published_time\" content=\"2016-12-19T17:50:33+00:00\" \/>\n<meta name=\"author\" content=\"Reda\u00e7\u00e3o\" \/>\n<meta name=\"twitter:card\" content=\"summary_large_image\" \/>\n<meta name=\"twitter:creator\" content=\"@_OTimoneiro\" \/>\n<meta name=\"twitter:site\" content=\"@_OTimoneiro\" \/>\n<meta name=\"twitter:label1\" content=\"Escrito por\" \/>\n\t<meta name=\"twitter:data1\" content=\"Reda\u00e7\u00e3o\" \/>\n\t<meta name=\"twitter:label2\" content=\"Est. tempo de leitura\" \/>\n\t<meta name=\"twitter:data2\" content=\"2 minutos\" \/>\n<script type=\"application\/ld+json\" class=\"yoast-schema-graph\">{\"@context\":\"https:\/\/schema.org\",\"@graph\":[{\"@type\":\"Article\",\"@id\":\"https:\/\/jornaltimoneiro.com.br\/index.php\/2016\/12\/19\/busato-gisele-uequed-e-vereadores-sao-diplomados-pelo-tre-rs\/#article\",\"isPartOf\":{\"@id\":\"https:\/\/jornaltimoneiro.com.br\/index.php\/2016\/12\/19\/busato-gisele-uequed-e-vereadores-sao-diplomados-pelo-tre-rs\/\"},\"author\":{\"name\":\"Reda\u00e7\u00e3o\",\"@id\":\"https:\/\/jornaltimoneiro.com.br\/#\/schema\/person\/620efd1d8244466117482be494360b08\"},\"headline\":\"Busato, Gisele Uequed e vereadores s\u00e3o diplomados pelo TRE-RS\",\"datePublished\":\"2016-12-19T17:50:33+00:00\",\"dateModified\":\"2016-12-19T17:50:33+00:00\",\"mainEntityOfPage\":{\"@id\":\"https:\/\/jornaltimoneiro.com.br\/index.php\/2016\/12\/19\/busato-gisele-uequed-e-vereadores-sao-diplomados-pelo-tre-rs\/\"},\"wordCount\":409,\"commentCount\":0,\"publisher\":{\"@id\":\"https:\/\/jornaltimoneiro.com.br\/#organization\"},\"articleSection\":[\"Destaques\",\"Geral\",\"Not\u00edcias\",\"Pol\u00edtica\"],\"inLanguage\":\"pt-BR\",\"potentialAction\":[{\"@type\":\"CommentAction\",\"name\":\"Comment\",\"target\":[\"https:\/\/jornaltimoneiro.com.br\/index.php\/2016\/12\/19\/busato-gisele-uequed-e-vereadores-sao-diplomados-pelo-tre-rs\/#respond\"]}]},{\"@type\":\"WebPage\",\"@id\":\"https:\/\/jornaltimoneiro.com.br\/index.php\/2016\/12\/19\/busato-gisele-uequed-e-vereadores-sao-diplomados-pelo-tre-rs\/\",\"url\":\"https:\/\/jornaltimoneiro.com.br\/index.php\/2016\/12\/19\/busato-gisele-uequed-e-vereadores-sao-diplomados-pelo-tre-rs\/\",\"name\":\"Busato, Gisele Uequed e vereadores s\u00e3o diplomados pelo TRE-RS - O Timoneiro Jornal Canoas RS\",\"isPartOf\":{\"@id\":\"https:\/\/jornaltimoneiro.com.br\/#website\"},\"datePublished\":\"2016-12-19T17:50:33+00:00\",\"dateModified\":\"2016-12-19T17:50:33+00:00\",\"breadcrumb\":{\"@id\":\"https:\/\/jornaltimoneiro.com.br\/index.php\/2016\/12\/19\/busato-gisele-uequed-e-vereadores-sao-diplomados-pelo-tre-rs\/#breadcrumb\"},\"inLanguage\":\"pt-BR\",\"potentialAction\":[{\"@type\":\"ReadAction\",\"target\":[\"https:\/\/jornaltimoneiro.com.br\/index.php\/2016\/12\/19\/busato-gisele-uequed-e-vereadores-sao-diplomados-pelo-tre-rs\/\"]}]},{\"@type\":\"BreadcrumbList\",\"@id\":\"https:\/\/jornaltimoneiro.com.br\/index.php\/2016\/12\/19\/busato-gisele-uequed-e-vereadores-sao-diplomados-pelo-tre-rs\/#breadcrumb\",\"itemListElement\":[{\"@type\":\"ListItem\",\"position\":1,\"name\":\"In\u00edcio\",\"item\":\"https:\/\/jornaltimoneiro.com.br\/\"},{\"@type\":\"ListItem\",\"position\":2,\"name\":\"Busato, Gisele Uequed e vereadores s\u00e3o diplomados pelo TRE-RS\"}]},{\"@type\":\"WebSite\",\"@id\":\"https:\/\/jornaltimoneiro.com.br\/#website\",\"url\":\"https:\/\/jornaltimoneiro.com.br\/\",\"name\":\"Jornal Timoneiro Canoas RS\",\"description\":\"Jornal O Timoneiro, o verdadeiro jornal de Canoas\",\"publisher\":{\"@id\":\"https:\/\/jornaltimoneiro.com.br\/#organization\"},\"potentialAction\":[{\"@type\":\"SearchAction\",\"target\":{\"@type\":\"EntryPoint\",\"urlTemplate\":\"https:\/\/jornaltimoneiro.com.br\/?s={search_term_string}\"},\"query-input\":\"required name=search_term_string\"}],\"inLanguage\":\"pt-BR\"},{\"@type\":\"Organization\",\"@id\":\"https:\/\/jornaltimoneiro.com.br\/#organization\",\"name\":\"Jornal Timoneiro Canoas RS\",\"url\":\"https:\/\/jornaltimoneiro.com.br\/\",\"logo\":{\"@type\":\"ImageObject\",\"inLanguage\":\"pt-BR\",\"@id\":\"https:\/\/jornaltimoneiro.com.br\/#\/schema\/logo\/image\/\",\"url\":\"https:\/\/jornaltimoneiro.com.br\/wp-content\/uploads\/2023\/03\/logonovo.png\",\"contentUrl\":\"https:\/\/jornaltimoneiro.com.br\/wp-content\/uploads\/2023\/03\/logonovo.png\",\"width\":\"469\",\"height\":\"171\",\"caption\":\"Jornal Timoneiro Canoas RS\"},\"image\":{\"@id\":\"https:\/\/jornaltimoneiro.com.br\/#\/schema\/logo\/image\/\"},\"sameAs\":[\"https:\/\/www.facebook.com\/jornaltimoneiro\",\"https:\/\/twitter.com\/_OTimoneiro\",\"https:\/\/www.instagram.com\/jornaltimoneirocanoas\/\",\"https:\/\/www.youtube.com\/@jornalotimoneiro7927\"]},{\"@type\":\"Person\",\"@id\":\"https:\/\/jornaltimoneiro.com.br\/#\/schema\/person\/620efd1d8244466117482be494360b08\",\"name\":\"Reda\u00e7\u00e3o\",\"image\":{\"@type\":\"ImageObject\",\"inLanguage\":\"pt-BR\",\"@id\":\"https:\/\/jornaltimoneiro.com.br\/#\/schema\/person\/image\/\",\"url\":\"https:\/\/secure.gravatar.com\/avatar\/2f04e1b304682a8d9db336c7acd77f08?s=96&d=mm&r=g\",\"contentUrl\":\"https:\/\/secure.gravatar.com\/avatar\/2f04e1b304682a8d9db336c7acd77f08?s=96&d=mm&r=g\",\"caption\":\"Reda\u00e7\u00e3o\"},\"url\":\"https:\/\/jornaltimoneiro.com.br\/index.php\/author\/timoneirocanoas\/\"}]}<\/script>\n<!-- \/ Yoast SEO plugin. -->","yoast_head_json":{"title":"Busato, Gisele Uequed e vereadores s\u00e3o diplomados pelo TRE-RS - O Timoneiro Jornal Canoas RS","robots":{"index":"index","follow":"follow","max-snippet":"max-snippet:-1","max-image-preview":"max-image-preview:large","max-video-preview":"max-video-preview:-1"},"canonical":"https:\/\/jornaltimoneiro.com.br\/index.php\/2016\/12\/19\/busato-gisele-uequed-e-vereadores-sao-diplomados-pelo-tre-rs\/","og_locale":"pt_BR","og_type":"article","og_title":"Busato, Gisele Uequed e vereadores s\u00e3o diplomados pelo TRE-RS - O Timoneiro Jornal Canoas RS","og_description":"O \u00faltimo passo antes da posse oficial dos candidatos eleitos no pleito de 2016 ocorreu nesta segunda-feira, 19, no Audit\u00f3rio Irm\u00e3o Bruno R\u00fcedel (Audit\u00f3rio Bord\u00f4) da Unilasalle Canoas. Na ocasi\u00e3o, o Tribunal Regional Eleitoral do Rio Grande do Sul (TRE-RS) diplomou 21 vereadores, a vice-prefeita eleita, Gisele Uequed (REDE) e o prefeito eleito, Luiz Carlos [&hellip;]","og_url":"https:\/\/jornaltimoneiro.com.br\/index.php\/2016\/12\/19\/busato-gisele-uequed-e-vereadores-sao-diplomados-pelo-tre-rs\/","og_site_name":"O Timoneiro Jornal Canoas RS","article_publisher":"https:\/\/www.facebook.com\/jornaltimoneiro","article_published_time":"2016-12-19T17:50:33+00:00","author":"Reda\u00e7\u00e3o","twitter_card":"summary_large_image","twitter_creator":"@_OTimoneiro","twitter_site":"@_OTimoneiro","twitter_misc":{"Escrito por":"Reda\u00e7\u00e3o","Est. tempo de leitura":"2 minutos"},"schema":{"@context":"https:\/\/schema.org","@graph":[{"@type":"Article","@id":"https:\/\/jornaltimoneiro.com.br\/index.php\/2016\/12\/19\/busato-gisele-uequed-e-vereadores-sao-diplomados-pelo-tre-rs\/#article","isPartOf":{"@id":"https:\/\/jornaltimoneiro.com.br\/index.php\/2016\/12\/19\/busato-gisele-uequed-e-vereadores-sao-diplomados-pelo-tre-rs\/"},"author":{"name":"Reda\u00e7\u00e3o","@id":"https:\/\/jornaltimoneiro.com.br\/#\/schema\/person\/620efd1d8244466117482be494360b08"},"headline":"Busato, Gisele Uequed e vereadores s\u00e3o diplomados pelo TRE-RS","datePublished":"2016-12-19T17:50:33+00:00","dateModified":"2016-12-19T17:50:33+00:00","mainEntityOfPage":{"@id":"https:\/\/jornaltimoneiro.com.br\/index.php\/2016\/12\/19\/busato-gisele-uequed-e-vereadores-sao-diplomados-pelo-tre-rs\/"},"wordCount":409,"commentCount":0,"publisher":{"@id":"https:\/\/jornaltimoneiro.com.br\/#organization"},"articleSection":["Destaques","Geral","Not\u00edcias","Pol\u00edtica"],"inLanguage":"pt-BR","potentialAction":[{"@type":"CommentAction","name":"Comment","target":["https:\/\/jornaltimoneiro.com.br\/index.php\/2016\/12\/19\/busato-gisele-uequed-e-vereadores-sao-diplomados-pelo-tre-rs\/#respond"]}]},{"@type":"WebPage","@id":"https:\/\/jornaltimoneiro.com.br\/index.php\/2016\/12\/19\/busato-gisele-uequed-e-vereadores-sao-diplomados-pelo-tre-rs\/","url":"https:\/\/jornaltimoneiro.com.br\/index.php\/2016\/12\/19\/busato-gisele-uequed-e-vereadores-sao-diplomados-pelo-tre-rs\/","name":"Busato, Gisele Uequed e vereadores s\u00e3o diplomados pelo TRE-RS - O Timoneiro Jornal Canoas RS","isPartOf":{"@id":"https:\/\/jornaltimoneiro.com.br\/#website"},"datePublished":"2016-12-19T17:50:33+00:00","dateModified":"2016-12-19T17:50:33+00:00","breadcrumb":{"@id":"https:\/\/jornaltimoneiro.com.br\/index.php\/2016\/12\/19\/busato-gisele-uequed-e-vereadores-sao-diplomados-pelo-tre-rs\/#breadcrumb"},"inLanguage":"pt-BR","potentialAction":[{"@type":"ReadAction","target":["https:\/\/jornaltimoneiro.com.br\/index.php\/2016\/12\/19\/busato-gisele-uequed-e-vereadores-sao-diplomados-pelo-tre-rs\/"]}]},{"@type":"BreadcrumbList","@id":"https:\/\/jornaltimoneiro.com.br\/index.php\/2016\/12\/19\/busato-gisele-uequed-e-vereadores-sao-diplomados-pelo-tre-rs\/#breadcrumb","itemListElement":[{"@type":"ListItem","position":1,"name":"In\u00edcio","item":"https:\/\/jornaltimoneiro.com.br\/"},{"@type":"ListItem","position":2,"name":"Busato, Gisele Uequed e vereadores s\u00e3o diplomados pelo TRE-RS"}]},{"@type":"WebSite","@id":"https:\/\/jornaltimoneiro.com.br\/#website","url":"https:\/\/jornaltimoneiro.com.br\/","name":"Jornal Timoneiro Canoas RS","description":"Jornal O Timoneiro, o verdadeiro jornal de Canoas","publisher":{"@id":"https:\/\/jornaltimoneiro.com.br\/#organization"},"potentialAction":[{"@type":"SearchAction","target":{"@type":"EntryPoint","urlTemplate":"https:\/\/jornaltimoneiro.com.br\/?s={search_term_string}"},"query-input":"required name=search_term_string"}],"inLanguage":"pt-BR"},{"@type":"Organization","@id":"https:\/\/jornaltimoneiro.com.br\/#organization","name":"Jornal Timoneiro Canoas RS","url":"https:\/\/jornaltimoneiro.com.br\/","logo":{"@type":"ImageObject","inLanguage":"pt-BR","@id":"https:\/\/jornaltimoneiro.com.br\/#\/schema\/logo\/image\/","url":"https:\/\/jornaltimoneiro.com.br\/wp-content\/uploads\/2023\/03\/logonovo.png","contentUrl":"https:\/\/jornaltimoneiro.com.br\/wp-content\/uploads\/2023\/03\/logonovo.png","width":"469","height":"171","caption":"Jornal Timoneiro Canoas RS"},"image":{"@id":"https:\/\/jornaltimoneiro.com.br\/#\/schema\/logo\/image\/"},"sameAs":["https:\/\/www.facebook.com\/jornaltimoneiro","https:\/\/twitter.com\/_OTimoneiro","https:\/\/www.instagram.com\/jornaltimoneirocanoas\/","https:\/\/www.youtube.com\/@jornalotimoneiro7927"]},{"@type":"Person","@id":"https:\/\/jornaltimoneiro.com.br\/#\/schema\/person\/620efd1d8244466117482be494360b08","name":"Reda\u00e7\u00e3o","image":{"@type":"ImageObject","inLanguage":"pt-BR","@id":"https:\/\/jornaltimoneiro.com.br\/#\/schema\/person\/image\/","url":"https:\/\/secure.gravatar.com\/avatar\/2f04e1b304682a8d9db336c7acd77f08?s=96&d=mm&r=g","contentUrl":"https:\/\/secure.gravatar.com\/avatar\/2f04e1b304682a8d9db336c7acd77f08?s=96&d=mm&r=g","caption":"Reda\u00e7\u00e3o"},"url":"https:\/\/jornaltimoneiro.com.br\/index.php\/author\/timoneirocanoas\/"}]}},"_links":{"self":[{"href":"https:\/\/jornaltimoneiro.com.br\/index.php\/wp-json\/wp\/v2\/posts\/5983"}],"collection":[{"href":"https:\/\/jornaltimoneiro.com.br\/index.php\/wp-json\/wp\/v2\/posts"}],"about":[{"href":"https:\/\/jornaltimoneiro.com.br\/index.php\/wp-json\/wp\/v2\/types\/post"}],"author":[{"embeddable":true,"href":"https:\/\/jornaltimoneiro.com.br\/index.php\/wp-json\/wp\/v2\/users\/1"}],"replies":[{"embeddable":true,"href":"https:\/\/jornaltimoneiro.com.br\/index.php\/wp-json\/wp\/v2\/comments?post=5983"}],"version-history":[{"count":0,"href":"https:\/\/jornaltimoneiro.com.br\/index.php\/wp-json\/wp\/v2\/posts\/5983\/revisions"}],"wp:featuredmedia":[{"embeddable":true,"href":"https:\/\/jornaltimoneiro.com.br\/index.php\/wp-json\/"}],"wp:attachment":[{"href":"https:\/\/jornaltimoneiro.com.br\/index.php\/wp-json\/wp\/v2\/media?parent=5983"}],"wp:term":[{"taxonomy":"category","embeddable":true,"href":"https:\/\/jornaltimoneiro.com.br\/index.php\/wp-json\/wp\/v2\/categories?post=5983"},{"taxonomy":"post_tag","embeddable":true,"href":"https:\/\/jornaltimoneiro.com.br\/index.php\/wp-json\/wp\/v2\/tags?post=5983"}],"curies":[{"name":"wp","href":"https:\/\/api.w.org\/{rel}","templated":true}]}}