{"id":5970,"date":"2016-12-16T15:01:15","date_gmt":"2016-12-16T17:01:15","guid":{"rendered":"http:\/\/otimoneiro.com.br\/?p=5970"},"modified":"2016-12-16T15:01:15","modified_gmt":"2016-12-16T17:01:15","slug":"sinprocan-e-secretario-avaliam-presente-e-futuro-da-educacao-em-canoas-2","status":"publish","type":"post","link":"https:\/\/jornaltimoneiro.com.br\/index.php\/2016\/12\/16\/sinprocan-e-secretario-avaliam-presente-e-futuro-da-educacao-em-canoas-2\/","title":{"rendered":"Sinprocan e secret\u00e1rio avaliam presente e futuro da Educa\u00e7\u00e3o em Canoas"},"content":{"rendered":"<p><a href=\"http:\/\/otimoneiro.com.br\/wp-content\/uploads\/2016\/12\/jos\u00e9.jpg\"><img decoding=\"async\" class=\"aligncenter size-large wp-image-5972\" src=\"http:\/\/otimoneiro.com.br\/wp-content\/uploads\/2016\/12\/jos\u00e9-1024x678.jpg\" alt=\"jose\" width=\"1024\" height=\"678\" \/><\/a>A educa\u00e7\u00e3o est\u00e1 entre os pilares b\u00e1sicos de servi\u00e7os que devem ser prestados \u00e0 popula\u00e7\u00e3o. Historicamente, esta \u00e1rea sofre com falta de estrutura e pessoal, tanto na inst\u00e2ncia municipal, estadual e federal. Em Canoas, o novo secret\u00e1rio de Educa\u00e7\u00e3o, Jos\u00e9 D`Avila, chega ao posto com grandes desafios pela frente. Ele esteve na reda\u00e7\u00e3o do OT para falar sobre o atual momento da rede de educa\u00e7\u00e3o canoense e sobre as primeiras a\u00e7\u00f5es da futura gest\u00e3o.<\/p>\n<p>O pr\u00f3ximo secret\u00e1rio afirma que 2016 foi um ano dif\u00edcil. O sistema sofreu com falta de professores, ocasionada por uma onda de aposentadorias. Jos\u00e9 acredita que a situa\u00e7\u00e3o ocorreu por conta desse per\u00edodo de renova\u00e7\u00e3o no quadro de profissionais e afirma que nada poderia ter sido feito para mudar o panorama.<\/p>\n<p>Questionado sobre a atual infraestrutura das escolas da cidade, D`Avila informa que existem realidades muito diferentes atualmente. &#8220;Estamos fazendo um levantamento, \u00e9 j\u00e1 vimos que temos algumas situa\u00e7\u00f5es que devem ser repensadas&#8221; afirma o futuro secret\u00e1rio, com um alerta para alguns locais que precisam passar at\u00e9 por uma reconstru\u00e7\u00e3o total.<\/p>\n<p>&#8220;Ontem visitei uma escola, j\u00e1 recebi informa\u00e7\u00f5es sobre os problemas que existem e as coisas que devem ser feitas&#8221;, comenta Jos\u00e9. Ele informa que est\u00e1 tentando visitar escolas de diferentes regi\u00f5es da cidade para ter um panorama.<\/p>\n<p>Na \u00e1rea de seguran\u00e7a, Jos\u00e9 discorda de algumas atitudes tomadas na \u00faltima gest\u00e3o, quando foram retirados os guardas municipais e profissionais terceirizados das escolas. &#8220;Vamos rever essa situa\u00e7\u00e3o. Vou identificar os casos urgentes para termos pelo menos um porteiro ou um guarda nas maiores escolas&#8221;, afirmou. Segundo ele, o objetivo ser\u00e1 fortalecer as escolas, dando condi\u00e7\u00f5es e tranquilidade tanto aos alunos como aos professores.<\/p>\n<h3>Primeiras a\u00e7\u00f5es para 2017<\/h3>\n<p>Jos\u00e9 D`Avila afirma que j\u00e1 est\u00e1 direcionando algumas medidas para o ano que vem. A principal delas \u00e9 a mudan\u00e7a no sistema de f\u00e9rias dos servidores, relativos ao Ensino Fundamental. A ideia \u00e9 de que as equipes tenham f\u00e9rias coletivas, desde o dia 9 de janeiro at\u00e9 7 de fevereiro. Dessa forma, o futuro secret\u00e1rio acredita que todos ter\u00e3o tempo para organizar a burocracia do final do \u00faltimo ano, e ainda sobrar\u00e1 tempo para a mobiliza\u00e7\u00e3o do pr\u00f3ximo ano letivo. Segundo D`Avila, a ideia \u00e9 um consenso entre os servidores e ser\u00e1 a primeira resolu\u00e7\u00e3o da nova gest\u00e3o de Educa\u00e7\u00e3o. &#8220;Acho que ser\u00e1 melhor para todo mundo. Nos anos anteriores, as f\u00e9rias t\u00eam sido em tempos diferentes para os servidores e isso n\u00e3o tem funcionado&#8221;, concluiu.<\/p>\n<h3>Presidente do Sinprocan avalia 2016<\/h3>\n<p><a href=\"http:\/\/otimoneiro.com.br\/wp-content\/uploads\/2016\/12\/jari.jpg\"><img decoding=\"async\" class=\"aligncenter size-full wp-image-5971\" src=\"http:\/\/otimoneiro.com.br\/wp-content\/uploads\/2016\/12\/jari.jpg\" alt=\"jari\" width=\"960\" height=\"952\" \/><\/a>O presidente do Sindicato dos Profissionais em Educa\u00e7\u00e3o Municipal de Canoas (Sinprocan) Jari Rosa de Oliveira, tamb\u00e9m conversou com a reportagem acerca do \u00faltimo ano no \u00e2mbito da Educa\u00e7\u00e3o. Para ele, o ano foi negativo. \u201cS\u00f3 podemos ter esperan\u00e7a no novo governo. O secret\u00e1rio escolhido pelo Busato \u00e9 um professor da rede e isso pode fazer com que ele olhe pelas condi\u00e7\u00f5es de trabalho dos professores.&#8221;<\/p>\n<p>Assim como o novo secret\u00e1rio de Educa\u00e7\u00e3o, Jari aponta as aposentadorias como um dos problemas do \u00faltimo ano. Para ele, a situa\u00e7\u00e3o deve persistir: \u201cSe n\u00e3o tiver uma virada geral, em cinco anos n\u00e3o teremos mais professores. Mais de 300 foram nomeados esse ano, mas a maioria n\u00e3o ficou\u201d.<br \/>\nO presidente do Sinprocan tamb\u00e9m avaliou a seguran\u00e7a nas escolas municipais. Segundo ele, a situa\u00e7\u00e3o \u00e9 cr\u00edtica: &#8220;a escola Jo\u00e3o Palma da Silva foi assaltada doze vezes e a Castelo Branco seis vezes. At\u00e9 agora 90% das escolas de Ensino Fundamental foram arrombadas\u201d.<\/p>\n<p>J\u00e1 com uma vis\u00e3o do futuro, Jari de Oliveira afirma que o sindicato preparou uma lista de reivindica\u00e7\u00f5es para entregar ao novo prefeito, Luiz Carlos Busato (PTB) e ao novo secret\u00e1rio de Educa\u00e7\u00e3o. &#8220;Vamos cobrar deles desde o come\u00e7o que tenham uma postura diferente e que, ao contr\u00e1rio da atual gest\u00e3o, n\u00e3o passem o mandato inteiro nos prometendo as mesmas coisas\u201d concluiu.<\/p>\n","protected":false},"excerpt":{"rendered":"<p>A educa\u00e7\u00e3o est\u00e1 entre os pilares b\u00e1sicos de servi\u00e7os que devem ser prestados \u00e0 popula\u00e7\u00e3o. Historicamente, esta \u00e1rea sofre com falta de estrutura e pessoal, tanto na inst\u00e2ncia municipal, estadual e federal. Em Canoas, o novo secret\u00e1rio de Educa\u00e7\u00e3o, Jos\u00e9 D`Avila, chega ao posto com grandes desafios pela frente. Ele esteve na reda\u00e7\u00e3o do OT [&hellip;]<\/p>\n","protected":false},"author":1,"featured_media":5628,"comment_status":"open","ping_status":"open","sticky":false,"template":"","format":"standard","meta":{"amp_status":"","footnotes":""},"categories":[19,23,22],"tags":[],"class_list":["post-5970","post","type-post","status-publish","format-standard","has-post-thumbnail","hentry","category-destaques","category-geral","category-noticias"],"yoast_head":"<!-- This site is optimized with the Yoast SEO plugin v20.5 - https:\/\/yoast.com\/wordpress\/plugins\/seo\/ -->\n<title>Sinprocan e secret\u00e1rio avaliam presente e futuro da Educa\u00e7\u00e3o em Canoas - O Timoneiro Jornal Canoas RS<\/title>\n<meta name=\"robots\" content=\"index, follow, max-snippet:-1, max-image-preview:large, max-video-preview:-1\" \/>\n<link rel=\"canonical\" href=\"https:\/\/jornaltimoneiro.com.br\/index.php\/2016\/12\/16\/sinprocan-e-secretario-avaliam-presente-e-futuro-da-educacao-em-canoas-2\/\" \/>\n<meta property=\"og:locale\" content=\"pt_BR\" \/>\n<meta property=\"og:type\" content=\"article\" \/>\n<meta property=\"og:title\" content=\"Sinprocan e secret\u00e1rio avaliam presente e futuro da Educa\u00e7\u00e3o em Canoas - O Timoneiro Jornal Canoas RS\" \/>\n<meta property=\"og:description\" content=\"A educa\u00e7\u00e3o est\u00e1 entre os pilares b\u00e1sicos de servi\u00e7os que devem ser prestados \u00e0 popula\u00e7\u00e3o. Historicamente, esta \u00e1rea sofre com falta de estrutura e pessoal, tanto na inst\u00e2ncia municipal, estadual e federal. Em Canoas, o novo secret\u00e1rio de Educa\u00e7\u00e3o, Jos\u00e9 D`Avila, chega ao posto com grandes desafios pela frente. Ele esteve na reda\u00e7\u00e3o do OT [&hellip;]\" \/>\n<meta property=\"og:url\" content=\"https:\/\/jornaltimoneiro.com.br\/index.php\/2016\/12\/16\/sinprocan-e-secretario-avaliam-presente-e-futuro-da-educacao-em-canoas-2\/\" \/>\n<meta property=\"og:site_name\" content=\"O Timoneiro Jornal Canoas RS\" \/>\n<meta property=\"article:publisher\" content=\"https:\/\/www.facebook.com\/jornaltimoneiro\" \/>\n<meta property=\"article:published_time\" content=\"2016-12-16T17:01:15+00:00\" \/>\n<meta name=\"author\" content=\"Reda\u00e7\u00e3o\" \/>\n<meta name=\"twitter:card\" content=\"summary_large_image\" \/>\n<meta name=\"twitter:creator\" content=\"@_OTimoneiro\" \/>\n<meta name=\"twitter:site\" content=\"@_OTimoneiro\" \/>\n<meta name=\"twitter:label1\" content=\"Escrito por\" \/>\n\t<meta name=\"twitter:data1\" content=\"Reda\u00e7\u00e3o\" \/>\n\t<meta name=\"twitter:label2\" content=\"Est. tempo de leitura\" \/>\n\t<meta name=\"twitter:data2\" content=\"3 minutos\" \/>\n<script type=\"application\/ld+json\" class=\"yoast-schema-graph\">{\"@context\":\"https:\/\/schema.org\",\"@graph\":[{\"@type\":\"Article\",\"@id\":\"https:\/\/jornaltimoneiro.com.br\/index.php\/2016\/12\/16\/sinprocan-e-secretario-avaliam-presente-e-futuro-da-educacao-em-canoas-2\/#article\",\"isPartOf\":{\"@id\":\"https:\/\/jornaltimoneiro.com.br\/index.php\/2016\/12\/16\/sinprocan-e-secretario-avaliam-presente-e-futuro-da-educacao-em-canoas-2\/\"},\"author\":{\"name\":\"Reda\u00e7\u00e3o\",\"@id\":\"https:\/\/jornaltimoneiro.com.br\/#\/schema\/person\/620efd1d8244466117482be494360b08\"},\"headline\":\"Sinprocan e secret\u00e1rio avaliam presente e futuro da Educa\u00e7\u00e3o em Canoas\",\"datePublished\":\"2016-12-16T17:01:15+00:00\",\"dateModified\":\"2016-12-16T17:01:15+00:00\",\"mainEntityOfPage\":{\"@id\":\"https:\/\/jornaltimoneiro.com.br\/index.php\/2016\/12\/16\/sinprocan-e-secretario-avaliam-presente-e-futuro-da-educacao-em-canoas-2\/\"},\"wordCount\":699,\"commentCount\":0,\"publisher\":{\"@id\":\"https:\/\/jornaltimoneiro.com.br\/#organization\"},\"articleSection\":[\"Destaques\",\"Geral\",\"Not\u00edcias\"],\"inLanguage\":\"pt-BR\",\"potentialAction\":[{\"@type\":\"CommentAction\",\"name\":\"Comment\",\"target\":[\"https:\/\/jornaltimoneiro.com.br\/index.php\/2016\/12\/16\/sinprocan-e-secretario-avaliam-presente-e-futuro-da-educacao-em-canoas-2\/#respond\"]}]},{\"@type\":\"WebPage\",\"@id\":\"https:\/\/jornaltimoneiro.com.br\/index.php\/2016\/12\/16\/sinprocan-e-secretario-avaliam-presente-e-futuro-da-educacao-em-canoas-2\/\",\"url\":\"https:\/\/jornaltimoneiro.com.br\/index.php\/2016\/12\/16\/sinprocan-e-secretario-avaliam-presente-e-futuro-da-educacao-em-canoas-2\/\",\"name\":\"Sinprocan e secret\u00e1rio avaliam presente e futuro da Educa\u00e7\u00e3o em Canoas - O Timoneiro Jornal Canoas RS\",\"isPartOf\":{\"@id\":\"https:\/\/jornaltimoneiro.com.br\/#website\"},\"datePublished\":\"2016-12-16T17:01:15+00:00\",\"dateModified\":\"2016-12-16T17:01:15+00:00\",\"breadcrumb\":{\"@id\":\"https:\/\/jornaltimoneiro.com.br\/index.php\/2016\/12\/16\/sinprocan-e-secretario-avaliam-presente-e-futuro-da-educacao-em-canoas-2\/#breadcrumb\"},\"inLanguage\":\"pt-BR\",\"potentialAction\":[{\"@type\":\"ReadAction\",\"target\":[\"https:\/\/jornaltimoneiro.com.br\/index.php\/2016\/12\/16\/sinprocan-e-secretario-avaliam-presente-e-futuro-da-educacao-em-canoas-2\/\"]}]},{\"@type\":\"BreadcrumbList\",\"@id\":\"https:\/\/jornaltimoneiro.com.br\/index.php\/2016\/12\/16\/sinprocan-e-secretario-avaliam-presente-e-futuro-da-educacao-em-canoas-2\/#breadcrumb\",\"itemListElement\":[{\"@type\":\"ListItem\",\"position\":1,\"name\":\"In\u00edcio\",\"item\":\"https:\/\/jornaltimoneiro.com.br\/\"},{\"@type\":\"ListItem\",\"position\":2,\"name\":\"Sinprocan e secret\u00e1rio avaliam presente e futuro da Educa\u00e7\u00e3o em Canoas\"}]},{\"@type\":\"WebSite\",\"@id\":\"https:\/\/jornaltimoneiro.com.br\/#website\",\"url\":\"https:\/\/jornaltimoneiro.com.br\/\",\"name\":\"Jornal Timoneiro Canoas RS\",\"description\":\"Jornal O Timoneiro, o verdadeiro jornal de Canoas\",\"publisher\":{\"@id\":\"https:\/\/jornaltimoneiro.com.br\/#organization\"},\"potentialAction\":[{\"@type\":\"SearchAction\",\"target\":{\"@type\":\"EntryPoint\",\"urlTemplate\":\"https:\/\/jornaltimoneiro.com.br\/?s={search_term_string}\"},\"query-input\":\"required name=search_term_string\"}],\"inLanguage\":\"pt-BR\"},{\"@type\":\"Organization\",\"@id\":\"https:\/\/jornaltimoneiro.com.br\/#organization\",\"name\":\"Jornal Timoneiro Canoas RS\",\"url\":\"https:\/\/jornaltimoneiro.com.br\/\",\"logo\":{\"@type\":\"ImageObject\",\"inLanguage\":\"pt-BR\",\"@id\":\"https:\/\/jornaltimoneiro.com.br\/#\/schema\/logo\/image\/\",\"url\":\"https:\/\/jornaltimoneiro.com.br\/wp-content\/uploads\/2023\/03\/logonovo.png\",\"contentUrl\":\"https:\/\/jornaltimoneiro.com.br\/wp-content\/uploads\/2023\/03\/logonovo.png\",\"width\":\"469\",\"height\":\"171\",\"caption\":\"Jornal Timoneiro Canoas RS\"},\"image\":{\"@id\":\"https:\/\/jornaltimoneiro.com.br\/#\/schema\/logo\/image\/\"},\"sameAs\":[\"https:\/\/www.facebook.com\/jornaltimoneiro\",\"https:\/\/twitter.com\/_OTimoneiro\",\"https:\/\/www.instagram.com\/jornaltimoneirocanoas\/\",\"https:\/\/www.youtube.com\/@jornalotimoneiro7927\"]},{\"@type\":\"Person\",\"@id\":\"https:\/\/jornaltimoneiro.com.br\/#\/schema\/person\/620efd1d8244466117482be494360b08\",\"name\":\"Reda\u00e7\u00e3o\",\"image\":{\"@type\":\"ImageObject\",\"inLanguage\":\"pt-BR\",\"@id\":\"https:\/\/jornaltimoneiro.com.br\/#\/schema\/person\/image\/\",\"url\":\"https:\/\/secure.gravatar.com\/avatar\/2f04e1b304682a8d9db336c7acd77f08?s=96&d=mm&r=g\",\"contentUrl\":\"https:\/\/secure.gravatar.com\/avatar\/2f04e1b304682a8d9db336c7acd77f08?s=96&d=mm&r=g\",\"caption\":\"Reda\u00e7\u00e3o\"},\"url\":\"https:\/\/jornaltimoneiro.com.br\/index.php\/author\/timoneirocanoas\/\"}]}<\/script>\n<!-- \/ Yoast SEO plugin. -->","yoast_head_json":{"title":"Sinprocan e secret\u00e1rio avaliam presente e futuro da Educa\u00e7\u00e3o em Canoas - O Timoneiro Jornal Canoas RS","robots":{"index":"index","follow":"follow","max-snippet":"max-snippet:-1","max-image-preview":"max-image-preview:large","max-video-preview":"max-video-preview:-1"},"canonical":"https:\/\/jornaltimoneiro.com.br\/index.php\/2016\/12\/16\/sinprocan-e-secretario-avaliam-presente-e-futuro-da-educacao-em-canoas-2\/","og_locale":"pt_BR","og_type":"article","og_title":"Sinprocan e secret\u00e1rio avaliam presente e futuro da Educa\u00e7\u00e3o em Canoas - O Timoneiro Jornal Canoas RS","og_description":"A educa\u00e7\u00e3o est\u00e1 entre os pilares b\u00e1sicos de servi\u00e7os que devem ser prestados \u00e0 popula\u00e7\u00e3o. Historicamente, esta \u00e1rea sofre com falta de estrutura e pessoal, tanto na inst\u00e2ncia municipal, estadual e federal. Em Canoas, o novo secret\u00e1rio de Educa\u00e7\u00e3o, Jos\u00e9 D`Avila, chega ao posto com grandes desafios pela frente. Ele esteve na reda\u00e7\u00e3o do OT [&hellip;]","og_url":"https:\/\/jornaltimoneiro.com.br\/index.php\/2016\/12\/16\/sinprocan-e-secretario-avaliam-presente-e-futuro-da-educacao-em-canoas-2\/","og_site_name":"O Timoneiro Jornal Canoas RS","article_publisher":"https:\/\/www.facebook.com\/jornaltimoneiro","article_published_time":"2016-12-16T17:01:15+00:00","author":"Reda\u00e7\u00e3o","twitter_card":"summary_large_image","twitter_creator":"@_OTimoneiro","twitter_site":"@_OTimoneiro","twitter_misc":{"Escrito por":"Reda\u00e7\u00e3o","Est. tempo de leitura":"3 minutos"},"schema":{"@context":"https:\/\/schema.org","@graph":[{"@type":"Article","@id":"https:\/\/jornaltimoneiro.com.br\/index.php\/2016\/12\/16\/sinprocan-e-secretario-avaliam-presente-e-futuro-da-educacao-em-canoas-2\/#article","isPartOf":{"@id":"https:\/\/jornaltimoneiro.com.br\/index.php\/2016\/12\/16\/sinprocan-e-secretario-avaliam-presente-e-futuro-da-educacao-em-canoas-2\/"},"author":{"name":"Reda\u00e7\u00e3o","@id":"https:\/\/jornaltimoneiro.com.br\/#\/schema\/person\/620efd1d8244466117482be494360b08"},"headline":"Sinprocan e secret\u00e1rio avaliam presente e futuro da Educa\u00e7\u00e3o em Canoas","datePublished":"2016-12-16T17:01:15+00:00","dateModified":"2016-12-16T17:01:15+00:00","mainEntityOfPage":{"@id":"https:\/\/jornaltimoneiro.com.br\/index.php\/2016\/12\/16\/sinprocan-e-secretario-avaliam-presente-e-futuro-da-educacao-em-canoas-2\/"},"wordCount":699,"commentCount":0,"publisher":{"@id":"https:\/\/jornaltimoneiro.com.br\/#organization"},"articleSection":["Destaques","Geral","Not\u00edcias"],"inLanguage":"pt-BR","potentialAction":[{"@type":"CommentAction","name":"Comment","target":["https:\/\/jornaltimoneiro.com.br\/index.php\/2016\/12\/16\/sinprocan-e-secretario-avaliam-presente-e-futuro-da-educacao-em-canoas-2\/#respond"]}]},{"@type":"WebPage","@id":"https:\/\/jornaltimoneiro.com.br\/index.php\/2016\/12\/16\/sinprocan-e-secretario-avaliam-presente-e-futuro-da-educacao-em-canoas-2\/","url":"https:\/\/jornaltimoneiro.com.br\/index.php\/2016\/12\/16\/sinprocan-e-secretario-avaliam-presente-e-futuro-da-educacao-em-canoas-2\/","name":"Sinprocan e secret\u00e1rio avaliam presente e futuro da Educa\u00e7\u00e3o em Canoas - O Timoneiro Jornal Canoas RS","isPartOf":{"@id":"https:\/\/jornaltimoneiro.com.br\/#website"},"datePublished":"2016-12-16T17:01:15+00:00","dateModified":"2016-12-16T17:01:15+00:00","breadcrumb":{"@id":"https:\/\/jornaltimoneiro.com.br\/index.php\/2016\/12\/16\/sinprocan-e-secretario-avaliam-presente-e-futuro-da-educacao-em-canoas-2\/#breadcrumb"},"inLanguage":"pt-BR","potentialAction":[{"@type":"ReadAction","target":["https:\/\/jornaltimoneiro.com.br\/index.php\/2016\/12\/16\/sinprocan-e-secretario-avaliam-presente-e-futuro-da-educacao-em-canoas-2\/"]}]},{"@type":"BreadcrumbList","@id":"https:\/\/jornaltimoneiro.com.br\/index.php\/2016\/12\/16\/sinprocan-e-secretario-avaliam-presente-e-futuro-da-educacao-em-canoas-2\/#breadcrumb","itemListElement":[{"@type":"ListItem","position":1,"name":"In\u00edcio","item":"https:\/\/jornaltimoneiro.com.br\/"},{"@type":"ListItem","position":2,"name":"Sinprocan e secret\u00e1rio avaliam presente e futuro da Educa\u00e7\u00e3o em Canoas"}]},{"@type":"WebSite","@id":"https:\/\/jornaltimoneiro.com.br\/#website","url":"https:\/\/jornaltimoneiro.com.br\/","name":"Jornal Timoneiro Canoas RS","description":"Jornal O Timoneiro, o verdadeiro jornal de Canoas","publisher":{"@id":"https:\/\/jornaltimoneiro.com.br\/#organization"},"potentialAction":[{"@type":"SearchAction","target":{"@type":"EntryPoint","urlTemplate":"https:\/\/jornaltimoneiro.com.br\/?s={search_term_string}"},"query-input":"required name=search_term_string"}],"inLanguage":"pt-BR"},{"@type":"Organization","@id":"https:\/\/jornaltimoneiro.com.br\/#organization","name":"Jornal Timoneiro Canoas RS","url":"https:\/\/jornaltimoneiro.com.br\/","logo":{"@type":"ImageObject","inLanguage":"pt-BR","@id":"https:\/\/jornaltimoneiro.com.br\/#\/schema\/logo\/image\/","url":"https:\/\/jornaltimoneiro.com.br\/wp-content\/uploads\/2023\/03\/logonovo.png","contentUrl":"https:\/\/jornaltimoneiro.com.br\/wp-content\/uploads\/2023\/03\/logonovo.png","width":"469","height":"171","caption":"Jornal Timoneiro Canoas RS"},"image":{"@id":"https:\/\/jornaltimoneiro.com.br\/#\/schema\/logo\/image\/"},"sameAs":["https:\/\/www.facebook.com\/jornaltimoneiro","https:\/\/twitter.com\/_OTimoneiro","https:\/\/www.instagram.com\/jornaltimoneirocanoas\/","https:\/\/www.youtube.com\/@jornalotimoneiro7927"]},{"@type":"Person","@id":"https:\/\/jornaltimoneiro.com.br\/#\/schema\/person\/620efd1d8244466117482be494360b08","name":"Reda\u00e7\u00e3o","image":{"@type":"ImageObject","inLanguage":"pt-BR","@id":"https:\/\/jornaltimoneiro.com.br\/#\/schema\/person\/image\/","url":"https:\/\/secure.gravatar.com\/avatar\/2f04e1b304682a8d9db336c7acd77f08?s=96&d=mm&r=g","contentUrl":"https:\/\/secure.gravatar.com\/avatar\/2f04e1b304682a8d9db336c7acd77f08?s=96&d=mm&r=g","caption":"Reda\u00e7\u00e3o"},"url":"https:\/\/jornaltimoneiro.com.br\/index.php\/author\/timoneirocanoas\/"}]}},"_links":{"self":[{"href":"https:\/\/jornaltimoneiro.com.br\/index.php\/wp-json\/wp\/v2\/posts\/5970"}],"collection":[{"href":"https:\/\/jornaltimoneiro.com.br\/index.php\/wp-json\/wp\/v2\/posts"}],"about":[{"href":"https:\/\/jornaltimoneiro.com.br\/index.php\/wp-json\/wp\/v2\/types\/post"}],"author":[{"embeddable":true,"href":"https:\/\/jornaltimoneiro.com.br\/index.php\/wp-json\/wp\/v2\/users\/1"}],"replies":[{"embeddable":true,"href":"https:\/\/jornaltimoneiro.com.br\/index.php\/wp-json\/wp\/v2\/comments?post=5970"}],"version-history":[{"count":0,"href":"https:\/\/jornaltimoneiro.com.br\/index.php\/wp-json\/wp\/v2\/posts\/5970\/revisions"}],"wp:featuredmedia":[{"embeddable":true,"href":"https:\/\/jornaltimoneiro.com.br\/index.php\/wp-json\/"}],"wp:attachment":[{"href":"https:\/\/jornaltimoneiro.com.br\/index.php\/wp-json\/wp\/v2\/media?parent=5970"}],"wp:term":[{"taxonomy":"category","embeddable":true,"href":"https:\/\/jornaltimoneiro.com.br\/index.php\/wp-json\/wp\/v2\/categories?post=5970"},{"taxonomy":"post_tag","embeddable":true,"href":"https:\/\/jornaltimoneiro.com.br\/index.php\/wp-json\/wp\/v2\/tags?post=5970"}],"curies":[{"name":"wp","href":"https:\/\/api.w.org\/{rel}","templated":true}]}}