{"id":5919,"date":"2016-12-12T15:34:00","date_gmt":"2016-12-12T17:34:00","guid":{"rendered":"http:\/\/otimoneiro.com.br\/?p=5919"},"modified":"2016-12-12T15:34:00","modified_gmt":"2016-12-12T17:34:00","slug":"felipe-martini-e-o-novo-secretario-de-desenvolvimento-economico","status":"publish","type":"post","link":"https:\/\/jornaltimoneiro.com.br\/index.php\/2016\/12\/12\/felipe-martini-e-o-novo-secretario-de-desenvolvimento-economico\/","title":{"rendered":"Felipe Martini \u00e9 o novo secret\u00e1rio de Desenvolvimento Econ\u00f4mico"},"content":{"rendered":"<div id=\"attachment_5920\" style=\"width: 476px\" class=\"wp-caption aligncenter\"><a href=\"http:\/\/otimoneiro.com.br\/wp-content\/uploads\/2016\/12\/15442252_967771056661999_6063811624438729699_n.jpg\"><img decoding=\"async\" aria-describedby=\"caption-attachment-5920\" class=\"wp-image-5920 size-full\" src=\"http:\/\/otimoneiro.com.br\/wp-content\/uploads\/2016\/12\/15442252_967771056661999_6063811624438729699_n.jpg\" alt=\"15442252_967771056661999_6063811624438729699_n\" width=\"466\" height=\"350\" \/><\/a><p id=\"caption-attachment-5920\" class=\"wp-caption-text\">Presidente do CDL, Paulo Fritzen, Prefeito eleito Luiz Carlos Busato (PTB), Felipe Martini (PSDB), Vice-prefeita eleita, Gisele Uequed (REDE) e Presidente da CICS, Luiz Carlos Stefani.<\/p><\/div>\n<p>O prefeito eleito Luiz Carlos Busato (PTB) anunciou, nesta segunda-feira, 12, outro nome que ir\u00e1 compor a futura gest\u00e3o de Canoas. Trata-se de Felipe Martini (PSDB), novo secret\u00e1rio de Desenvolvimento Econ\u00f4mico.<\/p>\n<p>Candidato a prefeito pelo PSDB no primeiro turno, Felipe Martini foi um dos nomes que fortaleceu a campanha vencedora nas \u00faltimas elei\u00e7\u00f5es, ao anunciar apoio \u00e0 Busato no segundo turno.<\/p>\n<p>O an\u00fancio ocorreu durante o Almo\u00e7o de Ideias, evento regularmente promovido pela Cics Canoas em parceira com a CDL. A Vice-prefeita eleita, Gisele Uequed (REDE), tamb\u00e9m participou da conversa sobre as a\u00e7\u00f5es da pr\u00f3xima administra\u00e7\u00e3o do munic\u00edpio.<\/p>\n","protected":false},"excerpt":{"rendered":"<p>O prefeito eleito Luiz Carlos Busato (PTB) anunciou, nesta segunda-feira, 12, outro nome que ir\u00e1 compor a futura gest\u00e3o de Canoas. Trata-se de Felipe Martini (PSDB), novo secret\u00e1rio de Desenvolvimento Econ\u00f4mico. Candidato a prefeito pelo PSDB no primeiro turno, Felipe Martini foi um dos nomes que fortaleceu a campanha vencedora nas \u00faltimas elei\u00e7\u00f5es, ao anunciar [&hellip;]<\/p>\n","protected":false},"author":1,"featured_media":5920,"comment_status":"open","ping_status":"open","sticky":false,"template":"","format":"standard","meta":{"amp_status":"","footnotes":""},"categories":[19,23,22,20],"tags":[],"class_list":["post-5919","post","type-post","status-publish","format-standard","has-post-thumbnail","hentry","category-destaques","category-geral","category-noticias","category-politica-noticias"],"yoast_head":"<!-- This site is optimized with the Yoast SEO plugin v20.5 - https:\/\/yoast.com\/wordpress\/plugins\/seo\/ -->\n<title>Felipe Martini \u00e9 o novo secret\u00e1rio de Desenvolvimento Econ\u00f4mico - O Timoneiro Jornal Canoas RS<\/title>\n<meta name=\"robots\" content=\"index, follow, max-snippet:-1, max-image-preview:large, max-video-preview:-1\" \/>\n<link rel=\"canonical\" href=\"https:\/\/jornaltimoneiro.com.br\/index.php\/2016\/12\/12\/felipe-martini-e-o-novo-secretario-de-desenvolvimento-economico\/\" \/>\n<meta property=\"og:locale\" content=\"pt_BR\" \/>\n<meta property=\"og:type\" content=\"article\" \/>\n<meta property=\"og:title\" content=\"Felipe Martini \u00e9 o novo secret\u00e1rio de Desenvolvimento Econ\u00f4mico - O Timoneiro Jornal Canoas RS\" \/>\n<meta property=\"og:description\" content=\"O prefeito eleito Luiz Carlos Busato (PTB) anunciou, nesta segunda-feira, 12, outro nome que ir\u00e1 compor a futura gest\u00e3o de Canoas. Trata-se de Felipe Martini (PSDB), novo secret\u00e1rio de Desenvolvimento Econ\u00f4mico. Candidato a prefeito pelo PSDB no primeiro turno, Felipe Martini foi um dos nomes que fortaleceu a campanha vencedora nas \u00faltimas elei\u00e7\u00f5es, ao anunciar [&hellip;]\" \/>\n<meta property=\"og:url\" content=\"https:\/\/jornaltimoneiro.com.br\/index.php\/2016\/12\/12\/felipe-martini-e-o-novo-secretario-de-desenvolvimento-economico\/\" \/>\n<meta property=\"og:site_name\" content=\"O Timoneiro Jornal Canoas RS\" \/>\n<meta property=\"article:publisher\" content=\"https:\/\/www.facebook.com\/jornaltimoneiro\" \/>\n<meta property=\"article:published_time\" content=\"2016-12-12T17:34:00+00:00\" \/>\n<meta name=\"author\" content=\"Reda\u00e7\u00e3o\" \/>\n<meta name=\"twitter:card\" content=\"summary_large_image\" \/>\n<meta name=\"twitter:creator\" content=\"@_OTimoneiro\" \/>\n<meta name=\"twitter:site\" content=\"@_OTimoneiro\" \/>\n<meta name=\"twitter:label1\" content=\"Escrito por\" \/>\n\t<meta name=\"twitter:data1\" content=\"Reda\u00e7\u00e3o\" \/>\n\t<meta name=\"twitter:label2\" content=\"Est. tempo de leitura\" \/>\n\t<meta name=\"twitter:data2\" content=\"1 minuto\" \/>\n<script type=\"application\/ld+json\" class=\"yoast-schema-graph\">{\"@context\":\"https:\/\/schema.org\",\"@graph\":[{\"@type\":\"Article\",\"@id\":\"https:\/\/jornaltimoneiro.com.br\/index.php\/2016\/12\/12\/felipe-martini-e-o-novo-secretario-de-desenvolvimento-economico\/#article\",\"isPartOf\":{\"@id\":\"https:\/\/jornaltimoneiro.com.br\/index.php\/2016\/12\/12\/felipe-martini-e-o-novo-secretario-de-desenvolvimento-economico\/\"},\"author\":{\"name\":\"Reda\u00e7\u00e3o\",\"@id\":\"https:\/\/jornaltimoneiro.com.br\/#\/schema\/person\/620efd1d8244466117482be494360b08\"},\"headline\":\"Felipe Martini \u00e9 o novo secret\u00e1rio de Desenvolvimento Econ\u00f4mico\",\"datePublished\":\"2016-12-12T17:34:00+00:00\",\"dateModified\":\"2016-12-12T17:34:00+00:00\",\"mainEntityOfPage\":{\"@id\":\"https:\/\/jornaltimoneiro.com.br\/index.php\/2016\/12\/12\/felipe-martini-e-o-novo-secretario-de-desenvolvimento-economico\/\"},\"wordCount\":150,\"commentCount\":0,\"publisher\":{\"@id\":\"https:\/\/jornaltimoneiro.com.br\/#organization\"},\"articleSection\":[\"Destaques\",\"Geral\",\"Not\u00edcias\",\"Pol\u00edtica\"],\"inLanguage\":\"pt-BR\",\"potentialAction\":[{\"@type\":\"CommentAction\",\"name\":\"Comment\",\"target\":[\"https:\/\/jornaltimoneiro.com.br\/index.php\/2016\/12\/12\/felipe-martini-e-o-novo-secretario-de-desenvolvimento-economico\/#respond\"]}]},{\"@type\":\"WebPage\",\"@id\":\"https:\/\/jornaltimoneiro.com.br\/index.php\/2016\/12\/12\/felipe-martini-e-o-novo-secretario-de-desenvolvimento-economico\/\",\"url\":\"https:\/\/jornaltimoneiro.com.br\/index.php\/2016\/12\/12\/felipe-martini-e-o-novo-secretario-de-desenvolvimento-economico\/\",\"name\":\"Felipe Martini \u00e9 o novo secret\u00e1rio de Desenvolvimento Econ\u00f4mico - O Timoneiro Jornal Canoas RS\",\"isPartOf\":{\"@id\":\"https:\/\/jornaltimoneiro.com.br\/#website\"},\"datePublished\":\"2016-12-12T17:34:00+00:00\",\"dateModified\":\"2016-12-12T17:34:00+00:00\",\"breadcrumb\":{\"@id\":\"https:\/\/jornaltimoneiro.com.br\/index.php\/2016\/12\/12\/felipe-martini-e-o-novo-secretario-de-desenvolvimento-economico\/#breadcrumb\"},\"inLanguage\":\"pt-BR\",\"potentialAction\":[{\"@type\":\"ReadAction\",\"target\":[\"https:\/\/jornaltimoneiro.com.br\/index.php\/2016\/12\/12\/felipe-martini-e-o-novo-secretario-de-desenvolvimento-economico\/\"]}]},{\"@type\":\"BreadcrumbList\",\"@id\":\"https:\/\/jornaltimoneiro.com.br\/index.php\/2016\/12\/12\/felipe-martini-e-o-novo-secretario-de-desenvolvimento-economico\/#breadcrumb\",\"itemListElement\":[{\"@type\":\"ListItem\",\"position\":1,\"name\":\"In\u00edcio\",\"item\":\"https:\/\/jornaltimoneiro.com.br\/\"},{\"@type\":\"ListItem\",\"position\":2,\"name\":\"Felipe Martini \u00e9 o novo secret\u00e1rio de Desenvolvimento Econ\u00f4mico\"}]},{\"@type\":\"WebSite\",\"@id\":\"https:\/\/jornaltimoneiro.com.br\/#website\",\"url\":\"https:\/\/jornaltimoneiro.com.br\/\",\"name\":\"Jornal Timoneiro Canoas RS\",\"description\":\"Jornal O Timoneiro, o verdadeiro jornal de Canoas\",\"publisher\":{\"@id\":\"https:\/\/jornaltimoneiro.com.br\/#organization\"},\"potentialAction\":[{\"@type\":\"SearchAction\",\"target\":{\"@type\":\"EntryPoint\",\"urlTemplate\":\"https:\/\/jornaltimoneiro.com.br\/?s={search_term_string}\"},\"query-input\":\"required name=search_term_string\"}],\"inLanguage\":\"pt-BR\"},{\"@type\":\"Organization\",\"@id\":\"https:\/\/jornaltimoneiro.com.br\/#organization\",\"name\":\"Jornal Timoneiro Canoas RS\",\"url\":\"https:\/\/jornaltimoneiro.com.br\/\",\"logo\":{\"@type\":\"ImageObject\",\"inLanguage\":\"pt-BR\",\"@id\":\"https:\/\/jornaltimoneiro.com.br\/#\/schema\/logo\/image\/\",\"url\":\"https:\/\/jornaltimoneiro.com.br\/wp-content\/uploads\/2023\/03\/logonovo.png\",\"contentUrl\":\"https:\/\/jornaltimoneiro.com.br\/wp-content\/uploads\/2023\/03\/logonovo.png\",\"width\":\"469\",\"height\":\"171\",\"caption\":\"Jornal Timoneiro Canoas RS\"},\"image\":{\"@id\":\"https:\/\/jornaltimoneiro.com.br\/#\/schema\/logo\/image\/\"},\"sameAs\":[\"https:\/\/www.facebook.com\/jornaltimoneiro\",\"https:\/\/twitter.com\/_OTimoneiro\",\"https:\/\/www.instagram.com\/jornaltimoneirocanoas\/\",\"https:\/\/www.youtube.com\/@jornalotimoneiro7927\"]},{\"@type\":\"Person\",\"@id\":\"https:\/\/jornaltimoneiro.com.br\/#\/schema\/person\/620efd1d8244466117482be494360b08\",\"name\":\"Reda\u00e7\u00e3o\",\"image\":{\"@type\":\"ImageObject\",\"inLanguage\":\"pt-BR\",\"@id\":\"https:\/\/jornaltimoneiro.com.br\/#\/schema\/person\/image\/\",\"url\":\"https:\/\/secure.gravatar.com\/avatar\/2f04e1b304682a8d9db336c7acd77f08?s=96&d=mm&r=g\",\"contentUrl\":\"https:\/\/secure.gravatar.com\/avatar\/2f04e1b304682a8d9db336c7acd77f08?s=96&d=mm&r=g\",\"caption\":\"Reda\u00e7\u00e3o\"},\"url\":\"https:\/\/jornaltimoneiro.com.br\/index.php\/author\/timoneirocanoas\/\"}]}<\/script>\n<!-- \/ Yoast SEO plugin. -->","yoast_head_json":{"title":"Felipe Martini \u00e9 o novo secret\u00e1rio de Desenvolvimento Econ\u00f4mico - O Timoneiro Jornal Canoas RS","robots":{"index":"index","follow":"follow","max-snippet":"max-snippet:-1","max-image-preview":"max-image-preview:large","max-video-preview":"max-video-preview:-1"},"canonical":"https:\/\/jornaltimoneiro.com.br\/index.php\/2016\/12\/12\/felipe-martini-e-o-novo-secretario-de-desenvolvimento-economico\/","og_locale":"pt_BR","og_type":"article","og_title":"Felipe Martini \u00e9 o novo secret\u00e1rio de Desenvolvimento Econ\u00f4mico - O Timoneiro Jornal Canoas RS","og_description":"O prefeito eleito Luiz Carlos Busato (PTB) anunciou, nesta segunda-feira, 12, outro nome que ir\u00e1 compor a futura gest\u00e3o de Canoas. Trata-se de Felipe Martini (PSDB), novo secret\u00e1rio de Desenvolvimento Econ\u00f4mico. Candidato a prefeito pelo PSDB no primeiro turno, Felipe Martini foi um dos nomes que fortaleceu a campanha vencedora nas \u00faltimas elei\u00e7\u00f5es, ao anunciar [&hellip;]","og_url":"https:\/\/jornaltimoneiro.com.br\/index.php\/2016\/12\/12\/felipe-martini-e-o-novo-secretario-de-desenvolvimento-economico\/","og_site_name":"O Timoneiro Jornal Canoas RS","article_publisher":"https:\/\/www.facebook.com\/jornaltimoneiro","article_published_time":"2016-12-12T17:34:00+00:00","author":"Reda\u00e7\u00e3o","twitter_card":"summary_large_image","twitter_creator":"@_OTimoneiro","twitter_site":"@_OTimoneiro","twitter_misc":{"Escrito por":"Reda\u00e7\u00e3o","Est. tempo de leitura":"1 minuto"},"schema":{"@context":"https:\/\/schema.org","@graph":[{"@type":"Article","@id":"https:\/\/jornaltimoneiro.com.br\/index.php\/2016\/12\/12\/felipe-martini-e-o-novo-secretario-de-desenvolvimento-economico\/#article","isPartOf":{"@id":"https:\/\/jornaltimoneiro.com.br\/index.php\/2016\/12\/12\/felipe-martini-e-o-novo-secretario-de-desenvolvimento-economico\/"},"author":{"name":"Reda\u00e7\u00e3o","@id":"https:\/\/jornaltimoneiro.com.br\/#\/schema\/person\/620efd1d8244466117482be494360b08"},"headline":"Felipe Martini \u00e9 o novo secret\u00e1rio de Desenvolvimento Econ\u00f4mico","datePublished":"2016-12-12T17:34:00+00:00","dateModified":"2016-12-12T17:34:00+00:00","mainEntityOfPage":{"@id":"https:\/\/jornaltimoneiro.com.br\/index.php\/2016\/12\/12\/felipe-martini-e-o-novo-secretario-de-desenvolvimento-economico\/"},"wordCount":150,"commentCount":0,"publisher":{"@id":"https:\/\/jornaltimoneiro.com.br\/#organization"},"articleSection":["Destaques","Geral","Not\u00edcias","Pol\u00edtica"],"inLanguage":"pt-BR","potentialAction":[{"@type":"CommentAction","name":"Comment","target":["https:\/\/jornaltimoneiro.com.br\/index.php\/2016\/12\/12\/felipe-martini-e-o-novo-secretario-de-desenvolvimento-economico\/#respond"]}]},{"@type":"WebPage","@id":"https:\/\/jornaltimoneiro.com.br\/index.php\/2016\/12\/12\/felipe-martini-e-o-novo-secretario-de-desenvolvimento-economico\/","url":"https:\/\/jornaltimoneiro.com.br\/index.php\/2016\/12\/12\/felipe-martini-e-o-novo-secretario-de-desenvolvimento-economico\/","name":"Felipe Martini \u00e9 o novo secret\u00e1rio de Desenvolvimento Econ\u00f4mico - O Timoneiro Jornal Canoas RS","isPartOf":{"@id":"https:\/\/jornaltimoneiro.com.br\/#website"},"datePublished":"2016-12-12T17:34:00+00:00","dateModified":"2016-12-12T17:34:00+00:00","breadcrumb":{"@id":"https:\/\/jornaltimoneiro.com.br\/index.php\/2016\/12\/12\/felipe-martini-e-o-novo-secretario-de-desenvolvimento-economico\/#breadcrumb"},"inLanguage":"pt-BR","potentialAction":[{"@type":"ReadAction","target":["https:\/\/jornaltimoneiro.com.br\/index.php\/2016\/12\/12\/felipe-martini-e-o-novo-secretario-de-desenvolvimento-economico\/"]}]},{"@type":"BreadcrumbList","@id":"https:\/\/jornaltimoneiro.com.br\/index.php\/2016\/12\/12\/felipe-martini-e-o-novo-secretario-de-desenvolvimento-economico\/#breadcrumb","itemListElement":[{"@type":"ListItem","position":1,"name":"In\u00edcio","item":"https:\/\/jornaltimoneiro.com.br\/"},{"@type":"ListItem","position":2,"name":"Felipe Martini \u00e9 o novo secret\u00e1rio de Desenvolvimento Econ\u00f4mico"}]},{"@type":"WebSite","@id":"https:\/\/jornaltimoneiro.com.br\/#website","url":"https:\/\/jornaltimoneiro.com.br\/","name":"Jornal Timoneiro Canoas RS","description":"Jornal O Timoneiro, o verdadeiro jornal de Canoas","publisher":{"@id":"https:\/\/jornaltimoneiro.com.br\/#organization"},"potentialAction":[{"@type":"SearchAction","target":{"@type":"EntryPoint","urlTemplate":"https:\/\/jornaltimoneiro.com.br\/?s={search_term_string}"},"query-input":"required name=search_term_string"}],"inLanguage":"pt-BR"},{"@type":"Organization","@id":"https:\/\/jornaltimoneiro.com.br\/#organization","name":"Jornal Timoneiro Canoas RS","url":"https:\/\/jornaltimoneiro.com.br\/","logo":{"@type":"ImageObject","inLanguage":"pt-BR","@id":"https:\/\/jornaltimoneiro.com.br\/#\/schema\/logo\/image\/","url":"https:\/\/jornaltimoneiro.com.br\/wp-content\/uploads\/2023\/03\/logonovo.png","contentUrl":"https:\/\/jornaltimoneiro.com.br\/wp-content\/uploads\/2023\/03\/logonovo.png","width":"469","height":"171","caption":"Jornal Timoneiro Canoas RS"},"image":{"@id":"https:\/\/jornaltimoneiro.com.br\/#\/schema\/logo\/image\/"},"sameAs":["https:\/\/www.facebook.com\/jornaltimoneiro","https:\/\/twitter.com\/_OTimoneiro","https:\/\/www.instagram.com\/jornaltimoneirocanoas\/","https:\/\/www.youtube.com\/@jornalotimoneiro7927"]},{"@type":"Person","@id":"https:\/\/jornaltimoneiro.com.br\/#\/schema\/person\/620efd1d8244466117482be494360b08","name":"Reda\u00e7\u00e3o","image":{"@type":"ImageObject","inLanguage":"pt-BR","@id":"https:\/\/jornaltimoneiro.com.br\/#\/schema\/person\/image\/","url":"https:\/\/secure.gravatar.com\/avatar\/2f04e1b304682a8d9db336c7acd77f08?s=96&d=mm&r=g","contentUrl":"https:\/\/secure.gravatar.com\/avatar\/2f04e1b304682a8d9db336c7acd77f08?s=96&d=mm&r=g","caption":"Reda\u00e7\u00e3o"},"url":"https:\/\/jornaltimoneiro.com.br\/index.php\/author\/timoneirocanoas\/"}]}},"_links":{"self":[{"href":"https:\/\/jornaltimoneiro.com.br\/index.php\/wp-json\/wp\/v2\/posts\/5919"}],"collection":[{"href":"https:\/\/jornaltimoneiro.com.br\/index.php\/wp-json\/wp\/v2\/posts"}],"about":[{"href":"https:\/\/jornaltimoneiro.com.br\/index.php\/wp-json\/wp\/v2\/types\/post"}],"author":[{"embeddable":true,"href":"https:\/\/jornaltimoneiro.com.br\/index.php\/wp-json\/wp\/v2\/users\/1"}],"replies":[{"embeddable":true,"href":"https:\/\/jornaltimoneiro.com.br\/index.php\/wp-json\/wp\/v2\/comments?post=5919"}],"version-history":[{"count":0,"href":"https:\/\/jornaltimoneiro.com.br\/index.php\/wp-json\/wp\/v2\/posts\/5919\/revisions"}],"wp:featuredmedia":[{"embeddable":true,"href":"https:\/\/jornaltimoneiro.com.br\/index.php\/wp-json\/"}],"wp:attachment":[{"href":"https:\/\/jornaltimoneiro.com.br\/index.php\/wp-json\/wp\/v2\/media?parent=5919"}],"wp:term":[{"taxonomy":"category","embeddable":true,"href":"https:\/\/jornaltimoneiro.com.br\/index.php\/wp-json\/wp\/v2\/categories?post=5919"},{"taxonomy":"post_tag","embeddable":true,"href":"https:\/\/jornaltimoneiro.com.br\/index.php\/wp-json\/wp\/v2\/tags?post=5919"}],"curies":[{"name":"wp","href":"https:\/\/api.w.org\/{rel}","templated":true}]}}