{"id":5916,"date":"2016-12-09T16:20:56","date_gmt":"2016-12-09T18:20:56","guid":{"rendered":"http:\/\/otimoneiro.com.br\/?p=5916"},"modified":"2016-12-09T16:20:56","modified_gmt":"2016-12-09T18:20:56","slug":"volei-canoas-vence-novamente-e-entra-no-g-8-da-superliga","status":"publish","type":"post","link":"https:\/\/jornaltimoneiro.com.br\/index.php\/2016\/12\/09\/volei-canoas-vence-novamente-e-entra-no-g-8-da-superliga\/","title":{"rendered":"V\u00f4lei Canoas vence novamente e entra no G-8 da Superliga"},"content":{"rendered":"<div id=\"attachment_5917\" style=\"width: 1034px\" class=\"wp-caption aligncenter\"><a href=\"http:\/\/otimoneiro.com.br\/wp-content\/uploads\/2016\/12\/foto-Fernando-TanakaCopel-Telecom-Maring\u00e1-V\u00f4lei.jpeg\"><img decoding=\"async\" aria-describedby=\"caption-attachment-5917\" class=\"wp-image-5917 size-large\" src=\"http:\/\/otimoneiro.com.br\/wp-content\/uploads\/2016\/12\/foto-Fernando-TanakaCopel-Telecom-Maring\u00e1-V\u00f4lei-1024x682.jpeg\" alt=\"foto-fernando-tanakacopel-telecom-maringa-volei\" width=\"1024\" height=\"682\" \/><\/a><p id=\"caption-attachment-5917\" class=\"wp-caption-text\">Foto: Fernando Tanaka\/Copel Telecom Maring\u00e1 V\u00f4lei<\/p><\/div>\n<p>O Lebes\/Gedore\/Canoas conquistou outra vit\u00f3ria importante para afastar o inicio irregular na Superliga 2016\/2017. Jogando pela 8\u00aa rodada da competi\u00e7\u00e3o, a equipe venceu o Copel Telecom\/Maring\u00e1 por 3 sets a 0.<\/p>\n<p>Com o resultado, o time ga\u00facho chegou aos nove pontos e assumiu a 7\u00aa posi\u00e7\u00e3o, enquanto a equipe paranaense parou nos quatro pontos e segue no 11\u00ba lugar.<\/p>\n<p>\u201cEstamos trabalhando muito para sair dessa situa\u00e7\u00e3o dif\u00edcil. Temos atletas com muita qualidade e experi\u00eancia que, com certeza, ser\u00e3o importantes para superarmos as dificuldades e come\u00e7armos a conquistar as vit\u00f3rias na Superliga. Agora temos quatro jogos dif\u00edceis fora de casa e temos que recuperar os pontos perdidos em casa\u201d, explicou o ponteiro da equipe, Renato Hermely.<\/p>\n<p>No pr\u00f3ximo s\u00e1bado, \u00e0s 18 horas, o Lebes\/Gedore\/Canoas recebe o S\u00e3o Bernardo, no gin\u00e1sio La Salle.<\/p>\n","protected":false},"excerpt":{"rendered":"<p>O Lebes\/Gedore\/Canoas conquistou outra vit\u00f3ria importante para afastar o inicio irregular na Superliga 2016\/2017. Jogando pela 8\u00aa rodada da competi\u00e7\u00e3o, a equipe venceu o Copel Telecom\/Maring\u00e1 por 3 sets a 0. Com o resultado, o time ga\u00facho chegou aos nove pontos e assumiu a 7\u00aa posi\u00e7\u00e3o, enquanto a equipe paranaense parou nos quatro pontos e [&hellip;]<\/p>\n","protected":false},"author":1,"featured_media":5917,"comment_status":"open","ping_status":"open","sticky":false,"template":"","format":"standard","meta":{"amp_status":"","footnotes":""},"categories":[19,24,22],"tags":[],"class_list":["post-5916","post","type-post","status-publish","format-standard","has-post-thumbnail","hentry","category-destaques","category-esporte","category-noticias"],"yoast_head":"<!-- This site is optimized with the Yoast SEO plugin v20.5 - https:\/\/yoast.com\/wordpress\/plugins\/seo\/ -->\n<title>V\u00f4lei Canoas vence novamente e entra no G-8 da Superliga - O Timoneiro Jornal Canoas RS<\/title>\n<meta name=\"robots\" content=\"index, follow, max-snippet:-1, max-image-preview:large, max-video-preview:-1\" \/>\n<link rel=\"canonical\" href=\"https:\/\/jornaltimoneiro.com.br\/index.php\/2016\/12\/09\/volei-canoas-vence-novamente-e-entra-no-g-8-da-superliga\/\" \/>\n<meta property=\"og:locale\" content=\"pt_BR\" \/>\n<meta property=\"og:type\" content=\"article\" \/>\n<meta property=\"og:title\" content=\"V\u00f4lei Canoas vence novamente e entra no G-8 da Superliga - O Timoneiro Jornal Canoas RS\" \/>\n<meta property=\"og:description\" content=\"O Lebes\/Gedore\/Canoas conquistou outra vit\u00f3ria importante para afastar o inicio irregular na Superliga 2016\/2017. Jogando pela 8\u00aa rodada da competi\u00e7\u00e3o, a equipe venceu o Copel Telecom\/Maring\u00e1 por 3 sets a 0. Com o resultado, o time ga\u00facho chegou aos nove pontos e assumiu a 7\u00aa posi\u00e7\u00e3o, enquanto a equipe paranaense parou nos quatro pontos e [&hellip;]\" \/>\n<meta property=\"og:url\" content=\"https:\/\/jornaltimoneiro.com.br\/index.php\/2016\/12\/09\/volei-canoas-vence-novamente-e-entra-no-g-8-da-superliga\/\" \/>\n<meta property=\"og:site_name\" content=\"O Timoneiro Jornal Canoas RS\" \/>\n<meta property=\"article:publisher\" content=\"https:\/\/www.facebook.com\/jornaltimoneiro\" \/>\n<meta property=\"article:published_time\" content=\"2016-12-09T18:20:56+00:00\" \/>\n<meta name=\"author\" content=\"Reda\u00e7\u00e3o\" \/>\n<meta name=\"twitter:card\" content=\"summary_large_image\" \/>\n<meta name=\"twitter:creator\" content=\"@_OTimoneiro\" \/>\n<meta name=\"twitter:site\" content=\"@_OTimoneiro\" \/>\n<meta name=\"twitter:label1\" content=\"Escrito por\" \/>\n\t<meta name=\"twitter:data1\" content=\"Reda\u00e7\u00e3o\" \/>\n\t<meta name=\"twitter:label2\" content=\"Est. tempo de leitura\" \/>\n\t<meta name=\"twitter:data2\" content=\"1 minuto\" \/>\n<script type=\"application\/ld+json\" class=\"yoast-schema-graph\">{\"@context\":\"https:\/\/schema.org\",\"@graph\":[{\"@type\":\"Article\",\"@id\":\"https:\/\/jornaltimoneiro.com.br\/index.php\/2016\/12\/09\/volei-canoas-vence-novamente-e-entra-no-g-8-da-superliga\/#article\",\"isPartOf\":{\"@id\":\"https:\/\/jornaltimoneiro.com.br\/index.php\/2016\/12\/09\/volei-canoas-vence-novamente-e-entra-no-g-8-da-superliga\/\"},\"author\":{\"name\":\"Reda\u00e7\u00e3o\",\"@id\":\"https:\/\/jornaltimoneiro.com.br\/#\/schema\/person\/620efd1d8244466117482be494360b08\"},\"headline\":\"V\u00f4lei Canoas vence novamente e entra no G-8 da Superliga\",\"datePublished\":\"2016-12-09T18:20:56+00:00\",\"dateModified\":\"2016-12-09T18:20:56+00:00\",\"mainEntityOfPage\":{\"@id\":\"https:\/\/jornaltimoneiro.com.br\/index.php\/2016\/12\/09\/volei-canoas-vence-novamente-e-entra-no-g-8-da-superliga\/\"},\"wordCount\":170,\"commentCount\":0,\"publisher\":{\"@id\":\"https:\/\/jornaltimoneiro.com.br\/#organization\"},\"articleSection\":[\"Destaques\",\"Esporte\",\"Not\u00edcias\"],\"inLanguage\":\"pt-BR\",\"potentialAction\":[{\"@type\":\"CommentAction\",\"name\":\"Comment\",\"target\":[\"https:\/\/jornaltimoneiro.com.br\/index.php\/2016\/12\/09\/volei-canoas-vence-novamente-e-entra-no-g-8-da-superliga\/#respond\"]}]},{\"@type\":\"WebPage\",\"@id\":\"https:\/\/jornaltimoneiro.com.br\/index.php\/2016\/12\/09\/volei-canoas-vence-novamente-e-entra-no-g-8-da-superliga\/\",\"url\":\"https:\/\/jornaltimoneiro.com.br\/index.php\/2016\/12\/09\/volei-canoas-vence-novamente-e-entra-no-g-8-da-superliga\/\",\"name\":\"V\u00f4lei Canoas vence novamente e entra no G-8 da Superliga - O Timoneiro Jornal Canoas RS\",\"isPartOf\":{\"@id\":\"https:\/\/jornaltimoneiro.com.br\/#website\"},\"datePublished\":\"2016-12-09T18:20:56+00:00\",\"dateModified\":\"2016-12-09T18:20:56+00:00\",\"breadcrumb\":{\"@id\":\"https:\/\/jornaltimoneiro.com.br\/index.php\/2016\/12\/09\/volei-canoas-vence-novamente-e-entra-no-g-8-da-superliga\/#breadcrumb\"},\"inLanguage\":\"pt-BR\",\"potentialAction\":[{\"@type\":\"ReadAction\",\"target\":[\"https:\/\/jornaltimoneiro.com.br\/index.php\/2016\/12\/09\/volei-canoas-vence-novamente-e-entra-no-g-8-da-superliga\/\"]}]},{\"@type\":\"BreadcrumbList\",\"@id\":\"https:\/\/jornaltimoneiro.com.br\/index.php\/2016\/12\/09\/volei-canoas-vence-novamente-e-entra-no-g-8-da-superliga\/#breadcrumb\",\"itemListElement\":[{\"@type\":\"ListItem\",\"position\":1,\"name\":\"In\u00edcio\",\"item\":\"https:\/\/jornaltimoneiro.com.br\/\"},{\"@type\":\"ListItem\",\"position\":2,\"name\":\"V\u00f4lei Canoas vence novamente e entra no G-8 da Superliga\"}]},{\"@type\":\"WebSite\",\"@id\":\"https:\/\/jornaltimoneiro.com.br\/#website\",\"url\":\"https:\/\/jornaltimoneiro.com.br\/\",\"name\":\"Jornal Timoneiro Canoas RS\",\"description\":\"Jornal O Timoneiro, o verdadeiro jornal de Canoas\",\"publisher\":{\"@id\":\"https:\/\/jornaltimoneiro.com.br\/#organization\"},\"potentialAction\":[{\"@type\":\"SearchAction\",\"target\":{\"@type\":\"EntryPoint\",\"urlTemplate\":\"https:\/\/jornaltimoneiro.com.br\/?s={search_term_string}\"},\"query-input\":\"required name=search_term_string\"}],\"inLanguage\":\"pt-BR\"},{\"@type\":\"Organization\",\"@id\":\"https:\/\/jornaltimoneiro.com.br\/#organization\",\"name\":\"Jornal Timoneiro Canoas RS\",\"url\":\"https:\/\/jornaltimoneiro.com.br\/\",\"logo\":{\"@type\":\"ImageObject\",\"inLanguage\":\"pt-BR\",\"@id\":\"https:\/\/jornaltimoneiro.com.br\/#\/schema\/logo\/image\/\",\"url\":\"https:\/\/jornaltimoneiro.com.br\/wp-content\/uploads\/2023\/03\/logonovo.png\",\"contentUrl\":\"https:\/\/jornaltimoneiro.com.br\/wp-content\/uploads\/2023\/03\/logonovo.png\",\"width\":\"469\",\"height\":\"171\",\"caption\":\"Jornal Timoneiro Canoas RS\"},\"image\":{\"@id\":\"https:\/\/jornaltimoneiro.com.br\/#\/schema\/logo\/image\/\"},\"sameAs\":[\"https:\/\/www.facebook.com\/jornaltimoneiro\",\"https:\/\/twitter.com\/_OTimoneiro\",\"https:\/\/www.instagram.com\/jornaltimoneirocanoas\/\",\"https:\/\/www.youtube.com\/@jornalotimoneiro7927\"]},{\"@type\":\"Person\",\"@id\":\"https:\/\/jornaltimoneiro.com.br\/#\/schema\/person\/620efd1d8244466117482be494360b08\",\"name\":\"Reda\u00e7\u00e3o\",\"image\":{\"@type\":\"ImageObject\",\"inLanguage\":\"pt-BR\",\"@id\":\"https:\/\/jornaltimoneiro.com.br\/#\/schema\/person\/image\/\",\"url\":\"https:\/\/secure.gravatar.com\/avatar\/2f04e1b304682a8d9db336c7acd77f08?s=96&d=mm&r=g\",\"contentUrl\":\"https:\/\/secure.gravatar.com\/avatar\/2f04e1b304682a8d9db336c7acd77f08?s=96&d=mm&r=g\",\"caption\":\"Reda\u00e7\u00e3o\"},\"url\":\"https:\/\/jornaltimoneiro.com.br\/index.php\/author\/timoneirocanoas\/\"}]}<\/script>\n<!-- \/ Yoast SEO plugin. -->","yoast_head_json":{"title":"V\u00f4lei Canoas vence novamente e entra no G-8 da Superliga - O Timoneiro Jornal Canoas RS","robots":{"index":"index","follow":"follow","max-snippet":"max-snippet:-1","max-image-preview":"max-image-preview:large","max-video-preview":"max-video-preview:-1"},"canonical":"https:\/\/jornaltimoneiro.com.br\/index.php\/2016\/12\/09\/volei-canoas-vence-novamente-e-entra-no-g-8-da-superliga\/","og_locale":"pt_BR","og_type":"article","og_title":"V\u00f4lei Canoas vence novamente e entra no G-8 da Superliga - O Timoneiro Jornal Canoas RS","og_description":"O Lebes\/Gedore\/Canoas conquistou outra vit\u00f3ria importante para afastar o inicio irregular na Superliga 2016\/2017. Jogando pela 8\u00aa rodada da competi\u00e7\u00e3o, a equipe venceu o Copel Telecom\/Maring\u00e1 por 3 sets a 0. Com o resultado, o time ga\u00facho chegou aos nove pontos e assumiu a 7\u00aa posi\u00e7\u00e3o, enquanto a equipe paranaense parou nos quatro pontos e [&hellip;]","og_url":"https:\/\/jornaltimoneiro.com.br\/index.php\/2016\/12\/09\/volei-canoas-vence-novamente-e-entra-no-g-8-da-superliga\/","og_site_name":"O Timoneiro Jornal Canoas RS","article_publisher":"https:\/\/www.facebook.com\/jornaltimoneiro","article_published_time":"2016-12-09T18:20:56+00:00","author":"Reda\u00e7\u00e3o","twitter_card":"summary_large_image","twitter_creator":"@_OTimoneiro","twitter_site":"@_OTimoneiro","twitter_misc":{"Escrito por":"Reda\u00e7\u00e3o","Est. tempo de leitura":"1 minuto"},"schema":{"@context":"https:\/\/schema.org","@graph":[{"@type":"Article","@id":"https:\/\/jornaltimoneiro.com.br\/index.php\/2016\/12\/09\/volei-canoas-vence-novamente-e-entra-no-g-8-da-superliga\/#article","isPartOf":{"@id":"https:\/\/jornaltimoneiro.com.br\/index.php\/2016\/12\/09\/volei-canoas-vence-novamente-e-entra-no-g-8-da-superliga\/"},"author":{"name":"Reda\u00e7\u00e3o","@id":"https:\/\/jornaltimoneiro.com.br\/#\/schema\/person\/620efd1d8244466117482be494360b08"},"headline":"V\u00f4lei Canoas vence novamente e entra no G-8 da Superliga","datePublished":"2016-12-09T18:20:56+00:00","dateModified":"2016-12-09T18:20:56+00:00","mainEntityOfPage":{"@id":"https:\/\/jornaltimoneiro.com.br\/index.php\/2016\/12\/09\/volei-canoas-vence-novamente-e-entra-no-g-8-da-superliga\/"},"wordCount":170,"commentCount":0,"publisher":{"@id":"https:\/\/jornaltimoneiro.com.br\/#organization"},"articleSection":["Destaques","Esporte","Not\u00edcias"],"inLanguage":"pt-BR","potentialAction":[{"@type":"CommentAction","name":"Comment","target":["https:\/\/jornaltimoneiro.com.br\/index.php\/2016\/12\/09\/volei-canoas-vence-novamente-e-entra-no-g-8-da-superliga\/#respond"]}]},{"@type":"WebPage","@id":"https:\/\/jornaltimoneiro.com.br\/index.php\/2016\/12\/09\/volei-canoas-vence-novamente-e-entra-no-g-8-da-superliga\/","url":"https:\/\/jornaltimoneiro.com.br\/index.php\/2016\/12\/09\/volei-canoas-vence-novamente-e-entra-no-g-8-da-superliga\/","name":"V\u00f4lei Canoas vence novamente e entra no G-8 da Superliga - O Timoneiro Jornal Canoas RS","isPartOf":{"@id":"https:\/\/jornaltimoneiro.com.br\/#website"},"datePublished":"2016-12-09T18:20:56+00:00","dateModified":"2016-12-09T18:20:56+00:00","breadcrumb":{"@id":"https:\/\/jornaltimoneiro.com.br\/index.php\/2016\/12\/09\/volei-canoas-vence-novamente-e-entra-no-g-8-da-superliga\/#breadcrumb"},"inLanguage":"pt-BR","potentialAction":[{"@type":"ReadAction","target":["https:\/\/jornaltimoneiro.com.br\/index.php\/2016\/12\/09\/volei-canoas-vence-novamente-e-entra-no-g-8-da-superliga\/"]}]},{"@type":"BreadcrumbList","@id":"https:\/\/jornaltimoneiro.com.br\/index.php\/2016\/12\/09\/volei-canoas-vence-novamente-e-entra-no-g-8-da-superliga\/#breadcrumb","itemListElement":[{"@type":"ListItem","position":1,"name":"In\u00edcio","item":"https:\/\/jornaltimoneiro.com.br\/"},{"@type":"ListItem","position":2,"name":"V\u00f4lei Canoas vence novamente e entra no G-8 da Superliga"}]},{"@type":"WebSite","@id":"https:\/\/jornaltimoneiro.com.br\/#website","url":"https:\/\/jornaltimoneiro.com.br\/","name":"Jornal Timoneiro Canoas RS","description":"Jornal O Timoneiro, o verdadeiro jornal de Canoas","publisher":{"@id":"https:\/\/jornaltimoneiro.com.br\/#organization"},"potentialAction":[{"@type":"SearchAction","target":{"@type":"EntryPoint","urlTemplate":"https:\/\/jornaltimoneiro.com.br\/?s={search_term_string}"},"query-input":"required name=search_term_string"}],"inLanguage":"pt-BR"},{"@type":"Organization","@id":"https:\/\/jornaltimoneiro.com.br\/#organization","name":"Jornal Timoneiro Canoas RS","url":"https:\/\/jornaltimoneiro.com.br\/","logo":{"@type":"ImageObject","inLanguage":"pt-BR","@id":"https:\/\/jornaltimoneiro.com.br\/#\/schema\/logo\/image\/","url":"https:\/\/jornaltimoneiro.com.br\/wp-content\/uploads\/2023\/03\/logonovo.png","contentUrl":"https:\/\/jornaltimoneiro.com.br\/wp-content\/uploads\/2023\/03\/logonovo.png","width":"469","height":"171","caption":"Jornal Timoneiro Canoas RS"},"image":{"@id":"https:\/\/jornaltimoneiro.com.br\/#\/schema\/logo\/image\/"},"sameAs":["https:\/\/www.facebook.com\/jornaltimoneiro","https:\/\/twitter.com\/_OTimoneiro","https:\/\/www.instagram.com\/jornaltimoneirocanoas\/","https:\/\/www.youtube.com\/@jornalotimoneiro7927"]},{"@type":"Person","@id":"https:\/\/jornaltimoneiro.com.br\/#\/schema\/person\/620efd1d8244466117482be494360b08","name":"Reda\u00e7\u00e3o","image":{"@type":"ImageObject","inLanguage":"pt-BR","@id":"https:\/\/jornaltimoneiro.com.br\/#\/schema\/person\/image\/","url":"https:\/\/secure.gravatar.com\/avatar\/2f04e1b304682a8d9db336c7acd77f08?s=96&d=mm&r=g","contentUrl":"https:\/\/secure.gravatar.com\/avatar\/2f04e1b304682a8d9db336c7acd77f08?s=96&d=mm&r=g","caption":"Reda\u00e7\u00e3o"},"url":"https:\/\/jornaltimoneiro.com.br\/index.php\/author\/timoneirocanoas\/"}]}},"_links":{"self":[{"href":"https:\/\/jornaltimoneiro.com.br\/index.php\/wp-json\/wp\/v2\/posts\/5916"}],"collection":[{"href":"https:\/\/jornaltimoneiro.com.br\/index.php\/wp-json\/wp\/v2\/posts"}],"about":[{"href":"https:\/\/jornaltimoneiro.com.br\/index.php\/wp-json\/wp\/v2\/types\/post"}],"author":[{"embeddable":true,"href":"https:\/\/jornaltimoneiro.com.br\/index.php\/wp-json\/wp\/v2\/users\/1"}],"replies":[{"embeddable":true,"href":"https:\/\/jornaltimoneiro.com.br\/index.php\/wp-json\/wp\/v2\/comments?post=5916"}],"version-history":[{"count":0,"href":"https:\/\/jornaltimoneiro.com.br\/index.php\/wp-json\/wp\/v2\/posts\/5916\/revisions"}],"wp:featuredmedia":[{"embeddable":true,"href":"https:\/\/jornaltimoneiro.com.br\/index.php\/wp-json\/"}],"wp:attachment":[{"href":"https:\/\/jornaltimoneiro.com.br\/index.php\/wp-json\/wp\/v2\/media?parent=5916"}],"wp:term":[{"taxonomy":"category","embeddable":true,"href":"https:\/\/jornaltimoneiro.com.br\/index.php\/wp-json\/wp\/v2\/categories?post=5916"},{"taxonomy":"post_tag","embeddable":true,"href":"https:\/\/jornaltimoneiro.com.br\/index.php\/wp-json\/wp\/v2\/tags?post=5916"}],"curies":[{"name":"wp","href":"https:\/\/api.w.org\/{rel}","templated":true}]}}