{"id":5912,"date":"2016-12-09T15:44:16","date_gmt":"2016-12-09T17:44:16","guid":{"rendered":"http:\/\/otimoneiro.com.br\/?p=5912"},"modified":"2016-12-09T15:44:16","modified_gmt":"2016-12-09T17:44:16","slug":"trensurb-adota-nova-grade-de-horarios-a-partir-desta-segunda-feira","status":"publish","type":"post","link":"https:\/\/jornaltimoneiro.com.br\/index.php\/2016\/12\/09\/trensurb-adota-nova-grade-de-horarios-a-partir-desta-segunda-feira\/","title":{"rendered":"Trensurb adota nova grade de hor\u00e1rios a partir desta segunda-feira"},"content":{"rendered":"<div id=\"attachment_4522\" style=\"width: 480px\" class=\"wp-caption aligncenter\"><a href=\"http:\/\/otimoneiro.com.br\/wp-content\/uploads\/2016\/07\/wpid-wp-1469055100133.jpg\"><img decoding=\"async\" aria-describedby=\"caption-attachment-4522\" class=\"size-full wp-image-4522\" src=\"http:\/\/otimoneiro.com.br\/wp-content\/uploads\/2016\/07\/wpid-wp-1469055100133.jpg\" alt=\"Trensurb. Foto: divulga\u00e7\u00e3o\" width=\"470\" height=\"313\" \/><\/a><p id=\"caption-attachment-4522\" class=\"wp-caption-text\">Trensurb. Foto: divulga\u00e7\u00e3o<\/p><\/div>\n<p>A partir da pr\u00f3xima segunda-feira, 12, as composi\u00e7\u00f5es da Trensurb circulam conforme tabela hor\u00e1ria de ver\u00e3o. A medida busca adequar a oferta de servi\u00e7os \u00e0 demanda reduzida do per\u00edodo.<\/p>\n<p>Desse modo, nos hor\u00e1rios de pico, 22 trens ir\u00e3o circular, diferentemente dos 24 usuais. O intervalo m\u00ednimo entre viagens no trecho Mercado-Sapucaia, que hoje \u00e9 de tr\u00eas minutos, passa a ser de quatro minutos.<\/p>\n<p>Confira abaixo as tabelas hor\u00e1rias de ver\u00e3o, v\u00e1lidas nos dias \u00fateis:<\/p>\n<p><a href=\"http:\/\/otimoneiro.com.br\/wp-content\/uploads\/2016\/12\/Novos-hor\u00e1rios-trem-01.png\"><img decoding=\"async\" class=\"aligncenter size-full wp-image-5913\" src=\"http:\/\/otimoneiro.com.br\/wp-content\/uploads\/2016\/12\/Novos-hor\u00e1rios-trem-01.png\" alt=\"novos-horarios-trem-01\" width=\"877\" height=\"544\" \/><\/a><\/p>\n<p><a href=\"http:\/\/otimoneiro.com.br\/wp-content\/uploads\/2016\/12\/Novos-hor\u00e1rios-trem-02.png\"><img decoding=\"async\" class=\"aligncenter size-full wp-image-5914\" src=\"http:\/\/otimoneiro.com.br\/wp-content\/uploads\/2016\/12\/Novos-hor\u00e1rios-trem-02.png\" alt=\"novos-horarios-trem-02\" width=\"880\" height=\"539\" \/><\/a><\/p>\n","protected":false},"excerpt":{"rendered":"<p>A partir da pr\u00f3xima segunda-feira, 12, as composi\u00e7\u00f5es da Trensurb circulam conforme tabela hor\u00e1ria de ver\u00e3o. A medida busca adequar a oferta de servi\u00e7os \u00e0 demanda reduzida do per\u00edodo. Desse modo, nos hor\u00e1rios de pico, 22 trens ir\u00e3o circular, diferentemente dos 24 usuais. O intervalo m\u00ednimo entre viagens no trecho Mercado-Sapucaia, que hoje \u00e9 de [&hellip;]<\/p>\n","protected":false},"author":1,"featured_media":4522,"comment_status":"open","ping_status":"open","sticky":false,"template":"","format":"standard","meta":{"amp_status":"","footnotes":""},"categories":[19,23,22],"tags":[],"class_list":["post-5912","post","type-post","status-publish","format-standard","has-post-thumbnail","hentry","category-destaques","category-geral","category-noticias"],"yoast_head":"<!-- This site is optimized with the Yoast SEO plugin v20.5 - https:\/\/yoast.com\/wordpress\/plugins\/seo\/ -->\n<title>Trensurb adota nova grade de hor\u00e1rios a partir desta segunda-feira - O Timoneiro Jornal Canoas RS<\/title>\n<meta name=\"robots\" content=\"index, follow, max-snippet:-1, max-image-preview:large, max-video-preview:-1\" \/>\n<link rel=\"canonical\" href=\"https:\/\/jornaltimoneiro.com.br\/index.php\/2016\/12\/09\/trensurb-adota-nova-grade-de-horarios-a-partir-desta-segunda-feira\/\" \/>\n<meta property=\"og:locale\" content=\"pt_BR\" \/>\n<meta property=\"og:type\" content=\"article\" \/>\n<meta property=\"og:title\" content=\"Trensurb adota nova grade de hor\u00e1rios a partir desta segunda-feira - O Timoneiro Jornal Canoas RS\" \/>\n<meta property=\"og:description\" content=\"A partir da pr\u00f3xima segunda-feira, 12, as composi\u00e7\u00f5es da Trensurb circulam conforme tabela hor\u00e1ria de ver\u00e3o. A medida busca adequar a oferta de servi\u00e7os \u00e0 demanda reduzida do per\u00edodo. Desse modo, nos hor\u00e1rios de pico, 22 trens ir\u00e3o circular, diferentemente dos 24 usuais. O intervalo m\u00ednimo entre viagens no trecho Mercado-Sapucaia, que hoje \u00e9 de [&hellip;]\" \/>\n<meta property=\"og:url\" content=\"https:\/\/jornaltimoneiro.com.br\/index.php\/2016\/12\/09\/trensurb-adota-nova-grade-de-horarios-a-partir-desta-segunda-feira\/\" \/>\n<meta property=\"og:site_name\" content=\"O Timoneiro Jornal Canoas RS\" \/>\n<meta property=\"article:publisher\" content=\"https:\/\/www.facebook.com\/jornaltimoneiro\" \/>\n<meta property=\"article:published_time\" content=\"2016-12-09T17:44:16+00:00\" \/>\n<meta name=\"author\" content=\"Reda\u00e7\u00e3o\" \/>\n<meta name=\"twitter:card\" content=\"summary_large_image\" \/>\n<meta name=\"twitter:creator\" content=\"@_OTimoneiro\" \/>\n<meta name=\"twitter:site\" content=\"@_OTimoneiro\" \/>\n<meta name=\"twitter:label1\" content=\"Escrito por\" \/>\n\t<meta name=\"twitter:data1\" content=\"Reda\u00e7\u00e3o\" \/>\n<script type=\"application\/ld+json\" class=\"yoast-schema-graph\">{\"@context\":\"https:\/\/schema.org\",\"@graph\":[{\"@type\":\"Article\",\"@id\":\"https:\/\/jornaltimoneiro.com.br\/index.php\/2016\/12\/09\/trensurb-adota-nova-grade-de-horarios-a-partir-desta-segunda-feira\/#article\",\"isPartOf\":{\"@id\":\"https:\/\/jornaltimoneiro.com.br\/index.php\/2016\/12\/09\/trensurb-adota-nova-grade-de-horarios-a-partir-desta-segunda-feira\/\"},\"author\":{\"name\":\"Reda\u00e7\u00e3o\",\"@id\":\"https:\/\/jornaltimoneiro.com.br\/#\/schema\/person\/620efd1d8244466117482be494360b08\"},\"headline\":\"Trensurb adota nova grade de hor\u00e1rios a partir desta segunda-feira\",\"datePublished\":\"2016-12-09T17:44:16+00:00\",\"dateModified\":\"2016-12-09T17:44:16+00:00\",\"mainEntityOfPage\":{\"@id\":\"https:\/\/jornaltimoneiro.com.br\/index.php\/2016\/12\/09\/trensurb-adota-nova-grade-de-horarios-a-partir-desta-segunda-feira\/\"},\"wordCount\":104,\"commentCount\":0,\"publisher\":{\"@id\":\"https:\/\/jornaltimoneiro.com.br\/#organization\"},\"articleSection\":[\"Destaques\",\"Geral\",\"Not\u00edcias\"],\"inLanguage\":\"pt-BR\",\"potentialAction\":[{\"@type\":\"CommentAction\",\"name\":\"Comment\",\"target\":[\"https:\/\/jornaltimoneiro.com.br\/index.php\/2016\/12\/09\/trensurb-adota-nova-grade-de-horarios-a-partir-desta-segunda-feira\/#respond\"]}]},{\"@type\":\"WebPage\",\"@id\":\"https:\/\/jornaltimoneiro.com.br\/index.php\/2016\/12\/09\/trensurb-adota-nova-grade-de-horarios-a-partir-desta-segunda-feira\/\",\"url\":\"https:\/\/jornaltimoneiro.com.br\/index.php\/2016\/12\/09\/trensurb-adota-nova-grade-de-horarios-a-partir-desta-segunda-feira\/\",\"name\":\"Trensurb adota nova grade de hor\u00e1rios a partir desta segunda-feira - O Timoneiro Jornal Canoas RS\",\"isPartOf\":{\"@id\":\"https:\/\/jornaltimoneiro.com.br\/#website\"},\"datePublished\":\"2016-12-09T17:44:16+00:00\",\"dateModified\":\"2016-12-09T17:44:16+00:00\",\"breadcrumb\":{\"@id\":\"https:\/\/jornaltimoneiro.com.br\/index.php\/2016\/12\/09\/trensurb-adota-nova-grade-de-horarios-a-partir-desta-segunda-feira\/#breadcrumb\"},\"inLanguage\":\"pt-BR\",\"potentialAction\":[{\"@type\":\"ReadAction\",\"target\":[\"https:\/\/jornaltimoneiro.com.br\/index.php\/2016\/12\/09\/trensurb-adota-nova-grade-de-horarios-a-partir-desta-segunda-feira\/\"]}]},{\"@type\":\"BreadcrumbList\",\"@id\":\"https:\/\/jornaltimoneiro.com.br\/index.php\/2016\/12\/09\/trensurb-adota-nova-grade-de-horarios-a-partir-desta-segunda-feira\/#breadcrumb\",\"itemListElement\":[{\"@type\":\"ListItem\",\"position\":1,\"name\":\"In\u00edcio\",\"item\":\"https:\/\/jornaltimoneiro.com.br\/\"},{\"@type\":\"ListItem\",\"position\":2,\"name\":\"Trensurb adota nova grade de hor\u00e1rios a partir desta segunda-feira\"}]},{\"@type\":\"WebSite\",\"@id\":\"https:\/\/jornaltimoneiro.com.br\/#website\",\"url\":\"https:\/\/jornaltimoneiro.com.br\/\",\"name\":\"Jornal Timoneiro Canoas RS\",\"description\":\"Jornal O Timoneiro, o verdadeiro jornal de Canoas\",\"publisher\":{\"@id\":\"https:\/\/jornaltimoneiro.com.br\/#organization\"},\"potentialAction\":[{\"@type\":\"SearchAction\",\"target\":{\"@type\":\"EntryPoint\",\"urlTemplate\":\"https:\/\/jornaltimoneiro.com.br\/?s={search_term_string}\"},\"query-input\":\"required name=search_term_string\"}],\"inLanguage\":\"pt-BR\"},{\"@type\":\"Organization\",\"@id\":\"https:\/\/jornaltimoneiro.com.br\/#organization\",\"name\":\"Jornal Timoneiro Canoas RS\",\"url\":\"https:\/\/jornaltimoneiro.com.br\/\",\"logo\":{\"@type\":\"ImageObject\",\"inLanguage\":\"pt-BR\",\"@id\":\"https:\/\/jornaltimoneiro.com.br\/#\/schema\/logo\/image\/\",\"url\":\"https:\/\/jornaltimoneiro.com.br\/wp-content\/uploads\/2023\/03\/logonovo.png\",\"contentUrl\":\"https:\/\/jornaltimoneiro.com.br\/wp-content\/uploads\/2023\/03\/logonovo.png\",\"width\":\"469\",\"height\":\"171\",\"caption\":\"Jornal Timoneiro Canoas RS\"},\"image\":{\"@id\":\"https:\/\/jornaltimoneiro.com.br\/#\/schema\/logo\/image\/\"},\"sameAs\":[\"https:\/\/www.facebook.com\/jornaltimoneiro\",\"https:\/\/twitter.com\/_OTimoneiro\",\"https:\/\/www.instagram.com\/jornaltimoneirocanoas\/\",\"https:\/\/www.youtube.com\/@jornalotimoneiro7927\"]},{\"@type\":\"Person\",\"@id\":\"https:\/\/jornaltimoneiro.com.br\/#\/schema\/person\/620efd1d8244466117482be494360b08\",\"name\":\"Reda\u00e7\u00e3o\",\"image\":{\"@type\":\"ImageObject\",\"inLanguage\":\"pt-BR\",\"@id\":\"https:\/\/jornaltimoneiro.com.br\/#\/schema\/person\/image\/\",\"url\":\"https:\/\/secure.gravatar.com\/avatar\/2f04e1b304682a8d9db336c7acd77f08?s=96&d=mm&r=g\",\"contentUrl\":\"https:\/\/secure.gravatar.com\/avatar\/2f04e1b304682a8d9db336c7acd77f08?s=96&d=mm&r=g\",\"caption\":\"Reda\u00e7\u00e3o\"},\"url\":\"https:\/\/jornaltimoneiro.com.br\/index.php\/author\/timoneirocanoas\/\"}]}<\/script>\n<!-- \/ Yoast SEO plugin. -->","yoast_head_json":{"title":"Trensurb adota nova grade de hor\u00e1rios a partir desta segunda-feira - O Timoneiro Jornal Canoas RS","robots":{"index":"index","follow":"follow","max-snippet":"max-snippet:-1","max-image-preview":"max-image-preview:large","max-video-preview":"max-video-preview:-1"},"canonical":"https:\/\/jornaltimoneiro.com.br\/index.php\/2016\/12\/09\/trensurb-adota-nova-grade-de-horarios-a-partir-desta-segunda-feira\/","og_locale":"pt_BR","og_type":"article","og_title":"Trensurb adota nova grade de hor\u00e1rios a partir desta segunda-feira - O Timoneiro Jornal Canoas RS","og_description":"A partir da pr\u00f3xima segunda-feira, 12, as composi\u00e7\u00f5es da Trensurb circulam conforme tabela hor\u00e1ria de ver\u00e3o. A medida busca adequar a oferta de servi\u00e7os \u00e0 demanda reduzida do per\u00edodo. Desse modo, nos hor\u00e1rios de pico, 22 trens ir\u00e3o circular, diferentemente dos 24 usuais. O intervalo m\u00ednimo entre viagens no trecho Mercado-Sapucaia, que hoje \u00e9 de [&hellip;]","og_url":"https:\/\/jornaltimoneiro.com.br\/index.php\/2016\/12\/09\/trensurb-adota-nova-grade-de-horarios-a-partir-desta-segunda-feira\/","og_site_name":"O Timoneiro Jornal Canoas RS","article_publisher":"https:\/\/www.facebook.com\/jornaltimoneiro","article_published_time":"2016-12-09T17:44:16+00:00","author":"Reda\u00e7\u00e3o","twitter_card":"summary_large_image","twitter_creator":"@_OTimoneiro","twitter_site":"@_OTimoneiro","twitter_misc":{"Escrito por":"Reda\u00e7\u00e3o"},"schema":{"@context":"https:\/\/schema.org","@graph":[{"@type":"Article","@id":"https:\/\/jornaltimoneiro.com.br\/index.php\/2016\/12\/09\/trensurb-adota-nova-grade-de-horarios-a-partir-desta-segunda-feira\/#article","isPartOf":{"@id":"https:\/\/jornaltimoneiro.com.br\/index.php\/2016\/12\/09\/trensurb-adota-nova-grade-de-horarios-a-partir-desta-segunda-feira\/"},"author":{"name":"Reda\u00e7\u00e3o","@id":"https:\/\/jornaltimoneiro.com.br\/#\/schema\/person\/620efd1d8244466117482be494360b08"},"headline":"Trensurb adota nova grade de hor\u00e1rios a partir desta segunda-feira","datePublished":"2016-12-09T17:44:16+00:00","dateModified":"2016-12-09T17:44:16+00:00","mainEntityOfPage":{"@id":"https:\/\/jornaltimoneiro.com.br\/index.php\/2016\/12\/09\/trensurb-adota-nova-grade-de-horarios-a-partir-desta-segunda-feira\/"},"wordCount":104,"commentCount":0,"publisher":{"@id":"https:\/\/jornaltimoneiro.com.br\/#organization"},"articleSection":["Destaques","Geral","Not\u00edcias"],"inLanguage":"pt-BR","potentialAction":[{"@type":"CommentAction","name":"Comment","target":["https:\/\/jornaltimoneiro.com.br\/index.php\/2016\/12\/09\/trensurb-adota-nova-grade-de-horarios-a-partir-desta-segunda-feira\/#respond"]}]},{"@type":"WebPage","@id":"https:\/\/jornaltimoneiro.com.br\/index.php\/2016\/12\/09\/trensurb-adota-nova-grade-de-horarios-a-partir-desta-segunda-feira\/","url":"https:\/\/jornaltimoneiro.com.br\/index.php\/2016\/12\/09\/trensurb-adota-nova-grade-de-horarios-a-partir-desta-segunda-feira\/","name":"Trensurb adota nova grade de hor\u00e1rios a partir desta segunda-feira - O Timoneiro Jornal Canoas RS","isPartOf":{"@id":"https:\/\/jornaltimoneiro.com.br\/#website"},"datePublished":"2016-12-09T17:44:16+00:00","dateModified":"2016-12-09T17:44:16+00:00","breadcrumb":{"@id":"https:\/\/jornaltimoneiro.com.br\/index.php\/2016\/12\/09\/trensurb-adota-nova-grade-de-horarios-a-partir-desta-segunda-feira\/#breadcrumb"},"inLanguage":"pt-BR","potentialAction":[{"@type":"ReadAction","target":["https:\/\/jornaltimoneiro.com.br\/index.php\/2016\/12\/09\/trensurb-adota-nova-grade-de-horarios-a-partir-desta-segunda-feira\/"]}]},{"@type":"BreadcrumbList","@id":"https:\/\/jornaltimoneiro.com.br\/index.php\/2016\/12\/09\/trensurb-adota-nova-grade-de-horarios-a-partir-desta-segunda-feira\/#breadcrumb","itemListElement":[{"@type":"ListItem","position":1,"name":"In\u00edcio","item":"https:\/\/jornaltimoneiro.com.br\/"},{"@type":"ListItem","position":2,"name":"Trensurb adota nova grade de hor\u00e1rios a partir desta segunda-feira"}]},{"@type":"WebSite","@id":"https:\/\/jornaltimoneiro.com.br\/#website","url":"https:\/\/jornaltimoneiro.com.br\/","name":"Jornal Timoneiro Canoas RS","description":"Jornal O Timoneiro, o verdadeiro jornal de Canoas","publisher":{"@id":"https:\/\/jornaltimoneiro.com.br\/#organization"},"potentialAction":[{"@type":"SearchAction","target":{"@type":"EntryPoint","urlTemplate":"https:\/\/jornaltimoneiro.com.br\/?s={search_term_string}"},"query-input":"required name=search_term_string"}],"inLanguage":"pt-BR"},{"@type":"Organization","@id":"https:\/\/jornaltimoneiro.com.br\/#organization","name":"Jornal Timoneiro Canoas RS","url":"https:\/\/jornaltimoneiro.com.br\/","logo":{"@type":"ImageObject","inLanguage":"pt-BR","@id":"https:\/\/jornaltimoneiro.com.br\/#\/schema\/logo\/image\/","url":"https:\/\/jornaltimoneiro.com.br\/wp-content\/uploads\/2023\/03\/logonovo.png","contentUrl":"https:\/\/jornaltimoneiro.com.br\/wp-content\/uploads\/2023\/03\/logonovo.png","width":"469","height":"171","caption":"Jornal Timoneiro Canoas RS"},"image":{"@id":"https:\/\/jornaltimoneiro.com.br\/#\/schema\/logo\/image\/"},"sameAs":["https:\/\/www.facebook.com\/jornaltimoneiro","https:\/\/twitter.com\/_OTimoneiro","https:\/\/www.instagram.com\/jornaltimoneirocanoas\/","https:\/\/www.youtube.com\/@jornalotimoneiro7927"]},{"@type":"Person","@id":"https:\/\/jornaltimoneiro.com.br\/#\/schema\/person\/620efd1d8244466117482be494360b08","name":"Reda\u00e7\u00e3o","image":{"@type":"ImageObject","inLanguage":"pt-BR","@id":"https:\/\/jornaltimoneiro.com.br\/#\/schema\/person\/image\/","url":"https:\/\/secure.gravatar.com\/avatar\/2f04e1b304682a8d9db336c7acd77f08?s=96&d=mm&r=g","contentUrl":"https:\/\/secure.gravatar.com\/avatar\/2f04e1b304682a8d9db336c7acd77f08?s=96&d=mm&r=g","caption":"Reda\u00e7\u00e3o"},"url":"https:\/\/jornaltimoneiro.com.br\/index.php\/author\/timoneirocanoas\/"}]}},"_links":{"self":[{"href":"https:\/\/jornaltimoneiro.com.br\/index.php\/wp-json\/wp\/v2\/posts\/5912"}],"collection":[{"href":"https:\/\/jornaltimoneiro.com.br\/index.php\/wp-json\/wp\/v2\/posts"}],"about":[{"href":"https:\/\/jornaltimoneiro.com.br\/index.php\/wp-json\/wp\/v2\/types\/post"}],"author":[{"embeddable":true,"href":"https:\/\/jornaltimoneiro.com.br\/index.php\/wp-json\/wp\/v2\/users\/1"}],"replies":[{"embeddable":true,"href":"https:\/\/jornaltimoneiro.com.br\/index.php\/wp-json\/wp\/v2\/comments?post=5912"}],"version-history":[{"count":0,"href":"https:\/\/jornaltimoneiro.com.br\/index.php\/wp-json\/wp\/v2\/posts\/5912\/revisions"}],"wp:featuredmedia":[{"embeddable":true,"href":"https:\/\/jornaltimoneiro.com.br\/index.php\/wp-json\/"}],"wp:attachment":[{"href":"https:\/\/jornaltimoneiro.com.br\/index.php\/wp-json\/wp\/v2\/media?parent=5912"}],"wp:term":[{"taxonomy":"category","embeddable":true,"href":"https:\/\/jornaltimoneiro.com.br\/index.php\/wp-json\/wp\/v2\/categories?post=5912"},{"taxonomy":"post_tag","embeddable":true,"href":"https:\/\/jornaltimoneiro.com.br\/index.php\/wp-json\/wp\/v2\/tags?post=5912"}],"curies":[{"name":"wp","href":"https:\/\/api.w.org\/{rel}","templated":true}]}}