{"id":5905,"date":"2016-12-09T09:56:03","date_gmt":"2016-12-09T11:56:03","guid":{"rendered":"http:\/\/otimoneiro.com.br\/?p=5905"},"modified":"2016-12-09T09:56:03","modified_gmt":"2016-12-09T11:56:03","slug":"apae-comemora-o-natal-com-feira-solidaria","status":"publish","type":"post","link":"https:\/\/jornaltimoneiro.com.br\/index.php\/2016\/12\/09\/apae-comemora-o-natal-com-feira-solidaria\/","title":{"rendered":"APAE comemora o Natal com feira solid\u00e1ria"},"content":{"rendered":"<p><a href=\"http:\/\/otimoneiro.com.br\/wp-content\/uploads\/2016\/11\/logo.jpg\"><img decoding=\"async\" class=\"aligncenter  wp-image-5628\" src=\"http:\/\/otimoneiro.com.br\/wp-content\/uploads\/2016\/11\/logo.jpg\" alt=\"logo\" width=\"724\" height=\"724\" \/><\/a>Produtos da loja Variet\u00e0, como cal\u00e7ados, bolsas, malhas e decora\u00e7\u00f5es est\u00e3o dispon\u00edveis na loja e, ao comprar qualquer um deles, estar\u00e1 tamb\u00e9m ajudando o natal da Associa\u00e7\u00e3o de Pais e Amigos dos Excepcionais (APAE). Isso porque parte da renda ser\u00e1 destinada para a entidade. O evento ocorre na quinta, 8, e na sexta-feira, 9, das 9 horas \u00e0s 20 horas na sede da APAE Canoas (av. Santos Ferreira, 1759, Nossa Senhora das Gra\u00e7as).<\/p>\n<p>Um evento no Facebook est\u00e1 sendo organizado para melhor compreens\u00e3o de quantos estar\u00e3o presentes com o nome \u201cFeira Solid\u00e1ria de Natal \u2013 Variet\u00e0 e APAE Canoas\u201d. Os organizadores solicitam que os interessados confirmem presen\u00e7a para melhor acomod\u00e1-los no dia da feira.<\/p>\n","protected":false},"excerpt":{"rendered":"<p>Produtos da loja Variet\u00e0, como cal\u00e7ados, bolsas, malhas e decora\u00e7\u00f5es est\u00e3o dispon\u00edveis na loja e, ao comprar qualquer um deles, estar\u00e1 tamb\u00e9m ajudando o natal da Associa\u00e7\u00e3o de Pais e Amigos dos Excepcionais (APAE). Isso porque parte da renda ser\u00e1 destinada para a entidade. O evento ocorre na quinta, 8, e na sexta-feira, 9, das [&hellip;]<\/p>\n","protected":false},"author":1,"featured_media":5628,"comment_status":"open","ping_status":"open","sticky":false,"template":"","format":"standard","meta":{"amp_status":"","footnotes":""},"categories":[19,23,22],"tags":[],"class_list":["post-5905","post","type-post","status-publish","format-standard","has-post-thumbnail","hentry","category-destaques","category-geral","category-noticias"],"yoast_head":"<!-- This site is optimized with the Yoast SEO plugin v20.5 - https:\/\/yoast.com\/wordpress\/plugins\/seo\/ -->\n<title>APAE comemora o Natal com feira solid\u00e1ria - O Timoneiro Jornal Canoas RS<\/title>\n<meta name=\"robots\" content=\"index, follow, max-snippet:-1, max-image-preview:large, max-video-preview:-1\" \/>\n<link rel=\"canonical\" href=\"https:\/\/jornaltimoneiro.com.br\/index.php\/2016\/12\/09\/apae-comemora-o-natal-com-feira-solidaria\/\" \/>\n<meta property=\"og:locale\" content=\"pt_BR\" \/>\n<meta property=\"og:type\" content=\"article\" \/>\n<meta property=\"og:title\" content=\"APAE comemora o Natal com feira solid\u00e1ria - O Timoneiro Jornal Canoas RS\" \/>\n<meta property=\"og:description\" content=\"Produtos da loja Variet\u00e0, como cal\u00e7ados, bolsas, malhas e decora\u00e7\u00f5es est\u00e3o dispon\u00edveis na loja e, ao comprar qualquer um deles, estar\u00e1 tamb\u00e9m ajudando o natal da Associa\u00e7\u00e3o de Pais e Amigos dos Excepcionais (APAE). Isso porque parte da renda ser\u00e1 destinada para a entidade. O evento ocorre na quinta, 8, e na sexta-feira, 9, das [&hellip;]\" \/>\n<meta property=\"og:url\" content=\"https:\/\/jornaltimoneiro.com.br\/index.php\/2016\/12\/09\/apae-comemora-o-natal-com-feira-solidaria\/\" \/>\n<meta property=\"og:site_name\" content=\"O Timoneiro Jornal Canoas RS\" \/>\n<meta property=\"article:publisher\" content=\"https:\/\/www.facebook.com\/jornaltimoneiro\" \/>\n<meta property=\"article:published_time\" content=\"2016-12-09T11:56:03+00:00\" \/>\n<meta name=\"author\" content=\"Reda\u00e7\u00e3o\" \/>\n<meta name=\"twitter:card\" content=\"summary_large_image\" \/>\n<meta name=\"twitter:creator\" content=\"@_OTimoneiro\" \/>\n<meta name=\"twitter:site\" content=\"@_OTimoneiro\" \/>\n<meta name=\"twitter:label1\" content=\"Escrito por\" \/>\n\t<meta name=\"twitter:data1\" content=\"Reda\u00e7\u00e3o\" \/>\n\t<meta name=\"twitter:label2\" content=\"Est. tempo de leitura\" \/>\n\t<meta name=\"twitter:data2\" content=\"1 minuto\" \/>\n<script type=\"application\/ld+json\" class=\"yoast-schema-graph\">{\"@context\":\"https:\/\/schema.org\",\"@graph\":[{\"@type\":\"Article\",\"@id\":\"https:\/\/jornaltimoneiro.com.br\/index.php\/2016\/12\/09\/apae-comemora-o-natal-com-feira-solidaria\/#article\",\"isPartOf\":{\"@id\":\"https:\/\/jornaltimoneiro.com.br\/index.php\/2016\/12\/09\/apae-comemora-o-natal-com-feira-solidaria\/\"},\"author\":{\"name\":\"Reda\u00e7\u00e3o\",\"@id\":\"https:\/\/jornaltimoneiro.com.br\/#\/schema\/person\/620efd1d8244466117482be494360b08\"},\"headline\":\"APAE comemora o Natal com feira solid\u00e1ria\",\"datePublished\":\"2016-12-09T11:56:03+00:00\",\"dateModified\":\"2016-12-09T11:56:03+00:00\",\"mainEntityOfPage\":{\"@id\":\"https:\/\/jornaltimoneiro.com.br\/index.php\/2016\/12\/09\/apae-comemora-o-natal-com-feira-solidaria\/\"},\"wordCount\":128,\"commentCount\":0,\"publisher\":{\"@id\":\"https:\/\/jornaltimoneiro.com.br\/#organization\"},\"articleSection\":[\"Destaques\",\"Geral\",\"Not\u00edcias\"],\"inLanguage\":\"pt-BR\",\"potentialAction\":[{\"@type\":\"CommentAction\",\"name\":\"Comment\",\"target\":[\"https:\/\/jornaltimoneiro.com.br\/index.php\/2016\/12\/09\/apae-comemora-o-natal-com-feira-solidaria\/#respond\"]}]},{\"@type\":\"WebPage\",\"@id\":\"https:\/\/jornaltimoneiro.com.br\/index.php\/2016\/12\/09\/apae-comemora-o-natal-com-feira-solidaria\/\",\"url\":\"https:\/\/jornaltimoneiro.com.br\/index.php\/2016\/12\/09\/apae-comemora-o-natal-com-feira-solidaria\/\",\"name\":\"APAE comemora o Natal com feira solid\u00e1ria - O Timoneiro Jornal Canoas RS\",\"isPartOf\":{\"@id\":\"https:\/\/jornaltimoneiro.com.br\/#website\"},\"datePublished\":\"2016-12-09T11:56:03+00:00\",\"dateModified\":\"2016-12-09T11:56:03+00:00\",\"breadcrumb\":{\"@id\":\"https:\/\/jornaltimoneiro.com.br\/index.php\/2016\/12\/09\/apae-comemora-o-natal-com-feira-solidaria\/#breadcrumb\"},\"inLanguage\":\"pt-BR\",\"potentialAction\":[{\"@type\":\"ReadAction\",\"target\":[\"https:\/\/jornaltimoneiro.com.br\/index.php\/2016\/12\/09\/apae-comemora-o-natal-com-feira-solidaria\/\"]}]},{\"@type\":\"BreadcrumbList\",\"@id\":\"https:\/\/jornaltimoneiro.com.br\/index.php\/2016\/12\/09\/apae-comemora-o-natal-com-feira-solidaria\/#breadcrumb\",\"itemListElement\":[{\"@type\":\"ListItem\",\"position\":1,\"name\":\"In\u00edcio\",\"item\":\"https:\/\/jornaltimoneiro.com.br\/\"},{\"@type\":\"ListItem\",\"position\":2,\"name\":\"APAE comemora o Natal com feira solid\u00e1ria\"}]},{\"@type\":\"WebSite\",\"@id\":\"https:\/\/jornaltimoneiro.com.br\/#website\",\"url\":\"https:\/\/jornaltimoneiro.com.br\/\",\"name\":\"Jornal Timoneiro Canoas RS\",\"description\":\"Jornal O Timoneiro, o verdadeiro jornal de Canoas\",\"publisher\":{\"@id\":\"https:\/\/jornaltimoneiro.com.br\/#organization\"},\"potentialAction\":[{\"@type\":\"SearchAction\",\"target\":{\"@type\":\"EntryPoint\",\"urlTemplate\":\"https:\/\/jornaltimoneiro.com.br\/?s={search_term_string}\"},\"query-input\":\"required name=search_term_string\"}],\"inLanguage\":\"pt-BR\"},{\"@type\":\"Organization\",\"@id\":\"https:\/\/jornaltimoneiro.com.br\/#organization\",\"name\":\"Jornal Timoneiro Canoas RS\",\"url\":\"https:\/\/jornaltimoneiro.com.br\/\",\"logo\":{\"@type\":\"ImageObject\",\"inLanguage\":\"pt-BR\",\"@id\":\"https:\/\/jornaltimoneiro.com.br\/#\/schema\/logo\/image\/\",\"url\":\"https:\/\/jornaltimoneiro.com.br\/wp-content\/uploads\/2023\/03\/logonovo.png\",\"contentUrl\":\"https:\/\/jornaltimoneiro.com.br\/wp-content\/uploads\/2023\/03\/logonovo.png\",\"width\":\"469\",\"height\":\"171\",\"caption\":\"Jornal Timoneiro Canoas RS\"},\"image\":{\"@id\":\"https:\/\/jornaltimoneiro.com.br\/#\/schema\/logo\/image\/\"},\"sameAs\":[\"https:\/\/www.facebook.com\/jornaltimoneiro\",\"https:\/\/twitter.com\/_OTimoneiro\",\"https:\/\/www.instagram.com\/jornaltimoneirocanoas\/\",\"https:\/\/www.youtube.com\/@jornalotimoneiro7927\"]},{\"@type\":\"Person\",\"@id\":\"https:\/\/jornaltimoneiro.com.br\/#\/schema\/person\/620efd1d8244466117482be494360b08\",\"name\":\"Reda\u00e7\u00e3o\",\"image\":{\"@type\":\"ImageObject\",\"inLanguage\":\"pt-BR\",\"@id\":\"https:\/\/jornaltimoneiro.com.br\/#\/schema\/person\/image\/\",\"url\":\"https:\/\/secure.gravatar.com\/avatar\/2f04e1b304682a8d9db336c7acd77f08?s=96&d=mm&r=g\",\"contentUrl\":\"https:\/\/secure.gravatar.com\/avatar\/2f04e1b304682a8d9db336c7acd77f08?s=96&d=mm&r=g\",\"caption\":\"Reda\u00e7\u00e3o\"},\"url\":\"https:\/\/jornaltimoneiro.com.br\/index.php\/author\/timoneirocanoas\/\"}]}<\/script>\n<!-- \/ Yoast SEO plugin. -->","yoast_head_json":{"title":"APAE comemora o Natal com feira solid\u00e1ria - O Timoneiro Jornal Canoas RS","robots":{"index":"index","follow":"follow","max-snippet":"max-snippet:-1","max-image-preview":"max-image-preview:large","max-video-preview":"max-video-preview:-1"},"canonical":"https:\/\/jornaltimoneiro.com.br\/index.php\/2016\/12\/09\/apae-comemora-o-natal-com-feira-solidaria\/","og_locale":"pt_BR","og_type":"article","og_title":"APAE comemora o Natal com feira solid\u00e1ria - O Timoneiro Jornal Canoas RS","og_description":"Produtos da loja Variet\u00e0, como cal\u00e7ados, bolsas, malhas e decora\u00e7\u00f5es est\u00e3o dispon\u00edveis na loja e, ao comprar qualquer um deles, estar\u00e1 tamb\u00e9m ajudando o natal da Associa\u00e7\u00e3o de Pais e Amigos dos Excepcionais (APAE). Isso porque parte da renda ser\u00e1 destinada para a entidade. O evento ocorre na quinta, 8, e na sexta-feira, 9, das [&hellip;]","og_url":"https:\/\/jornaltimoneiro.com.br\/index.php\/2016\/12\/09\/apae-comemora-o-natal-com-feira-solidaria\/","og_site_name":"O Timoneiro Jornal Canoas RS","article_publisher":"https:\/\/www.facebook.com\/jornaltimoneiro","article_published_time":"2016-12-09T11:56:03+00:00","author":"Reda\u00e7\u00e3o","twitter_card":"summary_large_image","twitter_creator":"@_OTimoneiro","twitter_site":"@_OTimoneiro","twitter_misc":{"Escrito por":"Reda\u00e7\u00e3o","Est. tempo de leitura":"1 minuto"},"schema":{"@context":"https:\/\/schema.org","@graph":[{"@type":"Article","@id":"https:\/\/jornaltimoneiro.com.br\/index.php\/2016\/12\/09\/apae-comemora-o-natal-com-feira-solidaria\/#article","isPartOf":{"@id":"https:\/\/jornaltimoneiro.com.br\/index.php\/2016\/12\/09\/apae-comemora-o-natal-com-feira-solidaria\/"},"author":{"name":"Reda\u00e7\u00e3o","@id":"https:\/\/jornaltimoneiro.com.br\/#\/schema\/person\/620efd1d8244466117482be494360b08"},"headline":"APAE comemora o Natal com feira solid\u00e1ria","datePublished":"2016-12-09T11:56:03+00:00","dateModified":"2016-12-09T11:56:03+00:00","mainEntityOfPage":{"@id":"https:\/\/jornaltimoneiro.com.br\/index.php\/2016\/12\/09\/apae-comemora-o-natal-com-feira-solidaria\/"},"wordCount":128,"commentCount":0,"publisher":{"@id":"https:\/\/jornaltimoneiro.com.br\/#organization"},"articleSection":["Destaques","Geral","Not\u00edcias"],"inLanguage":"pt-BR","potentialAction":[{"@type":"CommentAction","name":"Comment","target":["https:\/\/jornaltimoneiro.com.br\/index.php\/2016\/12\/09\/apae-comemora-o-natal-com-feira-solidaria\/#respond"]}]},{"@type":"WebPage","@id":"https:\/\/jornaltimoneiro.com.br\/index.php\/2016\/12\/09\/apae-comemora-o-natal-com-feira-solidaria\/","url":"https:\/\/jornaltimoneiro.com.br\/index.php\/2016\/12\/09\/apae-comemora-o-natal-com-feira-solidaria\/","name":"APAE comemora o Natal com feira solid\u00e1ria - O Timoneiro Jornal Canoas RS","isPartOf":{"@id":"https:\/\/jornaltimoneiro.com.br\/#website"},"datePublished":"2016-12-09T11:56:03+00:00","dateModified":"2016-12-09T11:56:03+00:00","breadcrumb":{"@id":"https:\/\/jornaltimoneiro.com.br\/index.php\/2016\/12\/09\/apae-comemora-o-natal-com-feira-solidaria\/#breadcrumb"},"inLanguage":"pt-BR","potentialAction":[{"@type":"ReadAction","target":["https:\/\/jornaltimoneiro.com.br\/index.php\/2016\/12\/09\/apae-comemora-o-natal-com-feira-solidaria\/"]}]},{"@type":"BreadcrumbList","@id":"https:\/\/jornaltimoneiro.com.br\/index.php\/2016\/12\/09\/apae-comemora-o-natal-com-feira-solidaria\/#breadcrumb","itemListElement":[{"@type":"ListItem","position":1,"name":"In\u00edcio","item":"https:\/\/jornaltimoneiro.com.br\/"},{"@type":"ListItem","position":2,"name":"APAE comemora o Natal com feira solid\u00e1ria"}]},{"@type":"WebSite","@id":"https:\/\/jornaltimoneiro.com.br\/#website","url":"https:\/\/jornaltimoneiro.com.br\/","name":"Jornal Timoneiro Canoas RS","description":"Jornal O Timoneiro, o verdadeiro jornal de Canoas","publisher":{"@id":"https:\/\/jornaltimoneiro.com.br\/#organization"},"potentialAction":[{"@type":"SearchAction","target":{"@type":"EntryPoint","urlTemplate":"https:\/\/jornaltimoneiro.com.br\/?s={search_term_string}"},"query-input":"required name=search_term_string"}],"inLanguage":"pt-BR"},{"@type":"Organization","@id":"https:\/\/jornaltimoneiro.com.br\/#organization","name":"Jornal Timoneiro Canoas RS","url":"https:\/\/jornaltimoneiro.com.br\/","logo":{"@type":"ImageObject","inLanguage":"pt-BR","@id":"https:\/\/jornaltimoneiro.com.br\/#\/schema\/logo\/image\/","url":"https:\/\/jornaltimoneiro.com.br\/wp-content\/uploads\/2023\/03\/logonovo.png","contentUrl":"https:\/\/jornaltimoneiro.com.br\/wp-content\/uploads\/2023\/03\/logonovo.png","width":"469","height":"171","caption":"Jornal Timoneiro Canoas RS"},"image":{"@id":"https:\/\/jornaltimoneiro.com.br\/#\/schema\/logo\/image\/"},"sameAs":["https:\/\/www.facebook.com\/jornaltimoneiro","https:\/\/twitter.com\/_OTimoneiro","https:\/\/www.instagram.com\/jornaltimoneirocanoas\/","https:\/\/www.youtube.com\/@jornalotimoneiro7927"]},{"@type":"Person","@id":"https:\/\/jornaltimoneiro.com.br\/#\/schema\/person\/620efd1d8244466117482be494360b08","name":"Reda\u00e7\u00e3o","image":{"@type":"ImageObject","inLanguage":"pt-BR","@id":"https:\/\/jornaltimoneiro.com.br\/#\/schema\/person\/image\/","url":"https:\/\/secure.gravatar.com\/avatar\/2f04e1b304682a8d9db336c7acd77f08?s=96&d=mm&r=g","contentUrl":"https:\/\/secure.gravatar.com\/avatar\/2f04e1b304682a8d9db336c7acd77f08?s=96&d=mm&r=g","caption":"Reda\u00e7\u00e3o"},"url":"https:\/\/jornaltimoneiro.com.br\/index.php\/author\/timoneirocanoas\/"}]}},"_links":{"self":[{"href":"https:\/\/jornaltimoneiro.com.br\/index.php\/wp-json\/wp\/v2\/posts\/5905"}],"collection":[{"href":"https:\/\/jornaltimoneiro.com.br\/index.php\/wp-json\/wp\/v2\/posts"}],"about":[{"href":"https:\/\/jornaltimoneiro.com.br\/index.php\/wp-json\/wp\/v2\/types\/post"}],"author":[{"embeddable":true,"href":"https:\/\/jornaltimoneiro.com.br\/index.php\/wp-json\/wp\/v2\/users\/1"}],"replies":[{"embeddable":true,"href":"https:\/\/jornaltimoneiro.com.br\/index.php\/wp-json\/wp\/v2\/comments?post=5905"}],"version-history":[{"count":0,"href":"https:\/\/jornaltimoneiro.com.br\/index.php\/wp-json\/wp\/v2\/posts\/5905\/revisions"}],"wp:featuredmedia":[{"embeddable":true,"href":"https:\/\/jornaltimoneiro.com.br\/index.php\/wp-json\/"}],"wp:attachment":[{"href":"https:\/\/jornaltimoneiro.com.br\/index.php\/wp-json\/wp\/v2\/media?parent=5905"}],"wp:term":[{"taxonomy":"category","embeddable":true,"href":"https:\/\/jornaltimoneiro.com.br\/index.php\/wp-json\/wp\/v2\/categories?post=5905"},{"taxonomy":"post_tag","embeddable":true,"href":"https:\/\/jornaltimoneiro.com.br\/index.php\/wp-json\/wp\/v2\/tags?post=5905"}],"curies":[{"name":"wp","href":"https:\/\/api.w.org\/{rel}","templated":true}]}}