{"id":5896,"date":"2016-12-09T09:44:23","date_gmt":"2016-12-09T11:44:23","guid":{"rendered":"http:\/\/otimoneiro.com.br\/?p=5896"},"modified":"2016-12-09T09:44:23","modified_gmt":"2016-12-09T11:44:23","slug":"medida-cautelar-que-barrava-licitacao-dos-hospitais-e-revogada-2","status":"publish","type":"post","link":"https:\/\/jornaltimoneiro.com.br\/index.php\/2016\/12\/09\/medida-cautelar-que-barrava-licitacao-dos-hospitais-e-revogada-2\/","title":{"rendered":"Medida cautelar que barrava licita\u00e7\u00e3o dos hospitais \u00e9 revogada"},"content":{"rendered":"<p><a href=\"http:\/\/otimoneiro.com.br\/wp-content\/uploads\/2016\/12\/Divulga\u00e7\u00e3o-ulbra.jpg\"><img decoding=\"async\" class=\"aligncenter  wp-image-5897\" src=\"http:\/\/otimoneiro.com.br\/wp-content\/uploads\/2016\/12\/Divulga\u00e7\u00e3o-ulbra.jpg\" alt=\"divulgacao-ulbra\" width=\"722\" height=\"483\" \/><\/a>Uma medida cautelar foi a respons\u00e1vel por paralisar o processo licitat\u00f3rio e tirar da empresa Gamp o contrato com o Hospital de Pronto Socorro (HPSC), o Hospital Universit\u00e1rio (HU) e mais duas Unidades de Pronto Atendimento (UPAs) no munic\u00edpio. Por\u00e9m, o mesmo relator do Tribunal de Contas do Estado (TCE), conselheiro Alexandre Postal, decidiu no dia 29 de novembro, ap\u00f3s a defesa apresentada pela Prefeitura, revogar a cautelar. Segundo o seu despacho, a decis\u00e3o foi embasada no \u201ctemor da solu\u00e7\u00e3o de continuidade na presta\u00e7\u00e3o dos servi\u00e7os de sa\u00fade \u00e0 popula\u00e7\u00e3o\u201d.<\/p>\n<p>O grupo Gamp, que assumiu a gest\u00e3o dos dois hospitais e das duas UPAs, come\u00e7ou seus trabalhos com uma medida que causou indigna\u00e7\u00e3o nos funcion\u00e1rios das quatro institui\u00e7\u00f5es. Durante a \u00faltima semana, v\u00e1rios trabalhadores contataram a reda\u00e7\u00e3o de O Timoneiro para informar que seus sal\u00e1rios n\u00e3o foram pagos no quinto dia \u00fatil do m\u00eas e que receberam comunicado de que s\u00f3 ter\u00e3o acesso ao dinheiro no pr\u00f3ximo dia 15. A equipe de reportagem de OT contatou o novo gestor, que confirmou a informa\u00e7\u00e3o.<\/p>\n<h3>Sal\u00e1rio atrasado<\/h3>\n<p>Consultado, o Gamp informou que pretende cumprir todos os compromissos assumidos, e afirmou que a situa\u00e7\u00e3o de dezembro \u00e9 uma exce\u00e7\u00e3o. O grupo diz que neste primeiro m\u00eas de gest\u00e3o, quest\u00f5es burocr\u00e1ticas e de documenta\u00e7\u00e3o causaram a transfer\u00eancia da data de pagamento para o pr\u00f3ximo dia 15. O novo gestor afirmou ainda que esta altera\u00e7\u00e3o de data acontecer\u00e1 apenas neste m\u00eas, em decorr\u00eancia do per\u00edodo de transi\u00e7\u00e3o. \u201cNos pr\u00f3ximos meses, em condi\u00e7\u00f5es normais de repasses do Governo Municipal, estaremos cumprindo, reciprocamente, os prazos de pagamentos\u201d, explicou.<\/p>\n<h3>\nSuspens\u00e3o<\/h3>\n<p>Atrav\u00e9s de uma medida cautelar, o Tribunal de Contas do Estado (TCE) havia suspendido a licita\u00e7\u00e3o aberta pela Prefeitura para empresas interessadas em gerir os hospitais e as unidades. Em seu despacho, Postal entendeu que a atual administra\u00e7\u00e3o fez importantes altera\u00e7\u00f5es nos requisitos de participa\u00e7\u00e3o do edital \u201crelativas a remunera\u00e7\u00e3o dos profissionais, carga hor\u00e1ria, escolas de trabalho, servi\u00e7os terceirizados, tipo de v\u00ednculo laboratorial, entre outros\u201d. Mas, segundo ele, outras falhas foram apontadas por uma equipe de auditoria como a inaplicabilidade da Lei Federal n\u00ba 13.019\/2014 ao SUS, a aus\u00eancia de vig\u00eancia e regulamenta\u00e7\u00e3o local do diploma, entre outros. No novo despacho, o conselheiro entendeu que seria melhor revogar a medida e da continuidade ao processo.<\/p>\n<p>A respeito da situa\u00e7\u00e3o da licita\u00e7\u00e3o, o grupo Gamp emitiu nota, onde afirmou: \u201cA dire\u00e7\u00e3o do Gamp considera superadas as quest\u00f5es licitat\u00f3rias, empenhando-se em colocar sua experi\u00eancia em estrutura e gerenciamento na implanta\u00e7\u00e3o de novo modelo de administra\u00e7\u00e3o no setor da sa\u00fade de Canoas, visando o melhor resultado para colaboradores, corpo cl\u00ednico, gestores, unidades e, principalmente, no atendimento \u00e0 comunidade\u201d.<\/p>\n","protected":false},"excerpt":{"rendered":"<p>Uma medida cautelar foi a respons\u00e1vel por paralisar o processo licitat\u00f3rio e tirar da empresa Gamp o contrato com o Hospital de Pronto Socorro (HPSC), o Hospital Universit\u00e1rio (HU) e mais duas Unidades de Pronto Atendimento (UPAs) no munic\u00edpio. Por\u00e9m, o mesmo relator do Tribunal de Contas do Estado (TCE), conselheiro Alexandre Postal, decidiu no [&hellip;]<\/p>\n","protected":false},"author":1,"featured_media":5897,"comment_status":"open","ping_status":"open","sticky":false,"template":"","format":"standard","meta":{"amp_status":"","footnotes":""},"categories":[19,23,22,26],"tags":[],"class_list":["post-5896","post","type-post","status-publish","format-standard","has-post-thumbnail","hentry","category-destaques","category-geral","category-noticias","category-saude"],"yoast_head":"<!-- This site is optimized with the Yoast SEO plugin v20.5 - https:\/\/yoast.com\/wordpress\/plugins\/seo\/ -->\n<title>Medida cautelar que barrava licita\u00e7\u00e3o dos hospitais \u00e9 revogada - O Timoneiro Jornal Canoas RS<\/title>\n<meta name=\"robots\" content=\"index, follow, max-snippet:-1, max-image-preview:large, max-video-preview:-1\" \/>\n<link rel=\"canonical\" href=\"https:\/\/jornaltimoneiro.com.br\/index.php\/2016\/12\/09\/medida-cautelar-que-barrava-licitacao-dos-hospitais-e-revogada-2\/\" \/>\n<meta property=\"og:locale\" content=\"pt_BR\" \/>\n<meta property=\"og:type\" content=\"article\" \/>\n<meta property=\"og:title\" content=\"Medida cautelar que barrava licita\u00e7\u00e3o dos hospitais \u00e9 revogada - O Timoneiro Jornal Canoas RS\" \/>\n<meta property=\"og:description\" content=\"Uma medida cautelar foi a respons\u00e1vel por paralisar o processo licitat\u00f3rio e tirar da empresa Gamp o contrato com o Hospital de Pronto Socorro (HPSC), o Hospital Universit\u00e1rio (HU) e mais duas Unidades de Pronto Atendimento (UPAs) no munic\u00edpio. Por\u00e9m, o mesmo relator do Tribunal de Contas do Estado (TCE), conselheiro Alexandre Postal, decidiu no [&hellip;]\" \/>\n<meta property=\"og:url\" content=\"https:\/\/jornaltimoneiro.com.br\/index.php\/2016\/12\/09\/medida-cautelar-que-barrava-licitacao-dos-hospitais-e-revogada-2\/\" \/>\n<meta property=\"og:site_name\" content=\"O Timoneiro Jornal Canoas RS\" \/>\n<meta property=\"article:publisher\" content=\"https:\/\/www.facebook.com\/jornaltimoneiro\" \/>\n<meta property=\"article:published_time\" content=\"2016-12-09T11:44:23+00:00\" \/>\n<meta name=\"author\" content=\"Reda\u00e7\u00e3o\" \/>\n<meta name=\"twitter:card\" content=\"summary_large_image\" \/>\n<meta name=\"twitter:creator\" content=\"@_OTimoneiro\" \/>\n<meta name=\"twitter:site\" content=\"@_OTimoneiro\" \/>\n<meta name=\"twitter:label1\" content=\"Escrito por\" \/>\n\t<meta name=\"twitter:data1\" content=\"Reda\u00e7\u00e3o\" \/>\n\t<meta name=\"twitter:label2\" content=\"Est. tempo de leitura\" \/>\n\t<meta name=\"twitter:data2\" content=\"2 minutos\" \/>\n<script type=\"application\/ld+json\" class=\"yoast-schema-graph\">{\"@context\":\"https:\/\/schema.org\",\"@graph\":[{\"@type\":\"Article\",\"@id\":\"https:\/\/jornaltimoneiro.com.br\/index.php\/2016\/12\/09\/medida-cautelar-que-barrava-licitacao-dos-hospitais-e-revogada-2\/#article\",\"isPartOf\":{\"@id\":\"https:\/\/jornaltimoneiro.com.br\/index.php\/2016\/12\/09\/medida-cautelar-que-barrava-licitacao-dos-hospitais-e-revogada-2\/\"},\"author\":{\"name\":\"Reda\u00e7\u00e3o\",\"@id\":\"https:\/\/jornaltimoneiro.com.br\/#\/schema\/person\/620efd1d8244466117482be494360b08\"},\"headline\":\"Medida cautelar que barrava licita\u00e7\u00e3o dos hospitais \u00e9 revogada\",\"datePublished\":\"2016-12-09T11:44:23+00:00\",\"dateModified\":\"2016-12-09T11:44:23+00:00\",\"mainEntityOfPage\":{\"@id\":\"https:\/\/jornaltimoneiro.com.br\/index.php\/2016\/12\/09\/medida-cautelar-que-barrava-licitacao-dos-hospitais-e-revogada-2\/\"},\"wordCount\":504,\"commentCount\":0,\"publisher\":{\"@id\":\"https:\/\/jornaltimoneiro.com.br\/#organization\"},\"articleSection\":[\"Destaques\",\"Geral\",\"Not\u00edcias\",\"Sa\u00fade\"],\"inLanguage\":\"pt-BR\",\"potentialAction\":[{\"@type\":\"CommentAction\",\"name\":\"Comment\",\"target\":[\"https:\/\/jornaltimoneiro.com.br\/index.php\/2016\/12\/09\/medida-cautelar-que-barrava-licitacao-dos-hospitais-e-revogada-2\/#respond\"]}]},{\"@type\":\"WebPage\",\"@id\":\"https:\/\/jornaltimoneiro.com.br\/index.php\/2016\/12\/09\/medida-cautelar-que-barrava-licitacao-dos-hospitais-e-revogada-2\/\",\"url\":\"https:\/\/jornaltimoneiro.com.br\/index.php\/2016\/12\/09\/medida-cautelar-que-barrava-licitacao-dos-hospitais-e-revogada-2\/\",\"name\":\"Medida cautelar que barrava licita\u00e7\u00e3o dos hospitais \u00e9 revogada - O Timoneiro Jornal Canoas RS\",\"isPartOf\":{\"@id\":\"https:\/\/jornaltimoneiro.com.br\/#website\"},\"datePublished\":\"2016-12-09T11:44:23+00:00\",\"dateModified\":\"2016-12-09T11:44:23+00:00\",\"breadcrumb\":{\"@id\":\"https:\/\/jornaltimoneiro.com.br\/index.php\/2016\/12\/09\/medida-cautelar-que-barrava-licitacao-dos-hospitais-e-revogada-2\/#breadcrumb\"},\"inLanguage\":\"pt-BR\",\"potentialAction\":[{\"@type\":\"ReadAction\",\"target\":[\"https:\/\/jornaltimoneiro.com.br\/index.php\/2016\/12\/09\/medida-cautelar-que-barrava-licitacao-dos-hospitais-e-revogada-2\/\"]}]},{\"@type\":\"BreadcrumbList\",\"@id\":\"https:\/\/jornaltimoneiro.com.br\/index.php\/2016\/12\/09\/medida-cautelar-que-barrava-licitacao-dos-hospitais-e-revogada-2\/#breadcrumb\",\"itemListElement\":[{\"@type\":\"ListItem\",\"position\":1,\"name\":\"In\u00edcio\",\"item\":\"https:\/\/jornaltimoneiro.com.br\/\"},{\"@type\":\"ListItem\",\"position\":2,\"name\":\"Medida cautelar que barrava licita\u00e7\u00e3o dos hospitais \u00e9 revogada\"}]},{\"@type\":\"WebSite\",\"@id\":\"https:\/\/jornaltimoneiro.com.br\/#website\",\"url\":\"https:\/\/jornaltimoneiro.com.br\/\",\"name\":\"Jornal Timoneiro Canoas RS\",\"description\":\"Jornal O Timoneiro, o verdadeiro jornal de Canoas\",\"publisher\":{\"@id\":\"https:\/\/jornaltimoneiro.com.br\/#organization\"},\"potentialAction\":[{\"@type\":\"SearchAction\",\"target\":{\"@type\":\"EntryPoint\",\"urlTemplate\":\"https:\/\/jornaltimoneiro.com.br\/?s={search_term_string}\"},\"query-input\":\"required name=search_term_string\"}],\"inLanguage\":\"pt-BR\"},{\"@type\":\"Organization\",\"@id\":\"https:\/\/jornaltimoneiro.com.br\/#organization\",\"name\":\"Jornal Timoneiro Canoas RS\",\"url\":\"https:\/\/jornaltimoneiro.com.br\/\",\"logo\":{\"@type\":\"ImageObject\",\"inLanguage\":\"pt-BR\",\"@id\":\"https:\/\/jornaltimoneiro.com.br\/#\/schema\/logo\/image\/\",\"url\":\"https:\/\/jornaltimoneiro.com.br\/wp-content\/uploads\/2023\/03\/logonovo.png\",\"contentUrl\":\"https:\/\/jornaltimoneiro.com.br\/wp-content\/uploads\/2023\/03\/logonovo.png\",\"width\":\"469\",\"height\":\"171\",\"caption\":\"Jornal Timoneiro Canoas RS\"},\"image\":{\"@id\":\"https:\/\/jornaltimoneiro.com.br\/#\/schema\/logo\/image\/\"},\"sameAs\":[\"https:\/\/www.facebook.com\/jornaltimoneiro\",\"https:\/\/twitter.com\/_OTimoneiro\",\"https:\/\/www.instagram.com\/jornaltimoneirocanoas\/\",\"https:\/\/www.youtube.com\/@jornalotimoneiro7927\"]},{\"@type\":\"Person\",\"@id\":\"https:\/\/jornaltimoneiro.com.br\/#\/schema\/person\/620efd1d8244466117482be494360b08\",\"name\":\"Reda\u00e7\u00e3o\",\"image\":{\"@type\":\"ImageObject\",\"inLanguage\":\"pt-BR\",\"@id\":\"https:\/\/jornaltimoneiro.com.br\/#\/schema\/person\/image\/\",\"url\":\"https:\/\/secure.gravatar.com\/avatar\/2f04e1b304682a8d9db336c7acd77f08?s=96&d=mm&r=g\",\"contentUrl\":\"https:\/\/secure.gravatar.com\/avatar\/2f04e1b304682a8d9db336c7acd77f08?s=96&d=mm&r=g\",\"caption\":\"Reda\u00e7\u00e3o\"},\"url\":\"https:\/\/jornaltimoneiro.com.br\/index.php\/author\/timoneirocanoas\/\"}]}<\/script>\n<!-- \/ Yoast SEO plugin. -->","yoast_head_json":{"title":"Medida cautelar que barrava licita\u00e7\u00e3o dos hospitais \u00e9 revogada - O Timoneiro Jornal Canoas RS","robots":{"index":"index","follow":"follow","max-snippet":"max-snippet:-1","max-image-preview":"max-image-preview:large","max-video-preview":"max-video-preview:-1"},"canonical":"https:\/\/jornaltimoneiro.com.br\/index.php\/2016\/12\/09\/medida-cautelar-que-barrava-licitacao-dos-hospitais-e-revogada-2\/","og_locale":"pt_BR","og_type":"article","og_title":"Medida cautelar que barrava licita\u00e7\u00e3o dos hospitais \u00e9 revogada - O Timoneiro Jornal Canoas RS","og_description":"Uma medida cautelar foi a respons\u00e1vel por paralisar o processo licitat\u00f3rio e tirar da empresa Gamp o contrato com o Hospital de Pronto Socorro (HPSC), o Hospital Universit\u00e1rio (HU) e mais duas Unidades de Pronto Atendimento (UPAs) no munic\u00edpio. Por\u00e9m, o mesmo relator do Tribunal de Contas do Estado (TCE), conselheiro Alexandre Postal, decidiu no [&hellip;]","og_url":"https:\/\/jornaltimoneiro.com.br\/index.php\/2016\/12\/09\/medida-cautelar-que-barrava-licitacao-dos-hospitais-e-revogada-2\/","og_site_name":"O Timoneiro Jornal Canoas RS","article_publisher":"https:\/\/www.facebook.com\/jornaltimoneiro","article_published_time":"2016-12-09T11:44:23+00:00","author":"Reda\u00e7\u00e3o","twitter_card":"summary_large_image","twitter_creator":"@_OTimoneiro","twitter_site":"@_OTimoneiro","twitter_misc":{"Escrito por":"Reda\u00e7\u00e3o","Est. tempo de leitura":"2 minutos"},"schema":{"@context":"https:\/\/schema.org","@graph":[{"@type":"Article","@id":"https:\/\/jornaltimoneiro.com.br\/index.php\/2016\/12\/09\/medida-cautelar-que-barrava-licitacao-dos-hospitais-e-revogada-2\/#article","isPartOf":{"@id":"https:\/\/jornaltimoneiro.com.br\/index.php\/2016\/12\/09\/medida-cautelar-que-barrava-licitacao-dos-hospitais-e-revogada-2\/"},"author":{"name":"Reda\u00e7\u00e3o","@id":"https:\/\/jornaltimoneiro.com.br\/#\/schema\/person\/620efd1d8244466117482be494360b08"},"headline":"Medida cautelar que barrava licita\u00e7\u00e3o dos hospitais \u00e9 revogada","datePublished":"2016-12-09T11:44:23+00:00","dateModified":"2016-12-09T11:44:23+00:00","mainEntityOfPage":{"@id":"https:\/\/jornaltimoneiro.com.br\/index.php\/2016\/12\/09\/medida-cautelar-que-barrava-licitacao-dos-hospitais-e-revogada-2\/"},"wordCount":504,"commentCount":0,"publisher":{"@id":"https:\/\/jornaltimoneiro.com.br\/#organization"},"articleSection":["Destaques","Geral","Not\u00edcias","Sa\u00fade"],"inLanguage":"pt-BR","potentialAction":[{"@type":"CommentAction","name":"Comment","target":["https:\/\/jornaltimoneiro.com.br\/index.php\/2016\/12\/09\/medida-cautelar-que-barrava-licitacao-dos-hospitais-e-revogada-2\/#respond"]}]},{"@type":"WebPage","@id":"https:\/\/jornaltimoneiro.com.br\/index.php\/2016\/12\/09\/medida-cautelar-que-barrava-licitacao-dos-hospitais-e-revogada-2\/","url":"https:\/\/jornaltimoneiro.com.br\/index.php\/2016\/12\/09\/medida-cautelar-que-barrava-licitacao-dos-hospitais-e-revogada-2\/","name":"Medida cautelar que barrava licita\u00e7\u00e3o dos hospitais \u00e9 revogada - O Timoneiro Jornal Canoas RS","isPartOf":{"@id":"https:\/\/jornaltimoneiro.com.br\/#website"},"datePublished":"2016-12-09T11:44:23+00:00","dateModified":"2016-12-09T11:44:23+00:00","breadcrumb":{"@id":"https:\/\/jornaltimoneiro.com.br\/index.php\/2016\/12\/09\/medida-cautelar-que-barrava-licitacao-dos-hospitais-e-revogada-2\/#breadcrumb"},"inLanguage":"pt-BR","potentialAction":[{"@type":"ReadAction","target":["https:\/\/jornaltimoneiro.com.br\/index.php\/2016\/12\/09\/medida-cautelar-que-barrava-licitacao-dos-hospitais-e-revogada-2\/"]}]},{"@type":"BreadcrumbList","@id":"https:\/\/jornaltimoneiro.com.br\/index.php\/2016\/12\/09\/medida-cautelar-que-barrava-licitacao-dos-hospitais-e-revogada-2\/#breadcrumb","itemListElement":[{"@type":"ListItem","position":1,"name":"In\u00edcio","item":"https:\/\/jornaltimoneiro.com.br\/"},{"@type":"ListItem","position":2,"name":"Medida cautelar que barrava licita\u00e7\u00e3o dos hospitais \u00e9 revogada"}]},{"@type":"WebSite","@id":"https:\/\/jornaltimoneiro.com.br\/#website","url":"https:\/\/jornaltimoneiro.com.br\/","name":"Jornal Timoneiro Canoas RS","description":"Jornal O Timoneiro, o verdadeiro jornal de Canoas","publisher":{"@id":"https:\/\/jornaltimoneiro.com.br\/#organization"},"potentialAction":[{"@type":"SearchAction","target":{"@type":"EntryPoint","urlTemplate":"https:\/\/jornaltimoneiro.com.br\/?s={search_term_string}"},"query-input":"required name=search_term_string"}],"inLanguage":"pt-BR"},{"@type":"Organization","@id":"https:\/\/jornaltimoneiro.com.br\/#organization","name":"Jornal Timoneiro Canoas RS","url":"https:\/\/jornaltimoneiro.com.br\/","logo":{"@type":"ImageObject","inLanguage":"pt-BR","@id":"https:\/\/jornaltimoneiro.com.br\/#\/schema\/logo\/image\/","url":"https:\/\/jornaltimoneiro.com.br\/wp-content\/uploads\/2023\/03\/logonovo.png","contentUrl":"https:\/\/jornaltimoneiro.com.br\/wp-content\/uploads\/2023\/03\/logonovo.png","width":"469","height":"171","caption":"Jornal Timoneiro Canoas RS"},"image":{"@id":"https:\/\/jornaltimoneiro.com.br\/#\/schema\/logo\/image\/"},"sameAs":["https:\/\/www.facebook.com\/jornaltimoneiro","https:\/\/twitter.com\/_OTimoneiro","https:\/\/www.instagram.com\/jornaltimoneirocanoas\/","https:\/\/www.youtube.com\/@jornalotimoneiro7927"]},{"@type":"Person","@id":"https:\/\/jornaltimoneiro.com.br\/#\/schema\/person\/620efd1d8244466117482be494360b08","name":"Reda\u00e7\u00e3o","image":{"@type":"ImageObject","inLanguage":"pt-BR","@id":"https:\/\/jornaltimoneiro.com.br\/#\/schema\/person\/image\/","url":"https:\/\/secure.gravatar.com\/avatar\/2f04e1b304682a8d9db336c7acd77f08?s=96&d=mm&r=g","contentUrl":"https:\/\/secure.gravatar.com\/avatar\/2f04e1b304682a8d9db336c7acd77f08?s=96&d=mm&r=g","caption":"Reda\u00e7\u00e3o"},"url":"https:\/\/jornaltimoneiro.com.br\/index.php\/author\/timoneirocanoas\/"}]}},"_links":{"self":[{"href":"https:\/\/jornaltimoneiro.com.br\/index.php\/wp-json\/wp\/v2\/posts\/5896"}],"collection":[{"href":"https:\/\/jornaltimoneiro.com.br\/index.php\/wp-json\/wp\/v2\/posts"}],"about":[{"href":"https:\/\/jornaltimoneiro.com.br\/index.php\/wp-json\/wp\/v2\/types\/post"}],"author":[{"embeddable":true,"href":"https:\/\/jornaltimoneiro.com.br\/index.php\/wp-json\/wp\/v2\/users\/1"}],"replies":[{"embeddable":true,"href":"https:\/\/jornaltimoneiro.com.br\/index.php\/wp-json\/wp\/v2\/comments?post=5896"}],"version-history":[{"count":0,"href":"https:\/\/jornaltimoneiro.com.br\/index.php\/wp-json\/wp\/v2\/posts\/5896\/revisions"}],"wp:featuredmedia":[{"embeddable":true,"href":"https:\/\/jornaltimoneiro.com.br\/index.php\/wp-json\/"}],"wp:attachment":[{"href":"https:\/\/jornaltimoneiro.com.br\/index.php\/wp-json\/wp\/v2\/media?parent=5896"}],"wp:term":[{"taxonomy":"category","embeddable":true,"href":"https:\/\/jornaltimoneiro.com.br\/index.php\/wp-json\/wp\/v2\/categories?post=5896"},{"taxonomy":"post_tag","embeddable":true,"href":"https:\/\/jornaltimoneiro.com.br\/index.php\/wp-json\/wp\/v2\/tags?post=5896"}],"curies":[{"name":"wp","href":"https:\/\/api.w.org\/{rel}","templated":true}]}}