{"id":5704,"date":"2016-11-18T12:11:59","date_gmt":"2016-11-18T14:11:59","guid":{"rendered":"http:\/\/otimoneiro.com.br\/?p=5704"},"modified":"2016-11-18T12:11:59","modified_gmt":"2016-11-18T14:11:59","slug":"prefeitura-gasta-r-4-milhoes-com-dividas-de-terceiros","status":"publish","type":"post","link":"https:\/\/jornaltimoneiro.com.br\/index.php\/2016\/11\/18\/prefeitura-gasta-r-4-milhoes-com-dividas-de-terceiros\/","title":{"rendered":"Prefeitura gasta R$ 4 milh\u00f5es com d\u00edvidas de terceiros"},"content":{"rendered":"<div id=\"attachment_5705\" style=\"width: 634px\" class=\"wp-caption aligncenter\"><a href=\"http:\/\/otimoneiro.com.br\/wp-content\/uploads\/2016\/11\/10486330_939495712745734_7496033673476473501_o.jpg\"><img decoding=\"async\" aria-describedby=\"caption-attachment-5705\" class=\" wp-image-5705\" src=\"http:\/\/otimoneiro.com.br\/wp-content\/uploads\/2016\/11\/10486330_939495712745734_7496033673476473501_o-768x1024.jpg\" alt=\"Jos\u00e9 Carlos Duarte, ex-procurado do munic\u00edpio. Foto: divulga\u00e7\u00e3o\" width=\"624\" height=\"833\" \/><\/a><p id=\"caption-attachment-5705\" class=\"wp-caption-text\">Jos\u00e9 Carlos Duarte, ex-procurado do munic\u00edpio. Foto: divulga\u00e7\u00e3o<\/p><\/div>\n<p>O ex-procurador do Munic\u00edpio, Jos\u00e9 Carlos Duarte, procurou a reda\u00e7\u00e3o de O Timoneiro na \u00faltima semana para denunciar mais um caso de gasto exorbitante da atual gest\u00e3o da Prefeitura de Canoas. Segundo Duarte, a administra\u00e7\u00e3o tem feito ressarcimento de despesas banc\u00e1rias para empresas que prestam servi\u00e7os para o Munic\u00edpio.<\/p>\n<h3>Valores<\/h3>\n<p>Ap\u00f3s fazer um apanhado dos \u00faltimos cinco anos de Jairo Jorge, Duarte apurou que a Prefeitura teve um gasto superior a R$ 4 milh\u00f5es com estas despesas. &#8220;A verdade \u00e9 que, essa brincadeira, s\u00f3 pode ser brincadeira, nos custou de 2011 at\u00e9 outubro de 2016 o total de R$ 4.544.302,33. Isso mesmo, mais de quatro milh\u00f5es de reais, mal aplicado, mal gerido diria at\u00e9 desviado, no sentido de utiliza\u00e7\u00e3o de mal caminho a ser trilhado&#8221;, revela Duarte.<\/p>\n<h3>Origens<\/h3>\n<p>De acordo com Duarte, estes custos s\u00e3o gerados porque estas empresas, fizeram opera\u00e7\u00f5es banc\u00e1rias de cr\u00e9dito e as despesas origin\u00e1rias das opera\u00e7\u00f5es, desde IOF, juros e outras tarifas banc\u00e1rias, s\u00e3o suportadas pelo Munic\u00edpio. &#8220;Por ordem e responsabilidade do Secret\u00e1rio da Fazenda, ainda que em alguns casos, escudado em pareceres\u00a0 da Procuradoria-Geral do Munic\u00edpio, que ao longo dos anos examinados, de 2011 at\u00e9 2016, limitaram-se os estudiosos advogados a somente ter procedido na altera\u00e7\u00e3o dos \u00a0n\u00fameros destes mesmos pareceres, sem alterar os entendimentos, ou seja, ratificando erros que se perpetuam no tempo&#8221;, diz.<\/p>\n<p>A respeito da legalidade da medida, o ex-procurador disse: &#8220;O prefeito Jairo Jorge e seu fiel Secret\u00e1rio da Fazenda, Marcos Bosio, entendem que \u00e9 direito destes fornecedores, serem ressarcidos ou devolvidos de valores que os bancos lhes cobram,\u00a0 e estupidamente, at\u00e9 porque n\u00e3o sai de seus bolsos, determinam tais reembolsos ou devolu\u00e7\u00f5es&#8221;.<\/p>\n<h3>Provid\u00eancias<\/h3>\n<p>Duarte afirma que, ao procurar OT para divulgar estas informa\u00e7\u00f5es, espera que as autoridades tomem provid\u00eancias. &#8220;Ante a gravidade do problema, pode ser que o Tribunal de Contas do Estado do Rio Grande do Sul, o Minist\u00e9rio P\u00fablico Estadual e at\u00e9 Minist\u00e9rio P\u00fablico Federal, em conhecendo deste texto, tomem as provid\u00eancias necess\u00e1rias e reparadoras&#8221;, avaliou.<\/p>\n<p>&nbsp;<\/p>\n<h3>O que diz a Prefeitura<\/h3>\n<p>Consultada, a Prefeitura afirmou que assumiu estes custos das empresas em per\u00edodos em que estava com pagamentos atrasados a elas por mais de 90 dias. Como isso d\u00e1 respaldo jur\u00eddico para que as contratadas paralisem os servi\u00e7os, a administra\u00e7\u00e3o municipal afirma que construiu esta alternativapara evitar interrup\u00e7\u00f5es. &#8220;Este procedimento tem amparo jur\u00eddico e contou com parecer especial da Procuradoria-Geral do Munic\u00edpio, sendo que j\u00e1 foram objeto de auditoria espec\u00edfica dos \u00f3rg\u00e3os de controle. Tais medidas foram tomadas no sentido de garantir a continuidade da presta\u00e7\u00e3o de servi\u00e7os essenciais \u00e0 popula\u00e7\u00e3o&#8221;, diz a Prefeitura, que n\u00e3o confirmou os valores citados pelo ex-procurador.<\/p>\n<p>&nbsp;<\/p>\n<h3>Confira os empenhos dos valores apontados por Duarte<\/h3>\n<h3><\/h3>\n<p><u>Empenho n\u00ba 90020565\/2011 <\/u><\/p>\n<p><u>Credor<\/u>: Equipe Cooperativa de Servi\u00e7os Ltda. \u2013 valor R$31.143,86<\/p>\n<p><u>Descri\u00e7\u00e3o<\/u>: Proc. 42145\/2011 <strong>Devolu\u00e7\u00e3o dos encargos oriundos da Nota de Cr\u00e9dito Comercial <\/strong>n\u00ba 2011006530104071000001 debitados em 18\/11\/2011, cfe. Parecer do Secret\u00e1rio da Fazenda no processo e conforme Parecer T\u00e9cnico n\u00ba 532 da PGM.<\/p>\n<p>&nbsp;<\/p>\n<p>&nbsp;<\/p>\n<p><u>Empenho n\u00ba 0902000253\/2014<\/u><\/p>\n<p><u>Credor:<\/u>Revita Engenharia S\/A. \u2013 valor R$ 1.083.214,91<\/p>\n<p><u>Descri\u00e7\u00e3o<\/u>: MVP 20929\/14, AE 20\/14, <strong>ressarcimento dos encargos dispendidos pela empresa<\/strong> referente a c\u00e9dula de cr\u00e9dito n\u00ba 2013011130104081000008 conforme Parecer PGM.<\/p>\n<p>&nbsp;<\/p>\n<p>&nbsp;<\/p>\n<p><u>Empenho n\u00ba 0902000103\/2015<\/u><\/p>\n<p><u>Credor<\/u>: Mecanicapina Limpeza Urbana Ltda. \u2013 valor R$ 145.922,97<\/p>\n<p><u>Descri\u00e7\u00e3o<\/u>: mvp 8565\/2015, AE 25\/15<strong>, valor referente a devolu\u00e7\u00e3o de juros\/IOF e tarifas banc\u00e1rias oriundos da Nota de Cr\u00e9dito Comercial<\/strong> n\u00ba 00035169488 no valor de R$145.922,97 da opera\u00e7\u00e3o de cr\u00e9dito realizada em 10\/11\/14 no valor de R$ 3.728.381,22.<\/p>\n<p>&nbsp;<\/p>\n<p>&nbsp;<\/p>\n<p><u>Empenho n\u00ba 0902000155\/2015<\/u><\/p>\n<p><u>Credor<\/u>: Atacad\u00e3o Com\u00e9rcio de G\u00eaneros Aliment\u00edcios Ltda. \u2013valor R$ 99.656,76<\/p>\n<p><u>Descri\u00e7\u00e3o:<\/u> MVP 8478\/15<strong>, ressarcimento dos encargos financeiros solicitados pela empresa, em fun\u00e7\u00e3o do atraso nos pagamentos por parte da Prefeitura.<\/strong><\/p>\n<p><strong>\u00a0<\/strong><\/p>\n<p><strong>\u00a0<\/strong><\/p>\n<p><u>Empenho n\u00ba 0902000156\/2015<\/u><\/p>\n<p><u>Credor<\/u>: W.K.Borges&amp; Cia. Ltda. \u2013 valor R$ 208.889,70<\/p>\n<p><u>Descri\u00e7\u00e3o<\/u>: MVP 8578\/15, <strong>ressarcimento dos encargos financeiros solicitados pela empresa, em fun\u00e7\u00e3o do atraso nos pagamentos por parte da Prefeitura.<\/strong><\/p>\n<p><strong>\u00a0<\/strong><\/p>\n<p>&nbsp;<\/p>\n<p><u>Empenho n\u00ba 0901000528\/2016<\/u><\/p>\n<p><u>Credor<\/u>: W.K.Borges&amp; Cia. Ltda. \u2013 valor R$ 694.003,04<\/p>\n<p><u>Descri\u00e7\u00e3o<\/u>: Proc. 6080\/2016 AE 131\/2016 <strong>ressarcimento conforme autoriza\u00e7\u00e3o do Secret\u00e1rio da SMF, <\/strong>de juros banc\u00e1rios oriundos da nota de cr\u00e9dito comercial (2015002830100361000003) no valor de R$694.003,04, referente a opera\u00e7\u00e3o de cr\u00e9dito realizada em 30\/07\/2015, conforme extrato banc\u00e1rio do Banrisul S\/A e MVP 6080\/2016.<\/p>\n<p>&nbsp;<\/p>\n<p>&nbsp;<\/p>\n<p><u>Empenho n\u00ba 0901000529\/2016<\/u><\/p>\n<p><u>Credor<\/u>:MecanicapinaLtda.\u2013valor R$454.087,37.<\/p>\n<p><u>Descri\u00e7\u00e3o<\/u>: Proc. 6082\/2016 AE 132\/2016 <strong>ressarcimento conforme autoriza\u00e7\u00e3o do Secret\u00e1rio da SMF<\/strong>, de juros banc\u00e1rios oriundos da nota de cr\u00e9dito comercial (2015002830100051000008) no valor de R454.087,37, referente a opera\u00e7\u00e3o de cr\u00e9dito realizada em 26\/08\/2015, conforme extrato banc\u00e1rio do Banrisul S\/A e MVP 6082\/2016.<\/p>\n<p>&nbsp;<\/p>\n","protected":false},"excerpt":{"rendered":"<p>O ex-procurador Jos\u00e9 Carlos Duarte apurou per\u00edodo entre os anos 2011 e 2016<\/p>\n","protected":false},"author":1,"featured_media":4786,"comment_status":"open","ping_status":"open","sticky":false,"template":"","format":"standard","meta":{"amp_status":"","footnotes":""},"categories":[19,22,20],"tags":[],"class_list":["post-5704","post","type-post","status-publish","format-standard","has-post-thumbnail","hentry","category-destaques","category-noticias","category-politica-noticias"],"yoast_head":"<!-- This site is optimized with the Yoast SEO plugin v20.5 - https:\/\/yoast.com\/wordpress\/plugins\/seo\/ -->\n<title>Prefeitura gasta R$ 4 milh\u00f5es com d\u00edvidas de terceiros - O Timoneiro Jornal Canoas RS<\/title>\n<meta name=\"robots\" content=\"index, follow, max-snippet:-1, max-image-preview:large, max-video-preview:-1\" \/>\n<link rel=\"canonical\" href=\"https:\/\/jornaltimoneiro.com.br\/index.php\/2016\/11\/18\/prefeitura-gasta-r-4-milhoes-com-dividas-de-terceiros\/\" \/>\n<meta property=\"og:locale\" content=\"pt_BR\" \/>\n<meta property=\"og:type\" content=\"article\" \/>\n<meta property=\"og:title\" content=\"Prefeitura gasta R$ 4 milh\u00f5es com d\u00edvidas de terceiros - O Timoneiro Jornal Canoas RS\" \/>\n<meta property=\"og:description\" content=\"O ex-procurador Jos\u00e9 Carlos Duarte apurou per\u00edodo entre os anos 2011 e 2016\" \/>\n<meta property=\"og:url\" content=\"https:\/\/jornaltimoneiro.com.br\/index.php\/2016\/11\/18\/prefeitura-gasta-r-4-milhoes-com-dividas-de-terceiros\/\" \/>\n<meta property=\"og:site_name\" content=\"O Timoneiro Jornal Canoas RS\" \/>\n<meta property=\"article:publisher\" content=\"https:\/\/www.facebook.com\/jornaltimoneiro\" \/>\n<meta property=\"article:published_time\" content=\"2016-11-18T14:11:59+00:00\" \/>\n<meta name=\"author\" content=\"Reda\u00e7\u00e3o\" \/>\n<meta name=\"twitter:card\" content=\"summary_large_image\" \/>\n<meta name=\"twitter:creator\" content=\"@_OTimoneiro\" \/>\n<meta name=\"twitter:site\" content=\"@_OTimoneiro\" \/>\n<meta name=\"twitter:label1\" content=\"Escrito por\" \/>\n\t<meta name=\"twitter:data1\" content=\"Reda\u00e7\u00e3o\" \/>\n\t<meta name=\"twitter:label2\" content=\"Est. tempo de leitura\" \/>\n\t<meta name=\"twitter:data2\" content=\"4 minutos\" \/>\n<script type=\"application\/ld+json\" class=\"yoast-schema-graph\">{\"@context\":\"https:\/\/schema.org\",\"@graph\":[{\"@type\":\"Article\",\"@id\":\"https:\/\/jornaltimoneiro.com.br\/index.php\/2016\/11\/18\/prefeitura-gasta-r-4-milhoes-com-dividas-de-terceiros\/#article\",\"isPartOf\":{\"@id\":\"https:\/\/jornaltimoneiro.com.br\/index.php\/2016\/11\/18\/prefeitura-gasta-r-4-milhoes-com-dividas-de-terceiros\/\"},\"author\":{\"name\":\"Reda\u00e7\u00e3o\",\"@id\":\"https:\/\/jornaltimoneiro.com.br\/#\/schema\/person\/620efd1d8244466117482be494360b08\"},\"headline\":\"Prefeitura gasta R$ 4 milh\u00f5es com d\u00edvidas de terceiros\",\"datePublished\":\"2016-11-18T14:11:59+00:00\",\"dateModified\":\"2016-11-18T14:11:59+00:00\",\"mainEntityOfPage\":{\"@id\":\"https:\/\/jornaltimoneiro.com.br\/index.php\/2016\/11\/18\/prefeitura-gasta-r-4-milhoes-com-dividas-de-terceiros\/\"},\"wordCount\":823,\"commentCount\":0,\"publisher\":{\"@id\":\"https:\/\/jornaltimoneiro.com.br\/#organization\"},\"articleSection\":[\"Destaques\",\"Not\u00edcias\",\"Pol\u00edtica\"],\"inLanguage\":\"pt-BR\",\"potentialAction\":[{\"@type\":\"CommentAction\",\"name\":\"Comment\",\"target\":[\"https:\/\/jornaltimoneiro.com.br\/index.php\/2016\/11\/18\/prefeitura-gasta-r-4-milhoes-com-dividas-de-terceiros\/#respond\"]}]},{\"@type\":\"WebPage\",\"@id\":\"https:\/\/jornaltimoneiro.com.br\/index.php\/2016\/11\/18\/prefeitura-gasta-r-4-milhoes-com-dividas-de-terceiros\/\",\"url\":\"https:\/\/jornaltimoneiro.com.br\/index.php\/2016\/11\/18\/prefeitura-gasta-r-4-milhoes-com-dividas-de-terceiros\/\",\"name\":\"Prefeitura gasta R$ 4 milh\u00f5es com d\u00edvidas de terceiros - O Timoneiro Jornal Canoas RS\",\"isPartOf\":{\"@id\":\"https:\/\/jornaltimoneiro.com.br\/#website\"},\"datePublished\":\"2016-11-18T14:11:59+00:00\",\"dateModified\":\"2016-11-18T14:11:59+00:00\",\"breadcrumb\":{\"@id\":\"https:\/\/jornaltimoneiro.com.br\/index.php\/2016\/11\/18\/prefeitura-gasta-r-4-milhoes-com-dividas-de-terceiros\/#breadcrumb\"},\"inLanguage\":\"pt-BR\",\"potentialAction\":[{\"@type\":\"ReadAction\",\"target\":[\"https:\/\/jornaltimoneiro.com.br\/index.php\/2016\/11\/18\/prefeitura-gasta-r-4-milhoes-com-dividas-de-terceiros\/\"]}]},{\"@type\":\"BreadcrumbList\",\"@id\":\"https:\/\/jornaltimoneiro.com.br\/index.php\/2016\/11\/18\/prefeitura-gasta-r-4-milhoes-com-dividas-de-terceiros\/#breadcrumb\",\"itemListElement\":[{\"@type\":\"ListItem\",\"position\":1,\"name\":\"In\u00edcio\",\"item\":\"https:\/\/jornaltimoneiro.com.br\/\"},{\"@type\":\"ListItem\",\"position\":2,\"name\":\"Prefeitura gasta R$ 4 milh\u00f5es com d\u00edvidas de terceiros\"}]},{\"@type\":\"WebSite\",\"@id\":\"https:\/\/jornaltimoneiro.com.br\/#website\",\"url\":\"https:\/\/jornaltimoneiro.com.br\/\",\"name\":\"Jornal Timoneiro Canoas RS\",\"description\":\"Jornal O Timoneiro, o verdadeiro jornal de Canoas\",\"publisher\":{\"@id\":\"https:\/\/jornaltimoneiro.com.br\/#organization\"},\"potentialAction\":[{\"@type\":\"SearchAction\",\"target\":{\"@type\":\"EntryPoint\",\"urlTemplate\":\"https:\/\/jornaltimoneiro.com.br\/?s={search_term_string}\"},\"query-input\":\"required name=search_term_string\"}],\"inLanguage\":\"pt-BR\"},{\"@type\":\"Organization\",\"@id\":\"https:\/\/jornaltimoneiro.com.br\/#organization\",\"name\":\"Jornal Timoneiro Canoas RS\",\"url\":\"https:\/\/jornaltimoneiro.com.br\/\",\"logo\":{\"@type\":\"ImageObject\",\"inLanguage\":\"pt-BR\",\"@id\":\"https:\/\/jornaltimoneiro.com.br\/#\/schema\/logo\/image\/\",\"url\":\"https:\/\/jornaltimoneiro.com.br\/wp-content\/uploads\/2023\/03\/logonovo.png\",\"contentUrl\":\"https:\/\/jornaltimoneiro.com.br\/wp-content\/uploads\/2023\/03\/logonovo.png\",\"width\":\"469\",\"height\":\"171\",\"caption\":\"Jornal Timoneiro Canoas RS\"},\"image\":{\"@id\":\"https:\/\/jornaltimoneiro.com.br\/#\/schema\/logo\/image\/\"},\"sameAs\":[\"https:\/\/www.facebook.com\/jornaltimoneiro\",\"https:\/\/twitter.com\/_OTimoneiro\",\"https:\/\/www.instagram.com\/jornaltimoneirocanoas\/\",\"https:\/\/www.youtube.com\/@jornalotimoneiro7927\"]},{\"@type\":\"Person\",\"@id\":\"https:\/\/jornaltimoneiro.com.br\/#\/schema\/person\/620efd1d8244466117482be494360b08\",\"name\":\"Reda\u00e7\u00e3o\",\"image\":{\"@type\":\"ImageObject\",\"inLanguage\":\"pt-BR\",\"@id\":\"https:\/\/jornaltimoneiro.com.br\/#\/schema\/person\/image\/\",\"url\":\"https:\/\/secure.gravatar.com\/avatar\/2f04e1b304682a8d9db336c7acd77f08?s=96&d=mm&r=g\",\"contentUrl\":\"https:\/\/secure.gravatar.com\/avatar\/2f04e1b304682a8d9db336c7acd77f08?s=96&d=mm&r=g\",\"caption\":\"Reda\u00e7\u00e3o\"},\"url\":\"https:\/\/jornaltimoneiro.com.br\/index.php\/author\/timoneirocanoas\/\"}]}<\/script>\n<!-- \/ Yoast SEO plugin. -->","yoast_head_json":{"title":"Prefeitura gasta R$ 4 milh\u00f5es com d\u00edvidas de terceiros - O Timoneiro Jornal Canoas RS","robots":{"index":"index","follow":"follow","max-snippet":"max-snippet:-1","max-image-preview":"max-image-preview:large","max-video-preview":"max-video-preview:-1"},"canonical":"https:\/\/jornaltimoneiro.com.br\/index.php\/2016\/11\/18\/prefeitura-gasta-r-4-milhoes-com-dividas-de-terceiros\/","og_locale":"pt_BR","og_type":"article","og_title":"Prefeitura gasta R$ 4 milh\u00f5es com d\u00edvidas de terceiros - O Timoneiro Jornal Canoas RS","og_description":"O ex-procurador Jos\u00e9 Carlos Duarte apurou per\u00edodo entre os anos 2011 e 2016","og_url":"https:\/\/jornaltimoneiro.com.br\/index.php\/2016\/11\/18\/prefeitura-gasta-r-4-milhoes-com-dividas-de-terceiros\/","og_site_name":"O Timoneiro Jornal Canoas RS","article_publisher":"https:\/\/www.facebook.com\/jornaltimoneiro","article_published_time":"2016-11-18T14:11:59+00:00","author":"Reda\u00e7\u00e3o","twitter_card":"summary_large_image","twitter_creator":"@_OTimoneiro","twitter_site":"@_OTimoneiro","twitter_misc":{"Escrito por":"Reda\u00e7\u00e3o","Est. tempo de leitura":"4 minutos"},"schema":{"@context":"https:\/\/schema.org","@graph":[{"@type":"Article","@id":"https:\/\/jornaltimoneiro.com.br\/index.php\/2016\/11\/18\/prefeitura-gasta-r-4-milhoes-com-dividas-de-terceiros\/#article","isPartOf":{"@id":"https:\/\/jornaltimoneiro.com.br\/index.php\/2016\/11\/18\/prefeitura-gasta-r-4-milhoes-com-dividas-de-terceiros\/"},"author":{"name":"Reda\u00e7\u00e3o","@id":"https:\/\/jornaltimoneiro.com.br\/#\/schema\/person\/620efd1d8244466117482be494360b08"},"headline":"Prefeitura gasta R$ 4 milh\u00f5es com d\u00edvidas de terceiros","datePublished":"2016-11-18T14:11:59+00:00","dateModified":"2016-11-18T14:11:59+00:00","mainEntityOfPage":{"@id":"https:\/\/jornaltimoneiro.com.br\/index.php\/2016\/11\/18\/prefeitura-gasta-r-4-milhoes-com-dividas-de-terceiros\/"},"wordCount":823,"commentCount":0,"publisher":{"@id":"https:\/\/jornaltimoneiro.com.br\/#organization"},"articleSection":["Destaques","Not\u00edcias","Pol\u00edtica"],"inLanguage":"pt-BR","potentialAction":[{"@type":"CommentAction","name":"Comment","target":["https:\/\/jornaltimoneiro.com.br\/index.php\/2016\/11\/18\/prefeitura-gasta-r-4-milhoes-com-dividas-de-terceiros\/#respond"]}]},{"@type":"WebPage","@id":"https:\/\/jornaltimoneiro.com.br\/index.php\/2016\/11\/18\/prefeitura-gasta-r-4-milhoes-com-dividas-de-terceiros\/","url":"https:\/\/jornaltimoneiro.com.br\/index.php\/2016\/11\/18\/prefeitura-gasta-r-4-milhoes-com-dividas-de-terceiros\/","name":"Prefeitura gasta R$ 4 milh\u00f5es com d\u00edvidas de terceiros - O Timoneiro Jornal Canoas RS","isPartOf":{"@id":"https:\/\/jornaltimoneiro.com.br\/#website"},"datePublished":"2016-11-18T14:11:59+00:00","dateModified":"2016-11-18T14:11:59+00:00","breadcrumb":{"@id":"https:\/\/jornaltimoneiro.com.br\/index.php\/2016\/11\/18\/prefeitura-gasta-r-4-milhoes-com-dividas-de-terceiros\/#breadcrumb"},"inLanguage":"pt-BR","potentialAction":[{"@type":"ReadAction","target":["https:\/\/jornaltimoneiro.com.br\/index.php\/2016\/11\/18\/prefeitura-gasta-r-4-milhoes-com-dividas-de-terceiros\/"]}]},{"@type":"BreadcrumbList","@id":"https:\/\/jornaltimoneiro.com.br\/index.php\/2016\/11\/18\/prefeitura-gasta-r-4-milhoes-com-dividas-de-terceiros\/#breadcrumb","itemListElement":[{"@type":"ListItem","position":1,"name":"In\u00edcio","item":"https:\/\/jornaltimoneiro.com.br\/"},{"@type":"ListItem","position":2,"name":"Prefeitura gasta R$ 4 milh\u00f5es com d\u00edvidas de terceiros"}]},{"@type":"WebSite","@id":"https:\/\/jornaltimoneiro.com.br\/#website","url":"https:\/\/jornaltimoneiro.com.br\/","name":"Jornal Timoneiro Canoas RS","description":"Jornal O Timoneiro, o verdadeiro jornal de Canoas","publisher":{"@id":"https:\/\/jornaltimoneiro.com.br\/#organization"},"potentialAction":[{"@type":"SearchAction","target":{"@type":"EntryPoint","urlTemplate":"https:\/\/jornaltimoneiro.com.br\/?s={search_term_string}"},"query-input":"required name=search_term_string"}],"inLanguage":"pt-BR"},{"@type":"Organization","@id":"https:\/\/jornaltimoneiro.com.br\/#organization","name":"Jornal Timoneiro Canoas RS","url":"https:\/\/jornaltimoneiro.com.br\/","logo":{"@type":"ImageObject","inLanguage":"pt-BR","@id":"https:\/\/jornaltimoneiro.com.br\/#\/schema\/logo\/image\/","url":"https:\/\/jornaltimoneiro.com.br\/wp-content\/uploads\/2023\/03\/logonovo.png","contentUrl":"https:\/\/jornaltimoneiro.com.br\/wp-content\/uploads\/2023\/03\/logonovo.png","width":"469","height":"171","caption":"Jornal Timoneiro Canoas RS"},"image":{"@id":"https:\/\/jornaltimoneiro.com.br\/#\/schema\/logo\/image\/"},"sameAs":["https:\/\/www.facebook.com\/jornaltimoneiro","https:\/\/twitter.com\/_OTimoneiro","https:\/\/www.instagram.com\/jornaltimoneirocanoas\/","https:\/\/www.youtube.com\/@jornalotimoneiro7927"]},{"@type":"Person","@id":"https:\/\/jornaltimoneiro.com.br\/#\/schema\/person\/620efd1d8244466117482be494360b08","name":"Reda\u00e7\u00e3o","image":{"@type":"ImageObject","inLanguage":"pt-BR","@id":"https:\/\/jornaltimoneiro.com.br\/#\/schema\/person\/image\/","url":"https:\/\/secure.gravatar.com\/avatar\/2f04e1b304682a8d9db336c7acd77f08?s=96&d=mm&r=g","contentUrl":"https:\/\/secure.gravatar.com\/avatar\/2f04e1b304682a8d9db336c7acd77f08?s=96&d=mm&r=g","caption":"Reda\u00e7\u00e3o"},"url":"https:\/\/jornaltimoneiro.com.br\/index.php\/author\/timoneirocanoas\/"}]}},"_links":{"self":[{"href":"https:\/\/jornaltimoneiro.com.br\/index.php\/wp-json\/wp\/v2\/posts\/5704"}],"collection":[{"href":"https:\/\/jornaltimoneiro.com.br\/index.php\/wp-json\/wp\/v2\/posts"}],"about":[{"href":"https:\/\/jornaltimoneiro.com.br\/index.php\/wp-json\/wp\/v2\/types\/post"}],"author":[{"embeddable":true,"href":"https:\/\/jornaltimoneiro.com.br\/index.php\/wp-json\/wp\/v2\/users\/1"}],"replies":[{"embeddable":true,"href":"https:\/\/jornaltimoneiro.com.br\/index.php\/wp-json\/wp\/v2\/comments?post=5704"}],"version-history":[{"count":0,"href":"https:\/\/jornaltimoneiro.com.br\/index.php\/wp-json\/wp\/v2\/posts\/5704\/revisions"}],"wp:featuredmedia":[{"embeddable":true,"href":"https:\/\/jornaltimoneiro.com.br\/index.php\/wp-json\/"}],"wp:attachment":[{"href":"https:\/\/jornaltimoneiro.com.br\/index.php\/wp-json\/wp\/v2\/media?parent=5704"}],"wp:term":[{"taxonomy":"category","embeddable":true,"href":"https:\/\/jornaltimoneiro.com.br\/index.php\/wp-json\/wp\/v2\/categories?post=5704"},{"taxonomy":"post_tag","embeddable":true,"href":"https:\/\/jornaltimoneiro.com.br\/index.php\/wp-json\/wp\/v2\/tags?post=5704"}],"curies":[{"name":"wp","href":"https:\/\/api.w.org\/{rel}","templated":true}]}}