{"id":5625,"date":"2016-11-08T10:27:32","date_gmt":"2016-11-08T12:27:32","guid":{"rendered":"http:\/\/otimoneiro.com.br\/?p=5625"},"modified":"2016-11-08T10:27:32","modified_gmt":"2016-11-08T12:27:32","slug":"camara-dos-deputados-sai-em-defesa-de-parlamentares","status":"publish","type":"post","link":"https:\/\/jornaltimoneiro.com.br\/index.php\/2016\/11\/08\/camara-dos-deputados-sai-em-defesa-de-parlamentares\/","title":{"rendered":"C\u00e2mara dos Deputados sai em defesa de parlamentares"},"content":{"rendered":"<p>Na segunda-feira, 7, a C\u00e2mara dos Deputados emitiu nota saindo em defesa dos deputados federais acusados pela Procuradoria Regional da Rep\u00fablica no Distrito Federal (PRR-DF) de \u201cuso indevido\u201d dos recursos destinados para passagens a\u00e9reas.<\/p>\n<p>\u201cEm 15 de mar\u00e7o de 2016, o Supremo Tribunal Federal determinou o arquivamento do Inqu\u00e9rito n\u00ba 3655\/DF, sobre den\u00fancia semelhante \u00e0 que tem sido veiculada na imprensa, amparado em parecer da Procuradoria-Geral da Rep\u00fablica, que concluiu n\u00e3o haver crime na conduta dos deputados citados, os quais teriam feito uso da cota parlamentar para a emiss\u00e3o de passagens com base na compreens\u00e3o do normativo vigente \u00e0 \u00e9poca, quando ainda n\u00e3o vigoravam as restri\u00e7\u00f5es trazidas pelo Ato da Mesa n\u00ba 43\/2009\u201d, diz um trecho da nota.<\/p>\n<p>Para o jornal Zero Hora, o deputado Marco Maia (PT) j\u00e1 havia emitido nota em que afirmava que \u201ctodas as passagens utilizadas pelo meu gabinete, naquela \u00e9poca, foram feitas dentro das regras que estavam estabelecidas naquele momento e fruto de resolu\u00e7\u00e3o da C\u00e2mara dos Deputados, portanto n\u00e3o configuram nenhuma irregularidade. A l\u00f3gica utilizada pelo MPF e divulgada pela imprensa atingir\u00e1 a todos os deputados e senadores da \u00e9poca, exatamente porque era a regra. Apesar de ser uma irresponsabilidade a forma como este assunto est\u00e1 sendo tratado, quando formos informados da respectiva den\u00fancia, se ela for aceita, estaremos prontos para contribuir com as informa\u00e7\u00f5es necess\u00e1rias ao restabelecimento da verdade\u201d. Luiz Carlos Busato optou por n\u00e3o se pronunciar (PTB).<\/p>\n<p>&nbsp;<\/p>\n<h3>Leia a nota da C\u00e2mara na \u00edntegra:<\/h3>\n<p><strong>07\/11\/2016 &#8211; Esclarecimentos sobre emiss\u00e3o de passagens a\u00e9reas<\/strong><\/p>\n<p>A\u00a0respeito de not\u00edcia veiculada na imprensa sobre den\u00fancias de utiliza\u00e7\u00e3o indevida de bilhetes a\u00e9reos, a C\u00e2mara dos Deputados esclarece que adota medidas administrativas de investiga\u00e7\u00e3o sempre que h\u00e1 qualquer suspeita de emiss\u00e3o irregular de passagens por parte dos gabinetes.<\/p>\n<p>Em 2009, por meio do Ato da Mesa n\u00ba 43, a C\u00e2mara tornou mais claros e r\u00edgidos os crit\u00e9rios para a emiss\u00e3o de passagens a\u00e9reas com fins restritos ao mandato parlamentar, especialmente no que se refere ao uso por terceiros, que precisam ser assessores com v\u00ednculo funcional com a Casa. Desde ent\u00e3o, a medida gerou uma redu\u00e7\u00e3o de R$ 35 milh\u00f5es, em m\u00e9dia, nas despesas anuais com bilhetes a\u00e9reos.<\/p>\n<p>Em 15 de mar\u00e7o de 2016, o Supremo Tribunal Federal determinou o arquivamento do Inqu\u00e9rito n\u00ba 3655\/DF, sobre den\u00fancia semelhante \u00e0 que tem sido veiculada na imprensa, amparado em parecer da Procuradoria-Geral da Rep\u00fablica, que concluiu n\u00e3o haver crime na conduta dos deputados citados, os quais teriam feito uso da cota parlamentar para a emiss\u00e3o de passagens com base na compreens\u00e3o do normativo vigente \u00e0 \u00e9poca, quando ainda n\u00e3o vigoravam as restri\u00e7\u00f5es trazidas pelo Ato da Mesa n\u00ba 43\/2009.<\/p>\n<p>A C\u00e2mara dos Deputados mant\u00e9m p\u00fablicos, na p\u00e1gina de Transpar\u00eancia em seu portal na internet, todos os dados referentes \u00e0 compra e emiss\u00e3o de passagens a\u00e9reas. Permanece \u00e0 disposi\u00e7\u00e3o do Minist\u00e9rio P\u00fablico, da Justi\u00e7a e da sociedade para o fornecimento das informa\u00e7\u00f5es que julgarem necess\u00e1rias, bem como de todos os parlamentares e ex-parlamentares que desejarem demonstrar a correta conduta no processo de emiss\u00e3o de bilhetes a\u00e9reos durante os seus mandatos.\u200b<\/p>\n<p>&nbsp;<\/p>\n<p>Assessoria de Imprensa<br \/>\nC\u00e2mara dos Deputados<\/p>\n<p>&nbsp;<\/p>\n<p>&nbsp;<\/p>\n","protected":false},"excerpt":{"rendered":"<p>Deputados de Canoas, Busato e Marco Maia, al\u00e9m de mais 217 pol\u00edticos, foram acusados de \u201cuso indevido\u201d de passagens a\u00e9reas no Legislativo Federal<\/p>\n","protected":false},"author":1,"featured_media":4786,"comment_status":"open","ping_status":"open","sticky":false,"template":"","format":"standard","meta":{"amp_status":"","footnotes":""},"categories":[19,22,20],"tags":[],"class_list":["post-5625","post","type-post","status-publish","format-standard","has-post-thumbnail","hentry","category-destaques","category-noticias","category-politica-noticias"],"yoast_head":"<!-- This site is optimized with the Yoast SEO plugin v20.5 - https:\/\/yoast.com\/wordpress\/plugins\/seo\/ -->\n<title>C\u00e2mara dos Deputados sai em defesa de parlamentares - O Timoneiro Jornal Canoas RS<\/title>\n<meta name=\"robots\" content=\"index, follow, max-snippet:-1, max-image-preview:large, max-video-preview:-1\" \/>\n<link rel=\"canonical\" href=\"https:\/\/jornaltimoneiro.com.br\/index.php\/2016\/11\/08\/camara-dos-deputados-sai-em-defesa-de-parlamentares\/\" \/>\n<meta property=\"og:locale\" content=\"pt_BR\" \/>\n<meta property=\"og:type\" content=\"article\" \/>\n<meta property=\"og:title\" content=\"C\u00e2mara dos Deputados sai em defesa de parlamentares - O Timoneiro Jornal Canoas RS\" \/>\n<meta property=\"og:description\" content=\"Deputados de Canoas, Busato e Marco Maia, al\u00e9m de mais 217 pol\u00edticos, foram acusados de \u201cuso indevido\u201d de passagens a\u00e9reas no Legislativo Federal\" \/>\n<meta property=\"og:url\" content=\"https:\/\/jornaltimoneiro.com.br\/index.php\/2016\/11\/08\/camara-dos-deputados-sai-em-defesa-de-parlamentares\/\" \/>\n<meta property=\"og:site_name\" content=\"O Timoneiro Jornal Canoas RS\" \/>\n<meta property=\"article:publisher\" content=\"https:\/\/www.facebook.com\/jornaltimoneiro\" \/>\n<meta property=\"article:published_time\" content=\"2016-11-08T12:27:32+00:00\" \/>\n<meta name=\"author\" content=\"Reda\u00e7\u00e3o\" \/>\n<meta name=\"twitter:card\" content=\"summary_large_image\" \/>\n<meta name=\"twitter:creator\" content=\"@_OTimoneiro\" \/>\n<meta name=\"twitter:site\" content=\"@_OTimoneiro\" \/>\n<meta name=\"twitter:label1\" content=\"Escrito por\" \/>\n\t<meta name=\"twitter:data1\" content=\"Reda\u00e7\u00e3o\" \/>\n\t<meta name=\"twitter:label2\" content=\"Est. tempo de leitura\" \/>\n\t<meta name=\"twitter:data2\" content=\"3 minutos\" \/>\n<script type=\"application\/ld+json\" class=\"yoast-schema-graph\">{\"@context\":\"https:\/\/schema.org\",\"@graph\":[{\"@type\":\"Article\",\"@id\":\"https:\/\/jornaltimoneiro.com.br\/index.php\/2016\/11\/08\/camara-dos-deputados-sai-em-defesa-de-parlamentares\/#article\",\"isPartOf\":{\"@id\":\"https:\/\/jornaltimoneiro.com.br\/index.php\/2016\/11\/08\/camara-dos-deputados-sai-em-defesa-de-parlamentares\/\"},\"author\":{\"name\":\"Reda\u00e7\u00e3o\",\"@id\":\"https:\/\/jornaltimoneiro.com.br\/#\/schema\/person\/620efd1d8244466117482be494360b08\"},\"headline\":\"C\u00e2mara dos Deputados sai em defesa de parlamentares\",\"datePublished\":\"2016-11-08T12:27:32+00:00\",\"dateModified\":\"2016-11-08T12:27:32+00:00\",\"mainEntityOfPage\":{\"@id\":\"https:\/\/jornaltimoneiro.com.br\/index.php\/2016\/11\/08\/camara-dos-deputados-sai-em-defesa-de-parlamentares\/\"},\"wordCount\":576,\"commentCount\":0,\"publisher\":{\"@id\":\"https:\/\/jornaltimoneiro.com.br\/#organization\"},\"articleSection\":[\"Destaques\",\"Not\u00edcias\",\"Pol\u00edtica\"],\"inLanguage\":\"pt-BR\",\"potentialAction\":[{\"@type\":\"CommentAction\",\"name\":\"Comment\",\"target\":[\"https:\/\/jornaltimoneiro.com.br\/index.php\/2016\/11\/08\/camara-dos-deputados-sai-em-defesa-de-parlamentares\/#respond\"]}]},{\"@type\":\"WebPage\",\"@id\":\"https:\/\/jornaltimoneiro.com.br\/index.php\/2016\/11\/08\/camara-dos-deputados-sai-em-defesa-de-parlamentares\/\",\"url\":\"https:\/\/jornaltimoneiro.com.br\/index.php\/2016\/11\/08\/camara-dos-deputados-sai-em-defesa-de-parlamentares\/\",\"name\":\"C\u00e2mara dos Deputados sai em defesa de parlamentares - O Timoneiro Jornal Canoas RS\",\"isPartOf\":{\"@id\":\"https:\/\/jornaltimoneiro.com.br\/#website\"},\"datePublished\":\"2016-11-08T12:27:32+00:00\",\"dateModified\":\"2016-11-08T12:27:32+00:00\",\"breadcrumb\":{\"@id\":\"https:\/\/jornaltimoneiro.com.br\/index.php\/2016\/11\/08\/camara-dos-deputados-sai-em-defesa-de-parlamentares\/#breadcrumb\"},\"inLanguage\":\"pt-BR\",\"potentialAction\":[{\"@type\":\"ReadAction\",\"target\":[\"https:\/\/jornaltimoneiro.com.br\/index.php\/2016\/11\/08\/camara-dos-deputados-sai-em-defesa-de-parlamentares\/\"]}]},{\"@type\":\"BreadcrumbList\",\"@id\":\"https:\/\/jornaltimoneiro.com.br\/index.php\/2016\/11\/08\/camara-dos-deputados-sai-em-defesa-de-parlamentares\/#breadcrumb\",\"itemListElement\":[{\"@type\":\"ListItem\",\"position\":1,\"name\":\"In\u00edcio\",\"item\":\"https:\/\/jornaltimoneiro.com.br\/\"},{\"@type\":\"ListItem\",\"position\":2,\"name\":\"C\u00e2mara dos Deputados sai em defesa de parlamentares\"}]},{\"@type\":\"WebSite\",\"@id\":\"https:\/\/jornaltimoneiro.com.br\/#website\",\"url\":\"https:\/\/jornaltimoneiro.com.br\/\",\"name\":\"Jornal Timoneiro Canoas RS\",\"description\":\"Jornal O Timoneiro, o verdadeiro jornal de Canoas\",\"publisher\":{\"@id\":\"https:\/\/jornaltimoneiro.com.br\/#organization\"},\"potentialAction\":[{\"@type\":\"SearchAction\",\"target\":{\"@type\":\"EntryPoint\",\"urlTemplate\":\"https:\/\/jornaltimoneiro.com.br\/?s={search_term_string}\"},\"query-input\":\"required name=search_term_string\"}],\"inLanguage\":\"pt-BR\"},{\"@type\":\"Organization\",\"@id\":\"https:\/\/jornaltimoneiro.com.br\/#organization\",\"name\":\"Jornal Timoneiro Canoas RS\",\"url\":\"https:\/\/jornaltimoneiro.com.br\/\",\"logo\":{\"@type\":\"ImageObject\",\"inLanguage\":\"pt-BR\",\"@id\":\"https:\/\/jornaltimoneiro.com.br\/#\/schema\/logo\/image\/\",\"url\":\"https:\/\/jornaltimoneiro.com.br\/wp-content\/uploads\/2023\/03\/logonovo.png\",\"contentUrl\":\"https:\/\/jornaltimoneiro.com.br\/wp-content\/uploads\/2023\/03\/logonovo.png\",\"width\":\"469\",\"height\":\"171\",\"caption\":\"Jornal Timoneiro Canoas RS\"},\"image\":{\"@id\":\"https:\/\/jornaltimoneiro.com.br\/#\/schema\/logo\/image\/\"},\"sameAs\":[\"https:\/\/www.facebook.com\/jornaltimoneiro\",\"https:\/\/twitter.com\/_OTimoneiro\",\"https:\/\/www.instagram.com\/jornaltimoneirocanoas\/\",\"https:\/\/www.youtube.com\/@jornalotimoneiro7927\"]},{\"@type\":\"Person\",\"@id\":\"https:\/\/jornaltimoneiro.com.br\/#\/schema\/person\/620efd1d8244466117482be494360b08\",\"name\":\"Reda\u00e7\u00e3o\",\"image\":{\"@type\":\"ImageObject\",\"inLanguage\":\"pt-BR\",\"@id\":\"https:\/\/jornaltimoneiro.com.br\/#\/schema\/person\/image\/\",\"url\":\"https:\/\/secure.gravatar.com\/avatar\/2f04e1b304682a8d9db336c7acd77f08?s=96&d=mm&r=g\",\"contentUrl\":\"https:\/\/secure.gravatar.com\/avatar\/2f04e1b304682a8d9db336c7acd77f08?s=96&d=mm&r=g\",\"caption\":\"Reda\u00e7\u00e3o\"},\"url\":\"https:\/\/jornaltimoneiro.com.br\/index.php\/author\/timoneirocanoas\/\"}]}<\/script>\n<!-- \/ Yoast SEO plugin. -->","yoast_head_json":{"title":"C\u00e2mara dos Deputados sai em defesa de parlamentares - O Timoneiro Jornal Canoas RS","robots":{"index":"index","follow":"follow","max-snippet":"max-snippet:-1","max-image-preview":"max-image-preview:large","max-video-preview":"max-video-preview:-1"},"canonical":"https:\/\/jornaltimoneiro.com.br\/index.php\/2016\/11\/08\/camara-dos-deputados-sai-em-defesa-de-parlamentares\/","og_locale":"pt_BR","og_type":"article","og_title":"C\u00e2mara dos Deputados sai em defesa de parlamentares - O Timoneiro Jornal Canoas RS","og_description":"Deputados de Canoas, Busato e Marco Maia, al\u00e9m de mais 217 pol\u00edticos, foram acusados de \u201cuso indevido\u201d de passagens a\u00e9reas no Legislativo Federal","og_url":"https:\/\/jornaltimoneiro.com.br\/index.php\/2016\/11\/08\/camara-dos-deputados-sai-em-defesa-de-parlamentares\/","og_site_name":"O Timoneiro Jornal Canoas RS","article_publisher":"https:\/\/www.facebook.com\/jornaltimoneiro","article_published_time":"2016-11-08T12:27:32+00:00","author":"Reda\u00e7\u00e3o","twitter_card":"summary_large_image","twitter_creator":"@_OTimoneiro","twitter_site":"@_OTimoneiro","twitter_misc":{"Escrito por":"Reda\u00e7\u00e3o","Est. tempo de leitura":"3 minutos"},"schema":{"@context":"https:\/\/schema.org","@graph":[{"@type":"Article","@id":"https:\/\/jornaltimoneiro.com.br\/index.php\/2016\/11\/08\/camara-dos-deputados-sai-em-defesa-de-parlamentares\/#article","isPartOf":{"@id":"https:\/\/jornaltimoneiro.com.br\/index.php\/2016\/11\/08\/camara-dos-deputados-sai-em-defesa-de-parlamentares\/"},"author":{"name":"Reda\u00e7\u00e3o","@id":"https:\/\/jornaltimoneiro.com.br\/#\/schema\/person\/620efd1d8244466117482be494360b08"},"headline":"C\u00e2mara dos Deputados sai em defesa de parlamentares","datePublished":"2016-11-08T12:27:32+00:00","dateModified":"2016-11-08T12:27:32+00:00","mainEntityOfPage":{"@id":"https:\/\/jornaltimoneiro.com.br\/index.php\/2016\/11\/08\/camara-dos-deputados-sai-em-defesa-de-parlamentares\/"},"wordCount":576,"commentCount":0,"publisher":{"@id":"https:\/\/jornaltimoneiro.com.br\/#organization"},"articleSection":["Destaques","Not\u00edcias","Pol\u00edtica"],"inLanguage":"pt-BR","potentialAction":[{"@type":"CommentAction","name":"Comment","target":["https:\/\/jornaltimoneiro.com.br\/index.php\/2016\/11\/08\/camara-dos-deputados-sai-em-defesa-de-parlamentares\/#respond"]}]},{"@type":"WebPage","@id":"https:\/\/jornaltimoneiro.com.br\/index.php\/2016\/11\/08\/camara-dos-deputados-sai-em-defesa-de-parlamentares\/","url":"https:\/\/jornaltimoneiro.com.br\/index.php\/2016\/11\/08\/camara-dos-deputados-sai-em-defesa-de-parlamentares\/","name":"C\u00e2mara dos Deputados sai em defesa de parlamentares - O Timoneiro Jornal Canoas RS","isPartOf":{"@id":"https:\/\/jornaltimoneiro.com.br\/#website"},"datePublished":"2016-11-08T12:27:32+00:00","dateModified":"2016-11-08T12:27:32+00:00","breadcrumb":{"@id":"https:\/\/jornaltimoneiro.com.br\/index.php\/2016\/11\/08\/camara-dos-deputados-sai-em-defesa-de-parlamentares\/#breadcrumb"},"inLanguage":"pt-BR","potentialAction":[{"@type":"ReadAction","target":["https:\/\/jornaltimoneiro.com.br\/index.php\/2016\/11\/08\/camara-dos-deputados-sai-em-defesa-de-parlamentares\/"]}]},{"@type":"BreadcrumbList","@id":"https:\/\/jornaltimoneiro.com.br\/index.php\/2016\/11\/08\/camara-dos-deputados-sai-em-defesa-de-parlamentares\/#breadcrumb","itemListElement":[{"@type":"ListItem","position":1,"name":"In\u00edcio","item":"https:\/\/jornaltimoneiro.com.br\/"},{"@type":"ListItem","position":2,"name":"C\u00e2mara dos Deputados sai em defesa de parlamentares"}]},{"@type":"WebSite","@id":"https:\/\/jornaltimoneiro.com.br\/#website","url":"https:\/\/jornaltimoneiro.com.br\/","name":"Jornal Timoneiro Canoas RS","description":"Jornal O Timoneiro, o verdadeiro jornal de Canoas","publisher":{"@id":"https:\/\/jornaltimoneiro.com.br\/#organization"},"potentialAction":[{"@type":"SearchAction","target":{"@type":"EntryPoint","urlTemplate":"https:\/\/jornaltimoneiro.com.br\/?s={search_term_string}"},"query-input":"required name=search_term_string"}],"inLanguage":"pt-BR"},{"@type":"Organization","@id":"https:\/\/jornaltimoneiro.com.br\/#organization","name":"Jornal Timoneiro Canoas RS","url":"https:\/\/jornaltimoneiro.com.br\/","logo":{"@type":"ImageObject","inLanguage":"pt-BR","@id":"https:\/\/jornaltimoneiro.com.br\/#\/schema\/logo\/image\/","url":"https:\/\/jornaltimoneiro.com.br\/wp-content\/uploads\/2023\/03\/logonovo.png","contentUrl":"https:\/\/jornaltimoneiro.com.br\/wp-content\/uploads\/2023\/03\/logonovo.png","width":"469","height":"171","caption":"Jornal Timoneiro Canoas RS"},"image":{"@id":"https:\/\/jornaltimoneiro.com.br\/#\/schema\/logo\/image\/"},"sameAs":["https:\/\/www.facebook.com\/jornaltimoneiro","https:\/\/twitter.com\/_OTimoneiro","https:\/\/www.instagram.com\/jornaltimoneirocanoas\/","https:\/\/www.youtube.com\/@jornalotimoneiro7927"]},{"@type":"Person","@id":"https:\/\/jornaltimoneiro.com.br\/#\/schema\/person\/620efd1d8244466117482be494360b08","name":"Reda\u00e7\u00e3o","image":{"@type":"ImageObject","inLanguage":"pt-BR","@id":"https:\/\/jornaltimoneiro.com.br\/#\/schema\/person\/image\/","url":"https:\/\/secure.gravatar.com\/avatar\/2f04e1b304682a8d9db336c7acd77f08?s=96&d=mm&r=g","contentUrl":"https:\/\/secure.gravatar.com\/avatar\/2f04e1b304682a8d9db336c7acd77f08?s=96&d=mm&r=g","caption":"Reda\u00e7\u00e3o"},"url":"https:\/\/jornaltimoneiro.com.br\/index.php\/author\/timoneirocanoas\/"}]}},"_links":{"self":[{"href":"https:\/\/jornaltimoneiro.com.br\/index.php\/wp-json\/wp\/v2\/posts\/5625"}],"collection":[{"href":"https:\/\/jornaltimoneiro.com.br\/index.php\/wp-json\/wp\/v2\/posts"}],"about":[{"href":"https:\/\/jornaltimoneiro.com.br\/index.php\/wp-json\/wp\/v2\/types\/post"}],"author":[{"embeddable":true,"href":"https:\/\/jornaltimoneiro.com.br\/index.php\/wp-json\/wp\/v2\/users\/1"}],"replies":[{"embeddable":true,"href":"https:\/\/jornaltimoneiro.com.br\/index.php\/wp-json\/wp\/v2\/comments?post=5625"}],"version-history":[{"count":0,"href":"https:\/\/jornaltimoneiro.com.br\/index.php\/wp-json\/wp\/v2\/posts\/5625\/revisions"}],"wp:featuredmedia":[{"embeddable":true,"href":"https:\/\/jornaltimoneiro.com.br\/index.php\/wp-json\/"}],"wp:attachment":[{"href":"https:\/\/jornaltimoneiro.com.br\/index.php\/wp-json\/wp\/v2\/media?parent=5625"}],"wp:term":[{"taxonomy":"category","embeddable":true,"href":"https:\/\/jornaltimoneiro.com.br\/index.php\/wp-json\/wp\/v2\/categories?post=5625"},{"taxonomy":"post_tag","embeddable":true,"href":"https:\/\/jornaltimoneiro.com.br\/index.php\/wp-json\/wp\/v2\/tags?post=5625"}],"curies":[{"name":"wp","href":"https:\/\/api.w.org\/{rel}","templated":true}]}}