{"id":557,"date":"2015-07-06T11:13:03","date_gmt":"2015-07-06T14:13:03","guid":{"rendered":"http:\/\/otimoneiro.com.br\/?p=557"},"modified":"2015-07-06T11:13:03","modified_gmt":"2015-07-06T14:13:03","slug":"prefeito-diz-que-podera-reduzir-atendimentos-na-saude","status":"publish","type":"post","link":"https:\/\/jornaltimoneiro.com.br\/index.php\/2015\/07\/06\/prefeito-diz-que-podera-reduzir-atendimentos-na-saude\/","title":{"rendered":"Sa\u00fade: corte nos atendimentos e atraso no sal\u00e1rio dos servidores"},"content":{"rendered":"<div id=\"attachment_563\" style=\"width: 230px\" class=\"wp-caption alignleft\"><a href=\"http:\/\/otimoneiro.com.br\/wp-content\/uploads\/2015\/07\/Editada.jpg\"><img decoding=\"async\" aria-describedby=\"caption-attachment-563\" class=\" wp-image-563\" src=\"http:\/\/otimoneiro.com.br\/wp-content\/uploads\/2015\/07\/Editada-300x245.jpg\" alt=\"Funda\u00e7\u00e3o Municipal de Sa\u00fade de Canoas. Foto: Bruno Lara\/OT\" width=\"220\" height=\"180\" \/><\/a><p id=\"caption-attachment-563\" class=\"wp-caption-text\">Funda\u00e7\u00e3o Municipal de Sa\u00fade de Canoas. Foto: Bruno Lara\/OT<\/p><\/div>\n<p style=\"text-align: justify;\">At\u00e9 julho, o Governo do Estado do Rio Grande do Sul deveria ter repassado o montante de R$ 73 milh\u00f5es para a cidade, o que n\u00e3o ocorreu. <strong>Em coletiva onde o jornal O Timoneiro n\u00e3o foi convidado<\/strong>, o Prefeito explanou sobre as rela\u00e7\u00f5es conflituosas com a gest\u00e3o de Jos\u00e9 Ivo Sartori (PMDB) na manh\u00e3 desta segunda-feira, 06.<\/p>\n<p style=\"text-align: justify;\">O repasse de 2014, na import\u00e2ncia de R$ 69 milh\u00f5es, tamb\u00e9m n\u00e3o chegou \u00e0 cidade que atende 199 munic\u00edpios ga\u00fachos. O prazo para a regulariza\u00e7\u00e3o da situa\u00e7\u00e3o \u00e9 de 10 dias, ou os cortes dever\u00e3o come\u00e7ar.<\/p>\n<p style=\"text-align: justify;\">O Prefeito, culpando o Estado, afirma que 72 mil atendimentos ser\u00e3o prejudicados, em especial, nas Unidades de Pronto Atendimento (UPAs). O Executivo canoense protocolou, na manh\u00e3 de hoje, a\u00e7\u00e3o judicial para que se cumpra o pagamento da \u00e1rea. Cerca de R$ 10 milh\u00f5es faltaram em 2015, chegando aos cofres apenas R$ 52,7 milh\u00f5es, dos R$ 73 milh\u00f5es que deveriam ser repassados. Jairo Jorge admitiu, ainda, que os sal\u00e1rios dos servidores da \u00e1rea podem atrasar.<\/p>\n","protected":false},"excerpt":{"rendered":"<p>Em coletiva, prefeito Jairo Jorge (PT) anuncia corte nos atendimentos e sal\u00e1rio dos servidores deve atrasar<\/p>\n","protected":false},"author":1,"featured_media":558,"comment_status":"open","ping_status":"open","sticky":false,"template":"","format":"standard","meta":{"amp_status":"","footnotes":""},"categories":[19,22,20,26],"tags":[],"class_list":["post-557","post","type-post","status-publish","format-standard","has-post-thumbnail","hentry","category-destaques","category-noticias","category-politica-noticias","category-saude"],"yoast_head":"<!-- This site is optimized with the Yoast SEO plugin v20.5 - https:\/\/yoast.com\/wordpress\/plugins\/seo\/ -->\n<title>Sa\u00fade: corte nos atendimentos e atraso no sal\u00e1rio dos servidores - O Timoneiro Jornal Canoas RS<\/title>\n<meta name=\"robots\" content=\"index, follow, max-snippet:-1, max-image-preview:large, max-video-preview:-1\" \/>\n<link rel=\"canonical\" href=\"https:\/\/jornaltimoneiro.com.br\/index.php\/2015\/07\/06\/prefeito-diz-que-podera-reduzir-atendimentos-na-saude\/\" \/>\n<meta property=\"og:locale\" content=\"pt_BR\" \/>\n<meta property=\"og:type\" content=\"article\" \/>\n<meta property=\"og:title\" content=\"Sa\u00fade: corte nos atendimentos e atraso no sal\u00e1rio dos servidores - O Timoneiro Jornal Canoas RS\" \/>\n<meta property=\"og:description\" content=\"Em coletiva, prefeito Jairo Jorge (PT) anuncia corte nos atendimentos e sal\u00e1rio dos servidores deve atrasar\" \/>\n<meta property=\"og:url\" content=\"https:\/\/jornaltimoneiro.com.br\/index.php\/2015\/07\/06\/prefeito-diz-que-podera-reduzir-atendimentos-na-saude\/\" \/>\n<meta property=\"og:site_name\" content=\"O Timoneiro Jornal Canoas RS\" \/>\n<meta property=\"article:publisher\" content=\"https:\/\/www.facebook.com\/jornaltimoneiro\" \/>\n<meta property=\"article:published_time\" content=\"2015-07-06T14:13:03+00:00\" \/>\n<meta name=\"author\" content=\"Reda\u00e7\u00e3o\" \/>\n<meta name=\"twitter:card\" content=\"summary_large_image\" \/>\n<meta name=\"twitter:creator\" content=\"@_OTimoneiro\" \/>\n<meta name=\"twitter:site\" content=\"@_OTimoneiro\" \/>\n<meta name=\"twitter:label1\" content=\"Escrito por\" \/>\n\t<meta name=\"twitter:data1\" content=\"Reda\u00e7\u00e3o\" \/>\n\t<meta name=\"twitter:label2\" content=\"Est. tempo de leitura\" \/>\n\t<meta name=\"twitter:data2\" content=\"1 minuto\" \/>\n<script type=\"application\/ld+json\" class=\"yoast-schema-graph\">{\"@context\":\"https:\/\/schema.org\",\"@graph\":[{\"@type\":\"Article\",\"@id\":\"https:\/\/jornaltimoneiro.com.br\/index.php\/2015\/07\/06\/prefeito-diz-que-podera-reduzir-atendimentos-na-saude\/#article\",\"isPartOf\":{\"@id\":\"https:\/\/jornaltimoneiro.com.br\/index.php\/2015\/07\/06\/prefeito-diz-que-podera-reduzir-atendimentos-na-saude\/\"},\"author\":{\"name\":\"Reda\u00e7\u00e3o\",\"@id\":\"https:\/\/jornaltimoneiro.com.br\/#\/schema\/person\/620efd1d8244466117482be494360b08\"},\"headline\":\"Sa\u00fade: corte nos atendimentos e atraso no sal\u00e1rio dos servidores\",\"datePublished\":\"2015-07-06T14:13:03+00:00\",\"dateModified\":\"2015-07-06T14:13:03+00:00\",\"mainEntityOfPage\":{\"@id\":\"https:\/\/jornaltimoneiro.com.br\/index.php\/2015\/07\/06\/prefeito-diz-que-podera-reduzir-atendimentos-na-saude\/\"},\"wordCount\":206,\"commentCount\":0,\"publisher\":{\"@id\":\"https:\/\/jornaltimoneiro.com.br\/#organization\"},\"articleSection\":[\"Destaques\",\"Not\u00edcias\",\"Pol\u00edtica\",\"Sa\u00fade\"],\"inLanguage\":\"pt-BR\",\"potentialAction\":[{\"@type\":\"CommentAction\",\"name\":\"Comment\",\"target\":[\"https:\/\/jornaltimoneiro.com.br\/index.php\/2015\/07\/06\/prefeito-diz-que-podera-reduzir-atendimentos-na-saude\/#respond\"]}]},{\"@type\":\"WebPage\",\"@id\":\"https:\/\/jornaltimoneiro.com.br\/index.php\/2015\/07\/06\/prefeito-diz-que-podera-reduzir-atendimentos-na-saude\/\",\"url\":\"https:\/\/jornaltimoneiro.com.br\/index.php\/2015\/07\/06\/prefeito-diz-que-podera-reduzir-atendimentos-na-saude\/\",\"name\":\"Sa\u00fade: corte nos atendimentos e atraso no sal\u00e1rio dos servidores - O Timoneiro Jornal Canoas RS\",\"isPartOf\":{\"@id\":\"https:\/\/jornaltimoneiro.com.br\/#website\"},\"datePublished\":\"2015-07-06T14:13:03+00:00\",\"dateModified\":\"2015-07-06T14:13:03+00:00\",\"breadcrumb\":{\"@id\":\"https:\/\/jornaltimoneiro.com.br\/index.php\/2015\/07\/06\/prefeito-diz-que-podera-reduzir-atendimentos-na-saude\/#breadcrumb\"},\"inLanguage\":\"pt-BR\",\"potentialAction\":[{\"@type\":\"ReadAction\",\"target\":[\"https:\/\/jornaltimoneiro.com.br\/index.php\/2015\/07\/06\/prefeito-diz-que-podera-reduzir-atendimentos-na-saude\/\"]}]},{\"@type\":\"BreadcrumbList\",\"@id\":\"https:\/\/jornaltimoneiro.com.br\/index.php\/2015\/07\/06\/prefeito-diz-que-podera-reduzir-atendimentos-na-saude\/#breadcrumb\",\"itemListElement\":[{\"@type\":\"ListItem\",\"position\":1,\"name\":\"In\u00edcio\",\"item\":\"https:\/\/jornaltimoneiro.com.br\/\"},{\"@type\":\"ListItem\",\"position\":2,\"name\":\"Sa\u00fade: corte nos atendimentos e atraso no sal\u00e1rio dos servidores\"}]},{\"@type\":\"WebSite\",\"@id\":\"https:\/\/jornaltimoneiro.com.br\/#website\",\"url\":\"https:\/\/jornaltimoneiro.com.br\/\",\"name\":\"Jornal Timoneiro Canoas RS\",\"description\":\"Jornal O Timoneiro, o verdadeiro jornal de Canoas\",\"publisher\":{\"@id\":\"https:\/\/jornaltimoneiro.com.br\/#organization\"},\"potentialAction\":[{\"@type\":\"SearchAction\",\"target\":{\"@type\":\"EntryPoint\",\"urlTemplate\":\"https:\/\/jornaltimoneiro.com.br\/?s={search_term_string}\"},\"query-input\":\"required name=search_term_string\"}],\"inLanguage\":\"pt-BR\"},{\"@type\":\"Organization\",\"@id\":\"https:\/\/jornaltimoneiro.com.br\/#organization\",\"name\":\"Jornal Timoneiro Canoas RS\",\"url\":\"https:\/\/jornaltimoneiro.com.br\/\",\"logo\":{\"@type\":\"ImageObject\",\"inLanguage\":\"pt-BR\",\"@id\":\"https:\/\/jornaltimoneiro.com.br\/#\/schema\/logo\/image\/\",\"url\":\"https:\/\/jornaltimoneiro.com.br\/wp-content\/uploads\/2023\/03\/logonovo.png\",\"contentUrl\":\"https:\/\/jornaltimoneiro.com.br\/wp-content\/uploads\/2023\/03\/logonovo.png\",\"width\":\"469\",\"height\":\"171\",\"caption\":\"Jornal Timoneiro Canoas RS\"},\"image\":{\"@id\":\"https:\/\/jornaltimoneiro.com.br\/#\/schema\/logo\/image\/\"},\"sameAs\":[\"https:\/\/www.facebook.com\/jornaltimoneiro\",\"https:\/\/twitter.com\/_OTimoneiro\",\"https:\/\/www.instagram.com\/jornaltimoneirocanoas\/\",\"https:\/\/www.youtube.com\/@jornalotimoneiro7927\"]},{\"@type\":\"Person\",\"@id\":\"https:\/\/jornaltimoneiro.com.br\/#\/schema\/person\/620efd1d8244466117482be494360b08\",\"name\":\"Reda\u00e7\u00e3o\",\"image\":{\"@type\":\"ImageObject\",\"inLanguage\":\"pt-BR\",\"@id\":\"https:\/\/jornaltimoneiro.com.br\/#\/schema\/person\/image\/\",\"url\":\"https:\/\/secure.gravatar.com\/avatar\/2f04e1b304682a8d9db336c7acd77f08?s=96&d=mm&r=g\",\"contentUrl\":\"https:\/\/secure.gravatar.com\/avatar\/2f04e1b304682a8d9db336c7acd77f08?s=96&d=mm&r=g\",\"caption\":\"Reda\u00e7\u00e3o\"},\"url\":\"https:\/\/jornaltimoneiro.com.br\/index.php\/author\/timoneirocanoas\/\"}]}<\/script>\n<!-- \/ Yoast SEO plugin. -->","yoast_head_json":{"title":"Sa\u00fade: corte nos atendimentos e atraso no sal\u00e1rio dos servidores - O Timoneiro Jornal Canoas RS","robots":{"index":"index","follow":"follow","max-snippet":"max-snippet:-1","max-image-preview":"max-image-preview:large","max-video-preview":"max-video-preview:-1"},"canonical":"https:\/\/jornaltimoneiro.com.br\/index.php\/2015\/07\/06\/prefeito-diz-que-podera-reduzir-atendimentos-na-saude\/","og_locale":"pt_BR","og_type":"article","og_title":"Sa\u00fade: corte nos atendimentos e atraso no sal\u00e1rio dos servidores - O Timoneiro Jornal Canoas RS","og_description":"Em coletiva, prefeito Jairo Jorge (PT) anuncia corte nos atendimentos e sal\u00e1rio dos servidores deve atrasar","og_url":"https:\/\/jornaltimoneiro.com.br\/index.php\/2015\/07\/06\/prefeito-diz-que-podera-reduzir-atendimentos-na-saude\/","og_site_name":"O Timoneiro Jornal Canoas RS","article_publisher":"https:\/\/www.facebook.com\/jornaltimoneiro","article_published_time":"2015-07-06T14:13:03+00:00","author":"Reda\u00e7\u00e3o","twitter_card":"summary_large_image","twitter_creator":"@_OTimoneiro","twitter_site":"@_OTimoneiro","twitter_misc":{"Escrito por":"Reda\u00e7\u00e3o","Est. tempo de leitura":"1 minuto"},"schema":{"@context":"https:\/\/schema.org","@graph":[{"@type":"Article","@id":"https:\/\/jornaltimoneiro.com.br\/index.php\/2015\/07\/06\/prefeito-diz-que-podera-reduzir-atendimentos-na-saude\/#article","isPartOf":{"@id":"https:\/\/jornaltimoneiro.com.br\/index.php\/2015\/07\/06\/prefeito-diz-que-podera-reduzir-atendimentos-na-saude\/"},"author":{"name":"Reda\u00e7\u00e3o","@id":"https:\/\/jornaltimoneiro.com.br\/#\/schema\/person\/620efd1d8244466117482be494360b08"},"headline":"Sa\u00fade: corte nos atendimentos e atraso no sal\u00e1rio dos servidores","datePublished":"2015-07-06T14:13:03+00:00","dateModified":"2015-07-06T14:13:03+00:00","mainEntityOfPage":{"@id":"https:\/\/jornaltimoneiro.com.br\/index.php\/2015\/07\/06\/prefeito-diz-que-podera-reduzir-atendimentos-na-saude\/"},"wordCount":206,"commentCount":0,"publisher":{"@id":"https:\/\/jornaltimoneiro.com.br\/#organization"},"articleSection":["Destaques","Not\u00edcias","Pol\u00edtica","Sa\u00fade"],"inLanguage":"pt-BR","potentialAction":[{"@type":"CommentAction","name":"Comment","target":["https:\/\/jornaltimoneiro.com.br\/index.php\/2015\/07\/06\/prefeito-diz-que-podera-reduzir-atendimentos-na-saude\/#respond"]}]},{"@type":"WebPage","@id":"https:\/\/jornaltimoneiro.com.br\/index.php\/2015\/07\/06\/prefeito-diz-que-podera-reduzir-atendimentos-na-saude\/","url":"https:\/\/jornaltimoneiro.com.br\/index.php\/2015\/07\/06\/prefeito-diz-que-podera-reduzir-atendimentos-na-saude\/","name":"Sa\u00fade: corte nos atendimentos e atraso no sal\u00e1rio dos servidores - O Timoneiro Jornal Canoas RS","isPartOf":{"@id":"https:\/\/jornaltimoneiro.com.br\/#website"},"datePublished":"2015-07-06T14:13:03+00:00","dateModified":"2015-07-06T14:13:03+00:00","breadcrumb":{"@id":"https:\/\/jornaltimoneiro.com.br\/index.php\/2015\/07\/06\/prefeito-diz-que-podera-reduzir-atendimentos-na-saude\/#breadcrumb"},"inLanguage":"pt-BR","potentialAction":[{"@type":"ReadAction","target":["https:\/\/jornaltimoneiro.com.br\/index.php\/2015\/07\/06\/prefeito-diz-que-podera-reduzir-atendimentos-na-saude\/"]}]},{"@type":"BreadcrumbList","@id":"https:\/\/jornaltimoneiro.com.br\/index.php\/2015\/07\/06\/prefeito-diz-que-podera-reduzir-atendimentos-na-saude\/#breadcrumb","itemListElement":[{"@type":"ListItem","position":1,"name":"In\u00edcio","item":"https:\/\/jornaltimoneiro.com.br\/"},{"@type":"ListItem","position":2,"name":"Sa\u00fade: corte nos atendimentos e atraso no sal\u00e1rio dos servidores"}]},{"@type":"WebSite","@id":"https:\/\/jornaltimoneiro.com.br\/#website","url":"https:\/\/jornaltimoneiro.com.br\/","name":"Jornal Timoneiro Canoas RS","description":"Jornal O Timoneiro, o verdadeiro jornal de Canoas","publisher":{"@id":"https:\/\/jornaltimoneiro.com.br\/#organization"},"potentialAction":[{"@type":"SearchAction","target":{"@type":"EntryPoint","urlTemplate":"https:\/\/jornaltimoneiro.com.br\/?s={search_term_string}"},"query-input":"required name=search_term_string"}],"inLanguage":"pt-BR"},{"@type":"Organization","@id":"https:\/\/jornaltimoneiro.com.br\/#organization","name":"Jornal Timoneiro Canoas RS","url":"https:\/\/jornaltimoneiro.com.br\/","logo":{"@type":"ImageObject","inLanguage":"pt-BR","@id":"https:\/\/jornaltimoneiro.com.br\/#\/schema\/logo\/image\/","url":"https:\/\/jornaltimoneiro.com.br\/wp-content\/uploads\/2023\/03\/logonovo.png","contentUrl":"https:\/\/jornaltimoneiro.com.br\/wp-content\/uploads\/2023\/03\/logonovo.png","width":"469","height":"171","caption":"Jornal Timoneiro Canoas RS"},"image":{"@id":"https:\/\/jornaltimoneiro.com.br\/#\/schema\/logo\/image\/"},"sameAs":["https:\/\/www.facebook.com\/jornaltimoneiro","https:\/\/twitter.com\/_OTimoneiro","https:\/\/www.instagram.com\/jornaltimoneirocanoas\/","https:\/\/www.youtube.com\/@jornalotimoneiro7927"]},{"@type":"Person","@id":"https:\/\/jornaltimoneiro.com.br\/#\/schema\/person\/620efd1d8244466117482be494360b08","name":"Reda\u00e7\u00e3o","image":{"@type":"ImageObject","inLanguage":"pt-BR","@id":"https:\/\/jornaltimoneiro.com.br\/#\/schema\/person\/image\/","url":"https:\/\/secure.gravatar.com\/avatar\/2f04e1b304682a8d9db336c7acd77f08?s=96&d=mm&r=g","contentUrl":"https:\/\/secure.gravatar.com\/avatar\/2f04e1b304682a8d9db336c7acd77f08?s=96&d=mm&r=g","caption":"Reda\u00e7\u00e3o"},"url":"https:\/\/jornaltimoneiro.com.br\/index.php\/author\/timoneirocanoas\/"}]}},"_links":{"self":[{"href":"https:\/\/jornaltimoneiro.com.br\/index.php\/wp-json\/wp\/v2\/posts\/557"}],"collection":[{"href":"https:\/\/jornaltimoneiro.com.br\/index.php\/wp-json\/wp\/v2\/posts"}],"about":[{"href":"https:\/\/jornaltimoneiro.com.br\/index.php\/wp-json\/wp\/v2\/types\/post"}],"author":[{"embeddable":true,"href":"https:\/\/jornaltimoneiro.com.br\/index.php\/wp-json\/wp\/v2\/users\/1"}],"replies":[{"embeddable":true,"href":"https:\/\/jornaltimoneiro.com.br\/index.php\/wp-json\/wp\/v2\/comments?post=557"}],"version-history":[{"count":0,"href":"https:\/\/jornaltimoneiro.com.br\/index.php\/wp-json\/wp\/v2\/posts\/557\/revisions"}],"wp:featuredmedia":[{"embeddable":true,"href":"https:\/\/jornaltimoneiro.com.br\/index.php\/wp-json\/"}],"wp:attachment":[{"href":"https:\/\/jornaltimoneiro.com.br\/index.php\/wp-json\/wp\/v2\/media?parent=557"}],"wp:term":[{"taxonomy":"category","embeddable":true,"href":"https:\/\/jornaltimoneiro.com.br\/index.php\/wp-json\/wp\/v2\/categories?post=557"},{"taxonomy":"post_tag","embeddable":true,"href":"https:\/\/jornaltimoneiro.com.br\/index.php\/wp-json\/wp\/v2\/tags?post=557"}],"curies":[{"name":"wp","href":"https:\/\/api.w.org\/{rel}","templated":true}]}}