{"id":5560,"date":"2016-10-28T16:15:03","date_gmt":"2016-10-28T18:15:03","guid":{"rendered":"http:\/\/otimoneiro.com.br\/?p=5560"},"modified":"2016-10-28T16:15:03","modified_gmt":"2016-10-28T18:15:03","slug":"alteracoes-em-linhas-de-onibus-irritam-passageiros","status":"publish","type":"post","link":"https:\/\/jornaltimoneiro.com.br\/index.php\/2016\/10\/28\/alteracoes-em-linhas-de-onibus-irritam-passageiros\/","title":{"rendered":"Altera\u00e7\u00f5es em linhas de \u00f4nibus irritam passageiros"},"content":{"rendered":"<div id=\"attachment_5561\" style=\"width: 871px\" class=\"wp-caption aligncenter\"><a href=\"http:\/\/otimoneiro.com.br\/wp-content\/uploads\/2016\/10\/DSC0426.jpg\"><img decoding=\"async\" aria-describedby=\"caption-attachment-5561\" class=\" wp-image-5561\" src=\"http:\/\/otimoneiro.com.br\/wp-content\/uploads\/2016\/10\/DSC0426-1024x683.jpg\" alt=\"Parada da avenida Victor Barreto teve o movimento reduzido. Foto: \u00c9merson Vasconcelos\/OT\" width=\"861\" height=\"575\" \/><\/a><p id=\"caption-attachment-5561\" class=\"wp-caption-text\">Parada da avenida Victor Barreto teve o movimento reduzido. Foto: \u00c9merson Vasconcelos\/OT<\/p><\/div>\n<p>Um altera\u00e7\u00e3o nas rotas dos \u00f4nibus que v\u00e3o para Nova Santa Rita causa transtornos aos usu\u00e1rios do sistema de transporte p\u00fablico e para comerciantes do Centro de Canoas. Mais uma vez, sem aviso pr\u00e9vio, as rotas foram alteradas e os \u00f4nibus que antes paravam na parada da Victor Barreto, que fica junto ao edif\u00edcio Ipicu\u00ea, agora param na Guilherme Schell. Em 2014 a mesma medida foi tomada, mas foi revertida depois de protestos da popula\u00e7\u00e3o.<\/p>\n<p>Os comerciantes do entorno da parada da Victor Barreto est\u00e3o preocupados com o que acontecer\u00e1 com seus neg\u00f3cios a partir de agora, j\u00e1 que a imensa maioria de seus clientes eram justamente pessoas que embarcavam e desembarcavam diariamente dos \u00f4nibus intermunicipais.<\/p>\n<p>Durante toda a semana, usu\u00e1rios ainda chegavam \u00e0 parada para pegar o \u00f4nibus para Nova Santa Rita, sem saberem das mudan\u00e7as. Eles reclamam por n\u00e3o haver nenhuma sinaliza\u00e7\u00e3o sobre a altera\u00e7\u00e3o e de n\u00e3o ter ocorrido uma consulta ou, ao menos, um aviso pr\u00e9vio aos usu\u00e1rios.<\/p>\n<p>A comerciante Anelise Borgmann, que faz parte de um grupo que est\u00e1 organizando um abaixo-assinado, afirma que as vendas em seu quiosque de lanches, localizado junto \u00e0 parada, ca\u00edram muito, como j\u00e1 havia ocorrido em 2014. \u201cSe n\u00e3o reverterem isso de novo, como eu vou trabalhar ali sem p\u00fablico algum pra consumir?&#8221;, disse. O comerciante Aldair Chagas, que \u00e9 propriet\u00e1rio de uma padaria localizada a uma quadra da parada, afirma que pelo menos 50% das vendas do seu estabelecimento eram derivadas das pessoas que utilizavam as linhas para Nova Santa Rita.<\/p>\n<p>A Prefeitura de Canoas informou que n\u00e3o possui inger\u00eancia sobre as linhas Canoas-Nova Santa Rita, feitas pela Via Nova. Segundo a administra\u00e7\u00e3o municipal, o servi\u00e7o dessa empresa de transportes \u00e9 administrado pela Metroplan.<\/p>\n","protected":false},"excerpt":{"rendered":"<p>Comerciantes da avenida Victor Barreto afirmam que mudan\u00e7as derrubaram as vendas<\/p>\n","protected":false},"author":1,"featured_media":5561,"comment_status":"open","ping_status":"open","sticky":false,"template":"","format":"standard","meta":{"amp_status":"","footnotes":""},"categories":[25,19,22,57],"tags":[],"class_list":["post-5560","post","type-post","status-publish","format-standard","has-post-thumbnail","hentry","category-comunidade","category-destaques","category-noticias","category-transito"],"yoast_head":"<!-- This site is optimized with the Yoast SEO plugin v20.5 - https:\/\/yoast.com\/wordpress\/plugins\/seo\/ -->\n<title>Altera\u00e7\u00f5es em linhas de \u00f4nibus irritam passageiros - O Timoneiro Jornal Canoas RS<\/title>\n<meta name=\"robots\" content=\"index, follow, max-snippet:-1, max-image-preview:large, max-video-preview:-1\" \/>\n<link rel=\"canonical\" href=\"https:\/\/jornaltimoneiro.com.br\/index.php\/2016\/10\/28\/alteracoes-em-linhas-de-onibus-irritam-passageiros\/\" \/>\n<meta property=\"og:locale\" content=\"pt_BR\" \/>\n<meta property=\"og:type\" content=\"article\" \/>\n<meta property=\"og:title\" content=\"Altera\u00e7\u00f5es em linhas de \u00f4nibus irritam passageiros - O Timoneiro Jornal Canoas RS\" \/>\n<meta property=\"og:description\" content=\"Comerciantes da avenida Victor Barreto afirmam que mudan\u00e7as derrubaram as vendas\" \/>\n<meta property=\"og:url\" content=\"https:\/\/jornaltimoneiro.com.br\/index.php\/2016\/10\/28\/alteracoes-em-linhas-de-onibus-irritam-passageiros\/\" \/>\n<meta property=\"og:site_name\" content=\"O Timoneiro Jornal Canoas RS\" \/>\n<meta property=\"article:publisher\" content=\"https:\/\/www.facebook.com\/jornaltimoneiro\" \/>\n<meta property=\"article:published_time\" content=\"2016-10-28T18:15:03+00:00\" \/>\n<meta name=\"author\" content=\"Reda\u00e7\u00e3o\" \/>\n<meta name=\"twitter:card\" content=\"summary_large_image\" \/>\n<meta name=\"twitter:creator\" content=\"@_OTimoneiro\" \/>\n<meta name=\"twitter:site\" content=\"@_OTimoneiro\" \/>\n<meta name=\"twitter:label1\" content=\"Escrito por\" \/>\n\t<meta name=\"twitter:data1\" content=\"Reda\u00e7\u00e3o\" \/>\n\t<meta name=\"twitter:label2\" content=\"Est. tempo de leitura\" \/>\n\t<meta name=\"twitter:data2\" content=\"2 minutos\" \/>\n<script type=\"application\/ld+json\" class=\"yoast-schema-graph\">{\"@context\":\"https:\/\/schema.org\",\"@graph\":[{\"@type\":\"Article\",\"@id\":\"https:\/\/jornaltimoneiro.com.br\/index.php\/2016\/10\/28\/alteracoes-em-linhas-de-onibus-irritam-passageiros\/#article\",\"isPartOf\":{\"@id\":\"https:\/\/jornaltimoneiro.com.br\/index.php\/2016\/10\/28\/alteracoes-em-linhas-de-onibus-irritam-passageiros\/\"},\"author\":{\"name\":\"Reda\u00e7\u00e3o\",\"@id\":\"https:\/\/jornaltimoneiro.com.br\/#\/schema\/person\/620efd1d8244466117482be494360b08\"},\"headline\":\"Altera\u00e7\u00f5es em linhas de \u00f4nibus irritam passageiros\",\"datePublished\":\"2016-10-28T18:15:03+00:00\",\"dateModified\":\"2016-10-28T18:15:03+00:00\",\"mainEntityOfPage\":{\"@id\":\"https:\/\/jornaltimoneiro.com.br\/index.php\/2016\/10\/28\/alteracoes-em-linhas-de-onibus-irritam-passageiros\/\"},\"wordCount\":332,\"commentCount\":0,\"publisher\":{\"@id\":\"https:\/\/jornaltimoneiro.com.br\/#organization\"},\"articleSection\":[\"Comunidade\",\"Destaques\",\"Not\u00edcias\",\"Tr\u00e2nsito\"],\"inLanguage\":\"pt-BR\",\"potentialAction\":[{\"@type\":\"CommentAction\",\"name\":\"Comment\",\"target\":[\"https:\/\/jornaltimoneiro.com.br\/index.php\/2016\/10\/28\/alteracoes-em-linhas-de-onibus-irritam-passageiros\/#respond\"]}]},{\"@type\":\"WebPage\",\"@id\":\"https:\/\/jornaltimoneiro.com.br\/index.php\/2016\/10\/28\/alteracoes-em-linhas-de-onibus-irritam-passageiros\/\",\"url\":\"https:\/\/jornaltimoneiro.com.br\/index.php\/2016\/10\/28\/alteracoes-em-linhas-de-onibus-irritam-passageiros\/\",\"name\":\"Altera\u00e7\u00f5es em linhas de \u00f4nibus irritam passageiros - O Timoneiro Jornal Canoas RS\",\"isPartOf\":{\"@id\":\"https:\/\/jornaltimoneiro.com.br\/#website\"},\"datePublished\":\"2016-10-28T18:15:03+00:00\",\"dateModified\":\"2016-10-28T18:15:03+00:00\",\"breadcrumb\":{\"@id\":\"https:\/\/jornaltimoneiro.com.br\/index.php\/2016\/10\/28\/alteracoes-em-linhas-de-onibus-irritam-passageiros\/#breadcrumb\"},\"inLanguage\":\"pt-BR\",\"potentialAction\":[{\"@type\":\"ReadAction\",\"target\":[\"https:\/\/jornaltimoneiro.com.br\/index.php\/2016\/10\/28\/alteracoes-em-linhas-de-onibus-irritam-passageiros\/\"]}]},{\"@type\":\"BreadcrumbList\",\"@id\":\"https:\/\/jornaltimoneiro.com.br\/index.php\/2016\/10\/28\/alteracoes-em-linhas-de-onibus-irritam-passageiros\/#breadcrumb\",\"itemListElement\":[{\"@type\":\"ListItem\",\"position\":1,\"name\":\"In\u00edcio\",\"item\":\"https:\/\/jornaltimoneiro.com.br\/\"},{\"@type\":\"ListItem\",\"position\":2,\"name\":\"Altera\u00e7\u00f5es em linhas de \u00f4nibus irritam passageiros\"}]},{\"@type\":\"WebSite\",\"@id\":\"https:\/\/jornaltimoneiro.com.br\/#website\",\"url\":\"https:\/\/jornaltimoneiro.com.br\/\",\"name\":\"Jornal Timoneiro Canoas RS\",\"description\":\"Jornal O Timoneiro, o verdadeiro jornal de Canoas\",\"publisher\":{\"@id\":\"https:\/\/jornaltimoneiro.com.br\/#organization\"},\"potentialAction\":[{\"@type\":\"SearchAction\",\"target\":{\"@type\":\"EntryPoint\",\"urlTemplate\":\"https:\/\/jornaltimoneiro.com.br\/?s={search_term_string}\"},\"query-input\":\"required name=search_term_string\"}],\"inLanguage\":\"pt-BR\"},{\"@type\":\"Organization\",\"@id\":\"https:\/\/jornaltimoneiro.com.br\/#organization\",\"name\":\"Jornal Timoneiro Canoas RS\",\"url\":\"https:\/\/jornaltimoneiro.com.br\/\",\"logo\":{\"@type\":\"ImageObject\",\"inLanguage\":\"pt-BR\",\"@id\":\"https:\/\/jornaltimoneiro.com.br\/#\/schema\/logo\/image\/\",\"url\":\"https:\/\/jornaltimoneiro.com.br\/wp-content\/uploads\/2023\/03\/logonovo.png\",\"contentUrl\":\"https:\/\/jornaltimoneiro.com.br\/wp-content\/uploads\/2023\/03\/logonovo.png\",\"width\":\"469\",\"height\":\"171\",\"caption\":\"Jornal Timoneiro Canoas RS\"},\"image\":{\"@id\":\"https:\/\/jornaltimoneiro.com.br\/#\/schema\/logo\/image\/\"},\"sameAs\":[\"https:\/\/www.facebook.com\/jornaltimoneiro\",\"https:\/\/twitter.com\/_OTimoneiro\",\"https:\/\/www.instagram.com\/jornaltimoneirocanoas\/\",\"https:\/\/www.youtube.com\/@jornalotimoneiro7927\"]},{\"@type\":\"Person\",\"@id\":\"https:\/\/jornaltimoneiro.com.br\/#\/schema\/person\/620efd1d8244466117482be494360b08\",\"name\":\"Reda\u00e7\u00e3o\",\"image\":{\"@type\":\"ImageObject\",\"inLanguage\":\"pt-BR\",\"@id\":\"https:\/\/jornaltimoneiro.com.br\/#\/schema\/person\/image\/\",\"url\":\"https:\/\/secure.gravatar.com\/avatar\/2f04e1b304682a8d9db336c7acd77f08?s=96&d=mm&r=g\",\"contentUrl\":\"https:\/\/secure.gravatar.com\/avatar\/2f04e1b304682a8d9db336c7acd77f08?s=96&d=mm&r=g\",\"caption\":\"Reda\u00e7\u00e3o\"},\"url\":\"https:\/\/jornaltimoneiro.com.br\/index.php\/author\/timoneirocanoas\/\"}]}<\/script>\n<!-- \/ Yoast SEO plugin. -->","yoast_head_json":{"title":"Altera\u00e7\u00f5es em linhas de \u00f4nibus irritam passageiros - O Timoneiro Jornal Canoas RS","robots":{"index":"index","follow":"follow","max-snippet":"max-snippet:-1","max-image-preview":"max-image-preview:large","max-video-preview":"max-video-preview:-1"},"canonical":"https:\/\/jornaltimoneiro.com.br\/index.php\/2016\/10\/28\/alteracoes-em-linhas-de-onibus-irritam-passageiros\/","og_locale":"pt_BR","og_type":"article","og_title":"Altera\u00e7\u00f5es em linhas de \u00f4nibus irritam passageiros - O Timoneiro Jornal Canoas RS","og_description":"Comerciantes da avenida Victor Barreto afirmam que mudan\u00e7as derrubaram as vendas","og_url":"https:\/\/jornaltimoneiro.com.br\/index.php\/2016\/10\/28\/alteracoes-em-linhas-de-onibus-irritam-passageiros\/","og_site_name":"O Timoneiro Jornal Canoas RS","article_publisher":"https:\/\/www.facebook.com\/jornaltimoneiro","article_published_time":"2016-10-28T18:15:03+00:00","author":"Reda\u00e7\u00e3o","twitter_card":"summary_large_image","twitter_creator":"@_OTimoneiro","twitter_site":"@_OTimoneiro","twitter_misc":{"Escrito por":"Reda\u00e7\u00e3o","Est. tempo de leitura":"2 minutos"},"schema":{"@context":"https:\/\/schema.org","@graph":[{"@type":"Article","@id":"https:\/\/jornaltimoneiro.com.br\/index.php\/2016\/10\/28\/alteracoes-em-linhas-de-onibus-irritam-passageiros\/#article","isPartOf":{"@id":"https:\/\/jornaltimoneiro.com.br\/index.php\/2016\/10\/28\/alteracoes-em-linhas-de-onibus-irritam-passageiros\/"},"author":{"name":"Reda\u00e7\u00e3o","@id":"https:\/\/jornaltimoneiro.com.br\/#\/schema\/person\/620efd1d8244466117482be494360b08"},"headline":"Altera\u00e7\u00f5es em linhas de \u00f4nibus irritam passageiros","datePublished":"2016-10-28T18:15:03+00:00","dateModified":"2016-10-28T18:15:03+00:00","mainEntityOfPage":{"@id":"https:\/\/jornaltimoneiro.com.br\/index.php\/2016\/10\/28\/alteracoes-em-linhas-de-onibus-irritam-passageiros\/"},"wordCount":332,"commentCount":0,"publisher":{"@id":"https:\/\/jornaltimoneiro.com.br\/#organization"},"articleSection":["Comunidade","Destaques","Not\u00edcias","Tr\u00e2nsito"],"inLanguage":"pt-BR","potentialAction":[{"@type":"CommentAction","name":"Comment","target":["https:\/\/jornaltimoneiro.com.br\/index.php\/2016\/10\/28\/alteracoes-em-linhas-de-onibus-irritam-passageiros\/#respond"]}]},{"@type":"WebPage","@id":"https:\/\/jornaltimoneiro.com.br\/index.php\/2016\/10\/28\/alteracoes-em-linhas-de-onibus-irritam-passageiros\/","url":"https:\/\/jornaltimoneiro.com.br\/index.php\/2016\/10\/28\/alteracoes-em-linhas-de-onibus-irritam-passageiros\/","name":"Altera\u00e7\u00f5es em linhas de \u00f4nibus irritam passageiros - O Timoneiro Jornal Canoas RS","isPartOf":{"@id":"https:\/\/jornaltimoneiro.com.br\/#website"},"datePublished":"2016-10-28T18:15:03+00:00","dateModified":"2016-10-28T18:15:03+00:00","breadcrumb":{"@id":"https:\/\/jornaltimoneiro.com.br\/index.php\/2016\/10\/28\/alteracoes-em-linhas-de-onibus-irritam-passageiros\/#breadcrumb"},"inLanguage":"pt-BR","potentialAction":[{"@type":"ReadAction","target":["https:\/\/jornaltimoneiro.com.br\/index.php\/2016\/10\/28\/alteracoes-em-linhas-de-onibus-irritam-passageiros\/"]}]},{"@type":"BreadcrumbList","@id":"https:\/\/jornaltimoneiro.com.br\/index.php\/2016\/10\/28\/alteracoes-em-linhas-de-onibus-irritam-passageiros\/#breadcrumb","itemListElement":[{"@type":"ListItem","position":1,"name":"In\u00edcio","item":"https:\/\/jornaltimoneiro.com.br\/"},{"@type":"ListItem","position":2,"name":"Altera\u00e7\u00f5es em linhas de \u00f4nibus irritam passageiros"}]},{"@type":"WebSite","@id":"https:\/\/jornaltimoneiro.com.br\/#website","url":"https:\/\/jornaltimoneiro.com.br\/","name":"Jornal Timoneiro Canoas RS","description":"Jornal O Timoneiro, o verdadeiro jornal de Canoas","publisher":{"@id":"https:\/\/jornaltimoneiro.com.br\/#organization"},"potentialAction":[{"@type":"SearchAction","target":{"@type":"EntryPoint","urlTemplate":"https:\/\/jornaltimoneiro.com.br\/?s={search_term_string}"},"query-input":"required name=search_term_string"}],"inLanguage":"pt-BR"},{"@type":"Organization","@id":"https:\/\/jornaltimoneiro.com.br\/#organization","name":"Jornal Timoneiro Canoas RS","url":"https:\/\/jornaltimoneiro.com.br\/","logo":{"@type":"ImageObject","inLanguage":"pt-BR","@id":"https:\/\/jornaltimoneiro.com.br\/#\/schema\/logo\/image\/","url":"https:\/\/jornaltimoneiro.com.br\/wp-content\/uploads\/2023\/03\/logonovo.png","contentUrl":"https:\/\/jornaltimoneiro.com.br\/wp-content\/uploads\/2023\/03\/logonovo.png","width":"469","height":"171","caption":"Jornal Timoneiro Canoas RS"},"image":{"@id":"https:\/\/jornaltimoneiro.com.br\/#\/schema\/logo\/image\/"},"sameAs":["https:\/\/www.facebook.com\/jornaltimoneiro","https:\/\/twitter.com\/_OTimoneiro","https:\/\/www.instagram.com\/jornaltimoneirocanoas\/","https:\/\/www.youtube.com\/@jornalotimoneiro7927"]},{"@type":"Person","@id":"https:\/\/jornaltimoneiro.com.br\/#\/schema\/person\/620efd1d8244466117482be494360b08","name":"Reda\u00e7\u00e3o","image":{"@type":"ImageObject","inLanguage":"pt-BR","@id":"https:\/\/jornaltimoneiro.com.br\/#\/schema\/person\/image\/","url":"https:\/\/secure.gravatar.com\/avatar\/2f04e1b304682a8d9db336c7acd77f08?s=96&d=mm&r=g","contentUrl":"https:\/\/secure.gravatar.com\/avatar\/2f04e1b304682a8d9db336c7acd77f08?s=96&d=mm&r=g","caption":"Reda\u00e7\u00e3o"},"url":"https:\/\/jornaltimoneiro.com.br\/index.php\/author\/timoneirocanoas\/"}]}},"_links":{"self":[{"href":"https:\/\/jornaltimoneiro.com.br\/index.php\/wp-json\/wp\/v2\/posts\/5560"}],"collection":[{"href":"https:\/\/jornaltimoneiro.com.br\/index.php\/wp-json\/wp\/v2\/posts"}],"about":[{"href":"https:\/\/jornaltimoneiro.com.br\/index.php\/wp-json\/wp\/v2\/types\/post"}],"author":[{"embeddable":true,"href":"https:\/\/jornaltimoneiro.com.br\/index.php\/wp-json\/wp\/v2\/users\/1"}],"replies":[{"embeddable":true,"href":"https:\/\/jornaltimoneiro.com.br\/index.php\/wp-json\/wp\/v2\/comments?post=5560"}],"version-history":[{"count":0,"href":"https:\/\/jornaltimoneiro.com.br\/index.php\/wp-json\/wp\/v2\/posts\/5560\/revisions"}],"wp:featuredmedia":[{"embeddable":true,"href":"https:\/\/jornaltimoneiro.com.br\/index.php\/wp-json\/"}],"wp:attachment":[{"href":"https:\/\/jornaltimoneiro.com.br\/index.php\/wp-json\/wp\/v2\/media?parent=5560"}],"wp:term":[{"taxonomy":"category","embeddable":true,"href":"https:\/\/jornaltimoneiro.com.br\/index.php\/wp-json\/wp\/v2\/categories?post=5560"},{"taxonomy":"post_tag","embeddable":true,"href":"https:\/\/jornaltimoneiro.com.br\/index.php\/wp-json\/wp\/v2\/tags?post=5560"}],"curies":[{"name":"wp","href":"https:\/\/api.w.org\/{rel}","templated":true}]}}