{"id":5552,"date":"2016-10-28T16:11:45","date_gmt":"2016-10-28T18:11:45","guid":{"rendered":"http:\/\/otimoneiro.com.br\/?p=5552"},"modified":"2016-10-28T16:11:45","modified_gmt":"2016-10-28T18:11:45","slug":"dia-do-comerciario-sindec-realiza-almoco-comemorativo-em-sua-sede","status":"publish","type":"post","link":"https:\/\/jornaltimoneiro.com.br\/index.php\/2016\/10\/28\/dia-do-comerciario-sindec-realiza-almoco-comemorativo-em-sua-sede\/","title":{"rendered":"Dia do Comerci\u00e1rio: Sindec realiza almo\u00e7o comemorativo em sua sede"},"content":{"rendered":"<div id=\"attachment_5553\" style=\"width: 632px\" class=\"wp-caption aligncenter\"><a href=\"http:\/\/otimoneiro.com.br\/wp-content\/uploads\/2016\/10\/1.jpg\"><img decoding=\"async\" aria-describedby=\"caption-attachment-5553\" class=\" wp-image-5553\" src=\"http:\/\/otimoneiro.com.br\/wp-content\/uploads\/2016\/10\/1-1024x683.jpg\" alt=\"Almo\u00e7o ocorreu na quinta-feira, 27, na sede do Sindec. Foto: Bruno Lara\/OT\" width=\"622\" height=\"415\" \/><\/a><p id=\"caption-attachment-5553\" class=\"wp-caption-text\">Almo\u00e7o ocorreu na quinta-feira, 27, na sede do Sindec. Foto: Bruno Lara\/OT<\/p><\/div>\n<p>O Sindicato dos Empregados no Com\u00e9rcio de Canoas (Sindec) realizou em sua sede um almo\u00e7o para os comerci\u00e1rios da cidade. O evento ocorreu na quinta-feira, 27, em alus\u00e3o ao Dia do Comerci\u00e1rio, que ocorre no domingo, 30. Para que os trabalhadores que cumprem hor\u00e1rios diferentes no com\u00e9rcio pudessem participar, a refei\u00e7\u00e3o foi servida durante tr\u00eas horas. Ao todo, mais de 600 pessoas estiveram presentes na comemora\u00e7\u00e3o, que \u00e9 realizada pelo sindicato h\u00e1 mais de 20 anos.<\/p>\n<p>O presidente do Sindec, Antonio Fellini, contou que estava muito feliz pela participa\u00e7\u00e3o massiva da categoria e ressaltou que esta foi a maior edi\u00e7\u00e3o do almo\u00e7o. &#8220;\u00c9 muito bom ver que este evento cresce a cada ano e que nossos filiados gostam de participar. Um diferencial desta edi\u00e7\u00e3o \u00e9 que muitas comerci\u00e1rias trouxeram seus maridos, enquanto nas anteriores isso n\u00e3o era t\u00e3o frequente. \u00c9 sempre bom ver as fam\u00edlias unidas aqui na nossa sede&#8221;, disse Fellini.<\/p>\n<p>O diretor do jornal O Timoneiro, Jorge Uequed, falou no evento a respeito do papel que o Sindec desempenha para sua categoria. &#8220;Este Sindicato \u00e9 um exemplo de defesa de uma categoria. O Sindec \u00e9 refer\u00eancia para os sindicatos de comerci\u00e1rios de todo o Rio Grande do Sul e at\u00e9 de fora do fora do Estado&#8221;, afirmou.<\/p>\n<p>O presidente em exerc\u00edcio da Federacao Intermunicipal de Sindicatos de Trabalhadores co Com\u00e9rcio de Bens e Servico da Forca Sindical (Fetracos RS), Dion\u00edsio Mazui, discursou no evento e reiterou a import\u00e2ncia do Sindec. &#8220;O Sindicato dos Comerci\u00e1rios de Canoas \u00e9 refer\u00eancia entre os nossos filiados, por ser uma entidade que valoriza a Educa\u00e7\u00e3o e a primeira inf\u00e2ncia. O valor da preserva\u00e7\u00e3o da fam\u00edlia \u00e9 outro ponto que faz do Sindec refer\u00eancia no pa\u00eds inteiro&#8221;, disse.<\/p>\n<p>&nbsp;<\/p>\n<p>FOTOS<\/p>\n\n","protected":false},"excerpt":{"rendered":"<p>Mais de 600 pessoas estiveram presentes no evento que ocorreu na quinta-feira, 27<\/p>\n","protected":false},"author":1,"featured_media":5555,"comment_status":"open","ping_status":"open","sticky":false,"template":"","format":"standard","meta":{"amp_status":"","footnotes":""},"categories":[25,19,22],"tags":[],"class_list":["post-5552","post","type-post","status-publish","format-standard","has-post-thumbnail","hentry","category-comunidade","category-destaques","category-noticias"],"yoast_head":"<!-- This site is optimized with the Yoast SEO plugin v20.5 - https:\/\/yoast.com\/wordpress\/plugins\/seo\/ -->\n<title>Dia do Comerci\u00e1rio: Sindec realiza almo\u00e7o comemorativo em sua sede - O Timoneiro Jornal Canoas RS<\/title>\n<meta name=\"robots\" content=\"index, follow, max-snippet:-1, max-image-preview:large, max-video-preview:-1\" \/>\n<link rel=\"canonical\" href=\"https:\/\/jornaltimoneiro.com.br\/index.php\/2016\/10\/28\/dia-do-comerciario-sindec-realiza-almoco-comemorativo-em-sua-sede\/\" \/>\n<meta property=\"og:locale\" content=\"pt_BR\" \/>\n<meta property=\"og:type\" content=\"article\" \/>\n<meta property=\"og:title\" content=\"Dia do Comerci\u00e1rio: Sindec realiza almo\u00e7o comemorativo em sua sede - O Timoneiro Jornal Canoas RS\" \/>\n<meta property=\"og:description\" content=\"Mais de 600 pessoas estiveram presentes no evento que ocorreu na quinta-feira, 27\" \/>\n<meta property=\"og:url\" content=\"https:\/\/jornaltimoneiro.com.br\/index.php\/2016\/10\/28\/dia-do-comerciario-sindec-realiza-almoco-comemorativo-em-sua-sede\/\" \/>\n<meta property=\"og:site_name\" content=\"O Timoneiro Jornal Canoas RS\" \/>\n<meta property=\"article:publisher\" content=\"https:\/\/www.facebook.com\/jornaltimoneiro\" \/>\n<meta property=\"article:published_time\" content=\"2016-10-28T18:11:45+00:00\" \/>\n<meta name=\"author\" content=\"Reda\u00e7\u00e3o\" \/>\n<meta name=\"twitter:card\" content=\"summary_large_image\" \/>\n<meta name=\"twitter:creator\" content=\"@_OTimoneiro\" \/>\n<meta name=\"twitter:site\" content=\"@_OTimoneiro\" \/>\n<meta name=\"twitter:label1\" content=\"Escrito por\" \/>\n\t<meta name=\"twitter:data1\" content=\"Reda\u00e7\u00e3o\" \/>\n\t<meta name=\"twitter:label2\" content=\"Est. tempo de leitura\" \/>\n\t<meta name=\"twitter:data2\" content=\"2 minutos\" \/>\n<script type=\"application\/ld+json\" class=\"yoast-schema-graph\">{\"@context\":\"https:\/\/schema.org\",\"@graph\":[{\"@type\":\"Article\",\"@id\":\"https:\/\/jornaltimoneiro.com.br\/index.php\/2016\/10\/28\/dia-do-comerciario-sindec-realiza-almoco-comemorativo-em-sua-sede\/#article\",\"isPartOf\":{\"@id\":\"https:\/\/jornaltimoneiro.com.br\/index.php\/2016\/10\/28\/dia-do-comerciario-sindec-realiza-almoco-comemorativo-em-sua-sede\/\"},\"author\":{\"name\":\"Reda\u00e7\u00e3o\",\"@id\":\"https:\/\/jornaltimoneiro.com.br\/#\/schema\/person\/620efd1d8244466117482be494360b08\"},\"headline\":\"Dia do Comerci\u00e1rio: Sindec realiza almo\u00e7o comemorativo em sua sede\",\"datePublished\":\"2016-10-28T18:11:45+00:00\",\"dateModified\":\"2016-10-28T18:11:45+00:00\",\"mainEntityOfPage\":{\"@id\":\"https:\/\/jornaltimoneiro.com.br\/index.php\/2016\/10\/28\/dia-do-comerciario-sindec-realiza-almoco-comemorativo-em-sua-sede\/\"},\"wordCount\":342,\"commentCount\":0,\"publisher\":{\"@id\":\"https:\/\/jornaltimoneiro.com.br\/#organization\"},\"articleSection\":[\"Comunidade\",\"Destaques\",\"Not\u00edcias\"],\"inLanguage\":\"pt-BR\",\"potentialAction\":[{\"@type\":\"CommentAction\",\"name\":\"Comment\",\"target\":[\"https:\/\/jornaltimoneiro.com.br\/index.php\/2016\/10\/28\/dia-do-comerciario-sindec-realiza-almoco-comemorativo-em-sua-sede\/#respond\"]}]},{\"@type\":\"WebPage\",\"@id\":\"https:\/\/jornaltimoneiro.com.br\/index.php\/2016\/10\/28\/dia-do-comerciario-sindec-realiza-almoco-comemorativo-em-sua-sede\/\",\"url\":\"https:\/\/jornaltimoneiro.com.br\/index.php\/2016\/10\/28\/dia-do-comerciario-sindec-realiza-almoco-comemorativo-em-sua-sede\/\",\"name\":\"Dia do Comerci\u00e1rio: Sindec realiza almo\u00e7o comemorativo em sua sede - O Timoneiro Jornal Canoas RS\",\"isPartOf\":{\"@id\":\"https:\/\/jornaltimoneiro.com.br\/#website\"},\"datePublished\":\"2016-10-28T18:11:45+00:00\",\"dateModified\":\"2016-10-28T18:11:45+00:00\",\"breadcrumb\":{\"@id\":\"https:\/\/jornaltimoneiro.com.br\/index.php\/2016\/10\/28\/dia-do-comerciario-sindec-realiza-almoco-comemorativo-em-sua-sede\/#breadcrumb\"},\"inLanguage\":\"pt-BR\",\"potentialAction\":[{\"@type\":\"ReadAction\",\"target\":[\"https:\/\/jornaltimoneiro.com.br\/index.php\/2016\/10\/28\/dia-do-comerciario-sindec-realiza-almoco-comemorativo-em-sua-sede\/\"]}]},{\"@type\":\"BreadcrumbList\",\"@id\":\"https:\/\/jornaltimoneiro.com.br\/index.php\/2016\/10\/28\/dia-do-comerciario-sindec-realiza-almoco-comemorativo-em-sua-sede\/#breadcrumb\",\"itemListElement\":[{\"@type\":\"ListItem\",\"position\":1,\"name\":\"In\u00edcio\",\"item\":\"https:\/\/jornaltimoneiro.com.br\/\"},{\"@type\":\"ListItem\",\"position\":2,\"name\":\"Dia do Comerci\u00e1rio: Sindec realiza almo\u00e7o comemorativo em sua sede\"}]},{\"@type\":\"WebSite\",\"@id\":\"https:\/\/jornaltimoneiro.com.br\/#website\",\"url\":\"https:\/\/jornaltimoneiro.com.br\/\",\"name\":\"Jornal Timoneiro Canoas RS\",\"description\":\"Jornal O Timoneiro, o verdadeiro jornal de Canoas\",\"publisher\":{\"@id\":\"https:\/\/jornaltimoneiro.com.br\/#organization\"},\"potentialAction\":[{\"@type\":\"SearchAction\",\"target\":{\"@type\":\"EntryPoint\",\"urlTemplate\":\"https:\/\/jornaltimoneiro.com.br\/?s={search_term_string}\"},\"query-input\":\"required name=search_term_string\"}],\"inLanguage\":\"pt-BR\"},{\"@type\":\"Organization\",\"@id\":\"https:\/\/jornaltimoneiro.com.br\/#organization\",\"name\":\"Jornal Timoneiro Canoas RS\",\"url\":\"https:\/\/jornaltimoneiro.com.br\/\",\"logo\":{\"@type\":\"ImageObject\",\"inLanguage\":\"pt-BR\",\"@id\":\"https:\/\/jornaltimoneiro.com.br\/#\/schema\/logo\/image\/\",\"url\":\"https:\/\/jornaltimoneiro.com.br\/wp-content\/uploads\/2023\/03\/logonovo.png\",\"contentUrl\":\"https:\/\/jornaltimoneiro.com.br\/wp-content\/uploads\/2023\/03\/logonovo.png\",\"width\":\"469\",\"height\":\"171\",\"caption\":\"Jornal Timoneiro Canoas RS\"},\"image\":{\"@id\":\"https:\/\/jornaltimoneiro.com.br\/#\/schema\/logo\/image\/\"},\"sameAs\":[\"https:\/\/www.facebook.com\/jornaltimoneiro\",\"https:\/\/twitter.com\/_OTimoneiro\",\"https:\/\/www.instagram.com\/jornaltimoneirocanoas\/\",\"https:\/\/www.youtube.com\/@jornalotimoneiro7927\"]},{\"@type\":\"Person\",\"@id\":\"https:\/\/jornaltimoneiro.com.br\/#\/schema\/person\/620efd1d8244466117482be494360b08\",\"name\":\"Reda\u00e7\u00e3o\",\"image\":{\"@type\":\"ImageObject\",\"inLanguage\":\"pt-BR\",\"@id\":\"https:\/\/jornaltimoneiro.com.br\/#\/schema\/person\/image\/\",\"url\":\"https:\/\/secure.gravatar.com\/avatar\/2f04e1b304682a8d9db336c7acd77f08?s=96&d=mm&r=g\",\"contentUrl\":\"https:\/\/secure.gravatar.com\/avatar\/2f04e1b304682a8d9db336c7acd77f08?s=96&d=mm&r=g\",\"caption\":\"Reda\u00e7\u00e3o\"},\"url\":\"https:\/\/jornaltimoneiro.com.br\/index.php\/author\/timoneirocanoas\/\"}]}<\/script>\n<!-- \/ Yoast SEO plugin. -->","yoast_head_json":{"title":"Dia do Comerci\u00e1rio: Sindec realiza almo\u00e7o comemorativo em sua sede - O Timoneiro Jornal Canoas RS","robots":{"index":"index","follow":"follow","max-snippet":"max-snippet:-1","max-image-preview":"max-image-preview:large","max-video-preview":"max-video-preview:-1"},"canonical":"https:\/\/jornaltimoneiro.com.br\/index.php\/2016\/10\/28\/dia-do-comerciario-sindec-realiza-almoco-comemorativo-em-sua-sede\/","og_locale":"pt_BR","og_type":"article","og_title":"Dia do Comerci\u00e1rio: Sindec realiza almo\u00e7o comemorativo em sua sede - O Timoneiro Jornal Canoas RS","og_description":"Mais de 600 pessoas estiveram presentes no evento que ocorreu na quinta-feira, 27","og_url":"https:\/\/jornaltimoneiro.com.br\/index.php\/2016\/10\/28\/dia-do-comerciario-sindec-realiza-almoco-comemorativo-em-sua-sede\/","og_site_name":"O Timoneiro Jornal Canoas RS","article_publisher":"https:\/\/www.facebook.com\/jornaltimoneiro","article_published_time":"2016-10-28T18:11:45+00:00","author":"Reda\u00e7\u00e3o","twitter_card":"summary_large_image","twitter_creator":"@_OTimoneiro","twitter_site":"@_OTimoneiro","twitter_misc":{"Escrito por":"Reda\u00e7\u00e3o","Est. tempo de leitura":"2 minutos"},"schema":{"@context":"https:\/\/schema.org","@graph":[{"@type":"Article","@id":"https:\/\/jornaltimoneiro.com.br\/index.php\/2016\/10\/28\/dia-do-comerciario-sindec-realiza-almoco-comemorativo-em-sua-sede\/#article","isPartOf":{"@id":"https:\/\/jornaltimoneiro.com.br\/index.php\/2016\/10\/28\/dia-do-comerciario-sindec-realiza-almoco-comemorativo-em-sua-sede\/"},"author":{"name":"Reda\u00e7\u00e3o","@id":"https:\/\/jornaltimoneiro.com.br\/#\/schema\/person\/620efd1d8244466117482be494360b08"},"headline":"Dia do Comerci\u00e1rio: Sindec realiza almo\u00e7o comemorativo em sua sede","datePublished":"2016-10-28T18:11:45+00:00","dateModified":"2016-10-28T18:11:45+00:00","mainEntityOfPage":{"@id":"https:\/\/jornaltimoneiro.com.br\/index.php\/2016\/10\/28\/dia-do-comerciario-sindec-realiza-almoco-comemorativo-em-sua-sede\/"},"wordCount":342,"commentCount":0,"publisher":{"@id":"https:\/\/jornaltimoneiro.com.br\/#organization"},"articleSection":["Comunidade","Destaques","Not\u00edcias"],"inLanguage":"pt-BR","potentialAction":[{"@type":"CommentAction","name":"Comment","target":["https:\/\/jornaltimoneiro.com.br\/index.php\/2016\/10\/28\/dia-do-comerciario-sindec-realiza-almoco-comemorativo-em-sua-sede\/#respond"]}]},{"@type":"WebPage","@id":"https:\/\/jornaltimoneiro.com.br\/index.php\/2016\/10\/28\/dia-do-comerciario-sindec-realiza-almoco-comemorativo-em-sua-sede\/","url":"https:\/\/jornaltimoneiro.com.br\/index.php\/2016\/10\/28\/dia-do-comerciario-sindec-realiza-almoco-comemorativo-em-sua-sede\/","name":"Dia do Comerci\u00e1rio: Sindec realiza almo\u00e7o comemorativo em sua sede - O Timoneiro Jornal Canoas RS","isPartOf":{"@id":"https:\/\/jornaltimoneiro.com.br\/#website"},"datePublished":"2016-10-28T18:11:45+00:00","dateModified":"2016-10-28T18:11:45+00:00","breadcrumb":{"@id":"https:\/\/jornaltimoneiro.com.br\/index.php\/2016\/10\/28\/dia-do-comerciario-sindec-realiza-almoco-comemorativo-em-sua-sede\/#breadcrumb"},"inLanguage":"pt-BR","potentialAction":[{"@type":"ReadAction","target":["https:\/\/jornaltimoneiro.com.br\/index.php\/2016\/10\/28\/dia-do-comerciario-sindec-realiza-almoco-comemorativo-em-sua-sede\/"]}]},{"@type":"BreadcrumbList","@id":"https:\/\/jornaltimoneiro.com.br\/index.php\/2016\/10\/28\/dia-do-comerciario-sindec-realiza-almoco-comemorativo-em-sua-sede\/#breadcrumb","itemListElement":[{"@type":"ListItem","position":1,"name":"In\u00edcio","item":"https:\/\/jornaltimoneiro.com.br\/"},{"@type":"ListItem","position":2,"name":"Dia do Comerci\u00e1rio: Sindec realiza almo\u00e7o comemorativo em sua sede"}]},{"@type":"WebSite","@id":"https:\/\/jornaltimoneiro.com.br\/#website","url":"https:\/\/jornaltimoneiro.com.br\/","name":"Jornal Timoneiro Canoas RS","description":"Jornal O Timoneiro, o verdadeiro jornal de Canoas","publisher":{"@id":"https:\/\/jornaltimoneiro.com.br\/#organization"},"potentialAction":[{"@type":"SearchAction","target":{"@type":"EntryPoint","urlTemplate":"https:\/\/jornaltimoneiro.com.br\/?s={search_term_string}"},"query-input":"required name=search_term_string"}],"inLanguage":"pt-BR"},{"@type":"Organization","@id":"https:\/\/jornaltimoneiro.com.br\/#organization","name":"Jornal Timoneiro Canoas RS","url":"https:\/\/jornaltimoneiro.com.br\/","logo":{"@type":"ImageObject","inLanguage":"pt-BR","@id":"https:\/\/jornaltimoneiro.com.br\/#\/schema\/logo\/image\/","url":"https:\/\/jornaltimoneiro.com.br\/wp-content\/uploads\/2023\/03\/logonovo.png","contentUrl":"https:\/\/jornaltimoneiro.com.br\/wp-content\/uploads\/2023\/03\/logonovo.png","width":"469","height":"171","caption":"Jornal Timoneiro Canoas RS"},"image":{"@id":"https:\/\/jornaltimoneiro.com.br\/#\/schema\/logo\/image\/"},"sameAs":["https:\/\/www.facebook.com\/jornaltimoneiro","https:\/\/twitter.com\/_OTimoneiro","https:\/\/www.instagram.com\/jornaltimoneirocanoas\/","https:\/\/www.youtube.com\/@jornalotimoneiro7927"]},{"@type":"Person","@id":"https:\/\/jornaltimoneiro.com.br\/#\/schema\/person\/620efd1d8244466117482be494360b08","name":"Reda\u00e7\u00e3o","image":{"@type":"ImageObject","inLanguage":"pt-BR","@id":"https:\/\/jornaltimoneiro.com.br\/#\/schema\/person\/image\/","url":"https:\/\/secure.gravatar.com\/avatar\/2f04e1b304682a8d9db336c7acd77f08?s=96&d=mm&r=g","contentUrl":"https:\/\/secure.gravatar.com\/avatar\/2f04e1b304682a8d9db336c7acd77f08?s=96&d=mm&r=g","caption":"Reda\u00e7\u00e3o"},"url":"https:\/\/jornaltimoneiro.com.br\/index.php\/author\/timoneirocanoas\/"}]}},"_links":{"self":[{"href":"https:\/\/jornaltimoneiro.com.br\/index.php\/wp-json\/wp\/v2\/posts\/5552"}],"collection":[{"href":"https:\/\/jornaltimoneiro.com.br\/index.php\/wp-json\/wp\/v2\/posts"}],"about":[{"href":"https:\/\/jornaltimoneiro.com.br\/index.php\/wp-json\/wp\/v2\/types\/post"}],"author":[{"embeddable":true,"href":"https:\/\/jornaltimoneiro.com.br\/index.php\/wp-json\/wp\/v2\/users\/1"}],"replies":[{"embeddable":true,"href":"https:\/\/jornaltimoneiro.com.br\/index.php\/wp-json\/wp\/v2\/comments?post=5552"}],"version-history":[{"count":0,"href":"https:\/\/jornaltimoneiro.com.br\/index.php\/wp-json\/wp\/v2\/posts\/5552\/revisions"}],"wp:featuredmedia":[{"embeddable":true,"href":"https:\/\/jornaltimoneiro.com.br\/index.php\/wp-json\/"}],"wp:attachment":[{"href":"https:\/\/jornaltimoneiro.com.br\/index.php\/wp-json\/wp\/v2\/media?parent=5552"}],"wp:term":[{"taxonomy":"category","embeddable":true,"href":"https:\/\/jornaltimoneiro.com.br\/index.php\/wp-json\/wp\/v2\/categories?post=5552"},{"taxonomy":"post_tag","embeddable":true,"href":"https:\/\/jornaltimoneiro.com.br\/index.php\/wp-json\/wp\/v2\/tags?post=5552"}],"curies":[{"name":"wp","href":"https:\/\/api.w.org\/{rel}","templated":true}]}}