{"id":5524,"date":"2016-10-28T15:47:05","date_gmt":"2016-10-28T17:47:05","guid":{"rendered":"http:\/\/otimoneiro.com.br\/?p=5524"},"modified":"2016-10-28T15:47:05","modified_gmt":"2016-10-28T17:47:05","slug":"em-divida-camara-de-vereadores-ingressa-com-mandado-de-seguranca-contra-prefeitura","status":"publish","type":"post","link":"https:\/\/jornaltimoneiro.com.br\/index.php\/2016\/10\/28\/em-divida-camara-de-vereadores-ingressa-com-mandado-de-seguranca-contra-prefeitura\/","title":{"rendered":"Em d\u00edvida, C\u00e2mara de Vereadores ingressa com mandado de seguran\u00e7a contra Prefeitura"},"content":{"rendered":"<div id=\"attachment_4099\" style=\"width: 616px\" class=\"wp-caption aligncenter\"><a href=\"http:\/\/otimoneiro.com.br\/wp-content\/uploads\/2016\/06\/C\u00e2mara-004.jpg\"><img decoding=\"async\" aria-describedby=\"caption-attachment-4099\" class=\" wp-image-4099\" src=\"http:\/\/otimoneiro.com.br\/wp-content\/uploads\/2016\/06\/C\u00e2mara-004-1024x683.jpg\" alt=\"C\u00e2mara Municipal de Vereadores de Canoas. Foto: Bruno Lara\/OT.\" width=\"606\" height=\"405\" \/><\/a><p id=\"caption-attachment-4099\" class=\"wp-caption-text\">C\u00e2mara Municipal de Vereadores de Canoas. Foto: Bruno Lara\/OT.<\/p><\/div>\n<p>O ent\u00e3o presidente em exerc\u00edcio da C\u00e2mara de Vereadores Juares Hoy (PTB), impetrou um mandado de seguran\u00e7a com um pedido liminar na 1\u00aa Vara C\u00edvel da Comarca de Canoas contra o prefeito em exerc\u00edcio Paulo Ritter (PT). No entendimento de Hoy, o Executivo tem repassado um valor inferior ao previsto para o duod\u00e9cimo.<\/p>\n<p>\u201cNo dia 06 de outubro de 2016, informando que os valores de repasse est\u00e3o equivocados, ou seja, bem abaixo da obriga\u00e7\u00e3o legal. Como resposta, o Excelent\u00edssimo Prefeito em exerc\u00edcio, repassou o valor que entendia ser poss\u00edvel, ou seja, o valor de R$ 200.00,00 no dia 11\/10\/2016\u201d, diz o texto da pe\u00e7a protocolada no dia 13 de outubro. \u00c9 direito, segundo o Legislativo municipal, o valor de R$ 6.231.718,13.<\/p>\n<p>Segundo Juares, as d\u00edvidias s\u00e3o muitas. \u201cA gente est\u00e1 devendo mais de quatro meses. Isso acarreta uma desmoraliza\u00e7\u00e3o para a C\u00e2mara de Vereadores. A Prefeitura simplesmente n\u00e3o cumpre o dever de repassar o dinheiro que n\u00e3o \u00e9 dela\u201d, pontua. \u201cA C\u00e2mara deve hoje entorno de 700 mil a 800 mil reais, vencendo em novembro\u201d, conclui lembrando que funcion\u00e1rios e fornecedores n\u00e3o foram pagos. \u201cAgi para n\u00e3o ser responsabilizado pela in\u00e9rcia\u201d, justificou.<\/p>\n<h3>O que diz a Prefeitura<\/h3>\n<p>Em nota, a Prefeitura informou que \u201co munic\u00edpio n\u00e3o foi notificado, nem informado dessa a\u00e7\u00e3o. Quando ocorrer se manifestar\u00e1.\u201d<\/p>\n","protected":false},"excerpt":{"rendered":"<p>O ent\u00e3o presidente em exerc\u00edcio da C\u00e2mara de Vereadores Juares Hoy (PTB), impetrou um mandado de seguran\u00e7a com um pedido liminar na 1\u00aa Vara C\u00edvel da Comarca de Canoas contra o prefeito em exerc\u00edcio Paulo Ritter (PT). No entendimento de Hoy, o Executivo tem repassado um valor inferior ao previsto para o duod\u00e9cimo. \u201cNo dia [&hellip;]<\/p>\n","protected":false},"author":1,"featured_media":4099,"comment_status":"open","ping_status":"open","sticky":false,"template":"","format":"standard","meta":{"amp_status":"","footnotes":""},"categories":[19,22,20],"tags":[],"class_list":["post-5524","post","type-post","status-publish","format-standard","has-post-thumbnail","hentry","category-destaques","category-noticias","category-politica-noticias"],"yoast_head":"<!-- This site is optimized with the Yoast SEO plugin v20.5 - https:\/\/yoast.com\/wordpress\/plugins\/seo\/ -->\n<title>Em d\u00edvida, C\u00e2mara de Vereadores ingressa com mandado de seguran\u00e7a contra Prefeitura - O Timoneiro Jornal Canoas RS<\/title>\n<meta name=\"robots\" content=\"index, follow, max-snippet:-1, max-image-preview:large, max-video-preview:-1\" \/>\n<link rel=\"canonical\" href=\"https:\/\/jornaltimoneiro.com.br\/index.php\/2016\/10\/28\/em-divida-camara-de-vereadores-ingressa-com-mandado-de-seguranca-contra-prefeitura\/\" \/>\n<meta property=\"og:locale\" content=\"pt_BR\" \/>\n<meta property=\"og:type\" content=\"article\" \/>\n<meta property=\"og:title\" content=\"Em d\u00edvida, C\u00e2mara de Vereadores ingressa com mandado de seguran\u00e7a contra Prefeitura - O Timoneiro Jornal Canoas RS\" \/>\n<meta property=\"og:description\" content=\"O ent\u00e3o presidente em exerc\u00edcio da C\u00e2mara de Vereadores Juares Hoy (PTB), impetrou um mandado de seguran\u00e7a com um pedido liminar na 1\u00aa Vara C\u00edvel da Comarca de Canoas contra o prefeito em exerc\u00edcio Paulo Ritter (PT). No entendimento de Hoy, o Executivo tem repassado um valor inferior ao previsto para o duod\u00e9cimo. \u201cNo dia [&hellip;]\" \/>\n<meta property=\"og:url\" content=\"https:\/\/jornaltimoneiro.com.br\/index.php\/2016\/10\/28\/em-divida-camara-de-vereadores-ingressa-com-mandado-de-seguranca-contra-prefeitura\/\" \/>\n<meta property=\"og:site_name\" content=\"O Timoneiro Jornal Canoas RS\" \/>\n<meta property=\"article:publisher\" content=\"https:\/\/www.facebook.com\/jornaltimoneiro\" \/>\n<meta property=\"article:published_time\" content=\"2016-10-28T17:47:05+00:00\" \/>\n<meta name=\"author\" content=\"Reda\u00e7\u00e3o\" \/>\n<meta name=\"twitter:card\" content=\"summary_large_image\" \/>\n<meta name=\"twitter:creator\" content=\"@_OTimoneiro\" \/>\n<meta name=\"twitter:site\" content=\"@_OTimoneiro\" \/>\n<meta name=\"twitter:label1\" content=\"Escrito por\" \/>\n\t<meta name=\"twitter:data1\" content=\"Reda\u00e7\u00e3o\" \/>\n\t<meta name=\"twitter:label2\" content=\"Est. tempo de leitura\" \/>\n\t<meta name=\"twitter:data2\" content=\"1 minuto\" \/>\n<script type=\"application\/ld+json\" class=\"yoast-schema-graph\">{\"@context\":\"https:\/\/schema.org\",\"@graph\":[{\"@type\":\"Article\",\"@id\":\"https:\/\/jornaltimoneiro.com.br\/index.php\/2016\/10\/28\/em-divida-camara-de-vereadores-ingressa-com-mandado-de-seguranca-contra-prefeitura\/#article\",\"isPartOf\":{\"@id\":\"https:\/\/jornaltimoneiro.com.br\/index.php\/2016\/10\/28\/em-divida-camara-de-vereadores-ingressa-com-mandado-de-seguranca-contra-prefeitura\/\"},\"author\":{\"name\":\"Reda\u00e7\u00e3o\",\"@id\":\"https:\/\/jornaltimoneiro.com.br\/#\/schema\/person\/620efd1d8244466117482be494360b08\"},\"headline\":\"Em d\u00edvida, C\u00e2mara de Vereadores ingressa com mandado de seguran\u00e7a contra Prefeitura\",\"datePublished\":\"2016-10-28T17:47:05+00:00\",\"dateModified\":\"2016-10-28T17:47:05+00:00\",\"mainEntityOfPage\":{\"@id\":\"https:\/\/jornaltimoneiro.com.br\/index.php\/2016\/10\/28\/em-divida-camara-de-vereadores-ingressa-com-mandado-de-seguranca-contra-prefeitura\/\"},\"wordCount\":265,\"commentCount\":0,\"publisher\":{\"@id\":\"https:\/\/jornaltimoneiro.com.br\/#organization\"},\"articleSection\":[\"Destaques\",\"Not\u00edcias\",\"Pol\u00edtica\"],\"inLanguage\":\"pt-BR\",\"potentialAction\":[{\"@type\":\"CommentAction\",\"name\":\"Comment\",\"target\":[\"https:\/\/jornaltimoneiro.com.br\/index.php\/2016\/10\/28\/em-divida-camara-de-vereadores-ingressa-com-mandado-de-seguranca-contra-prefeitura\/#respond\"]}]},{\"@type\":\"WebPage\",\"@id\":\"https:\/\/jornaltimoneiro.com.br\/index.php\/2016\/10\/28\/em-divida-camara-de-vereadores-ingressa-com-mandado-de-seguranca-contra-prefeitura\/\",\"url\":\"https:\/\/jornaltimoneiro.com.br\/index.php\/2016\/10\/28\/em-divida-camara-de-vereadores-ingressa-com-mandado-de-seguranca-contra-prefeitura\/\",\"name\":\"Em d\u00edvida, C\u00e2mara de Vereadores ingressa com mandado de seguran\u00e7a contra Prefeitura - O Timoneiro Jornal Canoas RS\",\"isPartOf\":{\"@id\":\"https:\/\/jornaltimoneiro.com.br\/#website\"},\"datePublished\":\"2016-10-28T17:47:05+00:00\",\"dateModified\":\"2016-10-28T17:47:05+00:00\",\"breadcrumb\":{\"@id\":\"https:\/\/jornaltimoneiro.com.br\/index.php\/2016\/10\/28\/em-divida-camara-de-vereadores-ingressa-com-mandado-de-seguranca-contra-prefeitura\/#breadcrumb\"},\"inLanguage\":\"pt-BR\",\"potentialAction\":[{\"@type\":\"ReadAction\",\"target\":[\"https:\/\/jornaltimoneiro.com.br\/index.php\/2016\/10\/28\/em-divida-camara-de-vereadores-ingressa-com-mandado-de-seguranca-contra-prefeitura\/\"]}]},{\"@type\":\"BreadcrumbList\",\"@id\":\"https:\/\/jornaltimoneiro.com.br\/index.php\/2016\/10\/28\/em-divida-camara-de-vereadores-ingressa-com-mandado-de-seguranca-contra-prefeitura\/#breadcrumb\",\"itemListElement\":[{\"@type\":\"ListItem\",\"position\":1,\"name\":\"In\u00edcio\",\"item\":\"https:\/\/jornaltimoneiro.com.br\/\"},{\"@type\":\"ListItem\",\"position\":2,\"name\":\"Em d\u00edvida, C\u00e2mara de Vereadores ingressa com mandado de seguran\u00e7a contra Prefeitura\"}]},{\"@type\":\"WebSite\",\"@id\":\"https:\/\/jornaltimoneiro.com.br\/#website\",\"url\":\"https:\/\/jornaltimoneiro.com.br\/\",\"name\":\"Jornal Timoneiro Canoas RS\",\"description\":\"Jornal O Timoneiro, o verdadeiro jornal de Canoas\",\"publisher\":{\"@id\":\"https:\/\/jornaltimoneiro.com.br\/#organization\"},\"potentialAction\":[{\"@type\":\"SearchAction\",\"target\":{\"@type\":\"EntryPoint\",\"urlTemplate\":\"https:\/\/jornaltimoneiro.com.br\/?s={search_term_string}\"},\"query-input\":\"required name=search_term_string\"}],\"inLanguage\":\"pt-BR\"},{\"@type\":\"Organization\",\"@id\":\"https:\/\/jornaltimoneiro.com.br\/#organization\",\"name\":\"Jornal Timoneiro Canoas RS\",\"url\":\"https:\/\/jornaltimoneiro.com.br\/\",\"logo\":{\"@type\":\"ImageObject\",\"inLanguage\":\"pt-BR\",\"@id\":\"https:\/\/jornaltimoneiro.com.br\/#\/schema\/logo\/image\/\",\"url\":\"https:\/\/jornaltimoneiro.com.br\/wp-content\/uploads\/2023\/03\/logonovo.png\",\"contentUrl\":\"https:\/\/jornaltimoneiro.com.br\/wp-content\/uploads\/2023\/03\/logonovo.png\",\"width\":\"469\",\"height\":\"171\",\"caption\":\"Jornal Timoneiro Canoas RS\"},\"image\":{\"@id\":\"https:\/\/jornaltimoneiro.com.br\/#\/schema\/logo\/image\/\"},\"sameAs\":[\"https:\/\/www.facebook.com\/jornaltimoneiro\",\"https:\/\/twitter.com\/_OTimoneiro\",\"https:\/\/www.instagram.com\/jornaltimoneirocanoas\/\",\"https:\/\/www.youtube.com\/@jornalotimoneiro7927\"]},{\"@type\":\"Person\",\"@id\":\"https:\/\/jornaltimoneiro.com.br\/#\/schema\/person\/620efd1d8244466117482be494360b08\",\"name\":\"Reda\u00e7\u00e3o\",\"image\":{\"@type\":\"ImageObject\",\"inLanguage\":\"pt-BR\",\"@id\":\"https:\/\/jornaltimoneiro.com.br\/#\/schema\/person\/image\/\",\"url\":\"https:\/\/secure.gravatar.com\/avatar\/2f04e1b304682a8d9db336c7acd77f08?s=96&d=mm&r=g\",\"contentUrl\":\"https:\/\/secure.gravatar.com\/avatar\/2f04e1b304682a8d9db336c7acd77f08?s=96&d=mm&r=g\",\"caption\":\"Reda\u00e7\u00e3o\"},\"url\":\"https:\/\/jornaltimoneiro.com.br\/index.php\/author\/timoneirocanoas\/\"}]}<\/script>\n<!-- \/ Yoast SEO plugin. -->","yoast_head_json":{"title":"Em d\u00edvida, C\u00e2mara de Vereadores ingressa com mandado de seguran\u00e7a contra Prefeitura - O Timoneiro Jornal Canoas RS","robots":{"index":"index","follow":"follow","max-snippet":"max-snippet:-1","max-image-preview":"max-image-preview:large","max-video-preview":"max-video-preview:-1"},"canonical":"https:\/\/jornaltimoneiro.com.br\/index.php\/2016\/10\/28\/em-divida-camara-de-vereadores-ingressa-com-mandado-de-seguranca-contra-prefeitura\/","og_locale":"pt_BR","og_type":"article","og_title":"Em d\u00edvida, C\u00e2mara de Vereadores ingressa com mandado de seguran\u00e7a contra Prefeitura - O Timoneiro Jornal Canoas RS","og_description":"O ent\u00e3o presidente em exerc\u00edcio da C\u00e2mara de Vereadores Juares Hoy (PTB), impetrou um mandado de seguran\u00e7a com um pedido liminar na 1\u00aa Vara C\u00edvel da Comarca de Canoas contra o prefeito em exerc\u00edcio Paulo Ritter (PT). No entendimento de Hoy, o Executivo tem repassado um valor inferior ao previsto para o duod\u00e9cimo. \u201cNo dia [&hellip;]","og_url":"https:\/\/jornaltimoneiro.com.br\/index.php\/2016\/10\/28\/em-divida-camara-de-vereadores-ingressa-com-mandado-de-seguranca-contra-prefeitura\/","og_site_name":"O Timoneiro Jornal Canoas RS","article_publisher":"https:\/\/www.facebook.com\/jornaltimoneiro","article_published_time":"2016-10-28T17:47:05+00:00","author":"Reda\u00e7\u00e3o","twitter_card":"summary_large_image","twitter_creator":"@_OTimoneiro","twitter_site":"@_OTimoneiro","twitter_misc":{"Escrito por":"Reda\u00e7\u00e3o","Est. tempo de leitura":"1 minuto"},"schema":{"@context":"https:\/\/schema.org","@graph":[{"@type":"Article","@id":"https:\/\/jornaltimoneiro.com.br\/index.php\/2016\/10\/28\/em-divida-camara-de-vereadores-ingressa-com-mandado-de-seguranca-contra-prefeitura\/#article","isPartOf":{"@id":"https:\/\/jornaltimoneiro.com.br\/index.php\/2016\/10\/28\/em-divida-camara-de-vereadores-ingressa-com-mandado-de-seguranca-contra-prefeitura\/"},"author":{"name":"Reda\u00e7\u00e3o","@id":"https:\/\/jornaltimoneiro.com.br\/#\/schema\/person\/620efd1d8244466117482be494360b08"},"headline":"Em d\u00edvida, C\u00e2mara de Vereadores ingressa com mandado de seguran\u00e7a contra Prefeitura","datePublished":"2016-10-28T17:47:05+00:00","dateModified":"2016-10-28T17:47:05+00:00","mainEntityOfPage":{"@id":"https:\/\/jornaltimoneiro.com.br\/index.php\/2016\/10\/28\/em-divida-camara-de-vereadores-ingressa-com-mandado-de-seguranca-contra-prefeitura\/"},"wordCount":265,"commentCount":0,"publisher":{"@id":"https:\/\/jornaltimoneiro.com.br\/#organization"},"articleSection":["Destaques","Not\u00edcias","Pol\u00edtica"],"inLanguage":"pt-BR","potentialAction":[{"@type":"CommentAction","name":"Comment","target":["https:\/\/jornaltimoneiro.com.br\/index.php\/2016\/10\/28\/em-divida-camara-de-vereadores-ingressa-com-mandado-de-seguranca-contra-prefeitura\/#respond"]}]},{"@type":"WebPage","@id":"https:\/\/jornaltimoneiro.com.br\/index.php\/2016\/10\/28\/em-divida-camara-de-vereadores-ingressa-com-mandado-de-seguranca-contra-prefeitura\/","url":"https:\/\/jornaltimoneiro.com.br\/index.php\/2016\/10\/28\/em-divida-camara-de-vereadores-ingressa-com-mandado-de-seguranca-contra-prefeitura\/","name":"Em d\u00edvida, C\u00e2mara de Vereadores ingressa com mandado de seguran\u00e7a contra Prefeitura - O Timoneiro Jornal Canoas RS","isPartOf":{"@id":"https:\/\/jornaltimoneiro.com.br\/#website"},"datePublished":"2016-10-28T17:47:05+00:00","dateModified":"2016-10-28T17:47:05+00:00","breadcrumb":{"@id":"https:\/\/jornaltimoneiro.com.br\/index.php\/2016\/10\/28\/em-divida-camara-de-vereadores-ingressa-com-mandado-de-seguranca-contra-prefeitura\/#breadcrumb"},"inLanguage":"pt-BR","potentialAction":[{"@type":"ReadAction","target":["https:\/\/jornaltimoneiro.com.br\/index.php\/2016\/10\/28\/em-divida-camara-de-vereadores-ingressa-com-mandado-de-seguranca-contra-prefeitura\/"]}]},{"@type":"BreadcrumbList","@id":"https:\/\/jornaltimoneiro.com.br\/index.php\/2016\/10\/28\/em-divida-camara-de-vereadores-ingressa-com-mandado-de-seguranca-contra-prefeitura\/#breadcrumb","itemListElement":[{"@type":"ListItem","position":1,"name":"In\u00edcio","item":"https:\/\/jornaltimoneiro.com.br\/"},{"@type":"ListItem","position":2,"name":"Em d\u00edvida, C\u00e2mara de Vereadores ingressa com mandado de seguran\u00e7a contra Prefeitura"}]},{"@type":"WebSite","@id":"https:\/\/jornaltimoneiro.com.br\/#website","url":"https:\/\/jornaltimoneiro.com.br\/","name":"Jornal Timoneiro Canoas RS","description":"Jornal O Timoneiro, o verdadeiro jornal de Canoas","publisher":{"@id":"https:\/\/jornaltimoneiro.com.br\/#organization"},"potentialAction":[{"@type":"SearchAction","target":{"@type":"EntryPoint","urlTemplate":"https:\/\/jornaltimoneiro.com.br\/?s={search_term_string}"},"query-input":"required name=search_term_string"}],"inLanguage":"pt-BR"},{"@type":"Organization","@id":"https:\/\/jornaltimoneiro.com.br\/#organization","name":"Jornal Timoneiro Canoas RS","url":"https:\/\/jornaltimoneiro.com.br\/","logo":{"@type":"ImageObject","inLanguage":"pt-BR","@id":"https:\/\/jornaltimoneiro.com.br\/#\/schema\/logo\/image\/","url":"https:\/\/jornaltimoneiro.com.br\/wp-content\/uploads\/2023\/03\/logonovo.png","contentUrl":"https:\/\/jornaltimoneiro.com.br\/wp-content\/uploads\/2023\/03\/logonovo.png","width":"469","height":"171","caption":"Jornal Timoneiro Canoas RS"},"image":{"@id":"https:\/\/jornaltimoneiro.com.br\/#\/schema\/logo\/image\/"},"sameAs":["https:\/\/www.facebook.com\/jornaltimoneiro","https:\/\/twitter.com\/_OTimoneiro","https:\/\/www.instagram.com\/jornaltimoneirocanoas\/","https:\/\/www.youtube.com\/@jornalotimoneiro7927"]},{"@type":"Person","@id":"https:\/\/jornaltimoneiro.com.br\/#\/schema\/person\/620efd1d8244466117482be494360b08","name":"Reda\u00e7\u00e3o","image":{"@type":"ImageObject","inLanguage":"pt-BR","@id":"https:\/\/jornaltimoneiro.com.br\/#\/schema\/person\/image\/","url":"https:\/\/secure.gravatar.com\/avatar\/2f04e1b304682a8d9db336c7acd77f08?s=96&d=mm&r=g","contentUrl":"https:\/\/secure.gravatar.com\/avatar\/2f04e1b304682a8d9db336c7acd77f08?s=96&d=mm&r=g","caption":"Reda\u00e7\u00e3o"},"url":"https:\/\/jornaltimoneiro.com.br\/index.php\/author\/timoneirocanoas\/"}]}},"_links":{"self":[{"href":"https:\/\/jornaltimoneiro.com.br\/index.php\/wp-json\/wp\/v2\/posts\/5524"}],"collection":[{"href":"https:\/\/jornaltimoneiro.com.br\/index.php\/wp-json\/wp\/v2\/posts"}],"about":[{"href":"https:\/\/jornaltimoneiro.com.br\/index.php\/wp-json\/wp\/v2\/types\/post"}],"author":[{"embeddable":true,"href":"https:\/\/jornaltimoneiro.com.br\/index.php\/wp-json\/wp\/v2\/users\/1"}],"replies":[{"embeddable":true,"href":"https:\/\/jornaltimoneiro.com.br\/index.php\/wp-json\/wp\/v2\/comments?post=5524"}],"version-history":[{"count":0,"href":"https:\/\/jornaltimoneiro.com.br\/index.php\/wp-json\/wp\/v2\/posts\/5524\/revisions"}],"wp:featuredmedia":[{"embeddable":true,"href":"https:\/\/jornaltimoneiro.com.br\/index.php\/wp-json\/"}],"wp:attachment":[{"href":"https:\/\/jornaltimoneiro.com.br\/index.php\/wp-json\/wp\/v2\/media?parent=5524"}],"wp:term":[{"taxonomy":"category","embeddable":true,"href":"https:\/\/jornaltimoneiro.com.br\/index.php\/wp-json\/wp\/v2\/categories?post=5524"},{"taxonomy":"post_tag","embeddable":true,"href":"https:\/\/jornaltimoneiro.com.br\/index.php\/wp-json\/wp\/v2\/tags?post=5524"}],"curies":[{"name":"wp","href":"https:\/\/api.w.org\/{rel}","templated":true}]}}