{"id":5463,"date":"2016-10-21T09:29:53","date_gmt":"2016-10-21T11:29:53","guid":{"rendered":"http:\/\/otimoneiro.com.br\/?p=5463"},"modified":"2016-10-21T09:29:53","modified_gmt":"2016-10-21T11:29:53","slug":"grupo-de-maes-contesta-reducao-na-carga-horaria-da-pre-escola","status":"publish","type":"post","link":"https:\/\/jornaltimoneiro.com.br\/index.php\/2016\/10\/21\/grupo-de-maes-contesta-reducao-na-carga-horaria-da-pre-escola\/","title":{"rendered":"Grupo de m\u00e3es contesta redu\u00e7\u00e3o na carga hor\u00e1ria da pr\u00e9-escola"},"content":{"rendered":"<div id=\"attachment_5464\" style=\"width: 481px\" class=\"wp-caption aligncenter\"><a href=\"http:\/\/otimoneiro.com.br\/wp-content\/uploads\/2016\/10\/DSC0299.jpg\"><img decoding=\"async\" aria-describedby=\"caption-attachment-5464\" class=\" wp-image-5464\" src=\"http:\/\/otimoneiro.com.br\/wp-content\/uploads\/2016\/10\/DSC0299-1024x683.jpg\" alt=\"Abaixo-assinado anda com m\u00e3es no Niter\u00f3i. Foto: Bruno Lara\/OT\" width=\"471\" height=\"314\" \/><\/a><p id=\"caption-attachment-5464\" class=\"wp-caption-text\">Abaixo-assinado anda com m\u00e3es no Niter\u00f3i. Foto: Bruno Lara\/OT<\/p><\/div>\n<p>Um grupo de m\u00e3es vem se reunindo contra uma altera\u00e7\u00e3o na carga hor\u00e1ria da educa\u00e7\u00e3o infantil na rede municipal de ensino. Uma das m\u00e3es, Abgail Brasil, relata que viu, na quinta-feira, 20, na sala da dire\u00e7\u00e3o da Escola Municipal de Ensino Infantil (EMEI) Tia Maria Lucia, no bairro Niter\u00f3i, uma recomenda\u00e7\u00e3o da Secretaria Municipal de Educa\u00e7\u00e3o (SME) sobre a altera\u00e7\u00e3o no ano letivo de 2017.<\/p>\n<p>M\u00e3e de dois filhos na escola, de 2 e 3 anos, que estudam no maternal 1 e no maternal 2, Abgail se preocupa com o trabalho se a altera\u00e7\u00e3o ocorrer de fato. \u201cFicariam, nesta escola, 20 vagas no turno da manh\u00e3 e mais 20 no turno da tarde. Por\u00e9m, foi dito que n\u00e3o era para divulgar\u201d, aponta.<\/p>\n<p>O presidente do Sindicato dos Profissionais em Educa\u00e7\u00e3o de Canoas (Sinprocan), Jari Oliveira, confirma que a Prefeitura pretende mudar o sistema. \u201cA secretaria estava querendo fazer 20 horas no ano que vem. Essa \u00e9 uma das escolas que est\u00e1 se mobilizando, que n\u00e3o quer essa mudan\u00e7a\u201d, disse preocupado que aumentem o n\u00famero de crian\u00e7as, mas n\u00e3o de docentes.<\/p>\n<p>A m\u00e3e Daiana Andreat afirma que um abaixo-assinado foi realizado e entregue com, segundo ela, cerca de 3 mil assinaturas para evitar a redu\u00e7\u00e3o dos turno. Outra reivindica\u00e7\u00e3o \u00e9 que os pais possam escolher a diretora e n\u00e3o mais seja indicada. \u201cQueremos o direito de eleger as diretoras. S\u00e3o cargos de confian\u00e7a e n\u00e3o pelas crian\u00e7as. Ficamos sabendo das coisas, perguntamos e elas abafam\u201d, criticou.<\/p>\n<h3>\nO que diz a Prefeitura<\/h3>\n<p>A Secretaria de Educa\u00e7\u00e3o disse que enviou um documento para todas as escolas \u201cvisando fazer a proje\u00e7\u00e3o das vagas para o pr\u00f3ximo ano\u201d e estudo sobre o cen\u00e1rio atual a fim de permitir a adequa\u00e7\u00e3o \u00e0 lei federal que tornou obrigat\u00f3ria a oferta de vagas para todas as crian\u00e7as na pr\u00e9-escola. Funcion\u00e1rios estar\u00e3o na EMEI Tia Maria L\u00facia na sexta-feira.<\/p>\n","protected":false},"excerpt":{"rendered":"<p>Segundo as m\u00e3es, turno integral deve passar a ser de apenas quatro horas <\/p>\n","protected":false},"author":1,"featured_media":5464,"comment_status":"open","ping_status":"open","sticky":false,"template":"","format":"standard","meta":{"amp_status":"","footnotes":""},"categories":[25,19,27,22],"tags":[],"class_list":["post-5463","post","type-post","status-publish","format-standard","has-post-thumbnail","hentry","category-comunidade","category-destaques","category-ensino","category-noticias"],"yoast_head":"<!-- This site is optimized with the Yoast SEO plugin v20.5 - https:\/\/yoast.com\/wordpress\/plugins\/seo\/ -->\n<title>Grupo de m\u00e3es contesta redu\u00e7\u00e3o na carga hor\u00e1ria da pr\u00e9-escola - O Timoneiro Jornal Canoas RS<\/title>\n<meta name=\"robots\" content=\"index, follow, max-snippet:-1, max-image-preview:large, max-video-preview:-1\" \/>\n<link rel=\"canonical\" href=\"https:\/\/jornaltimoneiro.com.br\/index.php\/2016\/10\/21\/grupo-de-maes-contesta-reducao-na-carga-horaria-da-pre-escola\/\" \/>\n<meta property=\"og:locale\" content=\"pt_BR\" \/>\n<meta property=\"og:type\" content=\"article\" \/>\n<meta property=\"og:title\" content=\"Grupo de m\u00e3es contesta redu\u00e7\u00e3o na carga hor\u00e1ria da pr\u00e9-escola - O Timoneiro Jornal Canoas RS\" \/>\n<meta property=\"og:description\" content=\"Segundo as m\u00e3es, turno integral deve passar a ser de apenas quatro horas\" \/>\n<meta property=\"og:url\" content=\"https:\/\/jornaltimoneiro.com.br\/index.php\/2016\/10\/21\/grupo-de-maes-contesta-reducao-na-carga-horaria-da-pre-escola\/\" \/>\n<meta property=\"og:site_name\" content=\"O Timoneiro Jornal Canoas RS\" \/>\n<meta property=\"article:publisher\" content=\"https:\/\/www.facebook.com\/jornaltimoneiro\" \/>\n<meta property=\"article:published_time\" content=\"2016-10-21T11:29:53+00:00\" \/>\n<meta name=\"author\" content=\"Reda\u00e7\u00e3o\" \/>\n<meta name=\"twitter:card\" content=\"summary_large_image\" \/>\n<meta name=\"twitter:creator\" content=\"@_OTimoneiro\" \/>\n<meta name=\"twitter:site\" content=\"@_OTimoneiro\" \/>\n<meta name=\"twitter:label1\" content=\"Escrito por\" \/>\n\t<meta name=\"twitter:data1\" content=\"Reda\u00e7\u00e3o\" \/>\n\t<meta name=\"twitter:label2\" content=\"Est. tempo de leitura\" \/>\n\t<meta name=\"twitter:data2\" content=\"2 minutos\" \/>\n<script type=\"application\/ld+json\" class=\"yoast-schema-graph\">{\"@context\":\"https:\/\/schema.org\",\"@graph\":[{\"@type\":\"Article\",\"@id\":\"https:\/\/jornaltimoneiro.com.br\/index.php\/2016\/10\/21\/grupo-de-maes-contesta-reducao-na-carga-horaria-da-pre-escola\/#article\",\"isPartOf\":{\"@id\":\"https:\/\/jornaltimoneiro.com.br\/index.php\/2016\/10\/21\/grupo-de-maes-contesta-reducao-na-carga-horaria-da-pre-escola\/\"},\"author\":{\"name\":\"Reda\u00e7\u00e3o\",\"@id\":\"https:\/\/jornaltimoneiro.com.br\/#\/schema\/person\/620efd1d8244466117482be494360b08\"},\"headline\":\"Grupo de m\u00e3es contesta redu\u00e7\u00e3o na carga hor\u00e1ria da pr\u00e9-escola\",\"datePublished\":\"2016-10-21T11:29:53+00:00\",\"dateModified\":\"2016-10-21T11:29:53+00:00\",\"mainEntityOfPage\":{\"@id\":\"https:\/\/jornaltimoneiro.com.br\/index.php\/2016\/10\/21\/grupo-de-maes-contesta-reducao-na-carga-horaria-da-pre-escola\/\"},\"wordCount\":369,\"commentCount\":0,\"publisher\":{\"@id\":\"https:\/\/jornaltimoneiro.com.br\/#organization\"},\"articleSection\":[\"Comunidade\",\"Destaques\",\"Ensino\",\"Not\u00edcias\"],\"inLanguage\":\"pt-BR\",\"potentialAction\":[{\"@type\":\"CommentAction\",\"name\":\"Comment\",\"target\":[\"https:\/\/jornaltimoneiro.com.br\/index.php\/2016\/10\/21\/grupo-de-maes-contesta-reducao-na-carga-horaria-da-pre-escola\/#respond\"]}]},{\"@type\":\"WebPage\",\"@id\":\"https:\/\/jornaltimoneiro.com.br\/index.php\/2016\/10\/21\/grupo-de-maes-contesta-reducao-na-carga-horaria-da-pre-escola\/\",\"url\":\"https:\/\/jornaltimoneiro.com.br\/index.php\/2016\/10\/21\/grupo-de-maes-contesta-reducao-na-carga-horaria-da-pre-escola\/\",\"name\":\"Grupo de m\u00e3es contesta redu\u00e7\u00e3o na carga hor\u00e1ria da pr\u00e9-escola - O Timoneiro Jornal Canoas RS\",\"isPartOf\":{\"@id\":\"https:\/\/jornaltimoneiro.com.br\/#website\"},\"datePublished\":\"2016-10-21T11:29:53+00:00\",\"dateModified\":\"2016-10-21T11:29:53+00:00\",\"breadcrumb\":{\"@id\":\"https:\/\/jornaltimoneiro.com.br\/index.php\/2016\/10\/21\/grupo-de-maes-contesta-reducao-na-carga-horaria-da-pre-escola\/#breadcrumb\"},\"inLanguage\":\"pt-BR\",\"potentialAction\":[{\"@type\":\"ReadAction\",\"target\":[\"https:\/\/jornaltimoneiro.com.br\/index.php\/2016\/10\/21\/grupo-de-maes-contesta-reducao-na-carga-horaria-da-pre-escola\/\"]}]},{\"@type\":\"BreadcrumbList\",\"@id\":\"https:\/\/jornaltimoneiro.com.br\/index.php\/2016\/10\/21\/grupo-de-maes-contesta-reducao-na-carga-horaria-da-pre-escola\/#breadcrumb\",\"itemListElement\":[{\"@type\":\"ListItem\",\"position\":1,\"name\":\"In\u00edcio\",\"item\":\"https:\/\/jornaltimoneiro.com.br\/\"},{\"@type\":\"ListItem\",\"position\":2,\"name\":\"Grupo de m\u00e3es contesta redu\u00e7\u00e3o na carga hor\u00e1ria da pr\u00e9-escola\"}]},{\"@type\":\"WebSite\",\"@id\":\"https:\/\/jornaltimoneiro.com.br\/#website\",\"url\":\"https:\/\/jornaltimoneiro.com.br\/\",\"name\":\"Jornal Timoneiro Canoas RS\",\"description\":\"Jornal O Timoneiro, o verdadeiro jornal de Canoas\",\"publisher\":{\"@id\":\"https:\/\/jornaltimoneiro.com.br\/#organization\"},\"potentialAction\":[{\"@type\":\"SearchAction\",\"target\":{\"@type\":\"EntryPoint\",\"urlTemplate\":\"https:\/\/jornaltimoneiro.com.br\/?s={search_term_string}\"},\"query-input\":\"required name=search_term_string\"}],\"inLanguage\":\"pt-BR\"},{\"@type\":\"Organization\",\"@id\":\"https:\/\/jornaltimoneiro.com.br\/#organization\",\"name\":\"Jornal Timoneiro Canoas RS\",\"url\":\"https:\/\/jornaltimoneiro.com.br\/\",\"logo\":{\"@type\":\"ImageObject\",\"inLanguage\":\"pt-BR\",\"@id\":\"https:\/\/jornaltimoneiro.com.br\/#\/schema\/logo\/image\/\",\"url\":\"https:\/\/jornaltimoneiro.com.br\/wp-content\/uploads\/2023\/03\/logonovo.png\",\"contentUrl\":\"https:\/\/jornaltimoneiro.com.br\/wp-content\/uploads\/2023\/03\/logonovo.png\",\"width\":\"469\",\"height\":\"171\",\"caption\":\"Jornal Timoneiro Canoas RS\"},\"image\":{\"@id\":\"https:\/\/jornaltimoneiro.com.br\/#\/schema\/logo\/image\/\"},\"sameAs\":[\"https:\/\/www.facebook.com\/jornaltimoneiro\",\"https:\/\/twitter.com\/_OTimoneiro\",\"https:\/\/www.instagram.com\/jornaltimoneirocanoas\/\",\"https:\/\/www.youtube.com\/@jornalotimoneiro7927\"]},{\"@type\":\"Person\",\"@id\":\"https:\/\/jornaltimoneiro.com.br\/#\/schema\/person\/620efd1d8244466117482be494360b08\",\"name\":\"Reda\u00e7\u00e3o\",\"image\":{\"@type\":\"ImageObject\",\"inLanguage\":\"pt-BR\",\"@id\":\"https:\/\/jornaltimoneiro.com.br\/#\/schema\/person\/image\/\",\"url\":\"https:\/\/secure.gravatar.com\/avatar\/2f04e1b304682a8d9db336c7acd77f08?s=96&d=mm&r=g\",\"contentUrl\":\"https:\/\/secure.gravatar.com\/avatar\/2f04e1b304682a8d9db336c7acd77f08?s=96&d=mm&r=g\",\"caption\":\"Reda\u00e7\u00e3o\"},\"url\":\"https:\/\/jornaltimoneiro.com.br\/index.php\/author\/timoneirocanoas\/\"}]}<\/script>\n<!-- \/ Yoast SEO plugin. -->","yoast_head_json":{"title":"Grupo de m\u00e3es contesta redu\u00e7\u00e3o na carga hor\u00e1ria da pr\u00e9-escola - O Timoneiro Jornal Canoas RS","robots":{"index":"index","follow":"follow","max-snippet":"max-snippet:-1","max-image-preview":"max-image-preview:large","max-video-preview":"max-video-preview:-1"},"canonical":"https:\/\/jornaltimoneiro.com.br\/index.php\/2016\/10\/21\/grupo-de-maes-contesta-reducao-na-carga-horaria-da-pre-escola\/","og_locale":"pt_BR","og_type":"article","og_title":"Grupo de m\u00e3es contesta redu\u00e7\u00e3o na carga hor\u00e1ria da pr\u00e9-escola - O Timoneiro Jornal Canoas RS","og_description":"Segundo as m\u00e3es, turno integral deve passar a ser de apenas quatro horas","og_url":"https:\/\/jornaltimoneiro.com.br\/index.php\/2016\/10\/21\/grupo-de-maes-contesta-reducao-na-carga-horaria-da-pre-escola\/","og_site_name":"O Timoneiro Jornal Canoas RS","article_publisher":"https:\/\/www.facebook.com\/jornaltimoneiro","article_published_time":"2016-10-21T11:29:53+00:00","author":"Reda\u00e7\u00e3o","twitter_card":"summary_large_image","twitter_creator":"@_OTimoneiro","twitter_site":"@_OTimoneiro","twitter_misc":{"Escrito por":"Reda\u00e7\u00e3o","Est. tempo de leitura":"2 minutos"},"schema":{"@context":"https:\/\/schema.org","@graph":[{"@type":"Article","@id":"https:\/\/jornaltimoneiro.com.br\/index.php\/2016\/10\/21\/grupo-de-maes-contesta-reducao-na-carga-horaria-da-pre-escola\/#article","isPartOf":{"@id":"https:\/\/jornaltimoneiro.com.br\/index.php\/2016\/10\/21\/grupo-de-maes-contesta-reducao-na-carga-horaria-da-pre-escola\/"},"author":{"name":"Reda\u00e7\u00e3o","@id":"https:\/\/jornaltimoneiro.com.br\/#\/schema\/person\/620efd1d8244466117482be494360b08"},"headline":"Grupo de m\u00e3es contesta redu\u00e7\u00e3o na carga hor\u00e1ria da pr\u00e9-escola","datePublished":"2016-10-21T11:29:53+00:00","dateModified":"2016-10-21T11:29:53+00:00","mainEntityOfPage":{"@id":"https:\/\/jornaltimoneiro.com.br\/index.php\/2016\/10\/21\/grupo-de-maes-contesta-reducao-na-carga-horaria-da-pre-escola\/"},"wordCount":369,"commentCount":0,"publisher":{"@id":"https:\/\/jornaltimoneiro.com.br\/#organization"},"articleSection":["Comunidade","Destaques","Ensino","Not\u00edcias"],"inLanguage":"pt-BR","potentialAction":[{"@type":"CommentAction","name":"Comment","target":["https:\/\/jornaltimoneiro.com.br\/index.php\/2016\/10\/21\/grupo-de-maes-contesta-reducao-na-carga-horaria-da-pre-escola\/#respond"]}]},{"@type":"WebPage","@id":"https:\/\/jornaltimoneiro.com.br\/index.php\/2016\/10\/21\/grupo-de-maes-contesta-reducao-na-carga-horaria-da-pre-escola\/","url":"https:\/\/jornaltimoneiro.com.br\/index.php\/2016\/10\/21\/grupo-de-maes-contesta-reducao-na-carga-horaria-da-pre-escola\/","name":"Grupo de m\u00e3es contesta redu\u00e7\u00e3o na carga hor\u00e1ria da pr\u00e9-escola - O Timoneiro Jornal Canoas RS","isPartOf":{"@id":"https:\/\/jornaltimoneiro.com.br\/#website"},"datePublished":"2016-10-21T11:29:53+00:00","dateModified":"2016-10-21T11:29:53+00:00","breadcrumb":{"@id":"https:\/\/jornaltimoneiro.com.br\/index.php\/2016\/10\/21\/grupo-de-maes-contesta-reducao-na-carga-horaria-da-pre-escola\/#breadcrumb"},"inLanguage":"pt-BR","potentialAction":[{"@type":"ReadAction","target":["https:\/\/jornaltimoneiro.com.br\/index.php\/2016\/10\/21\/grupo-de-maes-contesta-reducao-na-carga-horaria-da-pre-escola\/"]}]},{"@type":"BreadcrumbList","@id":"https:\/\/jornaltimoneiro.com.br\/index.php\/2016\/10\/21\/grupo-de-maes-contesta-reducao-na-carga-horaria-da-pre-escola\/#breadcrumb","itemListElement":[{"@type":"ListItem","position":1,"name":"In\u00edcio","item":"https:\/\/jornaltimoneiro.com.br\/"},{"@type":"ListItem","position":2,"name":"Grupo de m\u00e3es contesta redu\u00e7\u00e3o na carga hor\u00e1ria da pr\u00e9-escola"}]},{"@type":"WebSite","@id":"https:\/\/jornaltimoneiro.com.br\/#website","url":"https:\/\/jornaltimoneiro.com.br\/","name":"Jornal Timoneiro Canoas RS","description":"Jornal O Timoneiro, o verdadeiro jornal de Canoas","publisher":{"@id":"https:\/\/jornaltimoneiro.com.br\/#organization"},"potentialAction":[{"@type":"SearchAction","target":{"@type":"EntryPoint","urlTemplate":"https:\/\/jornaltimoneiro.com.br\/?s={search_term_string}"},"query-input":"required name=search_term_string"}],"inLanguage":"pt-BR"},{"@type":"Organization","@id":"https:\/\/jornaltimoneiro.com.br\/#organization","name":"Jornal Timoneiro Canoas RS","url":"https:\/\/jornaltimoneiro.com.br\/","logo":{"@type":"ImageObject","inLanguage":"pt-BR","@id":"https:\/\/jornaltimoneiro.com.br\/#\/schema\/logo\/image\/","url":"https:\/\/jornaltimoneiro.com.br\/wp-content\/uploads\/2023\/03\/logonovo.png","contentUrl":"https:\/\/jornaltimoneiro.com.br\/wp-content\/uploads\/2023\/03\/logonovo.png","width":"469","height":"171","caption":"Jornal Timoneiro Canoas RS"},"image":{"@id":"https:\/\/jornaltimoneiro.com.br\/#\/schema\/logo\/image\/"},"sameAs":["https:\/\/www.facebook.com\/jornaltimoneiro","https:\/\/twitter.com\/_OTimoneiro","https:\/\/www.instagram.com\/jornaltimoneirocanoas\/","https:\/\/www.youtube.com\/@jornalotimoneiro7927"]},{"@type":"Person","@id":"https:\/\/jornaltimoneiro.com.br\/#\/schema\/person\/620efd1d8244466117482be494360b08","name":"Reda\u00e7\u00e3o","image":{"@type":"ImageObject","inLanguage":"pt-BR","@id":"https:\/\/jornaltimoneiro.com.br\/#\/schema\/person\/image\/","url":"https:\/\/secure.gravatar.com\/avatar\/2f04e1b304682a8d9db336c7acd77f08?s=96&d=mm&r=g","contentUrl":"https:\/\/secure.gravatar.com\/avatar\/2f04e1b304682a8d9db336c7acd77f08?s=96&d=mm&r=g","caption":"Reda\u00e7\u00e3o"},"url":"https:\/\/jornaltimoneiro.com.br\/index.php\/author\/timoneirocanoas\/"}]}},"_links":{"self":[{"href":"https:\/\/jornaltimoneiro.com.br\/index.php\/wp-json\/wp\/v2\/posts\/5463"}],"collection":[{"href":"https:\/\/jornaltimoneiro.com.br\/index.php\/wp-json\/wp\/v2\/posts"}],"about":[{"href":"https:\/\/jornaltimoneiro.com.br\/index.php\/wp-json\/wp\/v2\/types\/post"}],"author":[{"embeddable":true,"href":"https:\/\/jornaltimoneiro.com.br\/index.php\/wp-json\/wp\/v2\/users\/1"}],"replies":[{"embeddable":true,"href":"https:\/\/jornaltimoneiro.com.br\/index.php\/wp-json\/wp\/v2\/comments?post=5463"}],"version-history":[{"count":0,"href":"https:\/\/jornaltimoneiro.com.br\/index.php\/wp-json\/wp\/v2\/posts\/5463\/revisions"}],"wp:featuredmedia":[{"embeddable":true,"href":"https:\/\/jornaltimoneiro.com.br\/index.php\/wp-json\/"}],"wp:attachment":[{"href":"https:\/\/jornaltimoneiro.com.br\/index.php\/wp-json\/wp\/v2\/media?parent=5463"}],"wp:term":[{"taxonomy":"category","embeddable":true,"href":"https:\/\/jornaltimoneiro.com.br\/index.php\/wp-json\/wp\/v2\/categories?post=5463"},{"taxonomy":"post_tag","embeddable":true,"href":"https:\/\/jornaltimoneiro.com.br\/index.php\/wp-json\/wp\/v2\/tags?post=5463"}],"curies":[{"name":"wp","href":"https:\/\/api.w.org\/{rel}","templated":true}]}}