{"id":5460,"date":"2016-10-21T09:27:05","date_gmt":"2016-10-21T11:27:05","guid":{"rendered":"http:\/\/otimoneiro.com.br\/?p=5460"},"modified":"2016-10-21T09:27:05","modified_gmt":"2016-10-21T11:27:05","slug":"entrevista-judoca-maria-portela","status":"publish","type":"post","link":"https:\/\/jornaltimoneiro.com.br\/index.php\/2016\/10\/21\/entrevista-judoca-maria-portela\/","title":{"rendered":"Entrevista: Judoca Maria Portela"},"content":{"rendered":"<div id=\"attachment_5461\" style=\"width: 482px\" class=\"wp-caption aligncenter\"><a href=\"http:\/\/otimoneiro.com.br\/wp-content\/uploads\/2016\/10\/WhatsApp-Image-2016-10-20-at-13.56.23.jpeg\"><img decoding=\"async\" aria-describedby=\"caption-attachment-5461\" class=\" wp-image-5461\" src=\"http:\/\/otimoneiro.com.br\/wp-content\/uploads\/2016\/10\/WhatsApp-Image-2016-10-20-at-13.56.23.jpeg\" alt=\"Judoca Maria Portela. Foto: divulga\u00e7\u00e3o\" width=\"472\" height=\"314\" \/><\/a><p id=\"caption-attachment-5461\" class=\"wp-caption-text\">Judoca Maria Portela. Foto: divulga\u00e7\u00e3o<\/p><\/div>\n<p>A Hora do Esporte traz uma conversa com a atleta brasileira Maria Portela, que pratica jud\u00f4 desde os nove anos e representa o clube Sogipa. Maria participou das Olimp\u00edadas de Londres e das Olimp\u00edadas do Rio 2016.<\/p>\n<p><strong>OT: Nas Olimp\u00edadas Rio 2016, qual foi a sensa\u00e7\u00e3o de estar no cora\u00e7\u00e3o do pa\u00eds, no maior evento esportivo do mundo, fazendo o seu esporte?<\/strong><\/p>\n<p><strong>Maria:<\/strong> Me senti uma pessoa muito privilegiada por ter tido essa oportunidade de me classificar e representar o Brasil. N\u00e3o sei quando e se vai ter uma pr\u00f3xima olimp\u00edada aqui no Brasil, ent\u00e3o me sinto muito orgulhosa por ter conseguido.<\/p>\n<p><strong>OT: Quando foi o primeiro contato com a nata\u00e7\u00e3o? E, quando tu decidiste treinar para as Olimp\u00edadas?<\/strong><\/p>\n<p><strong>Maria:<\/strong> Comecei com nove anos em um projeto social, no interior do RS, em Santa Maria. Quando eu tinha 17 anos decidi que o jud\u00f4 seria minha profiss\u00e3o e que eu iria treinar pra vida toda. Com 19 anos, eu larguei tudo e fui pra SP, longe de todo mundo, em busca disso. Em 2007, entrei pra sele\u00e7\u00e3o brasileira.<\/p>\n<p><strong>OT: E a tua evolu\u00e7\u00e3o, foi a esperada?<\/strong><\/p>\n<p><strong>Maria:<\/strong> Tive a oportunidade de trabalhar v\u00e1rios fatores que deixei de trabalhar quando classifiquei pra Londres; estava mais madura, me senti em condi\u00e7\u00f5es de brigar por medalha. Fui eliminada na segunda rodada pela atleta da \u00c1ustria, por uma puni\u00e7\u00e3o bem questionada, mas aceitei e estou me preparando para pr\u00f3ximas competi\u00e7\u00f5es. Acredito que evolui, mas tamb\u00e9m sei que tem fatores que a gente n\u00e3o controla na luta.<\/p>\n<p><strong>OT: Que medidas devem ser tomadas para que o Brasil amplie seu quadro de atletas com chance de classifica\u00e7\u00e3o para as pr\u00f3ximas Olimp\u00edadas?<\/strong><\/p>\n<p><strong>Maria:<\/strong> \u00c9 preciso incentivar mais no desenvolvimento dos atletas. Por falta de incentivo, muitos atletas se perdem no caminho e n\u00e3o conseguem seguir adiante; eu senti isso. Se incentivassem mais esses projetos, estar\u00edamos mais preparados no momento das Olimp\u00edadas e melhorar\u00edamos o quadro de medalhas.<\/p>\n","protected":false},"excerpt":{"rendered":"<p>A Hora do Esporte traz uma conversa com a atleta brasileira Maria Portela, que pratica jud\u00f4 desde os nove anos e representa o clube Sogipa. Maria participou das Olimp\u00edadas de Londres e das Olimp\u00edadas do Rio 2016. OT: Nas Olimp\u00edadas Rio 2016, qual foi a sensa\u00e7\u00e3o de estar no cora\u00e7\u00e3o do pa\u00eds, no maior evento [&hellip;]<\/p>\n","protected":false},"author":1,"featured_media":5461,"comment_status":"open","ping_status":"open","sticky":false,"template":"","format":"standard","meta":{"amp_status":"","footnotes":""},"categories":[36,19,24],"tags":[],"class_list":["post-5460","post","type-post","status-publish","format-standard","has-post-thumbnail","hentry","category-a-hora-do-esporte","category-destaques","category-esporte"],"yoast_head":"<!-- This site is optimized with the Yoast SEO plugin v20.5 - https:\/\/yoast.com\/wordpress\/plugins\/seo\/ -->\n<title>Entrevista: Judoca Maria Portela - O Timoneiro Jornal Canoas RS<\/title>\n<meta name=\"robots\" content=\"index, follow, max-snippet:-1, max-image-preview:large, max-video-preview:-1\" \/>\n<link rel=\"canonical\" href=\"https:\/\/jornaltimoneiro.com.br\/index.php\/2016\/10\/21\/entrevista-judoca-maria-portela\/\" \/>\n<meta property=\"og:locale\" content=\"pt_BR\" \/>\n<meta property=\"og:type\" content=\"article\" \/>\n<meta property=\"og:title\" content=\"Entrevista: Judoca Maria Portela - O Timoneiro Jornal Canoas RS\" \/>\n<meta property=\"og:description\" content=\"A Hora do Esporte traz uma conversa com a atleta brasileira Maria Portela, que pratica jud\u00f4 desde os nove anos e representa o clube Sogipa. Maria participou das Olimp\u00edadas de Londres e das Olimp\u00edadas do Rio 2016. OT: Nas Olimp\u00edadas Rio 2016, qual foi a sensa\u00e7\u00e3o de estar no cora\u00e7\u00e3o do pa\u00eds, no maior evento [&hellip;]\" \/>\n<meta property=\"og:url\" content=\"https:\/\/jornaltimoneiro.com.br\/index.php\/2016\/10\/21\/entrevista-judoca-maria-portela\/\" \/>\n<meta property=\"og:site_name\" content=\"O Timoneiro Jornal Canoas RS\" \/>\n<meta property=\"article:publisher\" content=\"https:\/\/www.facebook.com\/jornaltimoneiro\" \/>\n<meta property=\"article:published_time\" content=\"2016-10-21T11:27:05+00:00\" \/>\n<meta name=\"author\" content=\"Reda\u00e7\u00e3o\" \/>\n<meta name=\"twitter:card\" content=\"summary_large_image\" \/>\n<meta name=\"twitter:creator\" content=\"@_OTimoneiro\" \/>\n<meta name=\"twitter:site\" content=\"@_OTimoneiro\" \/>\n<meta name=\"twitter:label1\" content=\"Escrito por\" \/>\n\t<meta name=\"twitter:data1\" content=\"Reda\u00e7\u00e3o\" \/>\n\t<meta name=\"twitter:label2\" content=\"Est. tempo de leitura\" \/>\n\t<meta name=\"twitter:data2\" content=\"2 minutos\" \/>\n<script type=\"application\/ld+json\" class=\"yoast-schema-graph\">{\"@context\":\"https:\/\/schema.org\",\"@graph\":[{\"@type\":\"Article\",\"@id\":\"https:\/\/jornaltimoneiro.com.br\/index.php\/2016\/10\/21\/entrevista-judoca-maria-portela\/#article\",\"isPartOf\":{\"@id\":\"https:\/\/jornaltimoneiro.com.br\/index.php\/2016\/10\/21\/entrevista-judoca-maria-portela\/\"},\"author\":{\"name\":\"Reda\u00e7\u00e3o\",\"@id\":\"https:\/\/jornaltimoneiro.com.br\/#\/schema\/person\/620efd1d8244466117482be494360b08\"},\"headline\":\"Entrevista: Judoca Maria Portela\",\"datePublished\":\"2016-10-21T11:27:05+00:00\",\"dateModified\":\"2016-10-21T11:27:05+00:00\",\"mainEntityOfPage\":{\"@id\":\"https:\/\/jornaltimoneiro.com.br\/index.php\/2016\/10\/21\/entrevista-judoca-maria-portela\/\"},\"wordCount\":360,\"commentCount\":0,\"publisher\":{\"@id\":\"https:\/\/jornaltimoneiro.com.br\/#organization\"},\"articleSection\":[\"A Hora do Esporte\",\"Destaques\",\"Esporte\"],\"inLanguage\":\"pt-BR\",\"potentialAction\":[{\"@type\":\"CommentAction\",\"name\":\"Comment\",\"target\":[\"https:\/\/jornaltimoneiro.com.br\/index.php\/2016\/10\/21\/entrevista-judoca-maria-portela\/#respond\"]}]},{\"@type\":\"WebPage\",\"@id\":\"https:\/\/jornaltimoneiro.com.br\/index.php\/2016\/10\/21\/entrevista-judoca-maria-portela\/\",\"url\":\"https:\/\/jornaltimoneiro.com.br\/index.php\/2016\/10\/21\/entrevista-judoca-maria-portela\/\",\"name\":\"Entrevista: Judoca Maria Portela - O Timoneiro Jornal Canoas RS\",\"isPartOf\":{\"@id\":\"https:\/\/jornaltimoneiro.com.br\/#website\"},\"datePublished\":\"2016-10-21T11:27:05+00:00\",\"dateModified\":\"2016-10-21T11:27:05+00:00\",\"breadcrumb\":{\"@id\":\"https:\/\/jornaltimoneiro.com.br\/index.php\/2016\/10\/21\/entrevista-judoca-maria-portela\/#breadcrumb\"},\"inLanguage\":\"pt-BR\",\"potentialAction\":[{\"@type\":\"ReadAction\",\"target\":[\"https:\/\/jornaltimoneiro.com.br\/index.php\/2016\/10\/21\/entrevista-judoca-maria-portela\/\"]}]},{\"@type\":\"BreadcrumbList\",\"@id\":\"https:\/\/jornaltimoneiro.com.br\/index.php\/2016\/10\/21\/entrevista-judoca-maria-portela\/#breadcrumb\",\"itemListElement\":[{\"@type\":\"ListItem\",\"position\":1,\"name\":\"In\u00edcio\",\"item\":\"https:\/\/jornaltimoneiro.com.br\/\"},{\"@type\":\"ListItem\",\"position\":2,\"name\":\"Entrevista: Judoca Maria Portela\"}]},{\"@type\":\"WebSite\",\"@id\":\"https:\/\/jornaltimoneiro.com.br\/#website\",\"url\":\"https:\/\/jornaltimoneiro.com.br\/\",\"name\":\"Jornal Timoneiro Canoas RS\",\"description\":\"Jornal O Timoneiro, o verdadeiro jornal de Canoas\",\"publisher\":{\"@id\":\"https:\/\/jornaltimoneiro.com.br\/#organization\"},\"potentialAction\":[{\"@type\":\"SearchAction\",\"target\":{\"@type\":\"EntryPoint\",\"urlTemplate\":\"https:\/\/jornaltimoneiro.com.br\/?s={search_term_string}\"},\"query-input\":\"required name=search_term_string\"}],\"inLanguage\":\"pt-BR\"},{\"@type\":\"Organization\",\"@id\":\"https:\/\/jornaltimoneiro.com.br\/#organization\",\"name\":\"Jornal Timoneiro Canoas RS\",\"url\":\"https:\/\/jornaltimoneiro.com.br\/\",\"logo\":{\"@type\":\"ImageObject\",\"inLanguage\":\"pt-BR\",\"@id\":\"https:\/\/jornaltimoneiro.com.br\/#\/schema\/logo\/image\/\",\"url\":\"https:\/\/jornaltimoneiro.com.br\/wp-content\/uploads\/2023\/03\/logonovo.png\",\"contentUrl\":\"https:\/\/jornaltimoneiro.com.br\/wp-content\/uploads\/2023\/03\/logonovo.png\",\"width\":\"469\",\"height\":\"171\",\"caption\":\"Jornal Timoneiro Canoas RS\"},\"image\":{\"@id\":\"https:\/\/jornaltimoneiro.com.br\/#\/schema\/logo\/image\/\"},\"sameAs\":[\"https:\/\/www.facebook.com\/jornaltimoneiro\",\"https:\/\/twitter.com\/_OTimoneiro\",\"https:\/\/www.instagram.com\/jornaltimoneirocanoas\/\",\"https:\/\/www.youtube.com\/@jornalotimoneiro7927\"]},{\"@type\":\"Person\",\"@id\":\"https:\/\/jornaltimoneiro.com.br\/#\/schema\/person\/620efd1d8244466117482be494360b08\",\"name\":\"Reda\u00e7\u00e3o\",\"image\":{\"@type\":\"ImageObject\",\"inLanguage\":\"pt-BR\",\"@id\":\"https:\/\/jornaltimoneiro.com.br\/#\/schema\/person\/image\/\",\"url\":\"https:\/\/secure.gravatar.com\/avatar\/2f04e1b304682a8d9db336c7acd77f08?s=96&d=mm&r=g\",\"contentUrl\":\"https:\/\/secure.gravatar.com\/avatar\/2f04e1b304682a8d9db336c7acd77f08?s=96&d=mm&r=g\",\"caption\":\"Reda\u00e7\u00e3o\"},\"url\":\"https:\/\/jornaltimoneiro.com.br\/index.php\/author\/timoneirocanoas\/\"}]}<\/script>\n<!-- \/ Yoast SEO plugin. -->","yoast_head_json":{"title":"Entrevista: Judoca Maria Portela - O Timoneiro Jornal Canoas RS","robots":{"index":"index","follow":"follow","max-snippet":"max-snippet:-1","max-image-preview":"max-image-preview:large","max-video-preview":"max-video-preview:-1"},"canonical":"https:\/\/jornaltimoneiro.com.br\/index.php\/2016\/10\/21\/entrevista-judoca-maria-portela\/","og_locale":"pt_BR","og_type":"article","og_title":"Entrevista: Judoca Maria Portela - O Timoneiro Jornal Canoas RS","og_description":"A Hora do Esporte traz uma conversa com a atleta brasileira Maria Portela, que pratica jud\u00f4 desde os nove anos e representa o clube Sogipa. Maria participou das Olimp\u00edadas de Londres e das Olimp\u00edadas do Rio 2016. OT: Nas Olimp\u00edadas Rio 2016, qual foi a sensa\u00e7\u00e3o de estar no cora\u00e7\u00e3o do pa\u00eds, no maior evento [&hellip;]","og_url":"https:\/\/jornaltimoneiro.com.br\/index.php\/2016\/10\/21\/entrevista-judoca-maria-portela\/","og_site_name":"O Timoneiro Jornal Canoas RS","article_publisher":"https:\/\/www.facebook.com\/jornaltimoneiro","article_published_time":"2016-10-21T11:27:05+00:00","author":"Reda\u00e7\u00e3o","twitter_card":"summary_large_image","twitter_creator":"@_OTimoneiro","twitter_site":"@_OTimoneiro","twitter_misc":{"Escrito por":"Reda\u00e7\u00e3o","Est. tempo de leitura":"2 minutos"},"schema":{"@context":"https:\/\/schema.org","@graph":[{"@type":"Article","@id":"https:\/\/jornaltimoneiro.com.br\/index.php\/2016\/10\/21\/entrevista-judoca-maria-portela\/#article","isPartOf":{"@id":"https:\/\/jornaltimoneiro.com.br\/index.php\/2016\/10\/21\/entrevista-judoca-maria-portela\/"},"author":{"name":"Reda\u00e7\u00e3o","@id":"https:\/\/jornaltimoneiro.com.br\/#\/schema\/person\/620efd1d8244466117482be494360b08"},"headline":"Entrevista: Judoca Maria Portela","datePublished":"2016-10-21T11:27:05+00:00","dateModified":"2016-10-21T11:27:05+00:00","mainEntityOfPage":{"@id":"https:\/\/jornaltimoneiro.com.br\/index.php\/2016\/10\/21\/entrevista-judoca-maria-portela\/"},"wordCount":360,"commentCount":0,"publisher":{"@id":"https:\/\/jornaltimoneiro.com.br\/#organization"},"articleSection":["A Hora do Esporte","Destaques","Esporte"],"inLanguage":"pt-BR","potentialAction":[{"@type":"CommentAction","name":"Comment","target":["https:\/\/jornaltimoneiro.com.br\/index.php\/2016\/10\/21\/entrevista-judoca-maria-portela\/#respond"]}]},{"@type":"WebPage","@id":"https:\/\/jornaltimoneiro.com.br\/index.php\/2016\/10\/21\/entrevista-judoca-maria-portela\/","url":"https:\/\/jornaltimoneiro.com.br\/index.php\/2016\/10\/21\/entrevista-judoca-maria-portela\/","name":"Entrevista: Judoca Maria Portela - O Timoneiro Jornal Canoas RS","isPartOf":{"@id":"https:\/\/jornaltimoneiro.com.br\/#website"},"datePublished":"2016-10-21T11:27:05+00:00","dateModified":"2016-10-21T11:27:05+00:00","breadcrumb":{"@id":"https:\/\/jornaltimoneiro.com.br\/index.php\/2016\/10\/21\/entrevista-judoca-maria-portela\/#breadcrumb"},"inLanguage":"pt-BR","potentialAction":[{"@type":"ReadAction","target":["https:\/\/jornaltimoneiro.com.br\/index.php\/2016\/10\/21\/entrevista-judoca-maria-portela\/"]}]},{"@type":"BreadcrumbList","@id":"https:\/\/jornaltimoneiro.com.br\/index.php\/2016\/10\/21\/entrevista-judoca-maria-portela\/#breadcrumb","itemListElement":[{"@type":"ListItem","position":1,"name":"In\u00edcio","item":"https:\/\/jornaltimoneiro.com.br\/"},{"@type":"ListItem","position":2,"name":"Entrevista: Judoca Maria Portela"}]},{"@type":"WebSite","@id":"https:\/\/jornaltimoneiro.com.br\/#website","url":"https:\/\/jornaltimoneiro.com.br\/","name":"Jornal Timoneiro Canoas RS","description":"Jornal O Timoneiro, o verdadeiro jornal de Canoas","publisher":{"@id":"https:\/\/jornaltimoneiro.com.br\/#organization"},"potentialAction":[{"@type":"SearchAction","target":{"@type":"EntryPoint","urlTemplate":"https:\/\/jornaltimoneiro.com.br\/?s={search_term_string}"},"query-input":"required name=search_term_string"}],"inLanguage":"pt-BR"},{"@type":"Organization","@id":"https:\/\/jornaltimoneiro.com.br\/#organization","name":"Jornal Timoneiro Canoas RS","url":"https:\/\/jornaltimoneiro.com.br\/","logo":{"@type":"ImageObject","inLanguage":"pt-BR","@id":"https:\/\/jornaltimoneiro.com.br\/#\/schema\/logo\/image\/","url":"https:\/\/jornaltimoneiro.com.br\/wp-content\/uploads\/2023\/03\/logonovo.png","contentUrl":"https:\/\/jornaltimoneiro.com.br\/wp-content\/uploads\/2023\/03\/logonovo.png","width":"469","height":"171","caption":"Jornal Timoneiro Canoas RS"},"image":{"@id":"https:\/\/jornaltimoneiro.com.br\/#\/schema\/logo\/image\/"},"sameAs":["https:\/\/www.facebook.com\/jornaltimoneiro","https:\/\/twitter.com\/_OTimoneiro","https:\/\/www.instagram.com\/jornaltimoneirocanoas\/","https:\/\/www.youtube.com\/@jornalotimoneiro7927"]},{"@type":"Person","@id":"https:\/\/jornaltimoneiro.com.br\/#\/schema\/person\/620efd1d8244466117482be494360b08","name":"Reda\u00e7\u00e3o","image":{"@type":"ImageObject","inLanguage":"pt-BR","@id":"https:\/\/jornaltimoneiro.com.br\/#\/schema\/person\/image\/","url":"https:\/\/secure.gravatar.com\/avatar\/2f04e1b304682a8d9db336c7acd77f08?s=96&d=mm&r=g","contentUrl":"https:\/\/secure.gravatar.com\/avatar\/2f04e1b304682a8d9db336c7acd77f08?s=96&d=mm&r=g","caption":"Reda\u00e7\u00e3o"},"url":"https:\/\/jornaltimoneiro.com.br\/index.php\/author\/timoneirocanoas\/"}]}},"_links":{"self":[{"href":"https:\/\/jornaltimoneiro.com.br\/index.php\/wp-json\/wp\/v2\/posts\/5460"}],"collection":[{"href":"https:\/\/jornaltimoneiro.com.br\/index.php\/wp-json\/wp\/v2\/posts"}],"about":[{"href":"https:\/\/jornaltimoneiro.com.br\/index.php\/wp-json\/wp\/v2\/types\/post"}],"author":[{"embeddable":true,"href":"https:\/\/jornaltimoneiro.com.br\/index.php\/wp-json\/wp\/v2\/users\/1"}],"replies":[{"embeddable":true,"href":"https:\/\/jornaltimoneiro.com.br\/index.php\/wp-json\/wp\/v2\/comments?post=5460"}],"version-history":[{"count":0,"href":"https:\/\/jornaltimoneiro.com.br\/index.php\/wp-json\/wp\/v2\/posts\/5460\/revisions"}],"wp:featuredmedia":[{"embeddable":true,"href":"https:\/\/jornaltimoneiro.com.br\/index.php\/wp-json\/"}],"wp:attachment":[{"href":"https:\/\/jornaltimoneiro.com.br\/index.php\/wp-json\/wp\/v2\/media?parent=5460"}],"wp:term":[{"taxonomy":"category","embeddable":true,"href":"https:\/\/jornaltimoneiro.com.br\/index.php\/wp-json\/wp\/v2\/categories?post=5460"},{"taxonomy":"post_tag","embeddable":true,"href":"https:\/\/jornaltimoneiro.com.br\/index.php\/wp-json\/wp\/v2\/tags?post=5460"}],"curies":[{"name":"wp","href":"https:\/\/api.w.org\/{rel}","templated":true}]}}