{"id":523,"date":"2015-07-03T08:38:18","date_gmt":"2015-07-03T11:38:18","guid":{"rendered":"http:\/\/otimoneiro.com.br\/?p=523"},"modified":"2015-07-03T08:38:18","modified_gmt":"2015-07-03T11:38:18","slug":"familiares-de-vitimas-falam-em-possivel-surto-de-gripe-a","status":"publish","type":"post","link":"https:\/\/jornaltimoneiro.com.br\/index.php\/2015\/07\/03\/familiares-de-vitimas-falam-em-possivel-surto-de-gripe-a\/","title":{"rendered":"Familiares de v\u00edtimas falam em poss\u00edvel surto de Gripe A"},"content":{"rendered":"<p style=\"text-align: justify;\">N\u00e3o param de surgir relatos de familiares de canoenses que vieram a \u00f3bito no Hospital Nossa Senhora das Gra\u00e7as preocupados com a desinforma\u00e7\u00e3o da institui\u00e7\u00e3o. Ao menos cinco pessoas suspeitam que familiares tenham perdido a vida pela doen\u00e7a. O Hospital, no entanto, atribui um dos casos de \u00f3bito a infec\u00e7\u00e3o respirat\u00f3ria aguda e Sepse (infec\u00e7\u00e3o generalizada por bact\u00e9ria).<\/p>\n<div id=\"attachment_527\" style=\"width: 481px\" class=\"wp-caption aligncenter\"><a href=\"http:\/\/otimoneiro.com.br\/wp-content\/uploads\/2015\/07\/DSC0641.jpg\"><img decoding=\"async\" aria-describedby=\"caption-attachment-527\" class=\"wp-image-527 \" src=\"http:\/\/otimoneiro.com.br\/wp-content\/uploads\/2015\/07\/DSC0641-1024x683.jpg\" alt=\"Hospital Nossa Senhora das Gra\u00e7as. Foto: Bruno Lara\/OT\" width=\"471\" height=\"314\" \/><\/a><p id=\"caption-attachment-527\" class=\"wp-caption-text\">Hospital Nossa Senhora das Gra\u00e7as. Foto: Bruno Lara\/OT<\/p><\/div>\n<p style=\"text-align: justify;\"><strong>Caso Nancy Pansera<\/strong><br \/>\nRelatos d\u00e3o conta de que na sexta-feira, 26, n\u00e3o houve aula na Escola Municipal de Ensino Fundamental (EMEF) Professor Nancy Ferreira Panseira, no Guajuviras, pois uma professora, de aproximadamente 30 anos, faleceu com sintomas parecidos. Segundo moradores que preferem n\u00e3o ser identificados, no final de semana, a EMEF foi interditada e na segunda-feira ofertou aula normal. A equipe de reportagem tentou contato com a escola durante dois dias, mas n\u00e3o obteve sucesso.<\/p>\n<p style=\"text-align: justify;\"><strong>Caso Niter\u00f3i<\/strong><br \/>\nClaudia Moraes da Silva, auxiliar administrativa, 48 anos, moradora do bairro Niter\u00f3i, faleceu no domingo, 28. Os familiares, que procuraram a reportagem de O Timoneiro, suspeitam da Gripe A (H1N1) como poss\u00edvel causa em fun\u00e7\u00e3o dos sintomas por ela apresentados. O neto de Cl\u00e1udia, de 4 anos, que reside no mesmo p\u00e1tio, tamb\u00e9m foi diagnosticado com H1N1 no mesmo per\u00edodo no mesmo Hospital e est\u00e1 em tratamento com Tamiflu. Infec\u00e7\u00e3o respirat\u00f3ria aguda e Sepse \u00e9 a causa apontada pelo \u00f3bito.<\/p>\n<p style=\"text-align: justify;\"><strong>O que diz a Prefeitura<\/strong><br \/>\nSegundo a Prefeitura Municipal de Canoas a morte de Cl\u00e1udia Moraes da Silva no foi por Gripe A. Segundo o secret\u00e1rio de Sa\u00fade, Marcelo B\u00f3sio, os sintomas s\u00e3o incompat\u00edveis com a doen\u00e7a, mas as causas continuam sendo investigadas. E o sobrinho de Cl\u00e1udia aguarda o resultado dos exames.<\/p>\n<p style=\"text-align: justify;\"><strong>O que \u00e9 Sepse<\/strong><br \/>\nSegundo o Instituto Latino Americano da Sepse, se trata de um conjunto de manifesta\u00e7\u00f5es graves em todo o organismo produzidas por uma infec\u00e7\u00e3o. A sepse era conhecida antigamente como septicemia ou infec\u00e7\u00e3o no sangue. Hoje \u00e9 mais conhecida como infec\u00e7\u00e3o generalizada. A doen\u00e7a pode levar a disfun\u00e7\u00e3o ou fal\u00eancia m\u00faltipla de \u00f3rg\u00e3o. O portal indica que a infec\u00e7\u00e3o generalizada \u00e9 respons\u00e1vel por 25% da ocupa\u00e7\u00e3o de leitos em Unidades de Tratamentos Intensivos (UTIs) no Brasil.<br \/>\nNo pa\u00eds, tem mortalidade igual a 65%, o dobro da m\u00e9dia mundial que gira entre 30% e 40%. Em 2003 aconteceram 398 mil casos e 227 mil mortes por choque s\u00e9ptico no Brasil com destina\u00e7\u00e3o de cerca de R$ 17,34 bilh\u00f5es ao tratamento.<\/p>\n<p style=\"text-align: justify;\"><strong>O que \u00e9 H1N1<\/strong><br \/>\nProvocada por v\u00edrus da influenza do tipo A, a gripe possui diversos nomes. Trata-se do resultado da combina\u00e7\u00e3o de segmentos gen\u00e9ticos do v\u00edrus humano da gripe, da gripe avi\u00e1ria e da gripe su\u00edna. O per\u00edodo de incuba\u00e7\u00e3o pode variar entre 3 e 5 dias e sua transmiss\u00e3o ocorre antes de aparecerem os sintomas, pelo contato direto com os animais ou objetos contaminados. S\u00e3o sintomas a febre alta de in\u00edcio repentino, acima de 39\u00b0, dores no corpo, nos m\u00fasculos e juntas, falta de apetite, tosse, coriza, n\u00e1useas e v\u00f4mito.<\/p>\n","protected":false},"excerpt":{"rendered":"<p>Hospital Gra\u00e7as n\u00e3o confirma os casos de influenza A como causa de \u00f3bitos<\/p>\n","protected":false},"author":1,"featured_media":0,"comment_status":"open","ping_status":"open","sticky":false,"template":"","format":"standard","meta":{"amp_status":"","footnotes":""},"categories":[25,19,22,26],"tags":[],"class_list":["post-523","post","type-post","status-publish","format-standard","hentry","category-comunidade","category-destaques","category-noticias","category-saude"],"yoast_head":"<!-- This site is optimized with the Yoast SEO plugin v20.5 - https:\/\/yoast.com\/wordpress\/plugins\/seo\/ -->\n<title>Familiares de v\u00edtimas falam em poss\u00edvel surto de Gripe A - O Timoneiro Jornal Canoas RS<\/title>\n<meta name=\"robots\" content=\"index, follow, max-snippet:-1, max-image-preview:large, max-video-preview:-1\" \/>\n<link rel=\"canonical\" href=\"https:\/\/jornaltimoneiro.com.br\/index.php\/2015\/07\/03\/familiares-de-vitimas-falam-em-possivel-surto-de-gripe-a\/\" \/>\n<meta property=\"og:locale\" content=\"pt_BR\" \/>\n<meta property=\"og:type\" content=\"article\" \/>\n<meta property=\"og:title\" content=\"Familiares de v\u00edtimas falam em poss\u00edvel surto de Gripe A - O Timoneiro Jornal Canoas RS\" \/>\n<meta property=\"og:description\" content=\"Hospital Gra\u00e7as n\u00e3o confirma os casos de influenza A como causa de \u00f3bitos\" \/>\n<meta property=\"og:url\" content=\"https:\/\/jornaltimoneiro.com.br\/index.php\/2015\/07\/03\/familiares-de-vitimas-falam-em-possivel-surto-de-gripe-a\/\" \/>\n<meta property=\"og:site_name\" content=\"O Timoneiro Jornal Canoas RS\" \/>\n<meta property=\"article:publisher\" content=\"https:\/\/www.facebook.com\/jornaltimoneiro\" \/>\n<meta property=\"article:published_time\" content=\"2015-07-03T11:38:18+00:00\" \/>\n<meta property=\"og:image\" content=\"http:\/\/otimoneiro.com.br\/wp-content\/uploads\/2015\/07\/DSC0641-1024x683.jpg\" \/>\n<meta name=\"author\" content=\"Reda\u00e7\u00e3o\" \/>\n<meta name=\"twitter:card\" content=\"summary_large_image\" \/>\n<meta name=\"twitter:creator\" content=\"@_OTimoneiro\" \/>\n<meta name=\"twitter:site\" content=\"@_OTimoneiro\" \/>\n<meta name=\"twitter:label1\" content=\"Escrito por\" \/>\n\t<meta name=\"twitter:data1\" content=\"Reda\u00e7\u00e3o\" \/>\n\t<meta name=\"twitter:label2\" content=\"Est. tempo de leitura\" \/>\n\t<meta name=\"twitter:data2\" content=\"3 minutos\" \/>\n<script type=\"application\/ld+json\" class=\"yoast-schema-graph\">{\"@context\":\"https:\/\/schema.org\",\"@graph\":[{\"@type\":\"Article\",\"@id\":\"https:\/\/jornaltimoneiro.com.br\/index.php\/2015\/07\/03\/familiares-de-vitimas-falam-em-possivel-surto-de-gripe-a\/#article\",\"isPartOf\":{\"@id\":\"https:\/\/jornaltimoneiro.com.br\/index.php\/2015\/07\/03\/familiares-de-vitimas-falam-em-possivel-surto-de-gripe-a\/\"},\"author\":{\"name\":\"Reda\u00e7\u00e3o\",\"@id\":\"https:\/\/jornaltimoneiro.com.br\/#\/schema\/person\/620efd1d8244466117482be494360b08\"},\"headline\":\"Familiares de v\u00edtimas falam em poss\u00edvel surto de Gripe A\",\"datePublished\":\"2015-07-03T11:38:18+00:00\",\"dateModified\":\"2015-07-03T11:38:18+00:00\",\"mainEntityOfPage\":{\"@id\":\"https:\/\/jornaltimoneiro.com.br\/index.php\/2015\/07\/03\/familiares-de-vitimas-falam-em-possivel-surto-de-gripe-a\/\"},\"wordCount\":555,\"commentCount\":0,\"publisher\":{\"@id\":\"https:\/\/jornaltimoneiro.com.br\/#organization\"},\"articleSection\":[\"Comunidade\",\"Destaques\",\"Not\u00edcias\",\"Sa\u00fade\"],\"inLanguage\":\"pt-BR\",\"potentialAction\":[{\"@type\":\"CommentAction\",\"name\":\"Comment\",\"target\":[\"https:\/\/jornaltimoneiro.com.br\/index.php\/2015\/07\/03\/familiares-de-vitimas-falam-em-possivel-surto-de-gripe-a\/#respond\"]}]},{\"@type\":\"WebPage\",\"@id\":\"https:\/\/jornaltimoneiro.com.br\/index.php\/2015\/07\/03\/familiares-de-vitimas-falam-em-possivel-surto-de-gripe-a\/\",\"url\":\"https:\/\/jornaltimoneiro.com.br\/index.php\/2015\/07\/03\/familiares-de-vitimas-falam-em-possivel-surto-de-gripe-a\/\",\"name\":\"Familiares de v\u00edtimas falam em poss\u00edvel surto de Gripe A - O Timoneiro Jornal Canoas RS\",\"isPartOf\":{\"@id\":\"https:\/\/jornaltimoneiro.com.br\/#website\"},\"datePublished\":\"2015-07-03T11:38:18+00:00\",\"dateModified\":\"2015-07-03T11:38:18+00:00\",\"breadcrumb\":{\"@id\":\"https:\/\/jornaltimoneiro.com.br\/index.php\/2015\/07\/03\/familiares-de-vitimas-falam-em-possivel-surto-de-gripe-a\/#breadcrumb\"},\"inLanguage\":\"pt-BR\",\"potentialAction\":[{\"@type\":\"ReadAction\",\"target\":[\"https:\/\/jornaltimoneiro.com.br\/index.php\/2015\/07\/03\/familiares-de-vitimas-falam-em-possivel-surto-de-gripe-a\/\"]}]},{\"@type\":\"BreadcrumbList\",\"@id\":\"https:\/\/jornaltimoneiro.com.br\/index.php\/2015\/07\/03\/familiares-de-vitimas-falam-em-possivel-surto-de-gripe-a\/#breadcrumb\",\"itemListElement\":[{\"@type\":\"ListItem\",\"position\":1,\"name\":\"In\u00edcio\",\"item\":\"https:\/\/jornaltimoneiro.com.br\/\"},{\"@type\":\"ListItem\",\"position\":2,\"name\":\"Familiares de v\u00edtimas falam em poss\u00edvel surto de Gripe A\"}]},{\"@type\":\"WebSite\",\"@id\":\"https:\/\/jornaltimoneiro.com.br\/#website\",\"url\":\"https:\/\/jornaltimoneiro.com.br\/\",\"name\":\"Jornal Timoneiro Canoas RS\",\"description\":\"Jornal O Timoneiro, o verdadeiro jornal de Canoas\",\"publisher\":{\"@id\":\"https:\/\/jornaltimoneiro.com.br\/#organization\"},\"potentialAction\":[{\"@type\":\"SearchAction\",\"target\":{\"@type\":\"EntryPoint\",\"urlTemplate\":\"https:\/\/jornaltimoneiro.com.br\/?s={search_term_string}\"},\"query-input\":\"required name=search_term_string\"}],\"inLanguage\":\"pt-BR\"},{\"@type\":\"Organization\",\"@id\":\"https:\/\/jornaltimoneiro.com.br\/#organization\",\"name\":\"Jornal Timoneiro Canoas RS\",\"url\":\"https:\/\/jornaltimoneiro.com.br\/\",\"logo\":{\"@type\":\"ImageObject\",\"inLanguage\":\"pt-BR\",\"@id\":\"https:\/\/jornaltimoneiro.com.br\/#\/schema\/logo\/image\/\",\"url\":\"https:\/\/jornaltimoneiro.com.br\/wp-content\/uploads\/2023\/03\/logonovo.png\",\"contentUrl\":\"https:\/\/jornaltimoneiro.com.br\/wp-content\/uploads\/2023\/03\/logonovo.png\",\"width\":\"469\",\"height\":\"171\",\"caption\":\"Jornal Timoneiro Canoas RS\"},\"image\":{\"@id\":\"https:\/\/jornaltimoneiro.com.br\/#\/schema\/logo\/image\/\"},\"sameAs\":[\"https:\/\/www.facebook.com\/jornaltimoneiro\",\"https:\/\/twitter.com\/_OTimoneiro\",\"https:\/\/www.instagram.com\/jornaltimoneirocanoas\/\",\"https:\/\/www.youtube.com\/@jornalotimoneiro7927\"]},{\"@type\":\"Person\",\"@id\":\"https:\/\/jornaltimoneiro.com.br\/#\/schema\/person\/620efd1d8244466117482be494360b08\",\"name\":\"Reda\u00e7\u00e3o\",\"image\":{\"@type\":\"ImageObject\",\"inLanguage\":\"pt-BR\",\"@id\":\"https:\/\/jornaltimoneiro.com.br\/#\/schema\/person\/image\/\",\"url\":\"https:\/\/secure.gravatar.com\/avatar\/2f04e1b304682a8d9db336c7acd77f08?s=96&d=mm&r=g\",\"contentUrl\":\"https:\/\/secure.gravatar.com\/avatar\/2f04e1b304682a8d9db336c7acd77f08?s=96&d=mm&r=g\",\"caption\":\"Reda\u00e7\u00e3o\"},\"url\":\"https:\/\/jornaltimoneiro.com.br\/index.php\/author\/timoneirocanoas\/\"}]}<\/script>\n<!-- \/ Yoast SEO plugin. -->","yoast_head_json":{"title":"Familiares de v\u00edtimas falam em poss\u00edvel surto de Gripe A - O Timoneiro Jornal Canoas RS","robots":{"index":"index","follow":"follow","max-snippet":"max-snippet:-1","max-image-preview":"max-image-preview:large","max-video-preview":"max-video-preview:-1"},"canonical":"https:\/\/jornaltimoneiro.com.br\/index.php\/2015\/07\/03\/familiares-de-vitimas-falam-em-possivel-surto-de-gripe-a\/","og_locale":"pt_BR","og_type":"article","og_title":"Familiares de v\u00edtimas falam em poss\u00edvel surto de Gripe A - O Timoneiro Jornal Canoas RS","og_description":"Hospital Gra\u00e7as n\u00e3o confirma os casos de influenza A como causa de \u00f3bitos","og_url":"https:\/\/jornaltimoneiro.com.br\/index.php\/2015\/07\/03\/familiares-de-vitimas-falam-em-possivel-surto-de-gripe-a\/","og_site_name":"O Timoneiro Jornal Canoas RS","article_publisher":"https:\/\/www.facebook.com\/jornaltimoneiro","article_published_time":"2015-07-03T11:38:18+00:00","og_image":[{"url":"http:\/\/otimoneiro.com.br\/wp-content\/uploads\/2015\/07\/DSC0641-1024x683.jpg"}],"author":"Reda\u00e7\u00e3o","twitter_card":"summary_large_image","twitter_creator":"@_OTimoneiro","twitter_site":"@_OTimoneiro","twitter_misc":{"Escrito por":"Reda\u00e7\u00e3o","Est. tempo de leitura":"3 minutos"},"schema":{"@context":"https:\/\/schema.org","@graph":[{"@type":"Article","@id":"https:\/\/jornaltimoneiro.com.br\/index.php\/2015\/07\/03\/familiares-de-vitimas-falam-em-possivel-surto-de-gripe-a\/#article","isPartOf":{"@id":"https:\/\/jornaltimoneiro.com.br\/index.php\/2015\/07\/03\/familiares-de-vitimas-falam-em-possivel-surto-de-gripe-a\/"},"author":{"name":"Reda\u00e7\u00e3o","@id":"https:\/\/jornaltimoneiro.com.br\/#\/schema\/person\/620efd1d8244466117482be494360b08"},"headline":"Familiares de v\u00edtimas falam em poss\u00edvel surto de Gripe A","datePublished":"2015-07-03T11:38:18+00:00","dateModified":"2015-07-03T11:38:18+00:00","mainEntityOfPage":{"@id":"https:\/\/jornaltimoneiro.com.br\/index.php\/2015\/07\/03\/familiares-de-vitimas-falam-em-possivel-surto-de-gripe-a\/"},"wordCount":555,"commentCount":0,"publisher":{"@id":"https:\/\/jornaltimoneiro.com.br\/#organization"},"articleSection":["Comunidade","Destaques","Not\u00edcias","Sa\u00fade"],"inLanguage":"pt-BR","potentialAction":[{"@type":"CommentAction","name":"Comment","target":["https:\/\/jornaltimoneiro.com.br\/index.php\/2015\/07\/03\/familiares-de-vitimas-falam-em-possivel-surto-de-gripe-a\/#respond"]}]},{"@type":"WebPage","@id":"https:\/\/jornaltimoneiro.com.br\/index.php\/2015\/07\/03\/familiares-de-vitimas-falam-em-possivel-surto-de-gripe-a\/","url":"https:\/\/jornaltimoneiro.com.br\/index.php\/2015\/07\/03\/familiares-de-vitimas-falam-em-possivel-surto-de-gripe-a\/","name":"Familiares de v\u00edtimas falam em poss\u00edvel surto de Gripe A - O Timoneiro Jornal Canoas RS","isPartOf":{"@id":"https:\/\/jornaltimoneiro.com.br\/#website"},"datePublished":"2015-07-03T11:38:18+00:00","dateModified":"2015-07-03T11:38:18+00:00","breadcrumb":{"@id":"https:\/\/jornaltimoneiro.com.br\/index.php\/2015\/07\/03\/familiares-de-vitimas-falam-em-possivel-surto-de-gripe-a\/#breadcrumb"},"inLanguage":"pt-BR","potentialAction":[{"@type":"ReadAction","target":["https:\/\/jornaltimoneiro.com.br\/index.php\/2015\/07\/03\/familiares-de-vitimas-falam-em-possivel-surto-de-gripe-a\/"]}]},{"@type":"BreadcrumbList","@id":"https:\/\/jornaltimoneiro.com.br\/index.php\/2015\/07\/03\/familiares-de-vitimas-falam-em-possivel-surto-de-gripe-a\/#breadcrumb","itemListElement":[{"@type":"ListItem","position":1,"name":"In\u00edcio","item":"https:\/\/jornaltimoneiro.com.br\/"},{"@type":"ListItem","position":2,"name":"Familiares de v\u00edtimas falam em poss\u00edvel surto de Gripe A"}]},{"@type":"WebSite","@id":"https:\/\/jornaltimoneiro.com.br\/#website","url":"https:\/\/jornaltimoneiro.com.br\/","name":"Jornal Timoneiro Canoas RS","description":"Jornal O Timoneiro, o verdadeiro jornal de Canoas","publisher":{"@id":"https:\/\/jornaltimoneiro.com.br\/#organization"},"potentialAction":[{"@type":"SearchAction","target":{"@type":"EntryPoint","urlTemplate":"https:\/\/jornaltimoneiro.com.br\/?s={search_term_string}"},"query-input":"required name=search_term_string"}],"inLanguage":"pt-BR"},{"@type":"Organization","@id":"https:\/\/jornaltimoneiro.com.br\/#organization","name":"Jornal Timoneiro Canoas RS","url":"https:\/\/jornaltimoneiro.com.br\/","logo":{"@type":"ImageObject","inLanguage":"pt-BR","@id":"https:\/\/jornaltimoneiro.com.br\/#\/schema\/logo\/image\/","url":"https:\/\/jornaltimoneiro.com.br\/wp-content\/uploads\/2023\/03\/logonovo.png","contentUrl":"https:\/\/jornaltimoneiro.com.br\/wp-content\/uploads\/2023\/03\/logonovo.png","width":"469","height":"171","caption":"Jornal Timoneiro Canoas RS"},"image":{"@id":"https:\/\/jornaltimoneiro.com.br\/#\/schema\/logo\/image\/"},"sameAs":["https:\/\/www.facebook.com\/jornaltimoneiro","https:\/\/twitter.com\/_OTimoneiro","https:\/\/www.instagram.com\/jornaltimoneirocanoas\/","https:\/\/www.youtube.com\/@jornalotimoneiro7927"]},{"@type":"Person","@id":"https:\/\/jornaltimoneiro.com.br\/#\/schema\/person\/620efd1d8244466117482be494360b08","name":"Reda\u00e7\u00e3o","image":{"@type":"ImageObject","inLanguage":"pt-BR","@id":"https:\/\/jornaltimoneiro.com.br\/#\/schema\/person\/image\/","url":"https:\/\/secure.gravatar.com\/avatar\/2f04e1b304682a8d9db336c7acd77f08?s=96&d=mm&r=g","contentUrl":"https:\/\/secure.gravatar.com\/avatar\/2f04e1b304682a8d9db336c7acd77f08?s=96&d=mm&r=g","caption":"Reda\u00e7\u00e3o"},"url":"https:\/\/jornaltimoneiro.com.br\/index.php\/author\/timoneirocanoas\/"}]}},"_links":{"self":[{"href":"https:\/\/jornaltimoneiro.com.br\/index.php\/wp-json\/wp\/v2\/posts\/523"}],"collection":[{"href":"https:\/\/jornaltimoneiro.com.br\/index.php\/wp-json\/wp\/v2\/posts"}],"about":[{"href":"https:\/\/jornaltimoneiro.com.br\/index.php\/wp-json\/wp\/v2\/types\/post"}],"author":[{"embeddable":true,"href":"https:\/\/jornaltimoneiro.com.br\/index.php\/wp-json\/wp\/v2\/users\/1"}],"replies":[{"embeddable":true,"href":"https:\/\/jornaltimoneiro.com.br\/index.php\/wp-json\/wp\/v2\/comments?post=523"}],"version-history":[{"count":0,"href":"https:\/\/jornaltimoneiro.com.br\/index.php\/wp-json\/wp\/v2\/posts\/523\/revisions"}],"wp:attachment":[{"href":"https:\/\/jornaltimoneiro.com.br\/index.php\/wp-json\/wp\/v2\/media?parent=523"}],"wp:term":[{"taxonomy":"category","embeddable":true,"href":"https:\/\/jornaltimoneiro.com.br\/index.php\/wp-json\/wp\/v2\/categories?post=523"},{"taxonomy":"post_tag","embeddable":true,"href":"https:\/\/jornaltimoneiro.com.br\/index.php\/wp-json\/wp\/v2\/tags?post=523"}],"curies":[{"name":"wp","href":"https:\/\/api.w.org\/{rel}","templated":true}]}}