{"id":5223,"date":"2016-09-30T11:11:10","date_gmt":"2016-09-30T14:11:10","guid":{"rendered":"http:\/\/otimoneiro.com.br\/?p=5223"},"modified":"2016-09-30T11:11:10","modified_gmt":"2016-09-30T14:11:10","slug":"inquerito-pf","status":"publish","type":"post","link":"https:\/\/jornaltimoneiro.com.br\/index.php\/2016\/09\/30\/inquerito-pf\/","title":{"rendered":"LEIA NA \u00cdNTEGRA: Justi\u00e7a retira segredo do inqu\u00e9rito que resultou em apreens\u00e3o de R$ 526 mil"},"content":{"rendered":"<p>O Tribunal Regional do Estado do Rio Grande do Sul (TRE-RS) decidiu derrubar\u00a0o sigilo que existia no inqu\u00e9rito aberto pela Pol\u00edcia Federal (PF), a pedido da pr\u00f3pria PF, sobre a apreens\u00e3o de R$ 526 mil no comit\u00ea central da candidata \u00e0 Prefeitura de Canoas, Beth Colombo (PRB), e na casa do ent\u00e3o tesoureiro da campanha, Guilherme Ortiz.<\/p>\n<p>Segundo o pedido de abertura do inqu\u00e9rito, a den\u00fancia que motivou a investiga\u00e7\u00e3o dava conta de que a &#8220;ocorr\u00eancia de crimes financeiros com intuito de influenciar no resultado do pr\u00f3ximo pleito eleitoral, envolvendo o tesoureiro da coliga\u00e7\u00e3o do BOM , Beth Colombo e M\u00e1rio Cardoso, visando abarcar o custo da campanha de quase duas centenas de candidatos a vereador, apoiados pelo Prefeito da cidade de Canoas\/RS, Sr. Jairo Jorge&#8221;.<\/p>\n<p>A PF sustenta, ainda, que a investiga\u00e7\u00e3o preliminar feita a partir da den\u00fancia\u00a0demonstrava que dinheiro il\u00edcito de empresas contratadas pelo munic\u00edpio estariam financiando de forma ilegal a campanha: &#8220;Segundo informa\u00e7\u00f5es colhidas at\u00e9 o momento, estaria ocorrendo doa\u00e7\u00f5es em dinheiro de empresas prestadoras de servi\u00e7o daquele munic\u00edpio para Jairo Jorge, considerado mentor coordenador geral dessa campanha pol\u00edtica. A participa\u00e7\u00e3o na empreitada criminosa culmina com a participa\u00e7\u00e3o da esposa de Jairo Jorge, Tais Penna e do secret\u00e1rio de habita\u00e7\u00e3o, Guilherme Ortiz, que atualmente encontra-se licenciado e atua como tesoureiro geral da campanha&#8221;.<\/p>\n<p>O documento que pode ser lido abaixo traz ainda o depoimento da pessoa que fez a den\u00fancia an\u00f4nima, al\u00e9m de detalhes da investiga\u00e7\u00e3o policial, que conta inclusive com v\u00eddeos feitos no dep\u00f3sito que seria irregular, al\u00e9m de uma ata descritiva de tudo que foi apreendido na opera\u00e7\u00e3o do dia 22 de setembro, como o dinheiro, computadores, pen drives e uma lista do ex-tesoureiro com gastos de campanha.<\/p>\n<p>&nbsp;<\/p>\n<p>LEIA OS DOCUMENTOS NO LINK ABAIXO:<\/p>\n<p><a href=\"http:\/\/otimoneiro.com.br\/wp-content\/uploads\/2016\/09\/Inqu\u00e9rito-TRE-RS.pdf\">INQU\u00c9RITO POL\u00cdCIA FEDERAL<\/a><\/p>\n<p>&nbsp;<\/p>\n<h3>OPERA\u00c7\u00c3O SUFFRAGIUM: Linha do tempo detalha o inqu\u00e9rito desde a instaura\u00e7\u00e3o<\/h3>\n<p>&nbsp;<\/p>\n<p>Desencadeada publicamente na quinta-feira, 22 de setembro, pela Pol\u00edcia Federal (PF), a Opera\u00e7\u00e3o Suffragium come\u00e7ou bem antes. No dia 23 de agosto, uma testemunha an\u00f4nima foi at\u00e9 a sede da pol\u00edcia para denunciar o que acreditava ser uma utiliza\u00e7\u00e3o irregular de recursos p\u00fablicos na candidatura de Beth Colombo (PRB) e Mario Cardoso (PT).<\/p>\n<p>&nbsp;<\/p>\n<h3>23 de agosto<\/h3>\n<ul>\n<li>Uma testemunha an\u00f4nima vai \u00e0 Superintend\u00eancia Regional de Pol\u00edcia Federal, em Porto Alegre, e \u00e9 atendida pelo delegado federal Fernando Schwengber Casarin \u201csolicitando n\u00e3o ser identificada por entender que fa\u00e7a ao que fa\u00e7a ao que ir\u00e1 relatar passar\u00e1 a correr risco de morte\u201d. A testemunha relata \u201ccrimes financeiros\u201d na campanha do BOM. \u201cEst\u00e1 havendo financiamento atrav\u00e9s de Caixa 2 de empresa prestadora de servi\u00e7o ao Munic\u00edpio de Canoas\/RS, sendo que Jairo Jorge \u00e9 o coordenador geral da Campanha da Coliga\u00e7\u00e3o e mentor de toda as opera\u00e7\u00f5es, atuando junto com sua esposa, Tais Penna e o ex-Secret\u00e1rio de Habita\u00e7\u00e3o, Guilherme Ortiz\u201d, relata.<\/li>\n<li>Ainda segundo o declarante, o prefeito da cidade estava \u201cbancando a candidatura de 192 candidaturas da base de seu governo\u201d. Denunciou um pr\u00e9dio, onde ficariam todos os materiais de campanha. Disse ainda que Ortiz sai de casa todos os dias com \u201cdois seguran\u00e7as, sendo um deles um policial militar\u201d, que segundo a testemunha estaria de f\u00e9rias, e um motorista que \u201cseria o motorista da Secretaria de Habita\u00e7\u00e3o\u201d. \u201cS\u00e3o feitas v\u00e1rias opera\u00e7\u00f5es de arrecada\u00e7\u00e3o por dia de dinheiro, visando empresas e encontros em bares e restaurantes\u201d, relata informando que, em uma semana cerca de R$ 200 mil teriam sido arrecadados.<\/li>\n<\/ul>\n<p>&nbsp;<\/p>\n<h3>23 de agosto<\/h3>\n<ul>\n<li>Delegado de Pol\u00edcia Federal Jo\u00e3o Luiz Correia da Rocha solicita ao TRE a abertura de inqu\u00e9rito policial, argumentando que chegou ao conhecimento da pol\u00edcia \u201ca ocorr\u00eancia de crimes financeiros com o intuito de influenciar no resultado do pr\u00f3ximo pleito eleitoral\u201d. Argumentou, ainda, que \u201csegundo informa\u00e7\u00f5es colhidas at\u00e9 (aquele) o momento, estariam ocorrendo doa\u00e7\u00f5es em dinheiro de empresas prestadoras de servi\u00e7o daquele munic\u00edpio para Jairo Jorge, considerado mentor coordenador geral dessa campanha pol\u00edtica. A participa\u00e7\u00e3o na empreitada culmina com a participa\u00e7\u00e3o da esposa de Jairo Jorge, Tais Penna e do secret\u00e1rio de habita\u00e7\u00e3o, Guilherme Ortiz, que atualmente encontra-se licenciado e atua como tesoureiro geral da campanha\u201d.<\/li>\n<\/ul>\n<p>&nbsp;<\/p>\n<h3>26 de agosto<\/h3>\n<ul>\n<li>Ap\u00f3s o consentimento da Procuradoria Regional Eleitoral a Relatora do processo, ju\u00edza Dra. Maria de Lourdes Galv\u00e3o Braccini de Gonzales, determina a instaura\u00e7\u00e3o do inqu\u00e9rito junto \u00e0 Pol\u00edcia Federal.<\/li>\n<\/ul>\n<ul>\n<li>Depois da instaura\u00e7\u00e3o do inqu\u00e9rito (1049\/2016) as investiga\u00e7\u00f5es da Pol\u00edcia Federal prosseguiram de forma sigilosa.<\/li>\n<\/ul>\n<p>&nbsp;<\/p>\n<h3>22 de setembro<\/h3>\n<ul>\n<li>Pol\u00edcia Federal deflagra a Opera\u00e7\u00e3o Suffragium, em tr\u00eas locais na cidade, comit\u00ea central da candidata Beth Colombo .<\/li>\n<\/ul>\n<ul>\n<li>No auto de apreens\u00e3o no Comit\u00ea Central do BOM, em posse de Ortiz foram apreendidos notebooks, celular, Pen Drives, documentos e anota\u00e7\u00f5es, quatro pastas com materiais de campanha, resmas de papel com propaganda eleitoral, uma mochila, um gravador, lista de convidados de um jantar realizado em 09\/09\/16, dinheiro e um cheque no valor de R$ 50 mil reais em nome de Eutamar Salvadori.<\/li>\n<\/ul>\n<ul>\n<li>Por meio de uma nota, o Bloco do Orgulho Municipal (BOM) disse que confia \u201cplenamente no trabalho da Justi\u00e7a Eleitoral que dever\u00e1 apurar os fatos com isen\u00e7\u00e3o e celeridade\u201d e que \u201ca campanha do BOM prima pela legalidade da arrecada\u00e7\u00e3o e contabiliza\u00e7\u00e3o dos gastos\u201d.<\/li>\n<\/ul>\n<ul>\n<li>Ex-secret\u00e1rio do munic\u00edpio e agora ex-tesoureiro da campanha, Guilherme Ortiz, levado do comit\u00ea central pela Pol\u00edcia Federal (PF) \u00e9 ouvido pelo delegado Fernando Casarin na sede da Pol\u00edcia Federal junto de sua advogada, Lucia Liebling Kopttke. Ele se resguardou ao direito de permanecer calado.<\/li>\n<\/ul>\n<ul>\n<li>Vanderlei Maziero prestou declara\u00e7\u00f5es ao delegado Luciano Ledur Persch. Declarou que o dep\u00f3sito foi \u201clocado para servir de dep\u00f3sito de material de campanha pol\u00edtica\u201d. Disse n\u00e3o ter conhecimento do que seria guardado no pavilh\u00e3o. N\u00e3o apresentaram, no entanto, o contrato de loca\u00e7\u00e3o. Ele trabalha na empresa que fica no local como vendedor.<\/li>\n<\/ul>\n<ul>\n<li>Vanderlei Amaro de Oliveira deu declara\u00e7\u00f5es ao delegado Fernando Casarin. Funcion\u00e1rio da Prefeitura em Cargo de Confian\u00e7a desde 2009, encontra-se de Licen\u00e7a Pr\u00eamio pelo per\u00edodo de tr\u00eas meses, desde o in\u00edcio de agosto. Estava, em sua licen\u00e7a, sendo o respons\u00e1vel pelo dep\u00f3sito. Ele confessou que era o respons\u00e1vel por anotar todo o material de campanha retirado de l\u00e1 pelos pol\u00edticos ou seus assessores. Declarou ser militante do PT h\u00e1 30 anos.<\/li>\n<\/ul>\n<ul>\n<li>\u00c0 Pol\u00edcia Federal, ele diz ter conhecimento de \u201cmuitos funcion\u00e1rios da prefeitura que est\u00e3o trabalhando na coliga\u00e7\u00e3o, mas que encontram-se da licen\u00e7a-pr\u00eamio ou de f\u00e9rias\u201d. Disse que o material estava no dep\u00f3sito por n\u00e3o haver espa\u00e7o no comit\u00ea central.<\/li>\n<\/ul>\n<p>&nbsp;<\/p>\n<h3>23 de setembro<\/h3>\n<ul>\n<li>Nova nota da coliga\u00e7\u00e3o BOM diz que \u201ccaber\u00e1 ao ex-coordenador financeiro a explica\u00e7\u00e3o da origem\u201d e informa que o mesmo foi desligado da campanha. Diz, ainda, que \u201co dep\u00f3sito de materiais da campanha existente na rua Lagunense n\u00ba 62 est\u00e1 devidamente locado e consta na presta\u00e7\u00e3o de contas da campanha. O contrato de loca\u00e7\u00e3o foi entregue \u00e0s autoridades a fim de comprovar a regularidade.\u201d<\/li>\n<\/ul>\n<ul>\n<li>A dire\u00e7\u00e3o estadual do Partido Republicano Brasileiro afirma que \u201co tesoureiro de campanha indicado, e j\u00e1 afastado pela coliga\u00e7\u00e3o Bloco do Orgulho Municipal, n\u00e3o \u00e9 e nunca foi filiado ao nosso partido\u201d. Diz ainda que \u201co PRB tamb\u00e9m est\u00e1 empenhado em saber a origem dos recursos apreendidos e aguarda a elucida\u00e7\u00e3o dos fatos por parte da Pol\u00edcia Federal e da Justi\u00e7a Eleitoral, na qual temos plena e irrestrita confian\u00e7a\u201d.<\/li>\n<\/ul>\n<ul>\n<li>Delegado de pol\u00edcia solicita o fim do sigilo nos autos do processo, noticiando que as medidas j\u00e1 foram cumpridas com divulga\u00e7\u00e3o na m\u00eddia, sem preju\u00edzo do andamento da investiga\u00e7\u00e3o, e disse ainda que devido \u00e0 \u201crepercuss\u00e3o do caso, a imprensa tem questionado sobre o fato e a investiga\u00e7\u00e3o, de modo que com o afastamento do sigilo, se poder\u00e1 responder tais questionamentos.\u201d<\/li>\n<\/ul>\n<ul>\n<li>Com o consentimento da Procuradoria Regional Eleitoral, a ju\u00edza Dra. Maria de Lourdes retira o sigilo do inqu\u00e9rito.<\/li>\n<\/ul>\n<p>&nbsp;<\/p>\n<h3>24 de setembro<\/h3>\n<ul>\n<li>O MP Eleitoral de Canoas, pelo promotor Jo\u00e3o Paulo Fontoura de Medeiros, prop\u00f5e A\u00e7\u00e3o Cautelar de Exibi\u00e7\u00e3o de Documentos contra a candidata Beth Colombo, o Partido Republicano Brasileiro e o Bloco do Orgulho Municipal (BOM). O MPE aponta que todo o recurso recebido deveria ser informado \u00e0 Justi\u00e7a em at\u00e9 72 horas. \u201cA candidata informou, at\u00e9 a data de hoje, em respeito ao preceituado no \u00a7 4.\u00ba do artigo 28 da Lei n\u00ba 9.504\/97, o valor total de recursos por ela recebidos: R$ 190.850,00\u201d.<\/li>\n<\/ul>\n<p>&nbsp;<\/p>\n<h3>25 de setembro<\/h3>\n<ul>\n<li>O juiz eleitoral de Canoas, Dr. Geraldo Anast\u00e1cio Brandeburski J\u00fanior, defere a liminar na A\u00e7\u00e3o Cautelar n\u00b0 0000355-32.2016.6.21.0171 e concede o prazo de cinco dias para que a candidata e a coliga\u00e7\u00e3o apresentem os comprovantes id\u00f4neos dos valores apreendidos no Comit\u00ea.<\/li>\n<\/ul>\n<p>&nbsp;<\/p>\n<h3>27 de setembro<\/h3>\n<ul>\n<li>Beth Colombo requer a transfer\u00eancia de seu depoimento na PF que estava marcado para o dia 28 para o dia 3 e solicita o espelhamento do material dos computadores apreendidos pela PF.<\/li>\n<\/ul>\n<p>&nbsp;<\/p>\n<h3>28 de setembro<\/h3>\n<ul>\n<li>Relatora do processo defere o pedido de Beth Colombo para n\u00e3o depor no dia 28, em fun\u00e7\u00e3o de estar em campanha eleitoral, mas sim no dia 3 de setembro. \u201cAcarretaria nova s\u00e9rie de boatos\u201d, argumentou. Tamb\u00e9m deferiu o pedido de espelhamento.<\/li>\n<\/ul>\n<ul>\n<li>A candidata contratou para sua defesa advogado criminalista Jader Marques. Uma das atitudes ser\u00e1 abrir uma sindic\u00e2ncia interna dentro da sua campanha para descobrir a origem dos mais de R$ 500 mil encontrados entre o seu comit\u00ea central e a casa do tesoureiro da campanha Guilherme Ortiz.<\/li>\n<\/ul>\n","protected":false},"excerpt":{"rendered":"<p>O Tribunal Regional do Estado do Rio Grande do Sul (TRE-RS) decidiu derrubar\u00a0o sigilo que existia no inqu\u00e9rito aberto pela Pol\u00edcia Federal (PF), a pedido da pr\u00f3pria PF, sobre a apreens\u00e3o de R$ 526 mil no comit\u00ea central da candidata \u00e0 Prefeitura de Canoas, Beth Colombo (PRB), e na casa do ent\u00e3o tesoureiro da campanha, [&hellip;]<\/p>\n","protected":false},"author":1,"featured_media":5143,"comment_status":"open","ping_status":"open","sticky":false,"template":"","format":"standard","meta":{"amp_status":"","footnotes":""},"categories":[19,22,30,20],"tags":[],"class_list":["post-5223","post","type-post","status-publish","format-standard","has-post-thumbnail","hentry","category-destaques","category-noticias","category-policial","category-politica-noticias"],"yoast_head":"<!-- This site is optimized with the Yoast SEO plugin v20.5 - https:\/\/yoast.com\/wordpress\/plugins\/seo\/ -->\n<title>LEIA NA \u00cdNTEGRA: Justi\u00e7a retira segredo do inqu\u00e9rito que resultou em apreens\u00e3o de R$ 526 mil - O Timoneiro Jornal Canoas RS<\/title>\n<meta name=\"robots\" content=\"index, follow, max-snippet:-1, max-image-preview:large, max-video-preview:-1\" \/>\n<link rel=\"canonical\" href=\"https:\/\/jornaltimoneiro.com.br\/index.php\/2016\/09\/30\/inquerito-pf\/\" \/>\n<meta property=\"og:locale\" content=\"pt_BR\" \/>\n<meta property=\"og:type\" content=\"article\" \/>\n<meta property=\"og:title\" content=\"LEIA NA \u00cdNTEGRA: Justi\u00e7a retira segredo do inqu\u00e9rito que resultou em apreens\u00e3o de R$ 526 mil - O Timoneiro Jornal Canoas RS\" \/>\n<meta property=\"og:description\" content=\"O Tribunal Regional do Estado do Rio Grande do Sul (TRE-RS) decidiu derrubar\u00a0o sigilo que existia no inqu\u00e9rito aberto pela Pol\u00edcia Federal (PF), a pedido da pr\u00f3pria PF, sobre a apreens\u00e3o de R$ 526 mil no comit\u00ea central da candidata \u00e0 Prefeitura de Canoas, Beth Colombo (PRB), e na casa do ent\u00e3o tesoureiro da campanha, [&hellip;]\" \/>\n<meta property=\"og:url\" content=\"https:\/\/jornaltimoneiro.com.br\/index.php\/2016\/09\/30\/inquerito-pf\/\" \/>\n<meta property=\"og:site_name\" content=\"O Timoneiro Jornal Canoas RS\" \/>\n<meta property=\"article:publisher\" content=\"https:\/\/www.facebook.com\/jornaltimoneiro\" \/>\n<meta property=\"article:published_time\" content=\"2016-09-30T14:11:10+00:00\" \/>\n<meta name=\"author\" content=\"Reda\u00e7\u00e3o\" \/>\n<meta name=\"twitter:card\" content=\"summary_large_image\" \/>\n<meta name=\"twitter:creator\" content=\"@_OTimoneiro\" \/>\n<meta name=\"twitter:site\" content=\"@_OTimoneiro\" \/>\n<meta name=\"twitter:label1\" content=\"Escrito por\" \/>\n\t<meta name=\"twitter:data1\" content=\"Reda\u00e7\u00e3o\" \/>\n\t<meta name=\"twitter:label2\" content=\"Est. tempo de leitura\" \/>\n\t<meta name=\"twitter:data2\" content=\"8 minutos\" \/>\n<script type=\"application\/ld+json\" class=\"yoast-schema-graph\">{\"@context\":\"https:\/\/schema.org\",\"@graph\":[{\"@type\":\"Article\",\"@id\":\"https:\/\/jornaltimoneiro.com.br\/index.php\/2016\/09\/30\/inquerito-pf\/#article\",\"isPartOf\":{\"@id\":\"https:\/\/jornaltimoneiro.com.br\/index.php\/2016\/09\/30\/inquerito-pf\/\"},\"author\":{\"name\":\"Reda\u00e7\u00e3o\",\"@id\":\"https:\/\/jornaltimoneiro.com.br\/#\/schema\/person\/620efd1d8244466117482be494360b08\"},\"headline\":\"LEIA NA \u00cdNTEGRA: Justi\u00e7a retira segredo do inqu\u00e9rito que resultou em apreens\u00e3o de R$ 526 mil\",\"datePublished\":\"2016-09-30T14:11:10+00:00\",\"dateModified\":\"2016-09-30T14:11:10+00:00\",\"mainEntityOfPage\":{\"@id\":\"https:\/\/jornaltimoneiro.com.br\/index.php\/2016\/09\/30\/inquerito-pf\/\"},\"wordCount\":1682,\"commentCount\":0,\"publisher\":{\"@id\":\"https:\/\/jornaltimoneiro.com.br\/#organization\"},\"articleSection\":[\"Destaques\",\"Not\u00edcias\",\"Policial\",\"Pol\u00edtica\"],\"inLanguage\":\"pt-BR\",\"potentialAction\":[{\"@type\":\"CommentAction\",\"name\":\"Comment\",\"target\":[\"https:\/\/jornaltimoneiro.com.br\/index.php\/2016\/09\/30\/inquerito-pf\/#respond\"]}]},{\"@type\":\"WebPage\",\"@id\":\"https:\/\/jornaltimoneiro.com.br\/index.php\/2016\/09\/30\/inquerito-pf\/\",\"url\":\"https:\/\/jornaltimoneiro.com.br\/index.php\/2016\/09\/30\/inquerito-pf\/\",\"name\":\"LEIA NA \u00cdNTEGRA: Justi\u00e7a retira segredo do inqu\u00e9rito que resultou em apreens\u00e3o de R$ 526 mil - O Timoneiro Jornal Canoas RS\",\"isPartOf\":{\"@id\":\"https:\/\/jornaltimoneiro.com.br\/#website\"},\"datePublished\":\"2016-09-30T14:11:10+00:00\",\"dateModified\":\"2016-09-30T14:11:10+00:00\",\"breadcrumb\":{\"@id\":\"https:\/\/jornaltimoneiro.com.br\/index.php\/2016\/09\/30\/inquerito-pf\/#breadcrumb\"},\"inLanguage\":\"pt-BR\",\"potentialAction\":[{\"@type\":\"ReadAction\",\"target\":[\"https:\/\/jornaltimoneiro.com.br\/index.php\/2016\/09\/30\/inquerito-pf\/\"]}]},{\"@type\":\"BreadcrumbList\",\"@id\":\"https:\/\/jornaltimoneiro.com.br\/index.php\/2016\/09\/30\/inquerito-pf\/#breadcrumb\",\"itemListElement\":[{\"@type\":\"ListItem\",\"position\":1,\"name\":\"In\u00edcio\",\"item\":\"https:\/\/jornaltimoneiro.com.br\/\"},{\"@type\":\"ListItem\",\"position\":2,\"name\":\"LEIA NA \u00cdNTEGRA: Justi\u00e7a retira segredo do inqu\u00e9rito que resultou em apreens\u00e3o de R$ 526 mil\"}]},{\"@type\":\"WebSite\",\"@id\":\"https:\/\/jornaltimoneiro.com.br\/#website\",\"url\":\"https:\/\/jornaltimoneiro.com.br\/\",\"name\":\"Jornal Timoneiro Canoas RS\",\"description\":\"Jornal O Timoneiro, o verdadeiro jornal de Canoas\",\"publisher\":{\"@id\":\"https:\/\/jornaltimoneiro.com.br\/#organization\"},\"potentialAction\":[{\"@type\":\"SearchAction\",\"target\":{\"@type\":\"EntryPoint\",\"urlTemplate\":\"https:\/\/jornaltimoneiro.com.br\/?s={search_term_string}\"},\"query-input\":\"required name=search_term_string\"}],\"inLanguage\":\"pt-BR\"},{\"@type\":\"Organization\",\"@id\":\"https:\/\/jornaltimoneiro.com.br\/#organization\",\"name\":\"Jornal Timoneiro Canoas RS\",\"url\":\"https:\/\/jornaltimoneiro.com.br\/\",\"logo\":{\"@type\":\"ImageObject\",\"inLanguage\":\"pt-BR\",\"@id\":\"https:\/\/jornaltimoneiro.com.br\/#\/schema\/logo\/image\/\",\"url\":\"https:\/\/jornaltimoneiro.com.br\/wp-content\/uploads\/2023\/03\/logonovo.png\",\"contentUrl\":\"https:\/\/jornaltimoneiro.com.br\/wp-content\/uploads\/2023\/03\/logonovo.png\",\"width\":\"469\",\"height\":\"171\",\"caption\":\"Jornal Timoneiro Canoas RS\"},\"image\":{\"@id\":\"https:\/\/jornaltimoneiro.com.br\/#\/schema\/logo\/image\/\"},\"sameAs\":[\"https:\/\/www.facebook.com\/jornaltimoneiro\",\"https:\/\/twitter.com\/_OTimoneiro\",\"https:\/\/www.instagram.com\/jornaltimoneirocanoas\/\",\"https:\/\/www.youtube.com\/@jornalotimoneiro7927\"]},{\"@type\":\"Person\",\"@id\":\"https:\/\/jornaltimoneiro.com.br\/#\/schema\/person\/620efd1d8244466117482be494360b08\",\"name\":\"Reda\u00e7\u00e3o\",\"image\":{\"@type\":\"ImageObject\",\"inLanguage\":\"pt-BR\",\"@id\":\"https:\/\/jornaltimoneiro.com.br\/#\/schema\/person\/image\/\",\"url\":\"https:\/\/secure.gravatar.com\/avatar\/2f04e1b304682a8d9db336c7acd77f08?s=96&d=mm&r=g\",\"contentUrl\":\"https:\/\/secure.gravatar.com\/avatar\/2f04e1b304682a8d9db336c7acd77f08?s=96&d=mm&r=g\",\"caption\":\"Reda\u00e7\u00e3o\"},\"url\":\"https:\/\/jornaltimoneiro.com.br\/index.php\/author\/timoneirocanoas\/\"}]}<\/script>\n<!-- \/ Yoast SEO plugin. -->","yoast_head_json":{"title":"LEIA NA \u00cdNTEGRA: Justi\u00e7a retira segredo do inqu\u00e9rito que resultou em apreens\u00e3o de R$ 526 mil - O Timoneiro Jornal Canoas RS","robots":{"index":"index","follow":"follow","max-snippet":"max-snippet:-1","max-image-preview":"max-image-preview:large","max-video-preview":"max-video-preview:-1"},"canonical":"https:\/\/jornaltimoneiro.com.br\/index.php\/2016\/09\/30\/inquerito-pf\/","og_locale":"pt_BR","og_type":"article","og_title":"LEIA NA \u00cdNTEGRA: Justi\u00e7a retira segredo do inqu\u00e9rito que resultou em apreens\u00e3o de R$ 526 mil - O Timoneiro Jornal Canoas RS","og_description":"O Tribunal Regional do Estado do Rio Grande do Sul (TRE-RS) decidiu derrubar\u00a0o sigilo que existia no inqu\u00e9rito aberto pela Pol\u00edcia Federal (PF), a pedido da pr\u00f3pria PF, sobre a apreens\u00e3o de R$ 526 mil no comit\u00ea central da candidata \u00e0 Prefeitura de Canoas, Beth Colombo (PRB), e na casa do ent\u00e3o tesoureiro da campanha, [&hellip;]","og_url":"https:\/\/jornaltimoneiro.com.br\/index.php\/2016\/09\/30\/inquerito-pf\/","og_site_name":"O Timoneiro Jornal Canoas RS","article_publisher":"https:\/\/www.facebook.com\/jornaltimoneiro","article_published_time":"2016-09-30T14:11:10+00:00","author":"Reda\u00e7\u00e3o","twitter_card":"summary_large_image","twitter_creator":"@_OTimoneiro","twitter_site":"@_OTimoneiro","twitter_misc":{"Escrito por":"Reda\u00e7\u00e3o","Est. tempo de leitura":"8 minutos"},"schema":{"@context":"https:\/\/schema.org","@graph":[{"@type":"Article","@id":"https:\/\/jornaltimoneiro.com.br\/index.php\/2016\/09\/30\/inquerito-pf\/#article","isPartOf":{"@id":"https:\/\/jornaltimoneiro.com.br\/index.php\/2016\/09\/30\/inquerito-pf\/"},"author":{"name":"Reda\u00e7\u00e3o","@id":"https:\/\/jornaltimoneiro.com.br\/#\/schema\/person\/620efd1d8244466117482be494360b08"},"headline":"LEIA NA \u00cdNTEGRA: Justi\u00e7a retira segredo do inqu\u00e9rito que resultou em apreens\u00e3o de R$ 526 mil","datePublished":"2016-09-30T14:11:10+00:00","dateModified":"2016-09-30T14:11:10+00:00","mainEntityOfPage":{"@id":"https:\/\/jornaltimoneiro.com.br\/index.php\/2016\/09\/30\/inquerito-pf\/"},"wordCount":1682,"commentCount":0,"publisher":{"@id":"https:\/\/jornaltimoneiro.com.br\/#organization"},"articleSection":["Destaques","Not\u00edcias","Policial","Pol\u00edtica"],"inLanguage":"pt-BR","potentialAction":[{"@type":"CommentAction","name":"Comment","target":["https:\/\/jornaltimoneiro.com.br\/index.php\/2016\/09\/30\/inquerito-pf\/#respond"]}]},{"@type":"WebPage","@id":"https:\/\/jornaltimoneiro.com.br\/index.php\/2016\/09\/30\/inquerito-pf\/","url":"https:\/\/jornaltimoneiro.com.br\/index.php\/2016\/09\/30\/inquerito-pf\/","name":"LEIA NA \u00cdNTEGRA: Justi\u00e7a retira segredo do inqu\u00e9rito que resultou em apreens\u00e3o de R$ 526 mil - O Timoneiro Jornal Canoas RS","isPartOf":{"@id":"https:\/\/jornaltimoneiro.com.br\/#website"},"datePublished":"2016-09-30T14:11:10+00:00","dateModified":"2016-09-30T14:11:10+00:00","breadcrumb":{"@id":"https:\/\/jornaltimoneiro.com.br\/index.php\/2016\/09\/30\/inquerito-pf\/#breadcrumb"},"inLanguage":"pt-BR","potentialAction":[{"@type":"ReadAction","target":["https:\/\/jornaltimoneiro.com.br\/index.php\/2016\/09\/30\/inquerito-pf\/"]}]},{"@type":"BreadcrumbList","@id":"https:\/\/jornaltimoneiro.com.br\/index.php\/2016\/09\/30\/inquerito-pf\/#breadcrumb","itemListElement":[{"@type":"ListItem","position":1,"name":"In\u00edcio","item":"https:\/\/jornaltimoneiro.com.br\/"},{"@type":"ListItem","position":2,"name":"LEIA NA \u00cdNTEGRA: Justi\u00e7a retira segredo do inqu\u00e9rito que resultou em apreens\u00e3o de R$ 526 mil"}]},{"@type":"WebSite","@id":"https:\/\/jornaltimoneiro.com.br\/#website","url":"https:\/\/jornaltimoneiro.com.br\/","name":"Jornal Timoneiro Canoas RS","description":"Jornal O Timoneiro, o verdadeiro jornal de Canoas","publisher":{"@id":"https:\/\/jornaltimoneiro.com.br\/#organization"},"potentialAction":[{"@type":"SearchAction","target":{"@type":"EntryPoint","urlTemplate":"https:\/\/jornaltimoneiro.com.br\/?s={search_term_string}"},"query-input":"required name=search_term_string"}],"inLanguage":"pt-BR"},{"@type":"Organization","@id":"https:\/\/jornaltimoneiro.com.br\/#organization","name":"Jornal Timoneiro Canoas RS","url":"https:\/\/jornaltimoneiro.com.br\/","logo":{"@type":"ImageObject","inLanguage":"pt-BR","@id":"https:\/\/jornaltimoneiro.com.br\/#\/schema\/logo\/image\/","url":"https:\/\/jornaltimoneiro.com.br\/wp-content\/uploads\/2023\/03\/logonovo.png","contentUrl":"https:\/\/jornaltimoneiro.com.br\/wp-content\/uploads\/2023\/03\/logonovo.png","width":"469","height":"171","caption":"Jornal Timoneiro Canoas RS"},"image":{"@id":"https:\/\/jornaltimoneiro.com.br\/#\/schema\/logo\/image\/"},"sameAs":["https:\/\/www.facebook.com\/jornaltimoneiro","https:\/\/twitter.com\/_OTimoneiro","https:\/\/www.instagram.com\/jornaltimoneirocanoas\/","https:\/\/www.youtube.com\/@jornalotimoneiro7927"]},{"@type":"Person","@id":"https:\/\/jornaltimoneiro.com.br\/#\/schema\/person\/620efd1d8244466117482be494360b08","name":"Reda\u00e7\u00e3o","image":{"@type":"ImageObject","inLanguage":"pt-BR","@id":"https:\/\/jornaltimoneiro.com.br\/#\/schema\/person\/image\/","url":"https:\/\/secure.gravatar.com\/avatar\/2f04e1b304682a8d9db336c7acd77f08?s=96&d=mm&r=g","contentUrl":"https:\/\/secure.gravatar.com\/avatar\/2f04e1b304682a8d9db336c7acd77f08?s=96&d=mm&r=g","caption":"Reda\u00e7\u00e3o"},"url":"https:\/\/jornaltimoneiro.com.br\/index.php\/author\/timoneirocanoas\/"}]}},"_links":{"self":[{"href":"https:\/\/jornaltimoneiro.com.br\/index.php\/wp-json\/wp\/v2\/posts\/5223"}],"collection":[{"href":"https:\/\/jornaltimoneiro.com.br\/index.php\/wp-json\/wp\/v2\/posts"}],"about":[{"href":"https:\/\/jornaltimoneiro.com.br\/index.php\/wp-json\/wp\/v2\/types\/post"}],"author":[{"embeddable":true,"href":"https:\/\/jornaltimoneiro.com.br\/index.php\/wp-json\/wp\/v2\/users\/1"}],"replies":[{"embeddable":true,"href":"https:\/\/jornaltimoneiro.com.br\/index.php\/wp-json\/wp\/v2\/comments?post=5223"}],"version-history":[{"count":0,"href":"https:\/\/jornaltimoneiro.com.br\/index.php\/wp-json\/wp\/v2\/posts\/5223\/revisions"}],"wp:featuredmedia":[{"embeddable":true,"href":"https:\/\/jornaltimoneiro.com.br\/index.php\/wp-json\/"}],"wp:attachment":[{"href":"https:\/\/jornaltimoneiro.com.br\/index.php\/wp-json\/wp\/v2\/media?parent=5223"}],"wp:term":[{"taxonomy":"category","embeddable":true,"href":"https:\/\/jornaltimoneiro.com.br\/index.php\/wp-json\/wp\/v2\/categories?post=5223"},{"taxonomy":"post_tag","embeddable":true,"href":"https:\/\/jornaltimoneiro.com.br\/index.php\/wp-json\/wp\/v2\/tags?post=5223"}],"curies":[{"name":"wp","href":"https:\/\/api.w.org\/{rel}","templated":true}]}}