{"id":519,"date":"2015-07-03T08:35:42","date_gmt":"2015-07-03T11:35:42","guid":{"rendered":"http:\/\/otimoneiro.com.br\/?p=519"},"modified":"2015-07-03T08:35:42","modified_gmt":"2015-07-03T11:35:42","slug":"sidiclei-mancy-e-o-novo-vereador-do-pdt-na-camara","status":"publish","type":"post","link":"https:\/\/jornaltimoneiro.com.br\/index.php\/2015\/07\/03\/sidiclei-mancy-e-o-novo-vereador-do-pdt-na-camara\/","title":{"rendered":"Sidiclei Mancy \u00e9 o novo  vereador do PDT na C\u00e2mara"},"content":{"rendered":"<p style=\"text-align: justify;\">Na \u00faltima quarta-feira, 1, o secret\u00e1rio especial da coordenadoria de pol\u00edticas para igualdade racial, Sidiclei Mancy, assumiu a vaga deixada pelo vereador Dario da Silveira, licenciado para assumir o cargo de secret\u00e1rio municipal de Obras. Sidiclei fez juramento em cerim\u00f4nia no Gabinete da Presid\u00eancia e exaltou a atua\u00e7\u00e3o do prefeito, Jairo Jorge (PT), e disse que pretende fazer a diferen\u00e7a para a cidade juntamente com os demais colegas de Casa. \u201cEspero que eu possa ser motivo de orgulho, principalmente para a minha m\u00e3e, minha grande companheira\u201d, deu \u00eanfase.<br \/>\nPaulo Ritter (PT), presidente da C\u00e2mara, destacou a atua\u00e7\u00e3o do suplente, l\u00edder comunit\u00e1rio e militante do Movimento Negro Brasileiro afirmando que sua presen\u00e7a do Legislativo ser\u00e1 de \u201cfundamental import\u00e2ncia pelos valores e virtudes que ele representa\u201d.<\/p>\n<p style=\"text-align: justify;\"><strong>15 anos concorrendo<\/strong><br \/>\nEm entrevista, Sidicley salientou que concorre desde 2000 a vaga na Casa, mas que sua trajet\u00f3ria come\u00e7ou muito antes, aos seis anos de idade, nas comunidades cat\u00f3licas de bairro da Vila Cerne, com uma fam\u00edlia sempre envolvida em diversos movimentos. \u201c\u00c9 o reconhecimento de todo um trabalho que venho realizando\u201d, afirmou.<br \/>\nSegundo ele, foi o negro mais votado da cidade em todas as elei\u00e7\u00f5es que participou, estando sempre entre os vinte concorrentes mais votados. O parlamentar pretende lutar pelos direitos humanos no per\u00edodo em que assumir\u00e1 a cadeira. \u201cLutar pela quest\u00e3o dos direitos humanos, igualdade social, equidade. Meu trabalho \u00e9 um trabalho para que todo ser humano tenha seus direitos, independente de suas diferen\u00e7as. A miss\u00e3o \u00e9 continuar contribuindo para as melhorias da cidade\u201d, conclui.<\/p>\n<p style=\"text-align: justify;\"><strong>Mudan\u00e7as no Executivo<\/strong><br \/>\nDario da Silveira deixou o posto para assumir a vaga que era ocupada pelo companheiro de sigla, Alcy Paulo de Oliveira, o Cica. \u201cDarei continuidade ao excelente trabalho desenvolvido pelo secret\u00e1rio Cica\u201d, salientou na tribuna da C\u00e2mara. Ser\u00e1 a segunda participa\u00e7\u00e3o de D\u00e1rio no Executivo. Em 2010, assumiu a Secretaria Municipal de Esportes. Cica, por sua vez, ficar\u00e1 30 dias afastado e \u201cvoltar\u00e1 para trabalhar diretamente com o prefeito Jairo Jorge, no Gabinete\u201d, informa o \u00f3rg\u00e3o.<br \/>\nQuem assume a Coordenadoria de Pol\u00edticas para Igualdade Racial \u00e9 Olivan Machado Cardoso, diretor da pr\u00f3pria coordenadoria. A Subprefeitura da regi\u00e3o Sudeste tamb\u00e9m ter\u00e1 altera\u00e7\u00e3o. Juliano Furquim, atual subprefeito, sair\u00e1 por ser genro de Dario e poderia ser enquadrado na Lei de Nepotismo. Luciano Coronal, diretor da subprefeitura, assume interinamente.<\/p>\n","protected":false},"excerpt":{"rendered":"<p>Dario da Silveira, titular da vaga, se licenciou para assumir a Secretaria Municipal de Obras<\/p>\n","protected":false},"author":1,"featured_media":0,"comment_status":"open","ping_status":"open","sticky":false,"template":"","format":"standard","meta":{"amp_status":"","footnotes":""},"categories":[19,22,20],"tags":[],"class_list":["post-519","post","type-post","status-publish","format-standard","hentry","category-destaques","category-noticias","category-politica-noticias"],"yoast_head":"<!-- This site is optimized with the Yoast SEO plugin v20.5 - https:\/\/yoast.com\/wordpress\/plugins\/seo\/ -->\n<title>Sidiclei Mancy \u00e9 o novo vereador do PDT na C\u00e2mara - O Timoneiro Jornal Canoas RS<\/title>\n<meta name=\"robots\" content=\"index, follow, max-snippet:-1, max-image-preview:large, max-video-preview:-1\" \/>\n<link rel=\"canonical\" href=\"https:\/\/jornaltimoneiro.com.br\/index.php\/2015\/07\/03\/sidiclei-mancy-e-o-novo-vereador-do-pdt-na-camara\/\" \/>\n<meta property=\"og:locale\" content=\"pt_BR\" \/>\n<meta property=\"og:type\" content=\"article\" \/>\n<meta property=\"og:title\" content=\"Sidiclei Mancy \u00e9 o novo vereador do PDT na C\u00e2mara - O Timoneiro Jornal Canoas RS\" \/>\n<meta property=\"og:description\" content=\"Dario da Silveira, titular da vaga, se licenciou para assumir a Secretaria Municipal de Obras\" \/>\n<meta property=\"og:url\" content=\"https:\/\/jornaltimoneiro.com.br\/index.php\/2015\/07\/03\/sidiclei-mancy-e-o-novo-vereador-do-pdt-na-camara\/\" \/>\n<meta property=\"og:site_name\" content=\"O Timoneiro Jornal Canoas RS\" \/>\n<meta property=\"article:publisher\" content=\"https:\/\/www.facebook.com\/jornaltimoneiro\" \/>\n<meta property=\"article:published_time\" content=\"2015-07-03T11:35:42+00:00\" \/>\n<meta name=\"author\" content=\"Reda\u00e7\u00e3o\" \/>\n<meta name=\"twitter:card\" content=\"summary_large_image\" \/>\n<meta name=\"twitter:creator\" content=\"@_OTimoneiro\" \/>\n<meta name=\"twitter:site\" content=\"@_OTimoneiro\" \/>\n<meta name=\"twitter:label1\" content=\"Escrito por\" \/>\n\t<meta name=\"twitter:data1\" content=\"Reda\u00e7\u00e3o\" \/>\n\t<meta name=\"twitter:label2\" content=\"Est. tempo de leitura\" \/>\n\t<meta name=\"twitter:data2\" content=\"2 minutos\" \/>\n<script type=\"application\/ld+json\" class=\"yoast-schema-graph\">{\"@context\":\"https:\/\/schema.org\",\"@graph\":[{\"@type\":\"Article\",\"@id\":\"https:\/\/jornaltimoneiro.com.br\/index.php\/2015\/07\/03\/sidiclei-mancy-e-o-novo-vereador-do-pdt-na-camara\/#article\",\"isPartOf\":{\"@id\":\"https:\/\/jornaltimoneiro.com.br\/index.php\/2015\/07\/03\/sidiclei-mancy-e-o-novo-vereador-do-pdt-na-camara\/\"},\"author\":{\"name\":\"Reda\u00e7\u00e3o\",\"@id\":\"https:\/\/jornaltimoneiro.com.br\/#\/schema\/person\/620efd1d8244466117482be494360b08\"},\"headline\":\"Sidiclei Mancy \u00e9 o novo vereador do PDT na C\u00e2mara\",\"datePublished\":\"2015-07-03T11:35:42+00:00\",\"dateModified\":\"2015-07-03T11:35:42+00:00\",\"mainEntityOfPage\":{\"@id\":\"https:\/\/jornaltimoneiro.com.br\/index.php\/2015\/07\/03\/sidiclei-mancy-e-o-novo-vereador-do-pdt-na-camara\/\"},\"wordCount\":416,\"commentCount\":0,\"publisher\":{\"@id\":\"https:\/\/jornaltimoneiro.com.br\/#organization\"},\"articleSection\":[\"Destaques\",\"Not\u00edcias\",\"Pol\u00edtica\"],\"inLanguage\":\"pt-BR\",\"potentialAction\":[{\"@type\":\"CommentAction\",\"name\":\"Comment\",\"target\":[\"https:\/\/jornaltimoneiro.com.br\/index.php\/2015\/07\/03\/sidiclei-mancy-e-o-novo-vereador-do-pdt-na-camara\/#respond\"]}]},{\"@type\":\"WebPage\",\"@id\":\"https:\/\/jornaltimoneiro.com.br\/index.php\/2015\/07\/03\/sidiclei-mancy-e-o-novo-vereador-do-pdt-na-camara\/\",\"url\":\"https:\/\/jornaltimoneiro.com.br\/index.php\/2015\/07\/03\/sidiclei-mancy-e-o-novo-vereador-do-pdt-na-camara\/\",\"name\":\"Sidiclei Mancy \u00e9 o novo vereador do PDT na C\u00e2mara - O Timoneiro Jornal Canoas RS\",\"isPartOf\":{\"@id\":\"https:\/\/jornaltimoneiro.com.br\/#website\"},\"datePublished\":\"2015-07-03T11:35:42+00:00\",\"dateModified\":\"2015-07-03T11:35:42+00:00\",\"breadcrumb\":{\"@id\":\"https:\/\/jornaltimoneiro.com.br\/index.php\/2015\/07\/03\/sidiclei-mancy-e-o-novo-vereador-do-pdt-na-camara\/#breadcrumb\"},\"inLanguage\":\"pt-BR\",\"potentialAction\":[{\"@type\":\"ReadAction\",\"target\":[\"https:\/\/jornaltimoneiro.com.br\/index.php\/2015\/07\/03\/sidiclei-mancy-e-o-novo-vereador-do-pdt-na-camara\/\"]}]},{\"@type\":\"BreadcrumbList\",\"@id\":\"https:\/\/jornaltimoneiro.com.br\/index.php\/2015\/07\/03\/sidiclei-mancy-e-o-novo-vereador-do-pdt-na-camara\/#breadcrumb\",\"itemListElement\":[{\"@type\":\"ListItem\",\"position\":1,\"name\":\"In\u00edcio\",\"item\":\"https:\/\/jornaltimoneiro.com.br\/\"},{\"@type\":\"ListItem\",\"position\":2,\"name\":\"Sidiclei Mancy \u00e9 o novo vereador do PDT na C\u00e2mara\"}]},{\"@type\":\"WebSite\",\"@id\":\"https:\/\/jornaltimoneiro.com.br\/#website\",\"url\":\"https:\/\/jornaltimoneiro.com.br\/\",\"name\":\"Jornal Timoneiro Canoas RS\",\"description\":\"Jornal O Timoneiro, o verdadeiro jornal de Canoas\",\"publisher\":{\"@id\":\"https:\/\/jornaltimoneiro.com.br\/#organization\"},\"potentialAction\":[{\"@type\":\"SearchAction\",\"target\":{\"@type\":\"EntryPoint\",\"urlTemplate\":\"https:\/\/jornaltimoneiro.com.br\/?s={search_term_string}\"},\"query-input\":\"required name=search_term_string\"}],\"inLanguage\":\"pt-BR\"},{\"@type\":\"Organization\",\"@id\":\"https:\/\/jornaltimoneiro.com.br\/#organization\",\"name\":\"Jornal Timoneiro Canoas RS\",\"url\":\"https:\/\/jornaltimoneiro.com.br\/\",\"logo\":{\"@type\":\"ImageObject\",\"inLanguage\":\"pt-BR\",\"@id\":\"https:\/\/jornaltimoneiro.com.br\/#\/schema\/logo\/image\/\",\"url\":\"https:\/\/jornaltimoneiro.com.br\/wp-content\/uploads\/2023\/03\/logonovo.png\",\"contentUrl\":\"https:\/\/jornaltimoneiro.com.br\/wp-content\/uploads\/2023\/03\/logonovo.png\",\"width\":\"469\",\"height\":\"171\",\"caption\":\"Jornal Timoneiro Canoas RS\"},\"image\":{\"@id\":\"https:\/\/jornaltimoneiro.com.br\/#\/schema\/logo\/image\/\"},\"sameAs\":[\"https:\/\/www.facebook.com\/jornaltimoneiro\",\"https:\/\/twitter.com\/_OTimoneiro\",\"https:\/\/www.instagram.com\/jornaltimoneirocanoas\/\",\"https:\/\/www.youtube.com\/@jornalotimoneiro7927\"]},{\"@type\":\"Person\",\"@id\":\"https:\/\/jornaltimoneiro.com.br\/#\/schema\/person\/620efd1d8244466117482be494360b08\",\"name\":\"Reda\u00e7\u00e3o\",\"image\":{\"@type\":\"ImageObject\",\"inLanguage\":\"pt-BR\",\"@id\":\"https:\/\/jornaltimoneiro.com.br\/#\/schema\/person\/image\/\",\"url\":\"https:\/\/secure.gravatar.com\/avatar\/2f04e1b304682a8d9db336c7acd77f08?s=96&d=mm&r=g\",\"contentUrl\":\"https:\/\/secure.gravatar.com\/avatar\/2f04e1b304682a8d9db336c7acd77f08?s=96&d=mm&r=g\",\"caption\":\"Reda\u00e7\u00e3o\"},\"url\":\"https:\/\/jornaltimoneiro.com.br\/index.php\/author\/timoneirocanoas\/\"}]}<\/script>\n<!-- \/ Yoast SEO plugin. -->","yoast_head_json":{"title":"Sidiclei Mancy \u00e9 o novo vereador do PDT na C\u00e2mara - O Timoneiro Jornal Canoas RS","robots":{"index":"index","follow":"follow","max-snippet":"max-snippet:-1","max-image-preview":"max-image-preview:large","max-video-preview":"max-video-preview:-1"},"canonical":"https:\/\/jornaltimoneiro.com.br\/index.php\/2015\/07\/03\/sidiclei-mancy-e-o-novo-vereador-do-pdt-na-camara\/","og_locale":"pt_BR","og_type":"article","og_title":"Sidiclei Mancy \u00e9 o novo vereador do PDT na C\u00e2mara - O Timoneiro Jornal Canoas RS","og_description":"Dario da Silveira, titular da vaga, se licenciou para assumir a Secretaria Municipal de Obras","og_url":"https:\/\/jornaltimoneiro.com.br\/index.php\/2015\/07\/03\/sidiclei-mancy-e-o-novo-vereador-do-pdt-na-camara\/","og_site_name":"O Timoneiro Jornal Canoas RS","article_publisher":"https:\/\/www.facebook.com\/jornaltimoneiro","article_published_time":"2015-07-03T11:35:42+00:00","author":"Reda\u00e7\u00e3o","twitter_card":"summary_large_image","twitter_creator":"@_OTimoneiro","twitter_site":"@_OTimoneiro","twitter_misc":{"Escrito por":"Reda\u00e7\u00e3o","Est. tempo de leitura":"2 minutos"},"schema":{"@context":"https:\/\/schema.org","@graph":[{"@type":"Article","@id":"https:\/\/jornaltimoneiro.com.br\/index.php\/2015\/07\/03\/sidiclei-mancy-e-o-novo-vereador-do-pdt-na-camara\/#article","isPartOf":{"@id":"https:\/\/jornaltimoneiro.com.br\/index.php\/2015\/07\/03\/sidiclei-mancy-e-o-novo-vereador-do-pdt-na-camara\/"},"author":{"name":"Reda\u00e7\u00e3o","@id":"https:\/\/jornaltimoneiro.com.br\/#\/schema\/person\/620efd1d8244466117482be494360b08"},"headline":"Sidiclei Mancy \u00e9 o novo vereador do PDT na C\u00e2mara","datePublished":"2015-07-03T11:35:42+00:00","dateModified":"2015-07-03T11:35:42+00:00","mainEntityOfPage":{"@id":"https:\/\/jornaltimoneiro.com.br\/index.php\/2015\/07\/03\/sidiclei-mancy-e-o-novo-vereador-do-pdt-na-camara\/"},"wordCount":416,"commentCount":0,"publisher":{"@id":"https:\/\/jornaltimoneiro.com.br\/#organization"},"articleSection":["Destaques","Not\u00edcias","Pol\u00edtica"],"inLanguage":"pt-BR","potentialAction":[{"@type":"CommentAction","name":"Comment","target":["https:\/\/jornaltimoneiro.com.br\/index.php\/2015\/07\/03\/sidiclei-mancy-e-o-novo-vereador-do-pdt-na-camara\/#respond"]}]},{"@type":"WebPage","@id":"https:\/\/jornaltimoneiro.com.br\/index.php\/2015\/07\/03\/sidiclei-mancy-e-o-novo-vereador-do-pdt-na-camara\/","url":"https:\/\/jornaltimoneiro.com.br\/index.php\/2015\/07\/03\/sidiclei-mancy-e-o-novo-vereador-do-pdt-na-camara\/","name":"Sidiclei Mancy \u00e9 o novo vereador do PDT na C\u00e2mara - O Timoneiro Jornal Canoas RS","isPartOf":{"@id":"https:\/\/jornaltimoneiro.com.br\/#website"},"datePublished":"2015-07-03T11:35:42+00:00","dateModified":"2015-07-03T11:35:42+00:00","breadcrumb":{"@id":"https:\/\/jornaltimoneiro.com.br\/index.php\/2015\/07\/03\/sidiclei-mancy-e-o-novo-vereador-do-pdt-na-camara\/#breadcrumb"},"inLanguage":"pt-BR","potentialAction":[{"@type":"ReadAction","target":["https:\/\/jornaltimoneiro.com.br\/index.php\/2015\/07\/03\/sidiclei-mancy-e-o-novo-vereador-do-pdt-na-camara\/"]}]},{"@type":"BreadcrumbList","@id":"https:\/\/jornaltimoneiro.com.br\/index.php\/2015\/07\/03\/sidiclei-mancy-e-o-novo-vereador-do-pdt-na-camara\/#breadcrumb","itemListElement":[{"@type":"ListItem","position":1,"name":"In\u00edcio","item":"https:\/\/jornaltimoneiro.com.br\/"},{"@type":"ListItem","position":2,"name":"Sidiclei Mancy \u00e9 o novo vereador do PDT na C\u00e2mara"}]},{"@type":"WebSite","@id":"https:\/\/jornaltimoneiro.com.br\/#website","url":"https:\/\/jornaltimoneiro.com.br\/","name":"Jornal Timoneiro Canoas RS","description":"Jornal O Timoneiro, o verdadeiro jornal de Canoas","publisher":{"@id":"https:\/\/jornaltimoneiro.com.br\/#organization"},"potentialAction":[{"@type":"SearchAction","target":{"@type":"EntryPoint","urlTemplate":"https:\/\/jornaltimoneiro.com.br\/?s={search_term_string}"},"query-input":"required name=search_term_string"}],"inLanguage":"pt-BR"},{"@type":"Organization","@id":"https:\/\/jornaltimoneiro.com.br\/#organization","name":"Jornal Timoneiro Canoas RS","url":"https:\/\/jornaltimoneiro.com.br\/","logo":{"@type":"ImageObject","inLanguage":"pt-BR","@id":"https:\/\/jornaltimoneiro.com.br\/#\/schema\/logo\/image\/","url":"https:\/\/jornaltimoneiro.com.br\/wp-content\/uploads\/2023\/03\/logonovo.png","contentUrl":"https:\/\/jornaltimoneiro.com.br\/wp-content\/uploads\/2023\/03\/logonovo.png","width":"469","height":"171","caption":"Jornal Timoneiro Canoas RS"},"image":{"@id":"https:\/\/jornaltimoneiro.com.br\/#\/schema\/logo\/image\/"},"sameAs":["https:\/\/www.facebook.com\/jornaltimoneiro","https:\/\/twitter.com\/_OTimoneiro","https:\/\/www.instagram.com\/jornaltimoneirocanoas\/","https:\/\/www.youtube.com\/@jornalotimoneiro7927"]},{"@type":"Person","@id":"https:\/\/jornaltimoneiro.com.br\/#\/schema\/person\/620efd1d8244466117482be494360b08","name":"Reda\u00e7\u00e3o","image":{"@type":"ImageObject","inLanguage":"pt-BR","@id":"https:\/\/jornaltimoneiro.com.br\/#\/schema\/person\/image\/","url":"https:\/\/secure.gravatar.com\/avatar\/2f04e1b304682a8d9db336c7acd77f08?s=96&d=mm&r=g","contentUrl":"https:\/\/secure.gravatar.com\/avatar\/2f04e1b304682a8d9db336c7acd77f08?s=96&d=mm&r=g","caption":"Reda\u00e7\u00e3o"},"url":"https:\/\/jornaltimoneiro.com.br\/index.php\/author\/timoneirocanoas\/"}]}},"_links":{"self":[{"href":"https:\/\/jornaltimoneiro.com.br\/index.php\/wp-json\/wp\/v2\/posts\/519"}],"collection":[{"href":"https:\/\/jornaltimoneiro.com.br\/index.php\/wp-json\/wp\/v2\/posts"}],"about":[{"href":"https:\/\/jornaltimoneiro.com.br\/index.php\/wp-json\/wp\/v2\/types\/post"}],"author":[{"embeddable":true,"href":"https:\/\/jornaltimoneiro.com.br\/index.php\/wp-json\/wp\/v2\/users\/1"}],"replies":[{"embeddable":true,"href":"https:\/\/jornaltimoneiro.com.br\/index.php\/wp-json\/wp\/v2\/comments?post=519"}],"version-history":[{"count":0,"href":"https:\/\/jornaltimoneiro.com.br\/index.php\/wp-json\/wp\/v2\/posts\/519\/revisions"}],"wp:attachment":[{"href":"https:\/\/jornaltimoneiro.com.br\/index.php\/wp-json\/wp\/v2\/media?parent=519"}],"wp:term":[{"taxonomy":"category","embeddable":true,"href":"https:\/\/jornaltimoneiro.com.br\/index.php\/wp-json\/wp\/v2\/categories?post=519"},{"taxonomy":"post_tag","embeddable":true,"href":"https:\/\/jornaltimoneiro.com.br\/index.php\/wp-json\/wp\/v2\/tags?post=519"}],"curies":[{"name":"wp","href":"https:\/\/api.w.org\/{rel}","templated":true}]}}