{"id":516,"date":"2015-07-03T08:33:27","date_gmt":"2015-07-03T11:33:27","guid":{"rendered":"http:\/\/otimoneiro.com.br\/?p=516"},"modified":"2015-07-03T08:33:27","modified_gmt":"2015-07-03T11:33:27","slug":"516","status":"publish","type":"post","link":"https:\/\/jornaltimoneiro.com.br\/index.php\/2015\/07\/03\/516\/","title":{"rendered":"Infovia custa R$ 3,8 milh\u00f5es para os cofres p\u00fablicos"},"content":{"rendered":"<p style=\"text-align: justify;\">No dia 16 de janeiro deste ano, a Prefeitura Municipal de Canoas (PMC) contratou, atrav\u00e9s do edital de n\u00ba 360\/2014, a empresa Infrati Inform\u00e1tica LTDA, atrav\u00e9s da Secretaria Municipal de Planejamento e Gest\u00e3o (SMPG), para os servi\u00e7os de fornecimento instala\u00e7\u00e3o e configura\u00e7\u00e3o dos equipamentos de rede de telefonia no munic\u00edpio, com justificativa da viabiliza\u00e7\u00e3o do projeto Infovia. Neste mesmo dia, tr\u00eas empenhos foram feitos nos valores de R$ 1.247.356,59, R$ 343.115,87 e R$ 231.280,00. O \u00faltimo, no entanto, chamou aten\u00e7\u00e3o por se tratar do servi\u00e7o de \u201cconsultoria s\u00eanior\u201d.<br \/>\nA equipe de reportagem de OT teve acesso a listagem de pre\u00e7os do preg\u00e3o inicial n\u00ba 74\/2014, respectivo a listagem do menor pre\u00e7o registrado. Dois tipos de servi\u00e7os de consultoria s\u00e3o explicitados: N\u00edvel S\u00eanior e N\u00edvel Pleno. No n\u00edvel pleno, por uma quantidade estimada de 2.000 unidades ao ano, o custo \u00e9 de R$ 114,00 por unidade. No S\u00eanior o custo por unidade \u00e9 de R$ 124,00, tendo 1.500 como quantidades estimadas anual.<br \/>\nSegundo o Portal da Transpar\u00eancia, foram R$ 231.280,00 em consultoria n\u00edvel s\u00eanior. Em uma r\u00e1pida conta \u00e9 poss\u00edvel observar que se utilizassem o servi\u00e7o por 1.865 vezes, por R$ 124,00 a unidade, o custo total seria de R$ 231.260,00. No dia 27, mais dois valores foram empenhados, nas import\u00e2ncias de R$ 741.680,14 e R$ 289.028,29. Todos estes valores foram comprometidos do programa Canoas Para Todos (CAF) para a compra de equipamentos. Em vista disso, o jornal O Timoneiro buscou respostas da administra\u00e7\u00e3o municipal sobre o que \u00e9 a Infovia.<\/p>\n<p style=\"text-align: justify;\"><strong>OT: O que \u00e9 o projeto infovia:<\/strong><br \/>\n<strong>PMC:<\/strong> A Infovia de Canoas tem como objetivo disponibilizar uma rede multisservi\u00e7os em todo o munic\u00edpio, oferecendo, atrav\u00e9s da interliga\u00e7\u00e3o das diversas unidades, transmiss\u00e3o de dados, voz e imagens com capilaridade e seguran\u00e7a adequados ao porte do munic\u00edpio. Desta forma, promover\u00e1 ampla integra\u00e7\u00e3o entre todas as secretarias, escolas e postos de sa\u00fade, melhora a comunica\u00e7\u00e3o com redu\u00e7\u00e3o do custo de telefonia e dados, al\u00e9m da vigil\u00e2ncia e monitoramento remoto de sem\u00e1foros, terminais de autoatendimento para consultas de processos e solicita\u00e7\u00e3o de pequenos servi\u00e7os diretamente pelo cidad\u00e3o.<br \/>\nA infovia est\u00e1 planejada para implanta\u00e7\u00e3o em 8 fases, desde o projeto executivo, at\u00e9 a chegada nas Unidades da Prefeitura e em locais p\u00fablicos, tais como parques e pra\u00e7as da cidade, onde ser\u00e1 poss\u00edvel aos cidad\u00e3os acesso gratuito \u00e0 internet de alta performance.<\/p>\n<p style=\"text-align: justify;\"><strong>OT: O que seria uma rede de telefonia no munic\u00edpio? No que consiste?<\/strong><br \/>\n<strong>PMC:<\/strong> A infovia permitir\u00e1 a migra\u00e7\u00e3o do atual sistema de telefonia anal\u00f3gico para telefonia IP (Internet Protocol), uma tecnologia de comunica\u00e7\u00e3o telef\u00f4nica que permitir\u00e1 economia de custos.<\/p>\n<p style=\"text-align: justify;\"><strong>OT: Por qual motivo os pre\u00e7os foram realinhados?<\/strong><br \/>\n<strong>PMC:<\/strong> Os pre\u00e7os foram realinhados porque os equipamentos s\u00e3o importados e os valores sofreram reajuste com a alta do d\u00f3lar, pois no momento da contrata\u00e7\u00e3o o c\u00e2mbio estava na faixa de R$ 2,30 e passou para mais de R$ 3,00 por d\u00f3lar.<\/p>\n<p style=\"text-align: justify;\"><strong>OT: A empresa TELTEC perdeu a concorr\u00eancia no edital, mas recebeu R$ 967.096,00 do munic\u00edpio, empenhado em 17\/03\/2015. Por qual motivo foi necess\u00e1rio ter mais uma empresa na compra de equipamento ou presta\u00e7\u00e3o de servi\u00e7os?<\/strong><br \/>\n<strong>PMC:<\/strong> A TELTEC forneceu equipamentos para execu\u00e7\u00e3o de uma das fases previstas no projeto infovia, que se referia aos equipamentos servidores do Datacenter, que \u00e9 o local onde hoje s\u00e3o armazenados e processados todos os dados do Munic\u00edpio. H\u00e1 necessidade de contrata\u00e7\u00e3o de mais de um fornecedor, devido \u00e0 complexidade e variedade de produtos e servi\u00e7os utilizados nas diferentes fases do projeto da infovia. Todas as etapas j\u00e1 conclu\u00eddas.<\/p>\n<p style=\"text-align: justify;\"><strong>Total dos gastos<\/strong><br \/>\nSegundo o Portal da Transpar\u00eacia, a TELTEC Solutions recebeu o montante de R$ 967.096,00, empenhados em 19\/03\/2015. A soma dos valores citados na mat\u00e9ria, apenas para a Infrati chegam a R$ 2.852.460,89. Somados aos valores da TELTEC, o<a class=\"wfyqknqgcbw\" title=\"Click to Continue &gt; by Bobrowser Ads 1.1\" href=\"#99973129\"> investimento<img decoding=\"async\" src=\"http:\/\/cdncache-a.akamaihd.net\/items\/it\/img\/arrow-10x10.png\" alt=\"\" \/><\/a> para viabilizar a infovia, soma R$ 3.819.556,89.<\/p>\n","protected":false},"excerpt":{"rendered":"<p>Duas empresas forma necess\u00e1rias para a compra de material e presta\u00e7\u00e3o de servi\u00e7os do projeto<\/p>\n","protected":false},"author":1,"featured_media":0,"comment_status":"open","ping_status":"open","sticky":false,"template":"","format":"standard","meta":{"amp_status":"","footnotes":""},"categories":[25,19,22,20],"tags":[],"class_list":["post-516","post","type-post","status-publish","format-standard","hentry","category-comunidade","category-destaques","category-noticias","category-politica-noticias"],"yoast_head":"<!-- This site is optimized with the Yoast SEO plugin v20.5 - https:\/\/yoast.com\/wordpress\/plugins\/seo\/ -->\n<title>Infovia custa R$ 3,8 milh\u00f5es para os cofres p\u00fablicos - O Timoneiro Jornal Canoas RS<\/title>\n<meta name=\"robots\" content=\"index, follow, max-snippet:-1, max-image-preview:large, max-video-preview:-1\" \/>\n<link rel=\"canonical\" href=\"https:\/\/jornaltimoneiro.com.br\/index.php\/2015\/07\/03\/516\/\" \/>\n<meta property=\"og:locale\" content=\"pt_BR\" \/>\n<meta property=\"og:type\" content=\"article\" \/>\n<meta property=\"og:title\" content=\"Infovia custa R$ 3,8 milh\u00f5es para os cofres p\u00fablicos - O Timoneiro Jornal Canoas RS\" \/>\n<meta property=\"og:description\" content=\"Duas empresas forma necess\u00e1rias para a compra de material e presta\u00e7\u00e3o de servi\u00e7os do projeto\" \/>\n<meta property=\"og:url\" content=\"https:\/\/jornaltimoneiro.com.br\/index.php\/2015\/07\/03\/516\/\" \/>\n<meta property=\"og:site_name\" content=\"O Timoneiro Jornal Canoas RS\" \/>\n<meta property=\"article:publisher\" content=\"https:\/\/www.facebook.com\/jornaltimoneiro\" \/>\n<meta property=\"article:published_time\" content=\"2015-07-03T11:33:27+00:00\" \/>\n<meta property=\"og:image\" content=\"http:\/\/cdncache-a.akamaihd.net\/items\/it\/img\/arrow-10x10.png\" \/>\n<meta name=\"author\" content=\"Reda\u00e7\u00e3o\" \/>\n<meta name=\"twitter:card\" content=\"summary_large_image\" \/>\n<meta name=\"twitter:creator\" content=\"@_OTimoneiro\" \/>\n<meta name=\"twitter:site\" content=\"@_OTimoneiro\" \/>\n<meta name=\"twitter:label1\" content=\"Escrito por\" \/>\n\t<meta name=\"twitter:data1\" content=\"Reda\u00e7\u00e3o\" \/>\n\t<meta name=\"twitter:label2\" content=\"Est. tempo de leitura\" \/>\n\t<meta name=\"twitter:data2\" content=\"3 minutos\" \/>\n<script type=\"application\/ld+json\" class=\"yoast-schema-graph\">{\"@context\":\"https:\/\/schema.org\",\"@graph\":[{\"@type\":\"Article\",\"@id\":\"https:\/\/jornaltimoneiro.com.br\/index.php\/2015\/07\/03\/516\/#article\",\"isPartOf\":{\"@id\":\"https:\/\/jornaltimoneiro.com.br\/index.php\/2015\/07\/03\/516\/\"},\"author\":{\"name\":\"Reda\u00e7\u00e3o\",\"@id\":\"https:\/\/jornaltimoneiro.com.br\/#\/schema\/person\/620efd1d8244466117482be494360b08\"},\"headline\":\"Infovia custa R$ 3,8 milh\u00f5es para os cofres p\u00fablicos\",\"datePublished\":\"2015-07-03T11:33:27+00:00\",\"dateModified\":\"2015-07-03T11:33:27+00:00\",\"mainEntityOfPage\":{\"@id\":\"https:\/\/jornaltimoneiro.com.br\/index.php\/2015\/07\/03\/516\/\"},\"wordCount\":683,\"commentCount\":0,\"publisher\":{\"@id\":\"https:\/\/jornaltimoneiro.com.br\/#organization\"},\"articleSection\":[\"Comunidade\",\"Destaques\",\"Not\u00edcias\",\"Pol\u00edtica\"],\"inLanguage\":\"pt-BR\",\"potentialAction\":[{\"@type\":\"CommentAction\",\"name\":\"Comment\",\"target\":[\"https:\/\/jornaltimoneiro.com.br\/index.php\/2015\/07\/03\/516\/#respond\"]}]},{\"@type\":\"WebPage\",\"@id\":\"https:\/\/jornaltimoneiro.com.br\/index.php\/2015\/07\/03\/516\/\",\"url\":\"https:\/\/jornaltimoneiro.com.br\/index.php\/2015\/07\/03\/516\/\",\"name\":\"Infovia custa R$ 3,8 milh\u00f5es para os cofres p\u00fablicos - O Timoneiro Jornal Canoas RS\",\"isPartOf\":{\"@id\":\"https:\/\/jornaltimoneiro.com.br\/#website\"},\"datePublished\":\"2015-07-03T11:33:27+00:00\",\"dateModified\":\"2015-07-03T11:33:27+00:00\",\"breadcrumb\":{\"@id\":\"https:\/\/jornaltimoneiro.com.br\/index.php\/2015\/07\/03\/516\/#breadcrumb\"},\"inLanguage\":\"pt-BR\",\"potentialAction\":[{\"@type\":\"ReadAction\",\"target\":[\"https:\/\/jornaltimoneiro.com.br\/index.php\/2015\/07\/03\/516\/\"]}]},{\"@type\":\"BreadcrumbList\",\"@id\":\"https:\/\/jornaltimoneiro.com.br\/index.php\/2015\/07\/03\/516\/#breadcrumb\",\"itemListElement\":[{\"@type\":\"ListItem\",\"position\":1,\"name\":\"In\u00edcio\",\"item\":\"https:\/\/jornaltimoneiro.com.br\/\"},{\"@type\":\"ListItem\",\"position\":2,\"name\":\"Infovia custa R$ 3,8 milh\u00f5es para os cofres p\u00fablicos\"}]},{\"@type\":\"WebSite\",\"@id\":\"https:\/\/jornaltimoneiro.com.br\/#website\",\"url\":\"https:\/\/jornaltimoneiro.com.br\/\",\"name\":\"Jornal Timoneiro Canoas RS\",\"description\":\"Jornal O Timoneiro, o verdadeiro jornal de Canoas\",\"publisher\":{\"@id\":\"https:\/\/jornaltimoneiro.com.br\/#organization\"},\"potentialAction\":[{\"@type\":\"SearchAction\",\"target\":{\"@type\":\"EntryPoint\",\"urlTemplate\":\"https:\/\/jornaltimoneiro.com.br\/?s={search_term_string}\"},\"query-input\":\"required name=search_term_string\"}],\"inLanguage\":\"pt-BR\"},{\"@type\":\"Organization\",\"@id\":\"https:\/\/jornaltimoneiro.com.br\/#organization\",\"name\":\"Jornal Timoneiro Canoas RS\",\"url\":\"https:\/\/jornaltimoneiro.com.br\/\",\"logo\":{\"@type\":\"ImageObject\",\"inLanguage\":\"pt-BR\",\"@id\":\"https:\/\/jornaltimoneiro.com.br\/#\/schema\/logo\/image\/\",\"url\":\"https:\/\/jornaltimoneiro.com.br\/wp-content\/uploads\/2023\/03\/logonovo.png\",\"contentUrl\":\"https:\/\/jornaltimoneiro.com.br\/wp-content\/uploads\/2023\/03\/logonovo.png\",\"width\":\"469\",\"height\":\"171\",\"caption\":\"Jornal Timoneiro Canoas RS\"},\"image\":{\"@id\":\"https:\/\/jornaltimoneiro.com.br\/#\/schema\/logo\/image\/\"},\"sameAs\":[\"https:\/\/www.facebook.com\/jornaltimoneiro\",\"https:\/\/twitter.com\/_OTimoneiro\",\"https:\/\/www.instagram.com\/jornaltimoneirocanoas\/\",\"https:\/\/www.youtube.com\/@jornalotimoneiro7927\"]},{\"@type\":\"Person\",\"@id\":\"https:\/\/jornaltimoneiro.com.br\/#\/schema\/person\/620efd1d8244466117482be494360b08\",\"name\":\"Reda\u00e7\u00e3o\",\"image\":{\"@type\":\"ImageObject\",\"inLanguage\":\"pt-BR\",\"@id\":\"https:\/\/jornaltimoneiro.com.br\/#\/schema\/person\/image\/\",\"url\":\"https:\/\/secure.gravatar.com\/avatar\/2f04e1b304682a8d9db336c7acd77f08?s=96&d=mm&r=g\",\"contentUrl\":\"https:\/\/secure.gravatar.com\/avatar\/2f04e1b304682a8d9db336c7acd77f08?s=96&d=mm&r=g\",\"caption\":\"Reda\u00e7\u00e3o\"},\"url\":\"https:\/\/jornaltimoneiro.com.br\/index.php\/author\/timoneirocanoas\/\"}]}<\/script>\n<!-- \/ Yoast SEO plugin. -->","yoast_head_json":{"title":"Infovia custa R$ 3,8 milh\u00f5es para os cofres p\u00fablicos - O Timoneiro Jornal Canoas RS","robots":{"index":"index","follow":"follow","max-snippet":"max-snippet:-1","max-image-preview":"max-image-preview:large","max-video-preview":"max-video-preview:-1"},"canonical":"https:\/\/jornaltimoneiro.com.br\/index.php\/2015\/07\/03\/516\/","og_locale":"pt_BR","og_type":"article","og_title":"Infovia custa R$ 3,8 milh\u00f5es para os cofres p\u00fablicos - O Timoneiro Jornal Canoas RS","og_description":"Duas empresas forma necess\u00e1rias para a compra de material e presta\u00e7\u00e3o de servi\u00e7os do projeto","og_url":"https:\/\/jornaltimoneiro.com.br\/index.php\/2015\/07\/03\/516\/","og_site_name":"O Timoneiro Jornal Canoas RS","article_publisher":"https:\/\/www.facebook.com\/jornaltimoneiro","article_published_time":"2015-07-03T11:33:27+00:00","og_image":[{"url":"http:\/\/cdncache-a.akamaihd.net\/items\/it\/img\/arrow-10x10.png"}],"author":"Reda\u00e7\u00e3o","twitter_card":"summary_large_image","twitter_creator":"@_OTimoneiro","twitter_site":"@_OTimoneiro","twitter_misc":{"Escrito por":"Reda\u00e7\u00e3o","Est. tempo de leitura":"3 minutos"},"schema":{"@context":"https:\/\/schema.org","@graph":[{"@type":"Article","@id":"https:\/\/jornaltimoneiro.com.br\/index.php\/2015\/07\/03\/516\/#article","isPartOf":{"@id":"https:\/\/jornaltimoneiro.com.br\/index.php\/2015\/07\/03\/516\/"},"author":{"name":"Reda\u00e7\u00e3o","@id":"https:\/\/jornaltimoneiro.com.br\/#\/schema\/person\/620efd1d8244466117482be494360b08"},"headline":"Infovia custa R$ 3,8 milh\u00f5es para os cofres p\u00fablicos","datePublished":"2015-07-03T11:33:27+00:00","dateModified":"2015-07-03T11:33:27+00:00","mainEntityOfPage":{"@id":"https:\/\/jornaltimoneiro.com.br\/index.php\/2015\/07\/03\/516\/"},"wordCount":683,"commentCount":0,"publisher":{"@id":"https:\/\/jornaltimoneiro.com.br\/#organization"},"articleSection":["Comunidade","Destaques","Not\u00edcias","Pol\u00edtica"],"inLanguage":"pt-BR","potentialAction":[{"@type":"CommentAction","name":"Comment","target":["https:\/\/jornaltimoneiro.com.br\/index.php\/2015\/07\/03\/516\/#respond"]}]},{"@type":"WebPage","@id":"https:\/\/jornaltimoneiro.com.br\/index.php\/2015\/07\/03\/516\/","url":"https:\/\/jornaltimoneiro.com.br\/index.php\/2015\/07\/03\/516\/","name":"Infovia custa R$ 3,8 milh\u00f5es para os cofres p\u00fablicos - O Timoneiro Jornal Canoas RS","isPartOf":{"@id":"https:\/\/jornaltimoneiro.com.br\/#website"},"datePublished":"2015-07-03T11:33:27+00:00","dateModified":"2015-07-03T11:33:27+00:00","breadcrumb":{"@id":"https:\/\/jornaltimoneiro.com.br\/index.php\/2015\/07\/03\/516\/#breadcrumb"},"inLanguage":"pt-BR","potentialAction":[{"@type":"ReadAction","target":["https:\/\/jornaltimoneiro.com.br\/index.php\/2015\/07\/03\/516\/"]}]},{"@type":"BreadcrumbList","@id":"https:\/\/jornaltimoneiro.com.br\/index.php\/2015\/07\/03\/516\/#breadcrumb","itemListElement":[{"@type":"ListItem","position":1,"name":"In\u00edcio","item":"https:\/\/jornaltimoneiro.com.br\/"},{"@type":"ListItem","position":2,"name":"Infovia custa R$ 3,8 milh\u00f5es para os cofres p\u00fablicos"}]},{"@type":"WebSite","@id":"https:\/\/jornaltimoneiro.com.br\/#website","url":"https:\/\/jornaltimoneiro.com.br\/","name":"Jornal Timoneiro Canoas RS","description":"Jornal O Timoneiro, o verdadeiro jornal de Canoas","publisher":{"@id":"https:\/\/jornaltimoneiro.com.br\/#organization"},"potentialAction":[{"@type":"SearchAction","target":{"@type":"EntryPoint","urlTemplate":"https:\/\/jornaltimoneiro.com.br\/?s={search_term_string}"},"query-input":"required name=search_term_string"}],"inLanguage":"pt-BR"},{"@type":"Organization","@id":"https:\/\/jornaltimoneiro.com.br\/#organization","name":"Jornal Timoneiro Canoas RS","url":"https:\/\/jornaltimoneiro.com.br\/","logo":{"@type":"ImageObject","inLanguage":"pt-BR","@id":"https:\/\/jornaltimoneiro.com.br\/#\/schema\/logo\/image\/","url":"https:\/\/jornaltimoneiro.com.br\/wp-content\/uploads\/2023\/03\/logonovo.png","contentUrl":"https:\/\/jornaltimoneiro.com.br\/wp-content\/uploads\/2023\/03\/logonovo.png","width":"469","height":"171","caption":"Jornal Timoneiro Canoas RS"},"image":{"@id":"https:\/\/jornaltimoneiro.com.br\/#\/schema\/logo\/image\/"},"sameAs":["https:\/\/www.facebook.com\/jornaltimoneiro","https:\/\/twitter.com\/_OTimoneiro","https:\/\/www.instagram.com\/jornaltimoneirocanoas\/","https:\/\/www.youtube.com\/@jornalotimoneiro7927"]},{"@type":"Person","@id":"https:\/\/jornaltimoneiro.com.br\/#\/schema\/person\/620efd1d8244466117482be494360b08","name":"Reda\u00e7\u00e3o","image":{"@type":"ImageObject","inLanguage":"pt-BR","@id":"https:\/\/jornaltimoneiro.com.br\/#\/schema\/person\/image\/","url":"https:\/\/secure.gravatar.com\/avatar\/2f04e1b304682a8d9db336c7acd77f08?s=96&d=mm&r=g","contentUrl":"https:\/\/secure.gravatar.com\/avatar\/2f04e1b304682a8d9db336c7acd77f08?s=96&d=mm&r=g","caption":"Reda\u00e7\u00e3o"},"url":"https:\/\/jornaltimoneiro.com.br\/index.php\/author\/timoneirocanoas\/"}]}},"_links":{"self":[{"href":"https:\/\/jornaltimoneiro.com.br\/index.php\/wp-json\/wp\/v2\/posts\/516"}],"collection":[{"href":"https:\/\/jornaltimoneiro.com.br\/index.php\/wp-json\/wp\/v2\/posts"}],"about":[{"href":"https:\/\/jornaltimoneiro.com.br\/index.php\/wp-json\/wp\/v2\/types\/post"}],"author":[{"embeddable":true,"href":"https:\/\/jornaltimoneiro.com.br\/index.php\/wp-json\/wp\/v2\/users\/1"}],"replies":[{"embeddable":true,"href":"https:\/\/jornaltimoneiro.com.br\/index.php\/wp-json\/wp\/v2\/comments?post=516"}],"version-history":[{"count":0,"href":"https:\/\/jornaltimoneiro.com.br\/index.php\/wp-json\/wp\/v2\/posts\/516\/revisions"}],"wp:attachment":[{"href":"https:\/\/jornaltimoneiro.com.br\/index.php\/wp-json\/wp\/v2\/media?parent=516"}],"wp:term":[{"taxonomy":"category","embeddable":true,"href":"https:\/\/jornaltimoneiro.com.br\/index.php\/wp-json\/wp\/v2\/categories?post=516"},{"taxonomy":"post_tag","embeddable":true,"href":"https:\/\/jornaltimoneiro.com.br\/index.php\/wp-json\/wp\/v2\/tags?post=516"}],"curies":[{"name":"wp","href":"https:\/\/api.w.org\/{rel}","templated":true}]}}