{"id":511,"date":"2015-07-02T13:14:48","date_gmt":"2015-07-02T16:14:48","guid":{"rendered":"http:\/\/otimoneiro.com.br\/?p=511"},"modified":"2015-07-02T13:14:48","modified_gmt":"2015-07-02T16:14:48","slug":"canoas-a-cidade-do-xis","status":"publish","type":"post","link":"https:\/\/jornaltimoneiro.com.br\/index.php\/2015\/07\/02\/canoas-a-cidade-do-xis\/","title":{"rendered":"Canoas: A cidade do Xis"},"content":{"rendered":"<div id=\"attachment_512\" style=\"width: 255px\" class=\"wp-caption alignright\"><a href=\"http:\/\/otimoneiro.com.br\/wp-content\/uploads\/2015\/07\/Xis-Foto-Divulga\u00e7\u00e3o-internet.jpg\"><img decoding=\"async\" aria-describedby=\"caption-attachment-512\" class=\" wp-image-512\" src=\"http:\/\/otimoneiro.com.br\/wp-content\/uploads\/2015\/07\/Xis-Foto-Divulga\u00e7\u00e3o-internet-300x200.jpg\" alt=\"Xis-Burger. Foto: Divulga\u00e7\u00e3o\/Internet\" width=\"245\" height=\"163\" \/><\/a><p id=\"caption-attachment-512\" class=\"wp-caption-text\">Xis-Burger. Foto: Divulga\u00e7\u00e3o\/Internet<\/p><\/div>\n<p style=\"text-align: justify;\">Um\u00a0projeto de autoria do vereador C\u00e9sar Augusto Ribas Moreira (PRB), que visa destinar um dia ou semana para reverenciar o \u201cXis-Burger\u201d, foi protocolado na C\u00e2mara dos Vereadores de Canoas e foi assunto dos mun\u00edcipes. O parlamentar argumenta que a inten\u00e7\u00e3o \u00e9 fazer com que a Prefeitura fique respons\u00e1vel pela organiza\u00e7\u00e3o de eventos, encontros ou festivais em homenagem ao lanche que \u00e9 s\u00edmbolo do munic\u00edpio em outras cidades da Regi\u00e3o Metropolitana. Segundo a Secretaria Municipal de Desenvolvimento Econ\u00f4mico, h\u00e1 uma lancheria para cada 700 habitantes do munic\u00edpio.<\/p>\n<p style=\"text-align: justify;\"><strong>Santa Maria possui t\u00edtulo desde 2011<\/strong><\/p>\n<p style=\"text-align: justify;\">O prefeito de Santa Maria, Cezar Schirmer (PMDB), sugeriu o t\u00edtulo a C\u00e2mara em junho de 2011, viabilizado atrav\u00e9s do Decreto n\u00ba 053, que regulamenta os lanches r\u00e1pidos. O Executivo trabalhou na capacita\u00e7\u00e3o do servi\u00e7o e os empreendedores arcaram com os custos de remodela\u00e7\u00e3o dos equipamentos. C\u00e9sar afirma que desconhecia tal t\u00edtulo.<\/p>\n<p style=\"text-align: justify;\">Entre as melhorias planejou-se a unifica\u00e7\u00e3o do hor\u00e1rio de funcionamento, a localiza\u00e7\u00e3o e layout dos equipamentos nas vias p\u00fablicas, card\u00e1pios trilingues e uniformes padronizados. Os atendentes receberam curso de capacita\u00e7\u00e3o de atendimento ao visitante e aos empreendedores e colaboradores, o curso de boas pr\u00e1ticas de manipula\u00e7\u00e3o de alimentos com periodicidade.<\/p>\n<p style=\"text-align: justify;\"><strong>Despertar a economia<\/strong><\/p>\n<div id=\"attachment_513\" style=\"width: 211px\" class=\"wp-caption alignleft\"><a href=\"http:\/\/otimoneiro.com.br\/wp-content\/uploads\/2015\/07\/Vereador-C\u00e9sar-Augusto-Divulga\u00e7\u00e3o-C\u00e2mara.jpg\"><img decoding=\"async\" aria-describedby=\"caption-attachment-513\" class=\" wp-image-513\" src=\"http:\/\/otimoneiro.com.br\/wp-content\/uploads\/2015\/07\/Vereador-C\u00e9sar-Augusto-Divulga\u00e7\u00e3o-C\u00e2mara-300x300.jpg\" alt=\"Vereador C\u00e9sar Augusto. Foto: Divulga\u00e7\u00e3o C\u00e2mara dos Vereadores\" width=\"201\" height=\"201\" \/><\/a><p id=\"caption-attachment-513\" class=\"wp-caption-text\">Vereador C\u00e9sar Augusto. Foto: Divulga\u00e7\u00e3o C\u00e2mara dos Vereadores<\/p><\/div>\n<p style=\"text-align: justify;\">Em entrevista, o vereador natural de Canoas explica que a ideia surgiu enquanto participava em um evento na capital ga\u00facha, Porto Alegre, onde se deparou com uma reportagem, veiculada em uma revista, que lhe chamou aten\u00e7\u00e3o por todos considerarem Canoas\u00a0como uma cidade do Xis. \u201cIsso nos despertou. Ent\u00e3o conversamos com diversos propriet\u00e1rios, empres\u00e1rios e comerciantes\u201d, argumentou mostrando que a ideia principal \u00e9 prestigiar o com\u00e9rcio do local atrav\u00e9s do fomento gastron\u00f4mico.<\/p>\n<p style=\"text-align: justify;\">Como retorno, o parlamentar espera uma movimenta\u00e7\u00e3o na economia noturna da cidade. \u201cMovimentar a economia, fazer com que os estabelecimentos melhorem seu atendimento, prestar um servi\u00e7o de qualidade, gerar empregos. As pessoas reclamam, mas v\u00e3o a festivais em Porto Alegre. \u00c9 uma tentativa de fazer com que as pessoas permane\u00e7am na cidade\u201d, explica.<\/p>\n<p style=\"text-align: justify;\">A respeito das pol\u00eamicas geradas na internet e alguns sites, viralizando o assunto como par\u00f3dia, o parlamentar\u00a0comentou que \u201cest\u00e1 interessante. Os vereadores est\u00e3o avaliando, esperamos que venha a ser aceito com bons olhos pelo Prefeito Municipal e que ele venha a ter, com isso, uma possibilidade de movimentar a cidade\u201d, conclui.<\/p>\n","protected":false},"excerpt":{"rendered":"<p>Vereador pretende implantar dia ou semana de comemora\u00e7\u00e3o ao prato que representa Canoas<\/p>\n","protected":false},"author":1,"featured_media":512,"comment_status":"open","ping_status":"open","sticky":false,"template":"","format":"standard","meta":{"amp_status":"","footnotes":""},"categories":[25,19,22,20],"tags":[],"class_list":["post-511","post","type-post","status-publish","format-standard","has-post-thumbnail","hentry","category-comunidade","category-destaques","category-noticias","category-politica-noticias"],"yoast_head":"<!-- This site is optimized with the Yoast SEO plugin v20.5 - https:\/\/yoast.com\/wordpress\/plugins\/seo\/ -->\n<title>Canoas: A cidade do Xis - O Timoneiro Jornal Canoas RS<\/title>\n<meta name=\"robots\" content=\"index, follow, max-snippet:-1, max-image-preview:large, max-video-preview:-1\" \/>\n<link rel=\"canonical\" href=\"https:\/\/jornaltimoneiro.com.br\/index.php\/2015\/07\/02\/canoas-a-cidade-do-xis\/\" \/>\n<meta property=\"og:locale\" content=\"pt_BR\" \/>\n<meta property=\"og:type\" content=\"article\" \/>\n<meta property=\"og:title\" content=\"Canoas: A cidade do Xis - O Timoneiro Jornal Canoas RS\" \/>\n<meta property=\"og:description\" content=\"Vereador pretende implantar dia ou semana de comemora\u00e7\u00e3o ao prato que representa Canoas\" \/>\n<meta property=\"og:url\" content=\"https:\/\/jornaltimoneiro.com.br\/index.php\/2015\/07\/02\/canoas-a-cidade-do-xis\/\" \/>\n<meta property=\"og:site_name\" content=\"O Timoneiro Jornal Canoas RS\" \/>\n<meta property=\"article:publisher\" content=\"https:\/\/www.facebook.com\/jornaltimoneiro\" \/>\n<meta property=\"article:published_time\" content=\"2015-07-02T16:14:48+00:00\" \/>\n<meta name=\"author\" content=\"Reda\u00e7\u00e3o\" \/>\n<meta name=\"twitter:card\" content=\"summary_large_image\" \/>\n<meta name=\"twitter:creator\" content=\"@_OTimoneiro\" \/>\n<meta name=\"twitter:site\" content=\"@_OTimoneiro\" \/>\n<meta name=\"twitter:label1\" content=\"Escrito por\" \/>\n\t<meta name=\"twitter:data1\" content=\"Reda\u00e7\u00e3o\" \/>\n\t<meta name=\"twitter:label2\" content=\"Est. tempo de leitura\" \/>\n\t<meta name=\"twitter:data2\" content=\"2 minutos\" \/>\n<script type=\"application\/ld+json\" class=\"yoast-schema-graph\">{\"@context\":\"https:\/\/schema.org\",\"@graph\":[{\"@type\":\"Article\",\"@id\":\"https:\/\/jornaltimoneiro.com.br\/index.php\/2015\/07\/02\/canoas-a-cidade-do-xis\/#article\",\"isPartOf\":{\"@id\":\"https:\/\/jornaltimoneiro.com.br\/index.php\/2015\/07\/02\/canoas-a-cidade-do-xis\/\"},\"author\":{\"name\":\"Reda\u00e7\u00e3o\",\"@id\":\"https:\/\/jornaltimoneiro.com.br\/#\/schema\/person\/620efd1d8244466117482be494360b08\"},\"headline\":\"Canoas: A cidade do Xis\",\"datePublished\":\"2015-07-02T16:14:48+00:00\",\"dateModified\":\"2015-07-02T16:14:48+00:00\",\"mainEntityOfPage\":{\"@id\":\"https:\/\/jornaltimoneiro.com.br\/index.php\/2015\/07\/02\/canoas-a-cidade-do-xis\/\"},\"wordCount\":446,\"commentCount\":0,\"publisher\":{\"@id\":\"https:\/\/jornaltimoneiro.com.br\/#organization\"},\"articleSection\":[\"Comunidade\",\"Destaques\",\"Not\u00edcias\",\"Pol\u00edtica\"],\"inLanguage\":\"pt-BR\",\"potentialAction\":[{\"@type\":\"CommentAction\",\"name\":\"Comment\",\"target\":[\"https:\/\/jornaltimoneiro.com.br\/index.php\/2015\/07\/02\/canoas-a-cidade-do-xis\/#respond\"]}]},{\"@type\":\"WebPage\",\"@id\":\"https:\/\/jornaltimoneiro.com.br\/index.php\/2015\/07\/02\/canoas-a-cidade-do-xis\/\",\"url\":\"https:\/\/jornaltimoneiro.com.br\/index.php\/2015\/07\/02\/canoas-a-cidade-do-xis\/\",\"name\":\"Canoas: A cidade do Xis - O Timoneiro Jornal Canoas RS\",\"isPartOf\":{\"@id\":\"https:\/\/jornaltimoneiro.com.br\/#website\"},\"datePublished\":\"2015-07-02T16:14:48+00:00\",\"dateModified\":\"2015-07-02T16:14:48+00:00\",\"breadcrumb\":{\"@id\":\"https:\/\/jornaltimoneiro.com.br\/index.php\/2015\/07\/02\/canoas-a-cidade-do-xis\/#breadcrumb\"},\"inLanguage\":\"pt-BR\",\"potentialAction\":[{\"@type\":\"ReadAction\",\"target\":[\"https:\/\/jornaltimoneiro.com.br\/index.php\/2015\/07\/02\/canoas-a-cidade-do-xis\/\"]}]},{\"@type\":\"BreadcrumbList\",\"@id\":\"https:\/\/jornaltimoneiro.com.br\/index.php\/2015\/07\/02\/canoas-a-cidade-do-xis\/#breadcrumb\",\"itemListElement\":[{\"@type\":\"ListItem\",\"position\":1,\"name\":\"In\u00edcio\",\"item\":\"https:\/\/jornaltimoneiro.com.br\/\"},{\"@type\":\"ListItem\",\"position\":2,\"name\":\"Canoas: A cidade do Xis\"}]},{\"@type\":\"WebSite\",\"@id\":\"https:\/\/jornaltimoneiro.com.br\/#website\",\"url\":\"https:\/\/jornaltimoneiro.com.br\/\",\"name\":\"Jornal Timoneiro Canoas RS\",\"description\":\"Jornal O Timoneiro, o verdadeiro jornal de Canoas\",\"publisher\":{\"@id\":\"https:\/\/jornaltimoneiro.com.br\/#organization\"},\"potentialAction\":[{\"@type\":\"SearchAction\",\"target\":{\"@type\":\"EntryPoint\",\"urlTemplate\":\"https:\/\/jornaltimoneiro.com.br\/?s={search_term_string}\"},\"query-input\":\"required name=search_term_string\"}],\"inLanguage\":\"pt-BR\"},{\"@type\":\"Organization\",\"@id\":\"https:\/\/jornaltimoneiro.com.br\/#organization\",\"name\":\"Jornal Timoneiro Canoas RS\",\"url\":\"https:\/\/jornaltimoneiro.com.br\/\",\"logo\":{\"@type\":\"ImageObject\",\"inLanguage\":\"pt-BR\",\"@id\":\"https:\/\/jornaltimoneiro.com.br\/#\/schema\/logo\/image\/\",\"url\":\"https:\/\/jornaltimoneiro.com.br\/wp-content\/uploads\/2023\/03\/logonovo.png\",\"contentUrl\":\"https:\/\/jornaltimoneiro.com.br\/wp-content\/uploads\/2023\/03\/logonovo.png\",\"width\":\"469\",\"height\":\"171\",\"caption\":\"Jornal Timoneiro Canoas RS\"},\"image\":{\"@id\":\"https:\/\/jornaltimoneiro.com.br\/#\/schema\/logo\/image\/\"},\"sameAs\":[\"https:\/\/www.facebook.com\/jornaltimoneiro\",\"https:\/\/twitter.com\/_OTimoneiro\",\"https:\/\/www.instagram.com\/jornaltimoneirocanoas\/\",\"https:\/\/www.youtube.com\/@jornalotimoneiro7927\"]},{\"@type\":\"Person\",\"@id\":\"https:\/\/jornaltimoneiro.com.br\/#\/schema\/person\/620efd1d8244466117482be494360b08\",\"name\":\"Reda\u00e7\u00e3o\",\"image\":{\"@type\":\"ImageObject\",\"inLanguage\":\"pt-BR\",\"@id\":\"https:\/\/jornaltimoneiro.com.br\/#\/schema\/person\/image\/\",\"url\":\"https:\/\/secure.gravatar.com\/avatar\/2f04e1b304682a8d9db336c7acd77f08?s=96&d=mm&r=g\",\"contentUrl\":\"https:\/\/secure.gravatar.com\/avatar\/2f04e1b304682a8d9db336c7acd77f08?s=96&d=mm&r=g\",\"caption\":\"Reda\u00e7\u00e3o\"},\"url\":\"https:\/\/jornaltimoneiro.com.br\/index.php\/author\/timoneirocanoas\/\"}]}<\/script>\n<!-- \/ Yoast SEO plugin. -->","yoast_head_json":{"title":"Canoas: A cidade do Xis - O Timoneiro Jornal Canoas RS","robots":{"index":"index","follow":"follow","max-snippet":"max-snippet:-1","max-image-preview":"max-image-preview:large","max-video-preview":"max-video-preview:-1"},"canonical":"https:\/\/jornaltimoneiro.com.br\/index.php\/2015\/07\/02\/canoas-a-cidade-do-xis\/","og_locale":"pt_BR","og_type":"article","og_title":"Canoas: A cidade do Xis - O Timoneiro Jornal Canoas RS","og_description":"Vereador pretende implantar dia ou semana de comemora\u00e7\u00e3o ao prato que representa Canoas","og_url":"https:\/\/jornaltimoneiro.com.br\/index.php\/2015\/07\/02\/canoas-a-cidade-do-xis\/","og_site_name":"O Timoneiro Jornal Canoas RS","article_publisher":"https:\/\/www.facebook.com\/jornaltimoneiro","article_published_time":"2015-07-02T16:14:48+00:00","author":"Reda\u00e7\u00e3o","twitter_card":"summary_large_image","twitter_creator":"@_OTimoneiro","twitter_site":"@_OTimoneiro","twitter_misc":{"Escrito por":"Reda\u00e7\u00e3o","Est. tempo de leitura":"2 minutos"},"schema":{"@context":"https:\/\/schema.org","@graph":[{"@type":"Article","@id":"https:\/\/jornaltimoneiro.com.br\/index.php\/2015\/07\/02\/canoas-a-cidade-do-xis\/#article","isPartOf":{"@id":"https:\/\/jornaltimoneiro.com.br\/index.php\/2015\/07\/02\/canoas-a-cidade-do-xis\/"},"author":{"name":"Reda\u00e7\u00e3o","@id":"https:\/\/jornaltimoneiro.com.br\/#\/schema\/person\/620efd1d8244466117482be494360b08"},"headline":"Canoas: A cidade do Xis","datePublished":"2015-07-02T16:14:48+00:00","dateModified":"2015-07-02T16:14:48+00:00","mainEntityOfPage":{"@id":"https:\/\/jornaltimoneiro.com.br\/index.php\/2015\/07\/02\/canoas-a-cidade-do-xis\/"},"wordCount":446,"commentCount":0,"publisher":{"@id":"https:\/\/jornaltimoneiro.com.br\/#organization"},"articleSection":["Comunidade","Destaques","Not\u00edcias","Pol\u00edtica"],"inLanguage":"pt-BR","potentialAction":[{"@type":"CommentAction","name":"Comment","target":["https:\/\/jornaltimoneiro.com.br\/index.php\/2015\/07\/02\/canoas-a-cidade-do-xis\/#respond"]}]},{"@type":"WebPage","@id":"https:\/\/jornaltimoneiro.com.br\/index.php\/2015\/07\/02\/canoas-a-cidade-do-xis\/","url":"https:\/\/jornaltimoneiro.com.br\/index.php\/2015\/07\/02\/canoas-a-cidade-do-xis\/","name":"Canoas: A cidade do Xis - O Timoneiro Jornal Canoas RS","isPartOf":{"@id":"https:\/\/jornaltimoneiro.com.br\/#website"},"datePublished":"2015-07-02T16:14:48+00:00","dateModified":"2015-07-02T16:14:48+00:00","breadcrumb":{"@id":"https:\/\/jornaltimoneiro.com.br\/index.php\/2015\/07\/02\/canoas-a-cidade-do-xis\/#breadcrumb"},"inLanguage":"pt-BR","potentialAction":[{"@type":"ReadAction","target":["https:\/\/jornaltimoneiro.com.br\/index.php\/2015\/07\/02\/canoas-a-cidade-do-xis\/"]}]},{"@type":"BreadcrumbList","@id":"https:\/\/jornaltimoneiro.com.br\/index.php\/2015\/07\/02\/canoas-a-cidade-do-xis\/#breadcrumb","itemListElement":[{"@type":"ListItem","position":1,"name":"In\u00edcio","item":"https:\/\/jornaltimoneiro.com.br\/"},{"@type":"ListItem","position":2,"name":"Canoas: A cidade do Xis"}]},{"@type":"WebSite","@id":"https:\/\/jornaltimoneiro.com.br\/#website","url":"https:\/\/jornaltimoneiro.com.br\/","name":"Jornal Timoneiro Canoas RS","description":"Jornal O Timoneiro, o verdadeiro jornal de Canoas","publisher":{"@id":"https:\/\/jornaltimoneiro.com.br\/#organization"},"potentialAction":[{"@type":"SearchAction","target":{"@type":"EntryPoint","urlTemplate":"https:\/\/jornaltimoneiro.com.br\/?s={search_term_string}"},"query-input":"required name=search_term_string"}],"inLanguage":"pt-BR"},{"@type":"Organization","@id":"https:\/\/jornaltimoneiro.com.br\/#organization","name":"Jornal Timoneiro Canoas RS","url":"https:\/\/jornaltimoneiro.com.br\/","logo":{"@type":"ImageObject","inLanguage":"pt-BR","@id":"https:\/\/jornaltimoneiro.com.br\/#\/schema\/logo\/image\/","url":"https:\/\/jornaltimoneiro.com.br\/wp-content\/uploads\/2023\/03\/logonovo.png","contentUrl":"https:\/\/jornaltimoneiro.com.br\/wp-content\/uploads\/2023\/03\/logonovo.png","width":"469","height":"171","caption":"Jornal Timoneiro Canoas RS"},"image":{"@id":"https:\/\/jornaltimoneiro.com.br\/#\/schema\/logo\/image\/"},"sameAs":["https:\/\/www.facebook.com\/jornaltimoneiro","https:\/\/twitter.com\/_OTimoneiro","https:\/\/www.instagram.com\/jornaltimoneirocanoas\/","https:\/\/www.youtube.com\/@jornalotimoneiro7927"]},{"@type":"Person","@id":"https:\/\/jornaltimoneiro.com.br\/#\/schema\/person\/620efd1d8244466117482be494360b08","name":"Reda\u00e7\u00e3o","image":{"@type":"ImageObject","inLanguage":"pt-BR","@id":"https:\/\/jornaltimoneiro.com.br\/#\/schema\/person\/image\/","url":"https:\/\/secure.gravatar.com\/avatar\/2f04e1b304682a8d9db336c7acd77f08?s=96&d=mm&r=g","contentUrl":"https:\/\/secure.gravatar.com\/avatar\/2f04e1b304682a8d9db336c7acd77f08?s=96&d=mm&r=g","caption":"Reda\u00e7\u00e3o"},"url":"https:\/\/jornaltimoneiro.com.br\/index.php\/author\/timoneirocanoas\/"}]}},"_links":{"self":[{"href":"https:\/\/jornaltimoneiro.com.br\/index.php\/wp-json\/wp\/v2\/posts\/511"}],"collection":[{"href":"https:\/\/jornaltimoneiro.com.br\/index.php\/wp-json\/wp\/v2\/posts"}],"about":[{"href":"https:\/\/jornaltimoneiro.com.br\/index.php\/wp-json\/wp\/v2\/types\/post"}],"author":[{"embeddable":true,"href":"https:\/\/jornaltimoneiro.com.br\/index.php\/wp-json\/wp\/v2\/users\/1"}],"replies":[{"embeddable":true,"href":"https:\/\/jornaltimoneiro.com.br\/index.php\/wp-json\/wp\/v2\/comments?post=511"}],"version-history":[{"count":0,"href":"https:\/\/jornaltimoneiro.com.br\/index.php\/wp-json\/wp\/v2\/posts\/511\/revisions"}],"wp:featuredmedia":[{"embeddable":true,"href":"https:\/\/jornaltimoneiro.com.br\/index.php\/wp-json\/"}],"wp:attachment":[{"href":"https:\/\/jornaltimoneiro.com.br\/index.php\/wp-json\/wp\/v2\/media?parent=511"}],"wp:term":[{"taxonomy":"category","embeddable":true,"href":"https:\/\/jornaltimoneiro.com.br\/index.php\/wp-json\/wp\/v2\/categories?post=511"},{"taxonomy":"post_tag","embeddable":true,"href":"https:\/\/jornaltimoneiro.com.br\/index.php\/wp-json\/wp\/v2\/tags?post=511"}],"curies":[{"name":"wp","href":"https:\/\/api.w.org\/{rel}","templated":true}]}}