{"id":5070,"date":"2016-09-16T10:31:22","date_gmt":"2016-09-16T13:31:22","guid":{"rendered":"http:\/\/otimoneiro.com.br\/?p=5070"},"modified":"2016-09-16T10:31:22","modified_gmt":"2016-09-16T13:31:22","slug":"o-timoneiro-realiza-debates-com-candidatos-a-prefeitura","status":"publish","type":"post","link":"https:\/\/jornaltimoneiro.com.br\/index.php\/2016\/09\/16\/o-timoneiro-realiza-debates-com-candidatos-a-prefeitura\/","title":{"rendered":"O Timoneiro realiza debates com candidatos \u00e0 Prefeitura"},"content":{"rendered":"<div id=\"attachment_5071\" style=\"width: 627px\" class=\"wp-caption aligncenter\"><a href=\"http:\/\/otimoneiro.com.br\/wp-content\/uploads\/2016\/09\/candidatos-prefeitura.jpg\"><img decoding=\"async\" aria-describedby=\"caption-attachment-5071\" class=\" wp-image-5071\" src=\"http:\/\/otimoneiro.com.br\/wp-content\/uploads\/2016\/09\/candidatos-prefeitura.jpg\" alt=\"Candidatos \u00e0 Prefeitura de Canoas. Foto: divulga\u00e7\u00e3o\/TRE.\" width=\"617\" height=\"429\" \/><\/a><p id=\"caption-attachment-5071\" class=\"wp-caption-text\">Candidatos \u00e0 Prefeitura de Canoas. Foto: divulga\u00e7\u00e3o\/TRE.<\/p><\/div>\n<p>&nbsp;<\/p>\n<p>O jornal O Timoneiro ir\u00e1 realizar dois debates pol\u00edticos com os (as) candidatos (as) \u00e0 Prefeitura de Canoas, nos dias 21 e 27 de setembro de 2016. Ambos os eventos t\u00eam previs\u00e3o de dura\u00e7\u00e3o de at\u00e9 120 minutos, e ser\u00e3o realizados entre \u00e0s 18 e \u00e0s 20 horas. O debate ser\u00e1 realizado no audit\u00f3rio do Sindicato dos Profissionais em Educa\u00e7\u00e3o Municipal de Canoas (Sinprocan) e a plateia ser\u00e1 composta por convidados representantes de diversas categorias representativas da cidade. A popula\u00e7\u00e3o poder\u00e1 acompanhar os debates ao vivo atrav\u00e9s das redes sociais de OT. O debate do dia 21 ser\u00e1 destinado aos candidatos (as) a vice-prefeito (a) e o do dia 27 aos candidatos ao cargo de prefeito (a).<\/p>\n<h4>O debate ter\u00e1 a seguinte estrutura:<\/h4>\n<p><strong>Abertura:<\/strong> mediador apresenta os 4 candidatos e chama primeiro bloco.<\/p>\n<p><strong>Bloco 1:<\/strong> 20 minutos, 4 ciclos de 5 minutos (pergunta + resposta + r\u00e9plica + tr\u00e9plica) de questionamentos com tema e destinat\u00e1rio sorteados.<\/p>\n<p><strong>Bloco 2:<\/strong> 20 minutos, 4 ciclos de 5 minutos (pergunta + resposta + r\u00e9plica + tr\u00e9plica) de questionamentos com tema e sorteado. Destinat\u00e1rio escolhido pelo candidato que questiona.<\/p>\n<p><strong>Bloco 3:<\/strong> 20 minutos, 4 ciclos de 5 minutos (pergunta + resposta + r\u00e9plica + tr\u00e9plica) de questionamentos com tema e sorteado. Destinat\u00e1rio escolhido pelo candidato que questiona.<\/p>\n<p><strong>Bloco 4:<\/strong> 18 minutos, 2 ciclos de 9 minutos (pergunta+resposta) de questionamentos de jornalistas, com respostas de todos os candidatos presentes.<\/p>\n<p><strong>Bloco 5:<\/strong> 12 minutos, 4 ciclos de 3 minutos (pergunta + resposta) de questionamentos da plateia previamente selecionadas pela media\u00e7\u00e3o. Destinat\u00e1rio sorteado.<\/p>\n<p><strong>Bloco 6:<\/strong> 8 minutos, 4 ciclos de dois minutos (considera\u00e7\u00f5es finais de cada candidato).<\/p>\n","protected":false},"excerpt":{"rendered":"<p>Eventos ocorrer\u00e3o nos dias 21 e 27 de setembro no audit\u00f3rio do Sinprocan e ser\u00e3o transmitidos pela internet<\/p>\n","protected":false},"author":1,"featured_media":5071,"comment_status":"open","ping_status":"open","sticky":false,"template":"","format":"standard","meta":{"amp_status":"","footnotes":""},"categories":[19,22,20],"tags":[],"class_list":["post-5070","post","type-post","status-publish","format-standard","has-post-thumbnail","hentry","category-destaques","category-noticias","category-politica-noticias"],"yoast_head":"<!-- This site is optimized with the Yoast SEO plugin v20.5 - https:\/\/yoast.com\/wordpress\/plugins\/seo\/ -->\n<title>O Timoneiro realiza debates com candidatos \u00e0 Prefeitura - O Timoneiro Jornal Canoas RS<\/title>\n<meta name=\"robots\" content=\"index, follow, max-snippet:-1, max-image-preview:large, max-video-preview:-1\" \/>\n<link rel=\"canonical\" href=\"https:\/\/jornaltimoneiro.com.br\/index.php\/2016\/09\/16\/o-timoneiro-realiza-debates-com-candidatos-a-prefeitura\/\" \/>\n<meta property=\"og:locale\" content=\"pt_BR\" \/>\n<meta property=\"og:type\" content=\"article\" \/>\n<meta property=\"og:title\" content=\"O Timoneiro realiza debates com candidatos \u00e0 Prefeitura - O Timoneiro Jornal Canoas RS\" \/>\n<meta property=\"og:description\" content=\"Eventos ocorrer\u00e3o nos dias 21 e 27 de setembro no audit\u00f3rio do Sinprocan e ser\u00e3o transmitidos pela internet\" \/>\n<meta property=\"og:url\" content=\"https:\/\/jornaltimoneiro.com.br\/index.php\/2016\/09\/16\/o-timoneiro-realiza-debates-com-candidatos-a-prefeitura\/\" \/>\n<meta property=\"og:site_name\" content=\"O Timoneiro Jornal Canoas RS\" \/>\n<meta property=\"article:publisher\" content=\"https:\/\/www.facebook.com\/jornaltimoneiro\" \/>\n<meta property=\"article:published_time\" content=\"2016-09-16T13:31:22+00:00\" \/>\n<meta name=\"author\" content=\"Reda\u00e7\u00e3o\" \/>\n<meta name=\"twitter:card\" content=\"summary_large_image\" \/>\n<meta name=\"twitter:creator\" content=\"@_OTimoneiro\" \/>\n<meta name=\"twitter:site\" content=\"@_OTimoneiro\" \/>\n<meta name=\"twitter:label1\" content=\"Escrito por\" \/>\n\t<meta name=\"twitter:data1\" content=\"Reda\u00e7\u00e3o\" \/>\n\t<meta name=\"twitter:label2\" content=\"Est. tempo de leitura\" \/>\n\t<meta name=\"twitter:data2\" content=\"1 minuto\" \/>\n<script type=\"application\/ld+json\" class=\"yoast-schema-graph\">{\"@context\":\"https:\/\/schema.org\",\"@graph\":[{\"@type\":\"Article\",\"@id\":\"https:\/\/jornaltimoneiro.com.br\/index.php\/2016\/09\/16\/o-timoneiro-realiza-debates-com-candidatos-a-prefeitura\/#article\",\"isPartOf\":{\"@id\":\"https:\/\/jornaltimoneiro.com.br\/index.php\/2016\/09\/16\/o-timoneiro-realiza-debates-com-candidatos-a-prefeitura\/\"},\"author\":{\"name\":\"Reda\u00e7\u00e3o\",\"@id\":\"https:\/\/jornaltimoneiro.com.br\/#\/schema\/person\/620efd1d8244466117482be494360b08\"},\"headline\":\"O Timoneiro realiza debates com candidatos \u00e0 Prefeitura\",\"datePublished\":\"2016-09-16T13:31:22+00:00\",\"dateModified\":\"2016-09-16T13:31:22+00:00\",\"mainEntityOfPage\":{\"@id\":\"https:\/\/jornaltimoneiro.com.br\/index.php\/2016\/09\/16\/o-timoneiro-realiza-debates-com-candidatos-a-prefeitura\/\"},\"wordCount\":271,\"commentCount\":0,\"publisher\":{\"@id\":\"https:\/\/jornaltimoneiro.com.br\/#organization\"},\"articleSection\":[\"Destaques\",\"Not\u00edcias\",\"Pol\u00edtica\"],\"inLanguage\":\"pt-BR\",\"potentialAction\":[{\"@type\":\"CommentAction\",\"name\":\"Comment\",\"target\":[\"https:\/\/jornaltimoneiro.com.br\/index.php\/2016\/09\/16\/o-timoneiro-realiza-debates-com-candidatos-a-prefeitura\/#respond\"]}]},{\"@type\":\"WebPage\",\"@id\":\"https:\/\/jornaltimoneiro.com.br\/index.php\/2016\/09\/16\/o-timoneiro-realiza-debates-com-candidatos-a-prefeitura\/\",\"url\":\"https:\/\/jornaltimoneiro.com.br\/index.php\/2016\/09\/16\/o-timoneiro-realiza-debates-com-candidatos-a-prefeitura\/\",\"name\":\"O Timoneiro realiza debates com candidatos \u00e0 Prefeitura - O Timoneiro Jornal Canoas RS\",\"isPartOf\":{\"@id\":\"https:\/\/jornaltimoneiro.com.br\/#website\"},\"datePublished\":\"2016-09-16T13:31:22+00:00\",\"dateModified\":\"2016-09-16T13:31:22+00:00\",\"breadcrumb\":{\"@id\":\"https:\/\/jornaltimoneiro.com.br\/index.php\/2016\/09\/16\/o-timoneiro-realiza-debates-com-candidatos-a-prefeitura\/#breadcrumb\"},\"inLanguage\":\"pt-BR\",\"potentialAction\":[{\"@type\":\"ReadAction\",\"target\":[\"https:\/\/jornaltimoneiro.com.br\/index.php\/2016\/09\/16\/o-timoneiro-realiza-debates-com-candidatos-a-prefeitura\/\"]}]},{\"@type\":\"BreadcrumbList\",\"@id\":\"https:\/\/jornaltimoneiro.com.br\/index.php\/2016\/09\/16\/o-timoneiro-realiza-debates-com-candidatos-a-prefeitura\/#breadcrumb\",\"itemListElement\":[{\"@type\":\"ListItem\",\"position\":1,\"name\":\"In\u00edcio\",\"item\":\"https:\/\/jornaltimoneiro.com.br\/\"},{\"@type\":\"ListItem\",\"position\":2,\"name\":\"O Timoneiro realiza debates com candidatos \u00e0 Prefeitura\"}]},{\"@type\":\"WebSite\",\"@id\":\"https:\/\/jornaltimoneiro.com.br\/#website\",\"url\":\"https:\/\/jornaltimoneiro.com.br\/\",\"name\":\"Jornal Timoneiro Canoas RS\",\"description\":\"Jornal O Timoneiro, o verdadeiro jornal de Canoas\",\"publisher\":{\"@id\":\"https:\/\/jornaltimoneiro.com.br\/#organization\"},\"potentialAction\":[{\"@type\":\"SearchAction\",\"target\":{\"@type\":\"EntryPoint\",\"urlTemplate\":\"https:\/\/jornaltimoneiro.com.br\/?s={search_term_string}\"},\"query-input\":\"required name=search_term_string\"}],\"inLanguage\":\"pt-BR\"},{\"@type\":\"Organization\",\"@id\":\"https:\/\/jornaltimoneiro.com.br\/#organization\",\"name\":\"Jornal Timoneiro Canoas RS\",\"url\":\"https:\/\/jornaltimoneiro.com.br\/\",\"logo\":{\"@type\":\"ImageObject\",\"inLanguage\":\"pt-BR\",\"@id\":\"https:\/\/jornaltimoneiro.com.br\/#\/schema\/logo\/image\/\",\"url\":\"https:\/\/jornaltimoneiro.com.br\/wp-content\/uploads\/2023\/03\/logonovo.png\",\"contentUrl\":\"https:\/\/jornaltimoneiro.com.br\/wp-content\/uploads\/2023\/03\/logonovo.png\",\"width\":\"469\",\"height\":\"171\",\"caption\":\"Jornal Timoneiro Canoas RS\"},\"image\":{\"@id\":\"https:\/\/jornaltimoneiro.com.br\/#\/schema\/logo\/image\/\"},\"sameAs\":[\"https:\/\/www.facebook.com\/jornaltimoneiro\",\"https:\/\/twitter.com\/_OTimoneiro\",\"https:\/\/www.instagram.com\/jornaltimoneirocanoas\/\",\"https:\/\/www.youtube.com\/@jornalotimoneiro7927\"]},{\"@type\":\"Person\",\"@id\":\"https:\/\/jornaltimoneiro.com.br\/#\/schema\/person\/620efd1d8244466117482be494360b08\",\"name\":\"Reda\u00e7\u00e3o\",\"image\":{\"@type\":\"ImageObject\",\"inLanguage\":\"pt-BR\",\"@id\":\"https:\/\/jornaltimoneiro.com.br\/#\/schema\/person\/image\/\",\"url\":\"https:\/\/secure.gravatar.com\/avatar\/2f04e1b304682a8d9db336c7acd77f08?s=96&d=mm&r=g\",\"contentUrl\":\"https:\/\/secure.gravatar.com\/avatar\/2f04e1b304682a8d9db336c7acd77f08?s=96&d=mm&r=g\",\"caption\":\"Reda\u00e7\u00e3o\"},\"url\":\"https:\/\/jornaltimoneiro.com.br\/index.php\/author\/timoneirocanoas\/\"}]}<\/script>\n<!-- \/ Yoast SEO plugin. -->","yoast_head_json":{"title":"O Timoneiro realiza debates com candidatos \u00e0 Prefeitura - O Timoneiro Jornal Canoas RS","robots":{"index":"index","follow":"follow","max-snippet":"max-snippet:-1","max-image-preview":"max-image-preview:large","max-video-preview":"max-video-preview:-1"},"canonical":"https:\/\/jornaltimoneiro.com.br\/index.php\/2016\/09\/16\/o-timoneiro-realiza-debates-com-candidatos-a-prefeitura\/","og_locale":"pt_BR","og_type":"article","og_title":"O Timoneiro realiza debates com candidatos \u00e0 Prefeitura - O Timoneiro Jornal Canoas RS","og_description":"Eventos ocorrer\u00e3o nos dias 21 e 27 de setembro no audit\u00f3rio do Sinprocan e ser\u00e3o transmitidos pela internet","og_url":"https:\/\/jornaltimoneiro.com.br\/index.php\/2016\/09\/16\/o-timoneiro-realiza-debates-com-candidatos-a-prefeitura\/","og_site_name":"O Timoneiro Jornal Canoas RS","article_publisher":"https:\/\/www.facebook.com\/jornaltimoneiro","article_published_time":"2016-09-16T13:31:22+00:00","author":"Reda\u00e7\u00e3o","twitter_card":"summary_large_image","twitter_creator":"@_OTimoneiro","twitter_site":"@_OTimoneiro","twitter_misc":{"Escrito por":"Reda\u00e7\u00e3o","Est. tempo de leitura":"1 minuto"},"schema":{"@context":"https:\/\/schema.org","@graph":[{"@type":"Article","@id":"https:\/\/jornaltimoneiro.com.br\/index.php\/2016\/09\/16\/o-timoneiro-realiza-debates-com-candidatos-a-prefeitura\/#article","isPartOf":{"@id":"https:\/\/jornaltimoneiro.com.br\/index.php\/2016\/09\/16\/o-timoneiro-realiza-debates-com-candidatos-a-prefeitura\/"},"author":{"name":"Reda\u00e7\u00e3o","@id":"https:\/\/jornaltimoneiro.com.br\/#\/schema\/person\/620efd1d8244466117482be494360b08"},"headline":"O Timoneiro realiza debates com candidatos \u00e0 Prefeitura","datePublished":"2016-09-16T13:31:22+00:00","dateModified":"2016-09-16T13:31:22+00:00","mainEntityOfPage":{"@id":"https:\/\/jornaltimoneiro.com.br\/index.php\/2016\/09\/16\/o-timoneiro-realiza-debates-com-candidatos-a-prefeitura\/"},"wordCount":271,"commentCount":0,"publisher":{"@id":"https:\/\/jornaltimoneiro.com.br\/#organization"},"articleSection":["Destaques","Not\u00edcias","Pol\u00edtica"],"inLanguage":"pt-BR","potentialAction":[{"@type":"CommentAction","name":"Comment","target":["https:\/\/jornaltimoneiro.com.br\/index.php\/2016\/09\/16\/o-timoneiro-realiza-debates-com-candidatos-a-prefeitura\/#respond"]}]},{"@type":"WebPage","@id":"https:\/\/jornaltimoneiro.com.br\/index.php\/2016\/09\/16\/o-timoneiro-realiza-debates-com-candidatos-a-prefeitura\/","url":"https:\/\/jornaltimoneiro.com.br\/index.php\/2016\/09\/16\/o-timoneiro-realiza-debates-com-candidatos-a-prefeitura\/","name":"O Timoneiro realiza debates com candidatos \u00e0 Prefeitura - O Timoneiro Jornal Canoas RS","isPartOf":{"@id":"https:\/\/jornaltimoneiro.com.br\/#website"},"datePublished":"2016-09-16T13:31:22+00:00","dateModified":"2016-09-16T13:31:22+00:00","breadcrumb":{"@id":"https:\/\/jornaltimoneiro.com.br\/index.php\/2016\/09\/16\/o-timoneiro-realiza-debates-com-candidatos-a-prefeitura\/#breadcrumb"},"inLanguage":"pt-BR","potentialAction":[{"@type":"ReadAction","target":["https:\/\/jornaltimoneiro.com.br\/index.php\/2016\/09\/16\/o-timoneiro-realiza-debates-com-candidatos-a-prefeitura\/"]}]},{"@type":"BreadcrumbList","@id":"https:\/\/jornaltimoneiro.com.br\/index.php\/2016\/09\/16\/o-timoneiro-realiza-debates-com-candidatos-a-prefeitura\/#breadcrumb","itemListElement":[{"@type":"ListItem","position":1,"name":"In\u00edcio","item":"https:\/\/jornaltimoneiro.com.br\/"},{"@type":"ListItem","position":2,"name":"O Timoneiro realiza debates com candidatos \u00e0 Prefeitura"}]},{"@type":"WebSite","@id":"https:\/\/jornaltimoneiro.com.br\/#website","url":"https:\/\/jornaltimoneiro.com.br\/","name":"Jornal Timoneiro Canoas RS","description":"Jornal O Timoneiro, o verdadeiro jornal de Canoas","publisher":{"@id":"https:\/\/jornaltimoneiro.com.br\/#organization"},"potentialAction":[{"@type":"SearchAction","target":{"@type":"EntryPoint","urlTemplate":"https:\/\/jornaltimoneiro.com.br\/?s={search_term_string}"},"query-input":"required name=search_term_string"}],"inLanguage":"pt-BR"},{"@type":"Organization","@id":"https:\/\/jornaltimoneiro.com.br\/#organization","name":"Jornal Timoneiro Canoas RS","url":"https:\/\/jornaltimoneiro.com.br\/","logo":{"@type":"ImageObject","inLanguage":"pt-BR","@id":"https:\/\/jornaltimoneiro.com.br\/#\/schema\/logo\/image\/","url":"https:\/\/jornaltimoneiro.com.br\/wp-content\/uploads\/2023\/03\/logonovo.png","contentUrl":"https:\/\/jornaltimoneiro.com.br\/wp-content\/uploads\/2023\/03\/logonovo.png","width":"469","height":"171","caption":"Jornal Timoneiro Canoas RS"},"image":{"@id":"https:\/\/jornaltimoneiro.com.br\/#\/schema\/logo\/image\/"},"sameAs":["https:\/\/www.facebook.com\/jornaltimoneiro","https:\/\/twitter.com\/_OTimoneiro","https:\/\/www.instagram.com\/jornaltimoneirocanoas\/","https:\/\/www.youtube.com\/@jornalotimoneiro7927"]},{"@type":"Person","@id":"https:\/\/jornaltimoneiro.com.br\/#\/schema\/person\/620efd1d8244466117482be494360b08","name":"Reda\u00e7\u00e3o","image":{"@type":"ImageObject","inLanguage":"pt-BR","@id":"https:\/\/jornaltimoneiro.com.br\/#\/schema\/person\/image\/","url":"https:\/\/secure.gravatar.com\/avatar\/2f04e1b304682a8d9db336c7acd77f08?s=96&d=mm&r=g","contentUrl":"https:\/\/secure.gravatar.com\/avatar\/2f04e1b304682a8d9db336c7acd77f08?s=96&d=mm&r=g","caption":"Reda\u00e7\u00e3o"},"url":"https:\/\/jornaltimoneiro.com.br\/index.php\/author\/timoneirocanoas\/"}]}},"_links":{"self":[{"href":"https:\/\/jornaltimoneiro.com.br\/index.php\/wp-json\/wp\/v2\/posts\/5070"}],"collection":[{"href":"https:\/\/jornaltimoneiro.com.br\/index.php\/wp-json\/wp\/v2\/posts"}],"about":[{"href":"https:\/\/jornaltimoneiro.com.br\/index.php\/wp-json\/wp\/v2\/types\/post"}],"author":[{"embeddable":true,"href":"https:\/\/jornaltimoneiro.com.br\/index.php\/wp-json\/wp\/v2\/users\/1"}],"replies":[{"embeddable":true,"href":"https:\/\/jornaltimoneiro.com.br\/index.php\/wp-json\/wp\/v2\/comments?post=5070"}],"version-history":[{"count":0,"href":"https:\/\/jornaltimoneiro.com.br\/index.php\/wp-json\/wp\/v2\/posts\/5070\/revisions"}],"wp:featuredmedia":[{"embeddable":true,"href":"https:\/\/jornaltimoneiro.com.br\/index.php\/wp-json\/"}],"wp:attachment":[{"href":"https:\/\/jornaltimoneiro.com.br\/index.php\/wp-json\/wp\/v2\/media?parent=5070"}],"wp:term":[{"taxonomy":"category","embeddable":true,"href":"https:\/\/jornaltimoneiro.com.br\/index.php\/wp-json\/wp\/v2\/categories?post=5070"},{"taxonomy":"post_tag","embeddable":true,"href":"https:\/\/jornaltimoneiro.com.br\/index.php\/wp-json\/wp\/v2\/tags?post=5070"}],"curies":[{"name":"wp","href":"https:\/\/api.w.org\/{rel}","templated":true}]}}