{"id":5065,"date":"2016-09-16T10:22:09","date_gmt":"2016-09-16T13:22:09","guid":{"rendered":"http:\/\/otimoneiro.com.br\/?p=5065"},"modified":"2016-09-16T10:22:09","modified_gmt":"2016-09-16T13:22:09","slug":"trilhos-do-aeromovel-chegam-na-cidade","status":"publish","type":"post","link":"https:\/\/jornaltimoneiro.com.br\/index.php\/2016\/09\/16\/trilhos-do-aeromovel-chegam-na-cidade\/","title":{"rendered":"Trilhos do Aerom\u00f3vel chegam na cidade"},"content":{"rendered":"<div id=\"attachment_5066\" style=\"width: 618px\" class=\"wp-caption aligncenter\"><a href=\"http:\/\/otimoneiro.com.br\/wp-content\/uploads\/2016\/09\/IMG_4222.jpg\"><img decoding=\"async\" aria-describedby=\"caption-attachment-5066\" class=\" wp-image-5066\" src=\"http:\/\/otimoneiro.com.br\/wp-content\/uploads\/2016\/09\/IMG_4222-1024x683.jpg\" alt=\"Trilhos do Aerom\u00f3vel chegam \u00e0 cidade. Foto: divulga\u00e7\u00e3o\/PMC.\" width=\"608\" height=\"406\" \/><\/a><p id=\"caption-attachment-5066\" class=\"wp-caption-text\">Trilhos do Aerom\u00f3vel chegam \u00e0 cidade. Foto: divulga\u00e7\u00e3o\/PMC.<\/p><\/div>\n<p>A primeira carga de trilhos, que ser\u00e3o utilizados pelo sistema aerom\u00f3vel, j\u00e1 est\u00e3o em solo canoense. Eles est\u00e3o sendo armazenados pr\u00f3ximos ao escrit\u00f3rio da empresa Aerom\u00f3vel Brasil S.A., nas depend\u00eancias da Ulbra. Fabricados na Espanha, demandaram tr\u00eas semanas de transporte at\u00e9 o Porto de S\u00e3o Francisco do Sul, em Santa Catarina.<br \/>\nDuas carretas chegaram na segunda-feira, 12, e estima-se que, dentro de duas semanas, todas as 30 carretas ter\u00e3o descarregado as 860 toneladas de trilhos. A pr\u00f3xima fase ser\u00e1 de beneficiamento das estruturas de a\u00e7o, um processo chamado calandragem, para que os trilhos possam ser usados em desvios e curvas do trecho. Os trilhos ser\u00e3o direcionados para a Linha 1 do sistema aerom\u00f3vel de Canoas, que ligar\u00e1 a Esta\u00e7\u00e3o Mathias Velho do Trensurb, at\u00e9 pr\u00f3ximo \u00e0 Brigada Militar, na Rua 17 de Abril, num total de 4,7 quil\u00f4metros de extens\u00e3o e sete esta\u00e7\u00f5es. Ainda segundo a administra\u00e7\u00e3o municipal, o modal completo ter\u00e1 18 km de extens\u00e3o, 26 esta\u00e7\u00f5es e transportar\u00e1 12 mil passageiros\/hora no pico e 82 mil passageiros\/dia.<\/p>\n","protected":false},"excerpt":{"rendered":"<p>A primeira carga de trilhos, que ser\u00e3o utilizados pelo sistema aerom\u00f3vel, j\u00e1 est\u00e3o em solo canoense. Eles est\u00e3o sendo armazenados pr\u00f3ximos ao escrit\u00f3rio da empresa Aerom\u00f3vel Brasil S.A., nas depend\u00eancias da Ulbra. Fabricados na Espanha, demandaram tr\u00eas semanas de transporte at\u00e9 o Porto de S\u00e3o Francisco do Sul, em Santa Catarina. Duas carretas chegaram na [&hellip;]<\/p>\n","protected":false},"author":1,"featured_media":5066,"comment_status":"open","ping_status":"open","sticky":false,"template":"","format":"standard","meta":{"amp_status":"","footnotes":""},"categories":[19,22,57],"tags":[],"class_list":["post-5065","post","type-post","status-publish","format-standard","has-post-thumbnail","hentry","category-destaques","category-noticias","category-transito"],"yoast_head":"<!-- This site is optimized with the Yoast SEO plugin v20.5 - https:\/\/yoast.com\/wordpress\/plugins\/seo\/ -->\n<title>Trilhos do Aerom\u00f3vel chegam na cidade - O Timoneiro Jornal Canoas RS<\/title>\n<meta name=\"robots\" content=\"index, follow, max-snippet:-1, max-image-preview:large, max-video-preview:-1\" \/>\n<link rel=\"canonical\" href=\"https:\/\/jornaltimoneiro.com.br\/index.php\/2016\/09\/16\/trilhos-do-aeromovel-chegam-na-cidade\/\" \/>\n<meta property=\"og:locale\" content=\"pt_BR\" \/>\n<meta property=\"og:type\" content=\"article\" \/>\n<meta property=\"og:title\" content=\"Trilhos do Aerom\u00f3vel chegam na cidade - O Timoneiro Jornal Canoas RS\" \/>\n<meta property=\"og:description\" content=\"A primeira carga de trilhos, que ser\u00e3o utilizados pelo sistema aerom\u00f3vel, j\u00e1 est\u00e3o em solo canoense. Eles est\u00e3o sendo armazenados pr\u00f3ximos ao escrit\u00f3rio da empresa Aerom\u00f3vel Brasil S.A., nas depend\u00eancias da Ulbra. Fabricados na Espanha, demandaram tr\u00eas semanas de transporte at\u00e9 o Porto de S\u00e3o Francisco do Sul, em Santa Catarina. Duas carretas chegaram na [&hellip;]\" \/>\n<meta property=\"og:url\" content=\"https:\/\/jornaltimoneiro.com.br\/index.php\/2016\/09\/16\/trilhos-do-aeromovel-chegam-na-cidade\/\" \/>\n<meta property=\"og:site_name\" content=\"O Timoneiro Jornal Canoas RS\" \/>\n<meta property=\"article:publisher\" content=\"https:\/\/www.facebook.com\/jornaltimoneiro\" \/>\n<meta property=\"article:published_time\" content=\"2016-09-16T13:22:09+00:00\" \/>\n<meta name=\"author\" content=\"Reda\u00e7\u00e3o\" \/>\n<meta name=\"twitter:card\" content=\"summary_large_image\" \/>\n<meta name=\"twitter:creator\" content=\"@_OTimoneiro\" \/>\n<meta name=\"twitter:site\" content=\"@_OTimoneiro\" \/>\n<meta name=\"twitter:label1\" content=\"Escrito por\" \/>\n\t<meta name=\"twitter:data1\" content=\"Reda\u00e7\u00e3o\" \/>\n\t<meta name=\"twitter:label2\" content=\"Est. tempo de leitura\" \/>\n\t<meta name=\"twitter:data2\" content=\"1 minuto\" \/>\n<script type=\"application\/ld+json\" class=\"yoast-schema-graph\">{\"@context\":\"https:\/\/schema.org\",\"@graph\":[{\"@type\":\"Article\",\"@id\":\"https:\/\/jornaltimoneiro.com.br\/index.php\/2016\/09\/16\/trilhos-do-aeromovel-chegam-na-cidade\/#article\",\"isPartOf\":{\"@id\":\"https:\/\/jornaltimoneiro.com.br\/index.php\/2016\/09\/16\/trilhos-do-aeromovel-chegam-na-cidade\/\"},\"author\":{\"name\":\"Reda\u00e7\u00e3o\",\"@id\":\"https:\/\/jornaltimoneiro.com.br\/#\/schema\/person\/620efd1d8244466117482be494360b08\"},\"headline\":\"Trilhos do Aerom\u00f3vel chegam na cidade\",\"datePublished\":\"2016-09-16T13:22:09+00:00\",\"dateModified\":\"2016-09-16T13:22:09+00:00\",\"mainEntityOfPage\":{\"@id\":\"https:\/\/jornaltimoneiro.com.br\/index.php\/2016\/09\/16\/trilhos-do-aeromovel-chegam-na-cidade\/\"},\"wordCount\":208,\"commentCount\":0,\"publisher\":{\"@id\":\"https:\/\/jornaltimoneiro.com.br\/#organization\"},\"articleSection\":[\"Destaques\",\"Not\u00edcias\",\"Tr\u00e2nsito\"],\"inLanguage\":\"pt-BR\",\"potentialAction\":[{\"@type\":\"CommentAction\",\"name\":\"Comment\",\"target\":[\"https:\/\/jornaltimoneiro.com.br\/index.php\/2016\/09\/16\/trilhos-do-aeromovel-chegam-na-cidade\/#respond\"]}]},{\"@type\":\"WebPage\",\"@id\":\"https:\/\/jornaltimoneiro.com.br\/index.php\/2016\/09\/16\/trilhos-do-aeromovel-chegam-na-cidade\/\",\"url\":\"https:\/\/jornaltimoneiro.com.br\/index.php\/2016\/09\/16\/trilhos-do-aeromovel-chegam-na-cidade\/\",\"name\":\"Trilhos do Aerom\u00f3vel chegam na cidade - O Timoneiro Jornal Canoas RS\",\"isPartOf\":{\"@id\":\"https:\/\/jornaltimoneiro.com.br\/#website\"},\"datePublished\":\"2016-09-16T13:22:09+00:00\",\"dateModified\":\"2016-09-16T13:22:09+00:00\",\"breadcrumb\":{\"@id\":\"https:\/\/jornaltimoneiro.com.br\/index.php\/2016\/09\/16\/trilhos-do-aeromovel-chegam-na-cidade\/#breadcrumb\"},\"inLanguage\":\"pt-BR\",\"potentialAction\":[{\"@type\":\"ReadAction\",\"target\":[\"https:\/\/jornaltimoneiro.com.br\/index.php\/2016\/09\/16\/trilhos-do-aeromovel-chegam-na-cidade\/\"]}]},{\"@type\":\"BreadcrumbList\",\"@id\":\"https:\/\/jornaltimoneiro.com.br\/index.php\/2016\/09\/16\/trilhos-do-aeromovel-chegam-na-cidade\/#breadcrumb\",\"itemListElement\":[{\"@type\":\"ListItem\",\"position\":1,\"name\":\"In\u00edcio\",\"item\":\"https:\/\/jornaltimoneiro.com.br\/\"},{\"@type\":\"ListItem\",\"position\":2,\"name\":\"Trilhos do Aerom\u00f3vel chegam na cidade\"}]},{\"@type\":\"WebSite\",\"@id\":\"https:\/\/jornaltimoneiro.com.br\/#website\",\"url\":\"https:\/\/jornaltimoneiro.com.br\/\",\"name\":\"Jornal Timoneiro Canoas RS\",\"description\":\"Jornal O Timoneiro, o verdadeiro jornal de Canoas\",\"publisher\":{\"@id\":\"https:\/\/jornaltimoneiro.com.br\/#organization\"},\"potentialAction\":[{\"@type\":\"SearchAction\",\"target\":{\"@type\":\"EntryPoint\",\"urlTemplate\":\"https:\/\/jornaltimoneiro.com.br\/?s={search_term_string}\"},\"query-input\":\"required name=search_term_string\"}],\"inLanguage\":\"pt-BR\"},{\"@type\":\"Organization\",\"@id\":\"https:\/\/jornaltimoneiro.com.br\/#organization\",\"name\":\"Jornal Timoneiro Canoas RS\",\"url\":\"https:\/\/jornaltimoneiro.com.br\/\",\"logo\":{\"@type\":\"ImageObject\",\"inLanguage\":\"pt-BR\",\"@id\":\"https:\/\/jornaltimoneiro.com.br\/#\/schema\/logo\/image\/\",\"url\":\"https:\/\/jornaltimoneiro.com.br\/wp-content\/uploads\/2023\/03\/logonovo.png\",\"contentUrl\":\"https:\/\/jornaltimoneiro.com.br\/wp-content\/uploads\/2023\/03\/logonovo.png\",\"width\":\"469\",\"height\":\"171\",\"caption\":\"Jornal Timoneiro Canoas RS\"},\"image\":{\"@id\":\"https:\/\/jornaltimoneiro.com.br\/#\/schema\/logo\/image\/\"},\"sameAs\":[\"https:\/\/www.facebook.com\/jornaltimoneiro\",\"https:\/\/twitter.com\/_OTimoneiro\",\"https:\/\/www.instagram.com\/jornaltimoneirocanoas\/\",\"https:\/\/www.youtube.com\/@jornalotimoneiro7927\"]},{\"@type\":\"Person\",\"@id\":\"https:\/\/jornaltimoneiro.com.br\/#\/schema\/person\/620efd1d8244466117482be494360b08\",\"name\":\"Reda\u00e7\u00e3o\",\"image\":{\"@type\":\"ImageObject\",\"inLanguage\":\"pt-BR\",\"@id\":\"https:\/\/jornaltimoneiro.com.br\/#\/schema\/person\/image\/\",\"url\":\"https:\/\/secure.gravatar.com\/avatar\/2f04e1b304682a8d9db336c7acd77f08?s=96&d=mm&r=g\",\"contentUrl\":\"https:\/\/secure.gravatar.com\/avatar\/2f04e1b304682a8d9db336c7acd77f08?s=96&d=mm&r=g\",\"caption\":\"Reda\u00e7\u00e3o\"},\"url\":\"https:\/\/jornaltimoneiro.com.br\/index.php\/author\/timoneirocanoas\/\"}]}<\/script>\n<!-- \/ Yoast SEO plugin. -->","yoast_head_json":{"title":"Trilhos do Aerom\u00f3vel chegam na cidade - O Timoneiro Jornal Canoas RS","robots":{"index":"index","follow":"follow","max-snippet":"max-snippet:-1","max-image-preview":"max-image-preview:large","max-video-preview":"max-video-preview:-1"},"canonical":"https:\/\/jornaltimoneiro.com.br\/index.php\/2016\/09\/16\/trilhos-do-aeromovel-chegam-na-cidade\/","og_locale":"pt_BR","og_type":"article","og_title":"Trilhos do Aerom\u00f3vel chegam na cidade - O Timoneiro Jornal Canoas RS","og_description":"A primeira carga de trilhos, que ser\u00e3o utilizados pelo sistema aerom\u00f3vel, j\u00e1 est\u00e3o em solo canoense. Eles est\u00e3o sendo armazenados pr\u00f3ximos ao escrit\u00f3rio da empresa Aerom\u00f3vel Brasil S.A., nas depend\u00eancias da Ulbra. Fabricados na Espanha, demandaram tr\u00eas semanas de transporte at\u00e9 o Porto de S\u00e3o Francisco do Sul, em Santa Catarina. Duas carretas chegaram na [&hellip;]","og_url":"https:\/\/jornaltimoneiro.com.br\/index.php\/2016\/09\/16\/trilhos-do-aeromovel-chegam-na-cidade\/","og_site_name":"O Timoneiro Jornal Canoas RS","article_publisher":"https:\/\/www.facebook.com\/jornaltimoneiro","article_published_time":"2016-09-16T13:22:09+00:00","author":"Reda\u00e7\u00e3o","twitter_card":"summary_large_image","twitter_creator":"@_OTimoneiro","twitter_site":"@_OTimoneiro","twitter_misc":{"Escrito por":"Reda\u00e7\u00e3o","Est. tempo de leitura":"1 minuto"},"schema":{"@context":"https:\/\/schema.org","@graph":[{"@type":"Article","@id":"https:\/\/jornaltimoneiro.com.br\/index.php\/2016\/09\/16\/trilhos-do-aeromovel-chegam-na-cidade\/#article","isPartOf":{"@id":"https:\/\/jornaltimoneiro.com.br\/index.php\/2016\/09\/16\/trilhos-do-aeromovel-chegam-na-cidade\/"},"author":{"name":"Reda\u00e7\u00e3o","@id":"https:\/\/jornaltimoneiro.com.br\/#\/schema\/person\/620efd1d8244466117482be494360b08"},"headline":"Trilhos do Aerom\u00f3vel chegam na cidade","datePublished":"2016-09-16T13:22:09+00:00","dateModified":"2016-09-16T13:22:09+00:00","mainEntityOfPage":{"@id":"https:\/\/jornaltimoneiro.com.br\/index.php\/2016\/09\/16\/trilhos-do-aeromovel-chegam-na-cidade\/"},"wordCount":208,"commentCount":0,"publisher":{"@id":"https:\/\/jornaltimoneiro.com.br\/#organization"},"articleSection":["Destaques","Not\u00edcias","Tr\u00e2nsito"],"inLanguage":"pt-BR","potentialAction":[{"@type":"CommentAction","name":"Comment","target":["https:\/\/jornaltimoneiro.com.br\/index.php\/2016\/09\/16\/trilhos-do-aeromovel-chegam-na-cidade\/#respond"]}]},{"@type":"WebPage","@id":"https:\/\/jornaltimoneiro.com.br\/index.php\/2016\/09\/16\/trilhos-do-aeromovel-chegam-na-cidade\/","url":"https:\/\/jornaltimoneiro.com.br\/index.php\/2016\/09\/16\/trilhos-do-aeromovel-chegam-na-cidade\/","name":"Trilhos do Aerom\u00f3vel chegam na cidade - O Timoneiro Jornal Canoas RS","isPartOf":{"@id":"https:\/\/jornaltimoneiro.com.br\/#website"},"datePublished":"2016-09-16T13:22:09+00:00","dateModified":"2016-09-16T13:22:09+00:00","breadcrumb":{"@id":"https:\/\/jornaltimoneiro.com.br\/index.php\/2016\/09\/16\/trilhos-do-aeromovel-chegam-na-cidade\/#breadcrumb"},"inLanguage":"pt-BR","potentialAction":[{"@type":"ReadAction","target":["https:\/\/jornaltimoneiro.com.br\/index.php\/2016\/09\/16\/trilhos-do-aeromovel-chegam-na-cidade\/"]}]},{"@type":"BreadcrumbList","@id":"https:\/\/jornaltimoneiro.com.br\/index.php\/2016\/09\/16\/trilhos-do-aeromovel-chegam-na-cidade\/#breadcrumb","itemListElement":[{"@type":"ListItem","position":1,"name":"In\u00edcio","item":"https:\/\/jornaltimoneiro.com.br\/"},{"@type":"ListItem","position":2,"name":"Trilhos do Aerom\u00f3vel chegam na cidade"}]},{"@type":"WebSite","@id":"https:\/\/jornaltimoneiro.com.br\/#website","url":"https:\/\/jornaltimoneiro.com.br\/","name":"Jornal Timoneiro Canoas RS","description":"Jornal O Timoneiro, o verdadeiro jornal de Canoas","publisher":{"@id":"https:\/\/jornaltimoneiro.com.br\/#organization"},"potentialAction":[{"@type":"SearchAction","target":{"@type":"EntryPoint","urlTemplate":"https:\/\/jornaltimoneiro.com.br\/?s={search_term_string}"},"query-input":"required name=search_term_string"}],"inLanguage":"pt-BR"},{"@type":"Organization","@id":"https:\/\/jornaltimoneiro.com.br\/#organization","name":"Jornal Timoneiro Canoas RS","url":"https:\/\/jornaltimoneiro.com.br\/","logo":{"@type":"ImageObject","inLanguage":"pt-BR","@id":"https:\/\/jornaltimoneiro.com.br\/#\/schema\/logo\/image\/","url":"https:\/\/jornaltimoneiro.com.br\/wp-content\/uploads\/2023\/03\/logonovo.png","contentUrl":"https:\/\/jornaltimoneiro.com.br\/wp-content\/uploads\/2023\/03\/logonovo.png","width":"469","height":"171","caption":"Jornal Timoneiro Canoas RS"},"image":{"@id":"https:\/\/jornaltimoneiro.com.br\/#\/schema\/logo\/image\/"},"sameAs":["https:\/\/www.facebook.com\/jornaltimoneiro","https:\/\/twitter.com\/_OTimoneiro","https:\/\/www.instagram.com\/jornaltimoneirocanoas\/","https:\/\/www.youtube.com\/@jornalotimoneiro7927"]},{"@type":"Person","@id":"https:\/\/jornaltimoneiro.com.br\/#\/schema\/person\/620efd1d8244466117482be494360b08","name":"Reda\u00e7\u00e3o","image":{"@type":"ImageObject","inLanguage":"pt-BR","@id":"https:\/\/jornaltimoneiro.com.br\/#\/schema\/person\/image\/","url":"https:\/\/secure.gravatar.com\/avatar\/2f04e1b304682a8d9db336c7acd77f08?s=96&d=mm&r=g","contentUrl":"https:\/\/secure.gravatar.com\/avatar\/2f04e1b304682a8d9db336c7acd77f08?s=96&d=mm&r=g","caption":"Reda\u00e7\u00e3o"},"url":"https:\/\/jornaltimoneiro.com.br\/index.php\/author\/timoneirocanoas\/"}]}},"_links":{"self":[{"href":"https:\/\/jornaltimoneiro.com.br\/index.php\/wp-json\/wp\/v2\/posts\/5065"}],"collection":[{"href":"https:\/\/jornaltimoneiro.com.br\/index.php\/wp-json\/wp\/v2\/posts"}],"about":[{"href":"https:\/\/jornaltimoneiro.com.br\/index.php\/wp-json\/wp\/v2\/types\/post"}],"author":[{"embeddable":true,"href":"https:\/\/jornaltimoneiro.com.br\/index.php\/wp-json\/wp\/v2\/users\/1"}],"replies":[{"embeddable":true,"href":"https:\/\/jornaltimoneiro.com.br\/index.php\/wp-json\/wp\/v2\/comments?post=5065"}],"version-history":[{"count":0,"href":"https:\/\/jornaltimoneiro.com.br\/index.php\/wp-json\/wp\/v2\/posts\/5065\/revisions"}],"wp:featuredmedia":[{"embeddable":true,"href":"https:\/\/jornaltimoneiro.com.br\/index.php\/wp-json\/"}],"wp:attachment":[{"href":"https:\/\/jornaltimoneiro.com.br\/index.php\/wp-json\/wp\/v2\/media?parent=5065"}],"wp:term":[{"taxonomy":"category","embeddable":true,"href":"https:\/\/jornaltimoneiro.com.br\/index.php\/wp-json\/wp\/v2\/categories?post=5065"},{"taxonomy":"post_tag","embeddable":true,"href":"https:\/\/jornaltimoneiro.com.br\/index.php\/wp-json\/wp\/v2\/tags?post=5065"}],"curies":[{"name":"wp","href":"https:\/\/api.w.org\/{rel}","templated":true}]}}