{"id":4912,"date":"2016-08-30T10:25:24","date_gmt":"2016-08-30T13:25:24","guid":{"rendered":"http:\/\/otimoneiro.com.br\/?p=4912"},"modified":"2016-08-30T10:25:24","modified_gmt":"2016-08-30T13:25:24","slug":"manifestacao-contra-o-impeachment-ocorre-no-acesso-a-canoas","status":"publish","type":"post","link":"https:\/\/jornaltimoneiro.com.br\/index.php\/2016\/08\/30\/manifestacao-contra-o-impeachment-ocorre-no-acesso-a-canoas\/","title":{"rendered":"Manifesta\u00e7\u00e3o contra o impeachment chega ao fim no acesso \u00e0 Canoas"},"content":{"rendered":"<div id=\"attachment_4913\" style=\"width: 623px\" class=\"wp-caption aligncenter\"><a href=\"http:\/\/otimoneiro.com.br\/wp-content\/uploads\/2016\/08\/divulga\u00e7\u00e3o-PRF.jpg\"><img decoding=\"async\" aria-describedby=\"caption-attachment-4913\" class=\" wp-image-4913\" src=\"http:\/\/otimoneiro.com.br\/wp-content\/uploads\/2016\/08\/divulga\u00e7\u00e3o-PRF.jpg\" alt=\"Manifesta\u00e7\u00e3o na Freeway \u00e9 contra o impeachment de Dilma. Foto: divulga\u00e7\u00e3o PRF\" width=\"613\" height=\"410\" \/><\/a><p id=\"caption-attachment-4913\" class=\"wp-caption-text\">Manifesta\u00e7\u00e3o na Freeway \u00e9 contra o impeachment de Dilma. Foto: divulga\u00e7\u00e3o PRF<\/p><\/div>\n<p>Na manh\u00e3 desta ter\u00e7a-feira, 30, manifestantes contr\u00e1rios ao impeachment da presidente afastada Dilma Rousseff (PT) bloquearam a Freeway no sentido capital-interior, em Porto Alegre, pr\u00f3ximo ao acesso \u00e0 Canoas. A via j\u00e1 foi retomada sem a atua\u00e7\u00e3o do Batalh\u00e3o de Choque de Brigada Militar, embora o batalh\u00e3o tenha sido chamado ap\u00f3s o que a Pol\u00edcia Rodovi\u00e1ria Federal (PRF) chamou de esgotamento das negocia\u00e7\u00f5es. A via foi limpa por agentes da Concepa, que administra a rodovia, j\u00e1 que pneus foram queimados.<\/p>\n<p>Mesmo ap\u00f3s ser desocupada, as autoridades locais orientam para que os motoristas evitem trafegar pelo trecho.<\/p>\n","protected":false},"excerpt":{"rendered":"<p>Na manh\u00e3 desta ter\u00e7a-feira, 30, manifestantes contr\u00e1rios ao impeachment da presidente afastada Dilma Rousseff (PT) bloquearam a Freeway no sentido capital-interior, em Porto Alegre, pr\u00f3ximo ao acesso \u00e0 Canoas. A via j\u00e1 foi retomada sem a atua\u00e7\u00e3o do Batalh\u00e3o de Choque de Brigada Militar, embora o batalh\u00e3o tenha sido chamado ap\u00f3s o que a Pol\u00edcia [&hellip;]<\/p>\n","protected":false},"author":1,"featured_media":4913,"comment_status":"open","ping_status":"open","sticky":false,"template":"","format":"standard","meta":{"amp_status":"","footnotes":""},"categories":[19,22,20,57],"tags":[],"class_list":["post-4912","post","type-post","status-publish","format-standard","has-post-thumbnail","hentry","category-destaques","category-noticias","category-politica-noticias","category-transito"],"yoast_head":"<!-- This site is optimized with the Yoast SEO plugin v20.5 - https:\/\/yoast.com\/wordpress\/plugins\/seo\/ -->\n<title>Manifesta\u00e7\u00e3o contra o impeachment chega ao fim no acesso \u00e0 Canoas - O Timoneiro Jornal Canoas RS<\/title>\n<meta name=\"robots\" content=\"index, follow, max-snippet:-1, max-image-preview:large, max-video-preview:-1\" \/>\n<link rel=\"canonical\" href=\"https:\/\/jornaltimoneiro.com.br\/index.php\/2016\/08\/30\/manifestacao-contra-o-impeachment-ocorre-no-acesso-a-canoas\/\" \/>\n<meta property=\"og:locale\" content=\"pt_BR\" \/>\n<meta property=\"og:type\" content=\"article\" \/>\n<meta property=\"og:title\" content=\"Manifesta\u00e7\u00e3o contra o impeachment chega ao fim no acesso \u00e0 Canoas - O Timoneiro Jornal Canoas RS\" \/>\n<meta property=\"og:description\" content=\"Na manh\u00e3 desta ter\u00e7a-feira, 30, manifestantes contr\u00e1rios ao impeachment da presidente afastada Dilma Rousseff (PT) bloquearam a Freeway no sentido capital-interior, em Porto Alegre, pr\u00f3ximo ao acesso \u00e0 Canoas. A via j\u00e1 foi retomada sem a atua\u00e7\u00e3o do Batalh\u00e3o de Choque de Brigada Militar, embora o batalh\u00e3o tenha sido chamado ap\u00f3s o que a Pol\u00edcia [&hellip;]\" \/>\n<meta property=\"og:url\" content=\"https:\/\/jornaltimoneiro.com.br\/index.php\/2016\/08\/30\/manifestacao-contra-o-impeachment-ocorre-no-acesso-a-canoas\/\" \/>\n<meta property=\"og:site_name\" content=\"O Timoneiro Jornal Canoas RS\" \/>\n<meta property=\"article:publisher\" content=\"https:\/\/www.facebook.com\/jornaltimoneiro\" \/>\n<meta property=\"article:published_time\" content=\"2016-08-30T13:25:24+00:00\" \/>\n<meta name=\"author\" content=\"Reda\u00e7\u00e3o\" \/>\n<meta name=\"twitter:card\" content=\"summary_large_image\" \/>\n<meta name=\"twitter:creator\" content=\"@_OTimoneiro\" \/>\n<meta name=\"twitter:site\" content=\"@_OTimoneiro\" \/>\n<meta name=\"twitter:label1\" content=\"Escrito por\" \/>\n\t<meta name=\"twitter:data1\" content=\"Reda\u00e7\u00e3o\" \/>\n\t<meta name=\"twitter:label2\" content=\"Est. tempo de leitura\" \/>\n\t<meta name=\"twitter:data2\" content=\"1 minuto\" \/>\n<script type=\"application\/ld+json\" class=\"yoast-schema-graph\">{\"@context\":\"https:\/\/schema.org\",\"@graph\":[{\"@type\":\"Article\",\"@id\":\"https:\/\/jornaltimoneiro.com.br\/index.php\/2016\/08\/30\/manifestacao-contra-o-impeachment-ocorre-no-acesso-a-canoas\/#article\",\"isPartOf\":{\"@id\":\"https:\/\/jornaltimoneiro.com.br\/index.php\/2016\/08\/30\/manifestacao-contra-o-impeachment-ocorre-no-acesso-a-canoas\/\"},\"author\":{\"name\":\"Reda\u00e7\u00e3o\",\"@id\":\"https:\/\/jornaltimoneiro.com.br\/#\/schema\/person\/620efd1d8244466117482be494360b08\"},\"headline\":\"Manifesta\u00e7\u00e3o contra o impeachment chega ao fim no acesso \u00e0 Canoas\",\"datePublished\":\"2016-08-30T13:25:24+00:00\",\"dateModified\":\"2016-08-30T13:25:24+00:00\",\"mainEntityOfPage\":{\"@id\":\"https:\/\/jornaltimoneiro.com.br\/index.php\/2016\/08\/30\/manifestacao-contra-o-impeachment-ocorre-no-acesso-a-canoas\/\"},\"wordCount\":136,\"commentCount\":0,\"publisher\":{\"@id\":\"https:\/\/jornaltimoneiro.com.br\/#organization\"},\"articleSection\":[\"Destaques\",\"Not\u00edcias\",\"Pol\u00edtica\",\"Tr\u00e2nsito\"],\"inLanguage\":\"pt-BR\",\"potentialAction\":[{\"@type\":\"CommentAction\",\"name\":\"Comment\",\"target\":[\"https:\/\/jornaltimoneiro.com.br\/index.php\/2016\/08\/30\/manifestacao-contra-o-impeachment-ocorre-no-acesso-a-canoas\/#respond\"]}]},{\"@type\":\"WebPage\",\"@id\":\"https:\/\/jornaltimoneiro.com.br\/index.php\/2016\/08\/30\/manifestacao-contra-o-impeachment-ocorre-no-acesso-a-canoas\/\",\"url\":\"https:\/\/jornaltimoneiro.com.br\/index.php\/2016\/08\/30\/manifestacao-contra-o-impeachment-ocorre-no-acesso-a-canoas\/\",\"name\":\"Manifesta\u00e7\u00e3o contra o impeachment chega ao fim no acesso \u00e0 Canoas - O Timoneiro Jornal Canoas RS\",\"isPartOf\":{\"@id\":\"https:\/\/jornaltimoneiro.com.br\/#website\"},\"datePublished\":\"2016-08-30T13:25:24+00:00\",\"dateModified\":\"2016-08-30T13:25:24+00:00\",\"breadcrumb\":{\"@id\":\"https:\/\/jornaltimoneiro.com.br\/index.php\/2016\/08\/30\/manifestacao-contra-o-impeachment-ocorre-no-acesso-a-canoas\/#breadcrumb\"},\"inLanguage\":\"pt-BR\",\"potentialAction\":[{\"@type\":\"ReadAction\",\"target\":[\"https:\/\/jornaltimoneiro.com.br\/index.php\/2016\/08\/30\/manifestacao-contra-o-impeachment-ocorre-no-acesso-a-canoas\/\"]}]},{\"@type\":\"BreadcrumbList\",\"@id\":\"https:\/\/jornaltimoneiro.com.br\/index.php\/2016\/08\/30\/manifestacao-contra-o-impeachment-ocorre-no-acesso-a-canoas\/#breadcrumb\",\"itemListElement\":[{\"@type\":\"ListItem\",\"position\":1,\"name\":\"In\u00edcio\",\"item\":\"https:\/\/jornaltimoneiro.com.br\/\"},{\"@type\":\"ListItem\",\"position\":2,\"name\":\"Manifesta\u00e7\u00e3o contra o impeachment chega ao fim no acesso \u00e0 Canoas\"}]},{\"@type\":\"WebSite\",\"@id\":\"https:\/\/jornaltimoneiro.com.br\/#website\",\"url\":\"https:\/\/jornaltimoneiro.com.br\/\",\"name\":\"Jornal Timoneiro Canoas RS\",\"description\":\"Jornal O Timoneiro, o verdadeiro jornal de Canoas\",\"publisher\":{\"@id\":\"https:\/\/jornaltimoneiro.com.br\/#organization\"},\"potentialAction\":[{\"@type\":\"SearchAction\",\"target\":{\"@type\":\"EntryPoint\",\"urlTemplate\":\"https:\/\/jornaltimoneiro.com.br\/?s={search_term_string}\"},\"query-input\":\"required name=search_term_string\"}],\"inLanguage\":\"pt-BR\"},{\"@type\":\"Organization\",\"@id\":\"https:\/\/jornaltimoneiro.com.br\/#organization\",\"name\":\"Jornal Timoneiro Canoas RS\",\"url\":\"https:\/\/jornaltimoneiro.com.br\/\",\"logo\":{\"@type\":\"ImageObject\",\"inLanguage\":\"pt-BR\",\"@id\":\"https:\/\/jornaltimoneiro.com.br\/#\/schema\/logo\/image\/\",\"url\":\"https:\/\/jornaltimoneiro.com.br\/wp-content\/uploads\/2023\/03\/logonovo.png\",\"contentUrl\":\"https:\/\/jornaltimoneiro.com.br\/wp-content\/uploads\/2023\/03\/logonovo.png\",\"width\":\"469\",\"height\":\"171\",\"caption\":\"Jornal Timoneiro Canoas RS\"},\"image\":{\"@id\":\"https:\/\/jornaltimoneiro.com.br\/#\/schema\/logo\/image\/\"},\"sameAs\":[\"https:\/\/www.facebook.com\/jornaltimoneiro\",\"https:\/\/twitter.com\/_OTimoneiro\",\"https:\/\/www.instagram.com\/jornaltimoneirocanoas\/\",\"https:\/\/www.youtube.com\/@jornalotimoneiro7927\"]},{\"@type\":\"Person\",\"@id\":\"https:\/\/jornaltimoneiro.com.br\/#\/schema\/person\/620efd1d8244466117482be494360b08\",\"name\":\"Reda\u00e7\u00e3o\",\"image\":{\"@type\":\"ImageObject\",\"inLanguage\":\"pt-BR\",\"@id\":\"https:\/\/jornaltimoneiro.com.br\/#\/schema\/person\/image\/\",\"url\":\"https:\/\/secure.gravatar.com\/avatar\/2f04e1b304682a8d9db336c7acd77f08?s=96&d=mm&r=g\",\"contentUrl\":\"https:\/\/secure.gravatar.com\/avatar\/2f04e1b304682a8d9db336c7acd77f08?s=96&d=mm&r=g\",\"caption\":\"Reda\u00e7\u00e3o\"},\"url\":\"https:\/\/jornaltimoneiro.com.br\/index.php\/author\/timoneirocanoas\/\"}]}<\/script>\n<!-- \/ Yoast SEO plugin. -->","yoast_head_json":{"title":"Manifesta\u00e7\u00e3o contra o impeachment chega ao fim no acesso \u00e0 Canoas - O Timoneiro Jornal Canoas RS","robots":{"index":"index","follow":"follow","max-snippet":"max-snippet:-1","max-image-preview":"max-image-preview:large","max-video-preview":"max-video-preview:-1"},"canonical":"https:\/\/jornaltimoneiro.com.br\/index.php\/2016\/08\/30\/manifestacao-contra-o-impeachment-ocorre-no-acesso-a-canoas\/","og_locale":"pt_BR","og_type":"article","og_title":"Manifesta\u00e7\u00e3o contra o impeachment chega ao fim no acesso \u00e0 Canoas - O Timoneiro Jornal Canoas RS","og_description":"Na manh\u00e3 desta ter\u00e7a-feira, 30, manifestantes contr\u00e1rios ao impeachment da presidente afastada Dilma Rousseff (PT) bloquearam a Freeway no sentido capital-interior, em Porto Alegre, pr\u00f3ximo ao acesso \u00e0 Canoas. A via j\u00e1 foi retomada sem a atua\u00e7\u00e3o do Batalh\u00e3o de Choque de Brigada Militar, embora o batalh\u00e3o tenha sido chamado ap\u00f3s o que a Pol\u00edcia [&hellip;]","og_url":"https:\/\/jornaltimoneiro.com.br\/index.php\/2016\/08\/30\/manifestacao-contra-o-impeachment-ocorre-no-acesso-a-canoas\/","og_site_name":"O Timoneiro Jornal Canoas RS","article_publisher":"https:\/\/www.facebook.com\/jornaltimoneiro","article_published_time":"2016-08-30T13:25:24+00:00","author":"Reda\u00e7\u00e3o","twitter_card":"summary_large_image","twitter_creator":"@_OTimoneiro","twitter_site":"@_OTimoneiro","twitter_misc":{"Escrito por":"Reda\u00e7\u00e3o","Est. tempo de leitura":"1 minuto"},"schema":{"@context":"https:\/\/schema.org","@graph":[{"@type":"Article","@id":"https:\/\/jornaltimoneiro.com.br\/index.php\/2016\/08\/30\/manifestacao-contra-o-impeachment-ocorre-no-acesso-a-canoas\/#article","isPartOf":{"@id":"https:\/\/jornaltimoneiro.com.br\/index.php\/2016\/08\/30\/manifestacao-contra-o-impeachment-ocorre-no-acesso-a-canoas\/"},"author":{"name":"Reda\u00e7\u00e3o","@id":"https:\/\/jornaltimoneiro.com.br\/#\/schema\/person\/620efd1d8244466117482be494360b08"},"headline":"Manifesta\u00e7\u00e3o contra o impeachment chega ao fim no acesso \u00e0 Canoas","datePublished":"2016-08-30T13:25:24+00:00","dateModified":"2016-08-30T13:25:24+00:00","mainEntityOfPage":{"@id":"https:\/\/jornaltimoneiro.com.br\/index.php\/2016\/08\/30\/manifestacao-contra-o-impeachment-ocorre-no-acesso-a-canoas\/"},"wordCount":136,"commentCount":0,"publisher":{"@id":"https:\/\/jornaltimoneiro.com.br\/#organization"},"articleSection":["Destaques","Not\u00edcias","Pol\u00edtica","Tr\u00e2nsito"],"inLanguage":"pt-BR","potentialAction":[{"@type":"CommentAction","name":"Comment","target":["https:\/\/jornaltimoneiro.com.br\/index.php\/2016\/08\/30\/manifestacao-contra-o-impeachment-ocorre-no-acesso-a-canoas\/#respond"]}]},{"@type":"WebPage","@id":"https:\/\/jornaltimoneiro.com.br\/index.php\/2016\/08\/30\/manifestacao-contra-o-impeachment-ocorre-no-acesso-a-canoas\/","url":"https:\/\/jornaltimoneiro.com.br\/index.php\/2016\/08\/30\/manifestacao-contra-o-impeachment-ocorre-no-acesso-a-canoas\/","name":"Manifesta\u00e7\u00e3o contra o impeachment chega ao fim no acesso \u00e0 Canoas - O Timoneiro Jornal Canoas RS","isPartOf":{"@id":"https:\/\/jornaltimoneiro.com.br\/#website"},"datePublished":"2016-08-30T13:25:24+00:00","dateModified":"2016-08-30T13:25:24+00:00","breadcrumb":{"@id":"https:\/\/jornaltimoneiro.com.br\/index.php\/2016\/08\/30\/manifestacao-contra-o-impeachment-ocorre-no-acesso-a-canoas\/#breadcrumb"},"inLanguage":"pt-BR","potentialAction":[{"@type":"ReadAction","target":["https:\/\/jornaltimoneiro.com.br\/index.php\/2016\/08\/30\/manifestacao-contra-o-impeachment-ocorre-no-acesso-a-canoas\/"]}]},{"@type":"BreadcrumbList","@id":"https:\/\/jornaltimoneiro.com.br\/index.php\/2016\/08\/30\/manifestacao-contra-o-impeachment-ocorre-no-acesso-a-canoas\/#breadcrumb","itemListElement":[{"@type":"ListItem","position":1,"name":"In\u00edcio","item":"https:\/\/jornaltimoneiro.com.br\/"},{"@type":"ListItem","position":2,"name":"Manifesta\u00e7\u00e3o contra o impeachment chega ao fim no acesso \u00e0 Canoas"}]},{"@type":"WebSite","@id":"https:\/\/jornaltimoneiro.com.br\/#website","url":"https:\/\/jornaltimoneiro.com.br\/","name":"Jornal Timoneiro Canoas RS","description":"Jornal O Timoneiro, o verdadeiro jornal de Canoas","publisher":{"@id":"https:\/\/jornaltimoneiro.com.br\/#organization"},"potentialAction":[{"@type":"SearchAction","target":{"@type":"EntryPoint","urlTemplate":"https:\/\/jornaltimoneiro.com.br\/?s={search_term_string}"},"query-input":"required name=search_term_string"}],"inLanguage":"pt-BR"},{"@type":"Organization","@id":"https:\/\/jornaltimoneiro.com.br\/#organization","name":"Jornal Timoneiro Canoas RS","url":"https:\/\/jornaltimoneiro.com.br\/","logo":{"@type":"ImageObject","inLanguage":"pt-BR","@id":"https:\/\/jornaltimoneiro.com.br\/#\/schema\/logo\/image\/","url":"https:\/\/jornaltimoneiro.com.br\/wp-content\/uploads\/2023\/03\/logonovo.png","contentUrl":"https:\/\/jornaltimoneiro.com.br\/wp-content\/uploads\/2023\/03\/logonovo.png","width":"469","height":"171","caption":"Jornal Timoneiro Canoas RS"},"image":{"@id":"https:\/\/jornaltimoneiro.com.br\/#\/schema\/logo\/image\/"},"sameAs":["https:\/\/www.facebook.com\/jornaltimoneiro","https:\/\/twitter.com\/_OTimoneiro","https:\/\/www.instagram.com\/jornaltimoneirocanoas\/","https:\/\/www.youtube.com\/@jornalotimoneiro7927"]},{"@type":"Person","@id":"https:\/\/jornaltimoneiro.com.br\/#\/schema\/person\/620efd1d8244466117482be494360b08","name":"Reda\u00e7\u00e3o","image":{"@type":"ImageObject","inLanguage":"pt-BR","@id":"https:\/\/jornaltimoneiro.com.br\/#\/schema\/person\/image\/","url":"https:\/\/secure.gravatar.com\/avatar\/2f04e1b304682a8d9db336c7acd77f08?s=96&d=mm&r=g","contentUrl":"https:\/\/secure.gravatar.com\/avatar\/2f04e1b304682a8d9db336c7acd77f08?s=96&d=mm&r=g","caption":"Reda\u00e7\u00e3o"},"url":"https:\/\/jornaltimoneiro.com.br\/index.php\/author\/timoneirocanoas\/"}]}},"_links":{"self":[{"href":"https:\/\/jornaltimoneiro.com.br\/index.php\/wp-json\/wp\/v2\/posts\/4912"}],"collection":[{"href":"https:\/\/jornaltimoneiro.com.br\/index.php\/wp-json\/wp\/v2\/posts"}],"about":[{"href":"https:\/\/jornaltimoneiro.com.br\/index.php\/wp-json\/wp\/v2\/types\/post"}],"author":[{"embeddable":true,"href":"https:\/\/jornaltimoneiro.com.br\/index.php\/wp-json\/wp\/v2\/users\/1"}],"replies":[{"embeddable":true,"href":"https:\/\/jornaltimoneiro.com.br\/index.php\/wp-json\/wp\/v2\/comments?post=4912"}],"version-history":[{"count":0,"href":"https:\/\/jornaltimoneiro.com.br\/index.php\/wp-json\/wp\/v2\/posts\/4912\/revisions"}],"wp:featuredmedia":[{"embeddable":true,"href":"https:\/\/jornaltimoneiro.com.br\/index.php\/wp-json\/"}],"wp:attachment":[{"href":"https:\/\/jornaltimoneiro.com.br\/index.php\/wp-json\/wp\/v2\/media?parent=4912"}],"wp:term":[{"taxonomy":"category","embeddable":true,"href":"https:\/\/jornaltimoneiro.com.br\/index.php\/wp-json\/wp\/v2\/categories?post=4912"},{"taxonomy":"post_tag","embeddable":true,"href":"https:\/\/jornaltimoneiro.com.br\/index.php\/wp-json\/wp\/v2\/tags?post=4912"}],"curies":[{"name":"wp","href":"https:\/\/api.w.org\/{rel}","templated":true}]}}