{"id":4905,"date":"2016-08-30T03:08:46","date_gmt":"2016-08-30T06:08:46","guid":{"rendered":"http:\/\/otimoneiro.com.br\/?p=4905"},"modified":"2016-08-30T03:08:46","modified_gmt":"2016-08-30T06:08:46","slug":"senac-canoas-abre-inscricoes-para-curso-tecnico-em-administracao","status":"publish","type":"post","link":"https:\/\/jornaltimoneiro.com.br\/index.php\/2016\/08\/30\/senac-canoas-abre-inscricoes-para-curso-tecnico-em-administracao\/","title":{"rendered":"Senac Canoas abre\u00a0inscri\u00e7\u00f5es para curso t\u00e9cnico em Administra\u00e7\u00e3o"},"content":{"rendered":"<p dir=\"ltr\"><a href=\"http:\/\/otimoneiro.com.br\/wp-content\/uploads\/2016\/08\/senac.jpg\"><img decoding=\"async\" class=\"aligncenter size-full wp-image-4906\" src=\"http:\/\/otimoneiro.com.br\/wp-content\/uploads\/2016\/08\/senac.jpg\" alt=\"senac\" width=\"608\" height=\"422\" \/><\/a><\/p>\n<p dir=\"ltr\">A fim de capacitar os profissionais interessados em atuar na \u00e1rea administrativa, o Senac Canoas est\u00e1 com inscri\u00e7\u00f5es abertas para o curso T\u00e9cnico em Administra\u00e7\u00e3o, \u00a0que inicia 21 de setembro. Com dura\u00e7\u00e3o m\u00e9dia de dois anos e foco na pr\u00e1tica, os cursos T\u00e9cnicos podem ser uma\u00a0boa op\u00e7\u00e3o para quem quer ingressar rapidamente no mercado de trabalho.<\/p>\n<p>A forma\u00e7\u00e3o tem carga hor\u00e1ria de mil horas\u00a0e acontece de segunda a sexta-feira, das 19 \u00e0s 22 horas. As atividades capacitam para atividades de apoio aos processos de diversas \u00e1reas de uma organiza\u00e7\u00e3o, solu\u00e7\u00e3o de problemas e bom relacionamento interpessoal, interagindo com diferentes equipes de trabalho no decorrer dos processos organizacionais. Para participar \u00e9 necess\u00e1rio ter idade m\u00ednima de 16 anos e Ensino M\u00e9dio completo ou em andamento.<\/p>\n<p>Matr\u00edculas para o curso T\u00e9cnico em Administra\u00e7\u00e3o devem ser feitas no Senac Canoas, localizado na rua Mathias Velho, 255. Mais informa\u00e7\u00f5es sobre a capacita\u00e7\u00e3o podem ser obtidas pelo telefone (51) 3476-7222 ou atrav\u00e9s do site <a href=\"http:\/\/www.senacrs.com.br\/canoas\" target=\"_blank\" data-saferedirecturl=\"https:\/\/www.google.com\/url?hl=pt-BR&amp;q=http:\/\/www.senacrs.com.br\/canoas&amp;source=gmail&amp;ust=1472622274622000&amp;usg=AFQjCNGIQf_EkrU5bT5NWcinENF6hGnZTA\">www.senacrs.com.br\/canoas<\/a>. Comerci\u00e1rios t\u00eam desconto de 20% mediante a apresenta\u00e7\u00e3o, no ato da matr\u00edcula, do cart\u00e3o Sesc\/Senac, nas categorias empres\u00e1rio e comerci\u00e1rio.<\/p>\n<p><strong>Sobre a Fecom\u00e9rcio-RS<\/strong><\/p>\n<div>\n<p dir=\"ltr\">A Federa\u00e7\u00e3o do Com\u00e9rcio de Bens e de Servi\u00e7os do Rio Grande do Sul \u00e9 uma entidade sindical, que atua no \u00e2mbito econ\u00f4mico, pol\u00edtico e social em prol da constante qualifica\u00e7\u00e3o e crescimento do setor terci\u00e1rio ga\u00facho. A Fecom\u00e9rcio-RS possui hoje 112 sindicatos filiados e representa mais de 580 mil empresas, geradoras de aproximadamente 1,6 milh\u00e3o de empregos formais. Atualmente, o Sistema Fecom\u00e9rcio-RS re\u00fane os bra\u00e7os operacionais dos setores de com\u00e9rcio e servi\u00e7os, Sesc\/RS e Senac-RS e conta tamb\u00e9m com o Instituto Fecom\u00e9rcio de Pesquisa (Ifep) e com o Centro do Com\u00e9rcio de Bens, Servi\u00e7os e Turismo do RS (Ccergs). Mais informa\u00e7\u00f5es pelo <a href=\"http:\/\/www.fecomercio-rs.org.br\/\" target=\"_blank\" data-saferedirecturl=\"https:\/\/www.google.com\/url?hl=pt-BR&amp;q=http:\/\/www.fecomercio-rs.org.br\/&amp;source=gmail&amp;ust=1472622274622000&amp;usg=AFQjCNHjNZKBPpJ1Jz5oCIh8kpcLFNmh3A\">http:\/\/www.fecomercio-rs.org.<wbr \/>br\/<\/a>.<\/p>\n<p dir=\"ltr\"><strong>Sobre o Senac-RS<\/strong><\/p>\n<p dir=\"ltr\">O Servi\u00e7o Nacional de Aprendizagem Comercial (Senac) \u00e9 uma organiza\u00e7\u00e3o de educa\u00e7\u00e3o profissional que tem o objetivo de colaborar na obra, difus\u00e3o e aperfei\u00e7oamento do ensino profissional no setor terci\u00e1rio da economia\/com\u00e9rcio e servi\u00e7os. Sua miss\u00e3o \u00e9 &#8220;educar para o trabalho em atividades de com\u00e9rcio de bens, servi\u00e7os e turismo&#8221;. H\u00e1 70 anos instalado no Rio Grande do Sul, o Senac-RS \u00e9 administrado pela Federa\u00e7\u00e3o do Com\u00e9rcio de Bens e Servi\u00e7os do Estado (Fecom\u00e9rcio), entidade que conta com 112 sindicatos filiados, representando mais de 580 mil empresas. O Senac-RS possui 43 unidades educacionais, duas faculdades e 23 Balc\u00f5es de atendimento, somando mais de 60 pontos de atendimento no Rio Grande do Sul.<\/p>\n<\/div>\n","protected":false},"excerpt":{"rendered":"<p>A forma\u00e7\u00e3o acontece de segunda a sexta-feira, das 19 \u00e0s 22 horas. <\/p>\n","protected":false},"author":1,"featured_media":4906,"comment_status":"open","ping_status":"open","sticky":false,"template":"","format":"standard","meta":{"amp_status":"","footnotes":""},"categories":[19,27,22],"tags":[],"class_list":["post-4905","post","type-post","status-publish","format-standard","has-post-thumbnail","hentry","category-destaques","category-ensino","category-noticias"],"yoast_head":"<!-- This site is optimized with the Yoast SEO plugin v20.5 - https:\/\/yoast.com\/wordpress\/plugins\/seo\/ -->\n<title>Senac Canoas abre\u00a0inscri\u00e7\u00f5es para curso t\u00e9cnico em Administra\u00e7\u00e3o - O Timoneiro Jornal Canoas RS<\/title>\n<meta name=\"robots\" content=\"index, follow, max-snippet:-1, max-image-preview:large, max-video-preview:-1\" \/>\n<link rel=\"canonical\" href=\"https:\/\/jornaltimoneiro.com.br\/index.php\/2016\/08\/30\/senac-canoas-abre-inscricoes-para-curso-tecnico-em-administracao\/\" \/>\n<meta property=\"og:locale\" content=\"pt_BR\" \/>\n<meta property=\"og:type\" content=\"article\" \/>\n<meta property=\"og:title\" content=\"Senac Canoas abre\u00a0inscri\u00e7\u00f5es para curso t\u00e9cnico em Administra\u00e7\u00e3o - O Timoneiro Jornal Canoas RS\" \/>\n<meta property=\"og:description\" content=\"A forma\u00e7\u00e3o acontece de segunda a sexta-feira, das 19 \u00e0s 22 horas.\" \/>\n<meta property=\"og:url\" content=\"https:\/\/jornaltimoneiro.com.br\/index.php\/2016\/08\/30\/senac-canoas-abre-inscricoes-para-curso-tecnico-em-administracao\/\" \/>\n<meta property=\"og:site_name\" content=\"O Timoneiro Jornal Canoas RS\" \/>\n<meta property=\"article:publisher\" content=\"https:\/\/www.facebook.com\/jornaltimoneiro\" \/>\n<meta property=\"article:published_time\" content=\"2016-08-30T06:08:46+00:00\" \/>\n<meta name=\"author\" content=\"Reda\u00e7\u00e3o\" \/>\n<meta name=\"twitter:card\" content=\"summary_large_image\" \/>\n<meta name=\"twitter:creator\" content=\"@_OTimoneiro\" \/>\n<meta name=\"twitter:site\" content=\"@_OTimoneiro\" \/>\n<meta name=\"twitter:label1\" content=\"Escrito por\" \/>\n\t<meta name=\"twitter:data1\" content=\"Reda\u00e7\u00e3o\" \/>\n\t<meta name=\"twitter:label2\" content=\"Est. tempo de leitura\" \/>\n\t<meta name=\"twitter:data2\" content=\"2 minutos\" \/>\n<script type=\"application\/ld+json\" class=\"yoast-schema-graph\">{\"@context\":\"https:\/\/schema.org\",\"@graph\":[{\"@type\":\"Article\",\"@id\":\"https:\/\/jornaltimoneiro.com.br\/index.php\/2016\/08\/30\/senac-canoas-abre-inscricoes-para-curso-tecnico-em-administracao\/#article\",\"isPartOf\":{\"@id\":\"https:\/\/jornaltimoneiro.com.br\/index.php\/2016\/08\/30\/senac-canoas-abre-inscricoes-para-curso-tecnico-em-administracao\/\"},\"author\":{\"name\":\"Reda\u00e7\u00e3o\",\"@id\":\"https:\/\/jornaltimoneiro.com.br\/#\/schema\/person\/620efd1d8244466117482be494360b08\"},\"headline\":\"Senac Canoas abre\u00a0inscri\u00e7\u00f5es para curso t\u00e9cnico em Administra\u00e7\u00e3o\",\"datePublished\":\"2016-08-30T06:08:46+00:00\",\"dateModified\":\"2016-08-30T06:08:46+00:00\",\"mainEntityOfPage\":{\"@id\":\"https:\/\/jornaltimoneiro.com.br\/index.php\/2016\/08\/30\/senac-canoas-abre-inscricoes-para-curso-tecnico-em-administracao\/\"},\"wordCount\":471,\"commentCount\":0,\"publisher\":{\"@id\":\"https:\/\/jornaltimoneiro.com.br\/#organization\"},\"articleSection\":[\"Destaques\",\"Ensino\",\"Not\u00edcias\"],\"inLanguage\":\"pt-BR\",\"potentialAction\":[{\"@type\":\"CommentAction\",\"name\":\"Comment\",\"target\":[\"https:\/\/jornaltimoneiro.com.br\/index.php\/2016\/08\/30\/senac-canoas-abre-inscricoes-para-curso-tecnico-em-administracao\/#respond\"]}]},{\"@type\":\"WebPage\",\"@id\":\"https:\/\/jornaltimoneiro.com.br\/index.php\/2016\/08\/30\/senac-canoas-abre-inscricoes-para-curso-tecnico-em-administracao\/\",\"url\":\"https:\/\/jornaltimoneiro.com.br\/index.php\/2016\/08\/30\/senac-canoas-abre-inscricoes-para-curso-tecnico-em-administracao\/\",\"name\":\"Senac Canoas abre\u00a0inscri\u00e7\u00f5es para curso t\u00e9cnico em Administra\u00e7\u00e3o - O Timoneiro Jornal Canoas RS\",\"isPartOf\":{\"@id\":\"https:\/\/jornaltimoneiro.com.br\/#website\"},\"datePublished\":\"2016-08-30T06:08:46+00:00\",\"dateModified\":\"2016-08-30T06:08:46+00:00\",\"breadcrumb\":{\"@id\":\"https:\/\/jornaltimoneiro.com.br\/index.php\/2016\/08\/30\/senac-canoas-abre-inscricoes-para-curso-tecnico-em-administracao\/#breadcrumb\"},\"inLanguage\":\"pt-BR\",\"potentialAction\":[{\"@type\":\"ReadAction\",\"target\":[\"https:\/\/jornaltimoneiro.com.br\/index.php\/2016\/08\/30\/senac-canoas-abre-inscricoes-para-curso-tecnico-em-administracao\/\"]}]},{\"@type\":\"BreadcrumbList\",\"@id\":\"https:\/\/jornaltimoneiro.com.br\/index.php\/2016\/08\/30\/senac-canoas-abre-inscricoes-para-curso-tecnico-em-administracao\/#breadcrumb\",\"itemListElement\":[{\"@type\":\"ListItem\",\"position\":1,\"name\":\"In\u00edcio\",\"item\":\"https:\/\/jornaltimoneiro.com.br\/\"},{\"@type\":\"ListItem\",\"position\":2,\"name\":\"Senac Canoas abre\u00a0inscri\u00e7\u00f5es para curso t\u00e9cnico em Administra\u00e7\u00e3o\"}]},{\"@type\":\"WebSite\",\"@id\":\"https:\/\/jornaltimoneiro.com.br\/#website\",\"url\":\"https:\/\/jornaltimoneiro.com.br\/\",\"name\":\"Jornal Timoneiro Canoas RS\",\"description\":\"Jornal O Timoneiro, o verdadeiro jornal de Canoas\",\"publisher\":{\"@id\":\"https:\/\/jornaltimoneiro.com.br\/#organization\"},\"potentialAction\":[{\"@type\":\"SearchAction\",\"target\":{\"@type\":\"EntryPoint\",\"urlTemplate\":\"https:\/\/jornaltimoneiro.com.br\/?s={search_term_string}\"},\"query-input\":\"required name=search_term_string\"}],\"inLanguage\":\"pt-BR\"},{\"@type\":\"Organization\",\"@id\":\"https:\/\/jornaltimoneiro.com.br\/#organization\",\"name\":\"Jornal Timoneiro Canoas RS\",\"url\":\"https:\/\/jornaltimoneiro.com.br\/\",\"logo\":{\"@type\":\"ImageObject\",\"inLanguage\":\"pt-BR\",\"@id\":\"https:\/\/jornaltimoneiro.com.br\/#\/schema\/logo\/image\/\",\"url\":\"https:\/\/jornaltimoneiro.com.br\/wp-content\/uploads\/2023\/03\/logonovo.png\",\"contentUrl\":\"https:\/\/jornaltimoneiro.com.br\/wp-content\/uploads\/2023\/03\/logonovo.png\",\"width\":\"469\",\"height\":\"171\",\"caption\":\"Jornal Timoneiro Canoas RS\"},\"image\":{\"@id\":\"https:\/\/jornaltimoneiro.com.br\/#\/schema\/logo\/image\/\"},\"sameAs\":[\"https:\/\/www.facebook.com\/jornaltimoneiro\",\"https:\/\/twitter.com\/_OTimoneiro\",\"https:\/\/www.instagram.com\/jornaltimoneirocanoas\/\",\"https:\/\/www.youtube.com\/@jornalotimoneiro7927\"]},{\"@type\":\"Person\",\"@id\":\"https:\/\/jornaltimoneiro.com.br\/#\/schema\/person\/620efd1d8244466117482be494360b08\",\"name\":\"Reda\u00e7\u00e3o\",\"image\":{\"@type\":\"ImageObject\",\"inLanguage\":\"pt-BR\",\"@id\":\"https:\/\/jornaltimoneiro.com.br\/#\/schema\/person\/image\/\",\"url\":\"https:\/\/secure.gravatar.com\/avatar\/2f04e1b304682a8d9db336c7acd77f08?s=96&d=mm&r=g\",\"contentUrl\":\"https:\/\/secure.gravatar.com\/avatar\/2f04e1b304682a8d9db336c7acd77f08?s=96&d=mm&r=g\",\"caption\":\"Reda\u00e7\u00e3o\"},\"url\":\"https:\/\/jornaltimoneiro.com.br\/index.php\/author\/timoneirocanoas\/\"}]}<\/script>\n<!-- \/ Yoast SEO plugin. -->","yoast_head_json":{"title":"Senac Canoas abre\u00a0inscri\u00e7\u00f5es para curso t\u00e9cnico em Administra\u00e7\u00e3o - O Timoneiro Jornal Canoas RS","robots":{"index":"index","follow":"follow","max-snippet":"max-snippet:-1","max-image-preview":"max-image-preview:large","max-video-preview":"max-video-preview:-1"},"canonical":"https:\/\/jornaltimoneiro.com.br\/index.php\/2016\/08\/30\/senac-canoas-abre-inscricoes-para-curso-tecnico-em-administracao\/","og_locale":"pt_BR","og_type":"article","og_title":"Senac Canoas abre\u00a0inscri\u00e7\u00f5es para curso t\u00e9cnico em Administra\u00e7\u00e3o - O Timoneiro Jornal Canoas RS","og_description":"A forma\u00e7\u00e3o acontece de segunda a sexta-feira, das 19 \u00e0s 22 horas.","og_url":"https:\/\/jornaltimoneiro.com.br\/index.php\/2016\/08\/30\/senac-canoas-abre-inscricoes-para-curso-tecnico-em-administracao\/","og_site_name":"O Timoneiro Jornal Canoas RS","article_publisher":"https:\/\/www.facebook.com\/jornaltimoneiro","article_published_time":"2016-08-30T06:08:46+00:00","author":"Reda\u00e7\u00e3o","twitter_card":"summary_large_image","twitter_creator":"@_OTimoneiro","twitter_site":"@_OTimoneiro","twitter_misc":{"Escrito por":"Reda\u00e7\u00e3o","Est. tempo de leitura":"2 minutos"},"schema":{"@context":"https:\/\/schema.org","@graph":[{"@type":"Article","@id":"https:\/\/jornaltimoneiro.com.br\/index.php\/2016\/08\/30\/senac-canoas-abre-inscricoes-para-curso-tecnico-em-administracao\/#article","isPartOf":{"@id":"https:\/\/jornaltimoneiro.com.br\/index.php\/2016\/08\/30\/senac-canoas-abre-inscricoes-para-curso-tecnico-em-administracao\/"},"author":{"name":"Reda\u00e7\u00e3o","@id":"https:\/\/jornaltimoneiro.com.br\/#\/schema\/person\/620efd1d8244466117482be494360b08"},"headline":"Senac Canoas abre\u00a0inscri\u00e7\u00f5es para curso t\u00e9cnico em Administra\u00e7\u00e3o","datePublished":"2016-08-30T06:08:46+00:00","dateModified":"2016-08-30T06:08:46+00:00","mainEntityOfPage":{"@id":"https:\/\/jornaltimoneiro.com.br\/index.php\/2016\/08\/30\/senac-canoas-abre-inscricoes-para-curso-tecnico-em-administracao\/"},"wordCount":471,"commentCount":0,"publisher":{"@id":"https:\/\/jornaltimoneiro.com.br\/#organization"},"articleSection":["Destaques","Ensino","Not\u00edcias"],"inLanguage":"pt-BR","potentialAction":[{"@type":"CommentAction","name":"Comment","target":["https:\/\/jornaltimoneiro.com.br\/index.php\/2016\/08\/30\/senac-canoas-abre-inscricoes-para-curso-tecnico-em-administracao\/#respond"]}]},{"@type":"WebPage","@id":"https:\/\/jornaltimoneiro.com.br\/index.php\/2016\/08\/30\/senac-canoas-abre-inscricoes-para-curso-tecnico-em-administracao\/","url":"https:\/\/jornaltimoneiro.com.br\/index.php\/2016\/08\/30\/senac-canoas-abre-inscricoes-para-curso-tecnico-em-administracao\/","name":"Senac Canoas abre\u00a0inscri\u00e7\u00f5es para curso t\u00e9cnico em Administra\u00e7\u00e3o - O Timoneiro Jornal Canoas RS","isPartOf":{"@id":"https:\/\/jornaltimoneiro.com.br\/#website"},"datePublished":"2016-08-30T06:08:46+00:00","dateModified":"2016-08-30T06:08:46+00:00","breadcrumb":{"@id":"https:\/\/jornaltimoneiro.com.br\/index.php\/2016\/08\/30\/senac-canoas-abre-inscricoes-para-curso-tecnico-em-administracao\/#breadcrumb"},"inLanguage":"pt-BR","potentialAction":[{"@type":"ReadAction","target":["https:\/\/jornaltimoneiro.com.br\/index.php\/2016\/08\/30\/senac-canoas-abre-inscricoes-para-curso-tecnico-em-administracao\/"]}]},{"@type":"BreadcrumbList","@id":"https:\/\/jornaltimoneiro.com.br\/index.php\/2016\/08\/30\/senac-canoas-abre-inscricoes-para-curso-tecnico-em-administracao\/#breadcrumb","itemListElement":[{"@type":"ListItem","position":1,"name":"In\u00edcio","item":"https:\/\/jornaltimoneiro.com.br\/"},{"@type":"ListItem","position":2,"name":"Senac Canoas abre\u00a0inscri\u00e7\u00f5es para curso t\u00e9cnico em Administra\u00e7\u00e3o"}]},{"@type":"WebSite","@id":"https:\/\/jornaltimoneiro.com.br\/#website","url":"https:\/\/jornaltimoneiro.com.br\/","name":"Jornal Timoneiro Canoas RS","description":"Jornal O Timoneiro, o verdadeiro jornal de Canoas","publisher":{"@id":"https:\/\/jornaltimoneiro.com.br\/#organization"},"potentialAction":[{"@type":"SearchAction","target":{"@type":"EntryPoint","urlTemplate":"https:\/\/jornaltimoneiro.com.br\/?s={search_term_string}"},"query-input":"required name=search_term_string"}],"inLanguage":"pt-BR"},{"@type":"Organization","@id":"https:\/\/jornaltimoneiro.com.br\/#organization","name":"Jornal Timoneiro Canoas RS","url":"https:\/\/jornaltimoneiro.com.br\/","logo":{"@type":"ImageObject","inLanguage":"pt-BR","@id":"https:\/\/jornaltimoneiro.com.br\/#\/schema\/logo\/image\/","url":"https:\/\/jornaltimoneiro.com.br\/wp-content\/uploads\/2023\/03\/logonovo.png","contentUrl":"https:\/\/jornaltimoneiro.com.br\/wp-content\/uploads\/2023\/03\/logonovo.png","width":"469","height":"171","caption":"Jornal Timoneiro Canoas RS"},"image":{"@id":"https:\/\/jornaltimoneiro.com.br\/#\/schema\/logo\/image\/"},"sameAs":["https:\/\/www.facebook.com\/jornaltimoneiro","https:\/\/twitter.com\/_OTimoneiro","https:\/\/www.instagram.com\/jornaltimoneirocanoas\/","https:\/\/www.youtube.com\/@jornalotimoneiro7927"]},{"@type":"Person","@id":"https:\/\/jornaltimoneiro.com.br\/#\/schema\/person\/620efd1d8244466117482be494360b08","name":"Reda\u00e7\u00e3o","image":{"@type":"ImageObject","inLanguage":"pt-BR","@id":"https:\/\/jornaltimoneiro.com.br\/#\/schema\/person\/image\/","url":"https:\/\/secure.gravatar.com\/avatar\/2f04e1b304682a8d9db336c7acd77f08?s=96&d=mm&r=g","contentUrl":"https:\/\/secure.gravatar.com\/avatar\/2f04e1b304682a8d9db336c7acd77f08?s=96&d=mm&r=g","caption":"Reda\u00e7\u00e3o"},"url":"https:\/\/jornaltimoneiro.com.br\/index.php\/author\/timoneirocanoas\/"}]}},"_links":{"self":[{"href":"https:\/\/jornaltimoneiro.com.br\/index.php\/wp-json\/wp\/v2\/posts\/4905"}],"collection":[{"href":"https:\/\/jornaltimoneiro.com.br\/index.php\/wp-json\/wp\/v2\/posts"}],"about":[{"href":"https:\/\/jornaltimoneiro.com.br\/index.php\/wp-json\/wp\/v2\/types\/post"}],"author":[{"embeddable":true,"href":"https:\/\/jornaltimoneiro.com.br\/index.php\/wp-json\/wp\/v2\/users\/1"}],"replies":[{"embeddable":true,"href":"https:\/\/jornaltimoneiro.com.br\/index.php\/wp-json\/wp\/v2\/comments?post=4905"}],"version-history":[{"count":0,"href":"https:\/\/jornaltimoneiro.com.br\/index.php\/wp-json\/wp\/v2\/posts\/4905\/revisions"}],"wp:featuredmedia":[{"embeddable":true,"href":"https:\/\/jornaltimoneiro.com.br\/index.php\/wp-json\/"}],"wp:attachment":[{"href":"https:\/\/jornaltimoneiro.com.br\/index.php\/wp-json\/wp\/v2\/media?parent=4905"}],"wp:term":[{"taxonomy":"category","embeddable":true,"href":"https:\/\/jornaltimoneiro.com.br\/index.php\/wp-json\/wp\/v2\/categories?post=4905"},{"taxonomy":"post_tag","embeddable":true,"href":"https:\/\/jornaltimoneiro.com.br\/index.php\/wp-json\/wp\/v2\/tags?post=4905"}],"curies":[{"name":"wp","href":"https:\/\/api.w.org\/{rel}","templated":true}]}}