{"id":4822,"date":"2016-08-19T09:36:34","date_gmt":"2016-08-19T12:36:34","guid":{"rendered":"http:\/\/otimoneiro.com.br\/?p=4822"},"modified":"2016-08-19T09:36:34","modified_gmt":"2016-08-19T12:36:34","slug":"guajuviras-centro-de-artes-como-reforco-escolar","status":"publish","type":"post","link":"https:\/\/jornaltimoneiro.com.br\/index.php\/2016\/08\/19\/guajuviras-centro-de-artes-como-reforco-escolar\/","title":{"rendered":"Guajuviras Centro de Artes como refor\u00e7o escolar"},"content":{"rendered":"<div id=\"attachment_4823\" style=\"width: 623px\" class=\"wp-caption aligncenter\"><a href=\"http:\/\/otimoneiro.com.br\/wp-content\/uploads\/2016\/08\/DSC0538.jpg\"><img decoding=\"async\" aria-describedby=\"caption-attachment-4823\" class=\" wp-image-4823\" src=\"http:\/\/otimoneiro.com.br\/wp-content\/uploads\/2016\/08\/DSC0538-1024x899.jpg\" alt=\"Henrique Martins \u00e9 gestor do projeto Guajuviras Centro de Artes (GCA). Foto: Bruno Lara\/OT\" width=\"613\" height=\"538\" \/><\/a><p id=\"caption-attachment-4823\" class=\"wp-caption-text\">Henrique Martins \u00e9 gestor do projeto Guajuviras Centro de Artes (GCA). Foto: Bruno Lara\/OT<\/p><\/div>\n<p>O programa Esta\u00e7\u00e3o Cultural recebeu na quinta feira, 11, o escritor, poeta e gestor do projeto Guajuviras Centro de Artes (GCA), Henrique Martins (foto), que casa o refor\u00e7o escolar com aulas de canto, viol\u00e3o, capoeira e mediadores de leitura. O projeto conta com o total apoio da comunidade, que v\u00ea nele um caminho para ocupar espa\u00e7os vazios deixados pelo Estado.<\/p>\n<p>Em entrevista, ele destacou que n\u00e3o acredita em \u201cmedidas paliativas\u201d, referindo-se a programas rel\u00e2mpagos de curta dura\u00e7\u00e3o, nem as chamada \u00e1reas de risco. \u201cA gente faz um trabalho cultural, social e educativo, s\u00f3 que a arte vem em primeiro lugar, que \u00e9 nossa obriga\u00e7\u00e3o, por que a gente acredita que essa inclus\u00e3o pela arte \u00e9 fundamental\u201d, ressalta. Recentemente, a GCA abriu mais um local no bairro Mathias Velho, no final da avenida Florian\u00f3polis.<\/p>\n<h3>Feira do Livro<\/h3>\n<p>O Centro de Artes est\u00e1 localizado atualmente na Pra\u00e7a da Juventude, um complexo cultural e esportivo. No mesmo local, ocorre a pr\u00f3xima Feira do Livro do Bairro Guajuviras, nos dias 3, 4 e 5 de novembro, que ter\u00e1 como patrono Mario Amaral Teixeira e, como homenageados, os m\u00fasicos Norberto Prado e Renato Larrossa. A Feira se destaca pela diversidade das artes, incluindo m\u00fasica, teatro e capoeira. O link do programa tamb\u00e9m est\u00e1 dispon\u00edvel na fan page do Esta\u00e7\u00e3o Cultural no Facebook e no Soundcloud.<\/p>\n","protected":false},"excerpt":{"rendered":"<p>O programa Esta\u00e7\u00e3o Cultural recebeu na quinta feira, 11, o escritor, poeta e gestor do projeto Guajuviras Centro de Artes (GCA), Henrique Martins (foto), que casa o refor\u00e7o escolar com aulas de canto, viol\u00e3o, capoeira e mediadores de leitura. O projeto conta com o total apoio da comunidade, que v\u00ea nele um caminho para ocupar [&hellip;]<\/p>\n","protected":false},"author":1,"featured_media":4823,"comment_status":"open","ping_status":"open","sticky":false,"template":"","format":"standard","meta":{"amp_status":"","footnotes":""},"categories":[25,76,19,22],"tags":[],"class_list":["post-4822","post","type-post","status-publish","format-standard","has-post-thumbnail","hentry","category-comunidade","category-cultura","category-destaques","category-noticias"],"yoast_head":"<!-- This site is optimized with the Yoast SEO plugin v20.5 - https:\/\/yoast.com\/wordpress\/plugins\/seo\/ -->\n<title>Guajuviras Centro de Artes como refor\u00e7o escolar - O Timoneiro Jornal Canoas RS<\/title>\n<meta name=\"robots\" content=\"index, follow, max-snippet:-1, max-image-preview:large, max-video-preview:-1\" \/>\n<link rel=\"canonical\" href=\"https:\/\/jornaltimoneiro.com.br\/index.php\/2016\/08\/19\/guajuviras-centro-de-artes-como-reforco-escolar\/\" \/>\n<meta property=\"og:locale\" content=\"pt_BR\" \/>\n<meta property=\"og:type\" content=\"article\" \/>\n<meta property=\"og:title\" content=\"Guajuviras Centro de Artes como refor\u00e7o escolar - O Timoneiro Jornal Canoas RS\" \/>\n<meta property=\"og:description\" content=\"O programa Esta\u00e7\u00e3o Cultural recebeu na quinta feira, 11, o escritor, poeta e gestor do projeto Guajuviras Centro de Artes (GCA), Henrique Martins (foto), que casa o refor\u00e7o escolar com aulas de canto, viol\u00e3o, capoeira e mediadores de leitura. O projeto conta com o total apoio da comunidade, que v\u00ea nele um caminho para ocupar [&hellip;]\" \/>\n<meta property=\"og:url\" content=\"https:\/\/jornaltimoneiro.com.br\/index.php\/2016\/08\/19\/guajuviras-centro-de-artes-como-reforco-escolar\/\" \/>\n<meta property=\"og:site_name\" content=\"O Timoneiro Jornal Canoas RS\" \/>\n<meta property=\"article:publisher\" content=\"https:\/\/www.facebook.com\/jornaltimoneiro\" \/>\n<meta property=\"article:published_time\" content=\"2016-08-19T12:36:34+00:00\" \/>\n<meta name=\"author\" content=\"Reda\u00e7\u00e3o\" \/>\n<meta name=\"twitter:card\" content=\"summary_large_image\" \/>\n<meta name=\"twitter:creator\" content=\"@_OTimoneiro\" \/>\n<meta name=\"twitter:site\" content=\"@_OTimoneiro\" \/>\n<meta name=\"twitter:label1\" content=\"Escrito por\" \/>\n\t<meta name=\"twitter:data1\" content=\"Reda\u00e7\u00e3o\" \/>\n\t<meta name=\"twitter:label2\" content=\"Est. tempo de leitura\" \/>\n\t<meta name=\"twitter:data2\" content=\"1 minuto\" \/>\n<script type=\"application\/ld+json\" class=\"yoast-schema-graph\">{\"@context\":\"https:\/\/schema.org\",\"@graph\":[{\"@type\":\"Article\",\"@id\":\"https:\/\/jornaltimoneiro.com.br\/index.php\/2016\/08\/19\/guajuviras-centro-de-artes-como-reforco-escolar\/#article\",\"isPartOf\":{\"@id\":\"https:\/\/jornaltimoneiro.com.br\/index.php\/2016\/08\/19\/guajuviras-centro-de-artes-como-reforco-escolar\/\"},\"author\":{\"name\":\"Reda\u00e7\u00e3o\",\"@id\":\"https:\/\/jornaltimoneiro.com.br\/#\/schema\/person\/620efd1d8244466117482be494360b08\"},\"headline\":\"Guajuviras Centro de Artes como refor\u00e7o escolar\",\"datePublished\":\"2016-08-19T12:36:34+00:00\",\"dateModified\":\"2016-08-19T12:36:34+00:00\",\"mainEntityOfPage\":{\"@id\":\"https:\/\/jornaltimoneiro.com.br\/index.php\/2016\/08\/19\/guajuviras-centro-de-artes-como-reforco-escolar\/\"},\"wordCount\":260,\"commentCount\":0,\"publisher\":{\"@id\":\"https:\/\/jornaltimoneiro.com.br\/#organization\"},\"articleSection\":[\"Comunidade\",\"Cultura\",\"Destaques\",\"Not\u00edcias\"],\"inLanguage\":\"pt-BR\",\"potentialAction\":[{\"@type\":\"CommentAction\",\"name\":\"Comment\",\"target\":[\"https:\/\/jornaltimoneiro.com.br\/index.php\/2016\/08\/19\/guajuviras-centro-de-artes-como-reforco-escolar\/#respond\"]}]},{\"@type\":\"WebPage\",\"@id\":\"https:\/\/jornaltimoneiro.com.br\/index.php\/2016\/08\/19\/guajuviras-centro-de-artes-como-reforco-escolar\/\",\"url\":\"https:\/\/jornaltimoneiro.com.br\/index.php\/2016\/08\/19\/guajuviras-centro-de-artes-como-reforco-escolar\/\",\"name\":\"Guajuviras Centro de Artes como refor\u00e7o escolar - O Timoneiro Jornal Canoas RS\",\"isPartOf\":{\"@id\":\"https:\/\/jornaltimoneiro.com.br\/#website\"},\"datePublished\":\"2016-08-19T12:36:34+00:00\",\"dateModified\":\"2016-08-19T12:36:34+00:00\",\"breadcrumb\":{\"@id\":\"https:\/\/jornaltimoneiro.com.br\/index.php\/2016\/08\/19\/guajuviras-centro-de-artes-como-reforco-escolar\/#breadcrumb\"},\"inLanguage\":\"pt-BR\",\"potentialAction\":[{\"@type\":\"ReadAction\",\"target\":[\"https:\/\/jornaltimoneiro.com.br\/index.php\/2016\/08\/19\/guajuviras-centro-de-artes-como-reforco-escolar\/\"]}]},{\"@type\":\"BreadcrumbList\",\"@id\":\"https:\/\/jornaltimoneiro.com.br\/index.php\/2016\/08\/19\/guajuviras-centro-de-artes-como-reforco-escolar\/#breadcrumb\",\"itemListElement\":[{\"@type\":\"ListItem\",\"position\":1,\"name\":\"In\u00edcio\",\"item\":\"https:\/\/jornaltimoneiro.com.br\/\"},{\"@type\":\"ListItem\",\"position\":2,\"name\":\"Guajuviras Centro de Artes como refor\u00e7o escolar\"}]},{\"@type\":\"WebSite\",\"@id\":\"https:\/\/jornaltimoneiro.com.br\/#website\",\"url\":\"https:\/\/jornaltimoneiro.com.br\/\",\"name\":\"Jornal Timoneiro Canoas RS\",\"description\":\"Jornal O Timoneiro, o verdadeiro jornal de Canoas\",\"publisher\":{\"@id\":\"https:\/\/jornaltimoneiro.com.br\/#organization\"},\"potentialAction\":[{\"@type\":\"SearchAction\",\"target\":{\"@type\":\"EntryPoint\",\"urlTemplate\":\"https:\/\/jornaltimoneiro.com.br\/?s={search_term_string}\"},\"query-input\":\"required name=search_term_string\"}],\"inLanguage\":\"pt-BR\"},{\"@type\":\"Organization\",\"@id\":\"https:\/\/jornaltimoneiro.com.br\/#organization\",\"name\":\"Jornal Timoneiro Canoas RS\",\"url\":\"https:\/\/jornaltimoneiro.com.br\/\",\"logo\":{\"@type\":\"ImageObject\",\"inLanguage\":\"pt-BR\",\"@id\":\"https:\/\/jornaltimoneiro.com.br\/#\/schema\/logo\/image\/\",\"url\":\"https:\/\/jornaltimoneiro.com.br\/wp-content\/uploads\/2023\/03\/logonovo.png\",\"contentUrl\":\"https:\/\/jornaltimoneiro.com.br\/wp-content\/uploads\/2023\/03\/logonovo.png\",\"width\":\"469\",\"height\":\"171\",\"caption\":\"Jornal Timoneiro Canoas RS\"},\"image\":{\"@id\":\"https:\/\/jornaltimoneiro.com.br\/#\/schema\/logo\/image\/\"},\"sameAs\":[\"https:\/\/www.facebook.com\/jornaltimoneiro\",\"https:\/\/twitter.com\/_OTimoneiro\",\"https:\/\/www.instagram.com\/jornaltimoneirocanoas\/\",\"https:\/\/www.youtube.com\/@jornalotimoneiro7927\"]},{\"@type\":\"Person\",\"@id\":\"https:\/\/jornaltimoneiro.com.br\/#\/schema\/person\/620efd1d8244466117482be494360b08\",\"name\":\"Reda\u00e7\u00e3o\",\"image\":{\"@type\":\"ImageObject\",\"inLanguage\":\"pt-BR\",\"@id\":\"https:\/\/jornaltimoneiro.com.br\/#\/schema\/person\/image\/\",\"url\":\"https:\/\/secure.gravatar.com\/avatar\/2f04e1b304682a8d9db336c7acd77f08?s=96&d=mm&r=g\",\"contentUrl\":\"https:\/\/secure.gravatar.com\/avatar\/2f04e1b304682a8d9db336c7acd77f08?s=96&d=mm&r=g\",\"caption\":\"Reda\u00e7\u00e3o\"},\"url\":\"https:\/\/jornaltimoneiro.com.br\/index.php\/author\/timoneirocanoas\/\"}]}<\/script>\n<!-- \/ Yoast SEO plugin. -->","yoast_head_json":{"title":"Guajuviras Centro de Artes como refor\u00e7o escolar - O Timoneiro Jornal Canoas RS","robots":{"index":"index","follow":"follow","max-snippet":"max-snippet:-1","max-image-preview":"max-image-preview:large","max-video-preview":"max-video-preview:-1"},"canonical":"https:\/\/jornaltimoneiro.com.br\/index.php\/2016\/08\/19\/guajuviras-centro-de-artes-como-reforco-escolar\/","og_locale":"pt_BR","og_type":"article","og_title":"Guajuviras Centro de Artes como refor\u00e7o escolar - O Timoneiro Jornal Canoas RS","og_description":"O programa Esta\u00e7\u00e3o Cultural recebeu na quinta feira, 11, o escritor, poeta e gestor do projeto Guajuviras Centro de Artes (GCA), Henrique Martins (foto), que casa o refor\u00e7o escolar com aulas de canto, viol\u00e3o, capoeira e mediadores de leitura. O projeto conta com o total apoio da comunidade, que v\u00ea nele um caminho para ocupar [&hellip;]","og_url":"https:\/\/jornaltimoneiro.com.br\/index.php\/2016\/08\/19\/guajuviras-centro-de-artes-como-reforco-escolar\/","og_site_name":"O Timoneiro Jornal Canoas RS","article_publisher":"https:\/\/www.facebook.com\/jornaltimoneiro","article_published_time":"2016-08-19T12:36:34+00:00","author":"Reda\u00e7\u00e3o","twitter_card":"summary_large_image","twitter_creator":"@_OTimoneiro","twitter_site":"@_OTimoneiro","twitter_misc":{"Escrito por":"Reda\u00e7\u00e3o","Est. tempo de leitura":"1 minuto"},"schema":{"@context":"https:\/\/schema.org","@graph":[{"@type":"Article","@id":"https:\/\/jornaltimoneiro.com.br\/index.php\/2016\/08\/19\/guajuviras-centro-de-artes-como-reforco-escolar\/#article","isPartOf":{"@id":"https:\/\/jornaltimoneiro.com.br\/index.php\/2016\/08\/19\/guajuviras-centro-de-artes-como-reforco-escolar\/"},"author":{"name":"Reda\u00e7\u00e3o","@id":"https:\/\/jornaltimoneiro.com.br\/#\/schema\/person\/620efd1d8244466117482be494360b08"},"headline":"Guajuviras Centro de Artes como refor\u00e7o escolar","datePublished":"2016-08-19T12:36:34+00:00","dateModified":"2016-08-19T12:36:34+00:00","mainEntityOfPage":{"@id":"https:\/\/jornaltimoneiro.com.br\/index.php\/2016\/08\/19\/guajuviras-centro-de-artes-como-reforco-escolar\/"},"wordCount":260,"commentCount":0,"publisher":{"@id":"https:\/\/jornaltimoneiro.com.br\/#organization"},"articleSection":["Comunidade","Cultura","Destaques","Not\u00edcias"],"inLanguage":"pt-BR","potentialAction":[{"@type":"CommentAction","name":"Comment","target":["https:\/\/jornaltimoneiro.com.br\/index.php\/2016\/08\/19\/guajuviras-centro-de-artes-como-reforco-escolar\/#respond"]}]},{"@type":"WebPage","@id":"https:\/\/jornaltimoneiro.com.br\/index.php\/2016\/08\/19\/guajuviras-centro-de-artes-como-reforco-escolar\/","url":"https:\/\/jornaltimoneiro.com.br\/index.php\/2016\/08\/19\/guajuviras-centro-de-artes-como-reforco-escolar\/","name":"Guajuviras Centro de Artes como refor\u00e7o escolar - O Timoneiro Jornal Canoas RS","isPartOf":{"@id":"https:\/\/jornaltimoneiro.com.br\/#website"},"datePublished":"2016-08-19T12:36:34+00:00","dateModified":"2016-08-19T12:36:34+00:00","breadcrumb":{"@id":"https:\/\/jornaltimoneiro.com.br\/index.php\/2016\/08\/19\/guajuviras-centro-de-artes-como-reforco-escolar\/#breadcrumb"},"inLanguage":"pt-BR","potentialAction":[{"@type":"ReadAction","target":["https:\/\/jornaltimoneiro.com.br\/index.php\/2016\/08\/19\/guajuviras-centro-de-artes-como-reforco-escolar\/"]}]},{"@type":"BreadcrumbList","@id":"https:\/\/jornaltimoneiro.com.br\/index.php\/2016\/08\/19\/guajuviras-centro-de-artes-como-reforco-escolar\/#breadcrumb","itemListElement":[{"@type":"ListItem","position":1,"name":"In\u00edcio","item":"https:\/\/jornaltimoneiro.com.br\/"},{"@type":"ListItem","position":2,"name":"Guajuviras Centro de Artes como refor\u00e7o escolar"}]},{"@type":"WebSite","@id":"https:\/\/jornaltimoneiro.com.br\/#website","url":"https:\/\/jornaltimoneiro.com.br\/","name":"Jornal Timoneiro Canoas RS","description":"Jornal O Timoneiro, o verdadeiro jornal de Canoas","publisher":{"@id":"https:\/\/jornaltimoneiro.com.br\/#organization"},"potentialAction":[{"@type":"SearchAction","target":{"@type":"EntryPoint","urlTemplate":"https:\/\/jornaltimoneiro.com.br\/?s={search_term_string}"},"query-input":"required name=search_term_string"}],"inLanguage":"pt-BR"},{"@type":"Organization","@id":"https:\/\/jornaltimoneiro.com.br\/#organization","name":"Jornal Timoneiro Canoas RS","url":"https:\/\/jornaltimoneiro.com.br\/","logo":{"@type":"ImageObject","inLanguage":"pt-BR","@id":"https:\/\/jornaltimoneiro.com.br\/#\/schema\/logo\/image\/","url":"https:\/\/jornaltimoneiro.com.br\/wp-content\/uploads\/2023\/03\/logonovo.png","contentUrl":"https:\/\/jornaltimoneiro.com.br\/wp-content\/uploads\/2023\/03\/logonovo.png","width":"469","height":"171","caption":"Jornal Timoneiro Canoas RS"},"image":{"@id":"https:\/\/jornaltimoneiro.com.br\/#\/schema\/logo\/image\/"},"sameAs":["https:\/\/www.facebook.com\/jornaltimoneiro","https:\/\/twitter.com\/_OTimoneiro","https:\/\/www.instagram.com\/jornaltimoneirocanoas\/","https:\/\/www.youtube.com\/@jornalotimoneiro7927"]},{"@type":"Person","@id":"https:\/\/jornaltimoneiro.com.br\/#\/schema\/person\/620efd1d8244466117482be494360b08","name":"Reda\u00e7\u00e3o","image":{"@type":"ImageObject","inLanguage":"pt-BR","@id":"https:\/\/jornaltimoneiro.com.br\/#\/schema\/person\/image\/","url":"https:\/\/secure.gravatar.com\/avatar\/2f04e1b304682a8d9db336c7acd77f08?s=96&d=mm&r=g","contentUrl":"https:\/\/secure.gravatar.com\/avatar\/2f04e1b304682a8d9db336c7acd77f08?s=96&d=mm&r=g","caption":"Reda\u00e7\u00e3o"},"url":"https:\/\/jornaltimoneiro.com.br\/index.php\/author\/timoneirocanoas\/"}]}},"_links":{"self":[{"href":"https:\/\/jornaltimoneiro.com.br\/index.php\/wp-json\/wp\/v2\/posts\/4822"}],"collection":[{"href":"https:\/\/jornaltimoneiro.com.br\/index.php\/wp-json\/wp\/v2\/posts"}],"about":[{"href":"https:\/\/jornaltimoneiro.com.br\/index.php\/wp-json\/wp\/v2\/types\/post"}],"author":[{"embeddable":true,"href":"https:\/\/jornaltimoneiro.com.br\/index.php\/wp-json\/wp\/v2\/users\/1"}],"replies":[{"embeddable":true,"href":"https:\/\/jornaltimoneiro.com.br\/index.php\/wp-json\/wp\/v2\/comments?post=4822"}],"version-history":[{"count":0,"href":"https:\/\/jornaltimoneiro.com.br\/index.php\/wp-json\/wp\/v2\/posts\/4822\/revisions"}],"wp:featuredmedia":[{"embeddable":true,"href":"https:\/\/jornaltimoneiro.com.br\/index.php\/wp-json\/"}],"wp:attachment":[{"href":"https:\/\/jornaltimoneiro.com.br\/index.php\/wp-json\/wp\/v2\/media?parent=4822"}],"wp:term":[{"taxonomy":"category","embeddable":true,"href":"https:\/\/jornaltimoneiro.com.br\/index.php\/wp-json\/wp\/v2\/categories?post=4822"},{"taxonomy":"post_tag","embeddable":true,"href":"https:\/\/jornaltimoneiro.com.br\/index.php\/wp-json\/wp\/v2\/tags?post=4822"}],"curies":[{"name":"wp","href":"https:\/\/api.w.org\/{rel}","templated":true}]}}