{"id":4792,"date":"2016-08-17T14:52:32","date_gmt":"2016-08-17T17:52:32","guid":{"rendered":"http:\/\/otimoneiro.com.br\/?p=4792"},"modified":"2016-08-17T14:52:32","modified_gmt":"2016-08-17T17:52:32","slug":"desconto-no-iptu-para-quem-adotar-pets-e-vetado","status":"publish","type":"post","link":"https:\/\/jornaltimoneiro.com.br\/index.php\/2016\/08\/17\/desconto-no-iptu-para-quem-adotar-pets-e-vetado\/","title":{"rendered":"Desconto no IPTU para quem adotar pets \u00e9 vetado"},"content":{"rendered":"<div id=\"attachment_1420\" style=\"width: 616px\" class=\"wp-caption aligncenter\"><a href=\"http:\/\/otimoneiro.com.br\/wp-content\/uploads\/2015\/10\/DSC5686.jpg\"><img decoding=\"async\" aria-describedby=\"caption-attachment-1420\" class=\" wp-image-1420\" src=\"http:\/\/otimoneiro.com.br\/wp-content\/uploads\/2015\/10\/DSC5686-1024x683.jpg\" alt=\"Francisco Paraibano adotou a Morena, a Branca e mais 16 c\u00e3es no Rio Branco. Foto: Bruno Lara\/OT\" width=\"606\" height=\"404\" \/><\/a><p id=\"caption-attachment-1420\" class=\"wp-caption-text\">Francisco Paraibano adotou a Morena, a Branca e mais 16 c\u00e3es no Rio Branco. Foto: Bruno Lara\/OT<\/p><\/div>\n<p>O prefeito Jairo Jorge (PT) vetou e a C\u00e2mara manteve o veto total ao Projeto de Lei (PL 67\/2015), que instituia o Programa Municipal de Ado\u00e7\u00e3o Respons\u00e1vel de Pequenos Animais no munic\u00edpio. Segundo o Executivo, a proposi\u00e7\u00e3o apresenta v\u00edcio de iniciativa, uma vez que interfere nas atribui\u00e7\u00f5es da Secretaria Municipal do Meio Ambiente e da Coordenaria Municipal do Bem-Estar Animal.<\/p>\n<p>&#8220;\u00c9 o ju\u00edzo de conveni\u00eancia e oportunidade do Chefe do Executivo a defini\u00e7\u00e3o das pol\u00edticas p\u00fablicas a serem implementadas pelo Munic\u00edpio, em especial quando geram despesas ou atribui\u00e7\u00f5es para suas secretarias e \u00f3rg\u00e3os&#8221;, diz a justificativa.<\/p>\n<p>O texto aponta tamb\u00e9m que o tema tratado interfere claramente em mat\u00e9ria tribut\u00e1ria e or\u00e7ament\u00e1ria do munic\u00edpio ao conceder desconto no pagamento anual do Imposto Predial e Territorial Urbano (IPTU) ao contribuinte que aderir ao Programa. Os vereadores decidiram, na ter\u00e7a-feira, 16, por manter o veto total.<\/p>\n<p>&nbsp;<\/p>\n<p>LEIA MAIS<\/p>\n<h3 class=\"entry-title single-title\"><a href=\"http:\/\/otimoneiro.com.br\/desconto-no-iptu-para-quem-adotar-pets-e-aprovado-na-camara\/\">Desconto no IPTU para quem adotar pets \u00e9 aprovado na C\u00e2mara<\/a><\/h3>\n","protected":false},"excerpt":{"rendered":"<p>O prefeito Jairo Jorge (PT) vetou e a C\u00e2mara manteve o veto total ao Projeto de Lei (PL 67\/2015), que instituia o Programa Municipal de Ado\u00e7\u00e3o Respons\u00e1vel de Pequenos Animais no munic\u00edpio. Segundo o Executivo, a proposi\u00e7\u00e3o apresenta v\u00edcio de iniciativa, uma vez que interfere nas atribui\u00e7\u00f5es da Secretaria Municipal do Meio Ambiente e da [&hellip;]<\/p>\n","protected":false},"author":1,"featured_media":1420,"comment_status":"open","ping_status":"open","sticky":false,"template":"","format":"standard","meta":{"amp_status":"","footnotes":""},"categories":[25,19,22,20],"tags":[],"class_list":["post-4792","post","type-post","status-publish","format-standard","has-post-thumbnail","hentry","category-comunidade","category-destaques","category-noticias","category-politica-noticias"],"yoast_head":"<!-- This site is optimized with the Yoast SEO plugin v20.5 - https:\/\/yoast.com\/wordpress\/plugins\/seo\/ -->\n<title>Desconto no IPTU para quem adotar pets \u00e9 vetado - O Timoneiro Jornal Canoas RS<\/title>\n<meta name=\"robots\" content=\"index, follow, max-snippet:-1, max-image-preview:large, max-video-preview:-1\" \/>\n<link rel=\"canonical\" href=\"https:\/\/jornaltimoneiro.com.br\/index.php\/2016\/08\/17\/desconto-no-iptu-para-quem-adotar-pets-e-vetado\/\" \/>\n<meta property=\"og:locale\" content=\"pt_BR\" \/>\n<meta property=\"og:type\" content=\"article\" \/>\n<meta property=\"og:title\" content=\"Desconto no IPTU para quem adotar pets \u00e9 vetado - O Timoneiro Jornal Canoas RS\" \/>\n<meta property=\"og:description\" content=\"O prefeito Jairo Jorge (PT) vetou e a C\u00e2mara manteve o veto total ao Projeto de Lei (PL 67\/2015), que instituia o Programa Municipal de Ado\u00e7\u00e3o Respons\u00e1vel de Pequenos Animais no munic\u00edpio. Segundo o Executivo, a proposi\u00e7\u00e3o apresenta v\u00edcio de iniciativa, uma vez que interfere nas atribui\u00e7\u00f5es da Secretaria Municipal do Meio Ambiente e da [&hellip;]\" \/>\n<meta property=\"og:url\" content=\"https:\/\/jornaltimoneiro.com.br\/index.php\/2016\/08\/17\/desconto-no-iptu-para-quem-adotar-pets-e-vetado\/\" \/>\n<meta property=\"og:site_name\" content=\"O Timoneiro Jornal Canoas RS\" \/>\n<meta property=\"article:publisher\" content=\"https:\/\/www.facebook.com\/jornaltimoneiro\" \/>\n<meta property=\"article:published_time\" content=\"2016-08-17T17:52:32+00:00\" \/>\n<meta name=\"author\" content=\"Reda\u00e7\u00e3o\" \/>\n<meta name=\"twitter:card\" content=\"summary_large_image\" \/>\n<meta name=\"twitter:creator\" content=\"@_OTimoneiro\" \/>\n<meta name=\"twitter:site\" content=\"@_OTimoneiro\" \/>\n<meta name=\"twitter:label1\" content=\"Escrito por\" \/>\n\t<meta name=\"twitter:data1\" content=\"Reda\u00e7\u00e3o\" \/>\n\t<meta name=\"twitter:label2\" content=\"Est. tempo de leitura\" \/>\n\t<meta name=\"twitter:data2\" content=\"1 minuto\" \/>\n<script type=\"application\/ld+json\" class=\"yoast-schema-graph\">{\"@context\":\"https:\/\/schema.org\",\"@graph\":[{\"@type\":\"Article\",\"@id\":\"https:\/\/jornaltimoneiro.com.br\/index.php\/2016\/08\/17\/desconto-no-iptu-para-quem-adotar-pets-e-vetado\/#article\",\"isPartOf\":{\"@id\":\"https:\/\/jornaltimoneiro.com.br\/index.php\/2016\/08\/17\/desconto-no-iptu-para-quem-adotar-pets-e-vetado\/\"},\"author\":{\"name\":\"Reda\u00e7\u00e3o\",\"@id\":\"https:\/\/jornaltimoneiro.com.br\/#\/schema\/person\/620efd1d8244466117482be494360b08\"},\"headline\":\"Desconto no IPTU para quem adotar pets \u00e9 vetado\",\"datePublished\":\"2016-08-17T17:52:32+00:00\",\"dateModified\":\"2016-08-17T17:52:32+00:00\",\"mainEntityOfPage\":{\"@id\":\"https:\/\/jornaltimoneiro.com.br\/index.php\/2016\/08\/17\/desconto-no-iptu-para-quem-adotar-pets-e-vetado\/\"},\"wordCount\":209,\"commentCount\":0,\"publisher\":{\"@id\":\"https:\/\/jornaltimoneiro.com.br\/#organization\"},\"articleSection\":[\"Comunidade\",\"Destaques\",\"Not\u00edcias\",\"Pol\u00edtica\"],\"inLanguage\":\"pt-BR\",\"potentialAction\":[{\"@type\":\"CommentAction\",\"name\":\"Comment\",\"target\":[\"https:\/\/jornaltimoneiro.com.br\/index.php\/2016\/08\/17\/desconto-no-iptu-para-quem-adotar-pets-e-vetado\/#respond\"]}]},{\"@type\":\"WebPage\",\"@id\":\"https:\/\/jornaltimoneiro.com.br\/index.php\/2016\/08\/17\/desconto-no-iptu-para-quem-adotar-pets-e-vetado\/\",\"url\":\"https:\/\/jornaltimoneiro.com.br\/index.php\/2016\/08\/17\/desconto-no-iptu-para-quem-adotar-pets-e-vetado\/\",\"name\":\"Desconto no IPTU para quem adotar pets \u00e9 vetado - O Timoneiro Jornal Canoas RS\",\"isPartOf\":{\"@id\":\"https:\/\/jornaltimoneiro.com.br\/#website\"},\"datePublished\":\"2016-08-17T17:52:32+00:00\",\"dateModified\":\"2016-08-17T17:52:32+00:00\",\"breadcrumb\":{\"@id\":\"https:\/\/jornaltimoneiro.com.br\/index.php\/2016\/08\/17\/desconto-no-iptu-para-quem-adotar-pets-e-vetado\/#breadcrumb\"},\"inLanguage\":\"pt-BR\",\"potentialAction\":[{\"@type\":\"ReadAction\",\"target\":[\"https:\/\/jornaltimoneiro.com.br\/index.php\/2016\/08\/17\/desconto-no-iptu-para-quem-adotar-pets-e-vetado\/\"]}]},{\"@type\":\"BreadcrumbList\",\"@id\":\"https:\/\/jornaltimoneiro.com.br\/index.php\/2016\/08\/17\/desconto-no-iptu-para-quem-adotar-pets-e-vetado\/#breadcrumb\",\"itemListElement\":[{\"@type\":\"ListItem\",\"position\":1,\"name\":\"In\u00edcio\",\"item\":\"https:\/\/jornaltimoneiro.com.br\/\"},{\"@type\":\"ListItem\",\"position\":2,\"name\":\"Desconto no IPTU para quem adotar pets \u00e9 vetado\"}]},{\"@type\":\"WebSite\",\"@id\":\"https:\/\/jornaltimoneiro.com.br\/#website\",\"url\":\"https:\/\/jornaltimoneiro.com.br\/\",\"name\":\"Jornal Timoneiro Canoas RS\",\"description\":\"Jornal O Timoneiro, o verdadeiro jornal de Canoas\",\"publisher\":{\"@id\":\"https:\/\/jornaltimoneiro.com.br\/#organization\"},\"potentialAction\":[{\"@type\":\"SearchAction\",\"target\":{\"@type\":\"EntryPoint\",\"urlTemplate\":\"https:\/\/jornaltimoneiro.com.br\/?s={search_term_string}\"},\"query-input\":\"required name=search_term_string\"}],\"inLanguage\":\"pt-BR\"},{\"@type\":\"Organization\",\"@id\":\"https:\/\/jornaltimoneiro.com.br\/#organization\",\"name\":\"Jornal Timoneiro Canoas RS\",\"url\":\"https:\/\/jornaltimoneiro.com.br\/\",\"logo\":{\"@type\":\"ImageObject\",\"inLanguage\":\"pt-BR\",\"@id\":\"https:\/\/jornaltimoneiro.com.br\/#\/schema\/logo\/image\/\",\"url\":\"https:\/\/jornaltimoneiro.com.br\/wp-content\/uploads\/2023\/03\/logonovo.png\",\"contentUrl\":\"https:\/\/jornaltimoneiro.com.br\/wp-content\/uploads\/2023\/03\/logonovo.png\",\"width\":\"469\",\"height\":\"171\",\"caption\":\"Jornal Timoneiro Canoas RS\"},\"image\":{\"@id\":\"https:\/\/jornaltimoneiro.com.br\/#\/schema\/logo\/image\/\"},\"sameAs\":[\"https:\/\/www.facebook.com\/jornaltimoneiro\",\"https:\/\/twitter.com\/_OTimoneiro\",\"https:\/\/www.instagram.com\/jornaltimoneirocanoas\/\",\"https:\/\/www.youtube.com\/@jornalotimoneiro7927\"]},{\"@type\":\"Person\",\"@id\":\"https:\/\/jornaltimoneiro.com.br\/#\/schema\/person\/620efd1d8244466117482be494360b08\",\"name\":\"Reda\u00e7\u00e3o\",\"image\":{\"@type\":\"ImageObject\",\"inLanguage\":\"pt-BR\",\"@id\":\"https:\/\/jornaltimoneiro.com.br\/#\/schema\/person\/image\/\",\"url\":\"https:\/\/secure.gravatar.com\/avatar\/2f04e1b304682a8d9db336c7acd77f08?s=96&d=mm&r=g\",\"contentUrl\":\"https:\/\/secure.gravatar.com\/avatar\/2f04e1b304682a8d9db336c7acd77f08?s=96&d=mm&r=g\",\"caption\":\"Reda\u00e7\u00e3o\"},\"url\":\"https:\/\/jornaltimoneiro.com.br\/index.php\/author\/timoneirocanoas\/\"}]}<\/script>\n<!-- \/ Yoast SEO plugin. -->","yoast_head_json":{"title":"Desconto no IPTU para quem adotar pets \u00e9 vetado - O Timoneiro Jornal Canoas RS","robots":{"index":"index","follow":"follow","max-snippet":"max-snippet:-1","max-image-preview":"max-image-preview:large","max-video-preview":"max-video-preview:-1"},"canonical":"https:\/\/jornaltimoneiro.com.br\/index.php\/2016\/08\/17\/desconto-no-iptu-para-quem-adotar-pets-e-vetado\/","og_locale":"pt_BR","og_type":"article","og_title":"Desconto no IPTU para quem adotar pets \u00e9 vetado - O Timoneiro Jornal Canoas RS","og_description":"O prefeito Jairo Jorge (PT) vetou e a C\u00e2mara manteve o veto total ao Projeto de Lei (PL 67\/2015), que instituia o Programa Municipal de Ado\u00e7\u00e3o Respons\u00e1vel de Pequenos Animais no munic\u00edpio. Segundo o Executivo, a proposi\u00e7\u00e3o apresenta v\u00edcio de iniciativa, uma vez que interfere nas atribui\u00e7\u00f5es da Secretaria Municipal do Meio Ambiente e da [&hellip;]","og_url":"https:\/\/jornaltimoneiro.com.br\/index.php\/2016\/08\/17\/desconto-no-iptu-para-quem-adotar-pets-e-vetado\/","og_site_name":"O Timoneiro Jornal Canoas RS","article_publisher":"https:\/\/www.facebook.com\/jornaltimoneiro","article_published_time":"2016-08-17T17:52:32+00:00","author":"Reda\u00e7\u00e3o","twitter_card":"summary_large_image","twitter_creator":"@_OTimoneiro","twitter_site":"@_OTimoneiro","twitter_misc":{"Escrito por":"Reda\u00e7\u00e3o","Est. tempo de leitura":"1 minuto"},"schema":{"@context":"https:\/\/schema.org","@graph":[{"@type":"Article","@id":"https:\/\/jornaltimoneiro.com.br\/index.php\/2016\/08\/17\/desconto-no-iptu-para-quem-adotar-pets-e-vetado\/#article","isPartOf":{"@id":"https:\/\/jornaltimoneiro.com.br\/index.php\/2016\/08\/17\/desconto-no-iptu-para-quem-adotar-pets-e-vetado\/"},"author":{"name":"Reda\u00e7\u00e3o","@id":"https:\/\/jornaltimoneiro.com.br\/#\/schema\/person\/620efd1d8244466117482be494360b08"},"headline":"Desconto no IPTU para quem adotar pets \u00e9 vetado","datePublished":"2016-08-17T17:52:32+00:00","dateModified":"2016-08-17T17:52:32+00:00","mainEntityOfPage":{"@id":"https:\/\/jornaltimoneiro.com.br\/index.php\/2016\/08\/17\/desconto-no-iptu-para-quem-adotar-pets-e-vetado\/"},"wordCount":209,"commentCount":0,"publisher":{"@id":"https:\/\/jornaltimoneiro.com.br\/#organization"},"articleSection":["Comunidade","Destaques","Not\u00edcias","Pol\u00edtica"],"inLanguage":"pt-BR","potentialAction":[{"@type":"CommentAction","name":"Comment","target":["https:\/\/jornaltimoneiro.com.br\/index.php\/2016\/08\/17\/desconto-no-iptu-para-quem-adotar-pets-e-vetado\/#respond"]}]},{"@type":"WebPage","@id":"https:\/\/jornaltimoneiro.com.br\/index.php\/2016\/08\/17\/desconto-no-iptu-para-quem-adotar-pets-e-vetado\/","url":"https:\/\/jornaltimoneiro.com.br\/index.php\/2016\/08\/17\/desconto-no-iptu-para-quem-adotar-pets-e-vetado\/","name":"Desconto no IPTU para quem adotar pets \u00e9 vetado - O Timoneiro Jornal Canoas RS","isPartOf":{"@id":"https:\/\/jornaltimoneiro.com.br\/#website"},"datePublished":"2016-08-17T17:52:32+00:00","dateModified":"2016-08-17T17:52:32+00:00","breadcrumb":{"@id":"https:\/\/jornaltimoneiro.com.br\/index.php\/2016\/08\/17\/desconto-no-iptu-para-quem-adotar-pets-e-vetado\/#breadcrumb"},"inLanguage":"pt-BR","potentialAction":[{"@type":"ReadAction","target":["https:\/\/jornaltimoneiro.com.br\/index.php\/2016\/08\/17\/desconto-no-iptu-para-quem-adotar-pets-e-vetado\/"]}]},{"@type":"BreadcrumbList","@id":"https:\/\/jornaltimoneiro.com.br\/index.php\/2016\/08\/17\/desconto-no-iptu-para-quem-adotar-pets-e-vetado\/#breadcrumb","itemListElement":[{"@type":"ListItem","position":1,"name":"In\u00edcio","item":"https:\/\/jornaltimoneiro.com.br\/"},{"@type":"ListItem","position":2,"name":"Desconto no IPTU para quem adotar pets \u00e9 vetado"}]},{"@type":"WebSite","@id":"https:\/\/jornaltimoneiro.com.br\/#website","url":"https:\/\/jornaltimoneiro.com.br\/","name":"Jornal Timoneiro Canoas RS","description":"Jornal O Timoneiro, o verdadeiro jornal de Canoas","publisher":{"@id":"https:\/\/jornaltimoneiro.com.br\/#organization"},"potentialAction":[{"@type":"SearchAction","target":{"@type":"EntryPoint","urlTemplate":"https:\/\/jornaltimoneiro.com.br\/?s={search_term_string}"},"query-input":"required name=search_term_string"}],"inLanguage":"pt-BR"},{"@type":"Organization","@id":"https:\/\/jornaltimoneiro.com.br\/#organization","name":"Jornal Timoneiro Canoas RS","url":"https:\/\/jornaltimoneiro.com.br\/","logo":{"@type":"ImageObject","inLanguage":"pt-BR","@id":"https:\/\/jornaltimoneiro.com.br\/#\/schema\/logo\/image\/","url":"https:\/\/jornaltimoneiro.com.br\/wp-content\/uploads\/2023\/03\/logonovo.png","contentUrl":"https:\/\/jornaltimoneiro.com.br\/wp-content\/uploads\/2023\/03\/logonovo.png","width":"469","height":"171","caption":"Jornal Timoneiro Canoas RS"},"image":{"@id":"https:\/\/jornaltimoneiro.com.br\/#\/schema\/logo\/image\/"},"sameAs":["https:\/\/www.facebook.com\/jornaltimoneiro","https:\/\/twitter.com\/_OTimoneiro","https:\/\/www.instagram.com\/jornaltimoneirocanoas\/","https:\/\/www.youtube.com\/@jornalotimoneiro7927"]},{"@type":"Person","@id":"https:\/\/jornaltimoneiro.com.br\/#\/schema\/person\/620efd1d8244466117482be494360b08","name":"Reda\u00e7\u00e3o","image":{"@type":"ImageObject","inLanguage":"pt-BR","@id":"https:\/\/jornaltimoneiro.com.br\/#\/schema\/person\/image\/","url":"https:\/\/secure.gravatar.com\/avatar\/2f04e1b304682a8d9db336c7acd77f08?s=96&d=mm&r=g","contentUrl":"https:\/\/secure.gravatar.com\/avatar\/2f04e1b304682a8d9db336c7acd77f08?s=96&d=mm&r=g","caption":"Reda\u00e7\u00e3o"},"url":"https:\/\/jornaltimoneiro.com.br\/index.php\/author\/timoneirocanoas\/"}]}},"_links":{"self":[{"href":"https:\/\/jornaltimoneiro.com.br\/index.php\/wp-json\/wp\/v2\/posts\/4792"}],"collection":[{"href":"https:\/\/jornaltimoneiro.com.br\/index.php\/wp-json\/wp\/v2\/posts"}],"about":[{"href":"https:\/\/jornaltimoneiro.com.br\/index.php\/wp-json\/wp\/v2\/types\/post"}],"author":[{"embeddable":true,"href":"https:\/\/jornaltimoneiro.com.br\/index.php\/wp-json\/wp\/v2\/users\/1"}],"replies":[{"embeddable":true,"href":"https:\/\/jornaltimoneiro.com.br\/index.php\/wp-json\/wp\/v2\/comments?post=4792"}],"version-history":[{"count":0,"href":"https:\/\/jornaltimoneiro.com.br\/index.php\/wp-json\/wp\/v2\/posts\/4792\/revisions"}],"wp:featuredmedia":[{"embeddable":true,"href":"https:\/\/jornaltimoneiro.com.br\/index.php\/wp-json\/"}],"wp:attachment":[{"href":"https:\/\/jornaltimoneiro.com.br\/index.php\/wp-json\/wp\/v2\/media?parent=4792"}],"wp:term":[{"taxonomy":"category","embeddable":true,"href":"https:\/\/jornaltimoneiro.com.br\/index.php\/wp-json\/wp\/v2\/categories?post=4792"},{"taxonomy":"post_tag","embeddable":true,"href":"https:\/\/jornaltimoneiro.com.br\/index.php\/wp-json\/wp\/v2\/tags?post=4792"}],"curies":[{"name":"wp","href":"https:\/\/api.w.org\/{rel}","templated":true}]}}