{"id":4778,"date":"2016-08-15T10:44:03","date_gmt":"2016-08-15T13:44:03","guid":{"rendered":"http:\/\/otimoneiro.com.br\/?p=4778"},"modified":"2016-08-15T10:44:03","modified_gmt":"2016-08-15T13:44:03","slug":"principal-do-guajuviras-ficara-mais-seis-dias-sem-luz-para-instalacao-do-aeromovel","status":"publish","type":"post","link":"https:\/\/jornaltimoneiro.com.br\/index.php\/2016\/08\/15\/principal-do-guajuviras-ficara-mais-seis-dias-sem-luz-para-instalacao-do-aeromovel\/","title":{"rendered":"Principal do Guajuviras ficar\u00e1 mais seis dias sem luz para instala\u00e7\u00e3o do Aerom\u00f3vel"},"content":{"rendered":"<div id=\"attachment_4779\" style=\"width: 624px\" class=\"wp-caption aligncenter\"><a href=\"http:\/\/otimoneiro.com.br\/wp-content\/uploads\/2016\/08\/maior_troca_eletrica_aeromovel_ireno_jardim_4-1.jpg\"><img decoding=\"async\" aria-describedby=\"caption-attachment-4779\" class=\" wp-image-4779\" src=\"http:\/\/otimoneiro.com.br\/wp-content\/uploads\/2016\/08\/maior_troca_eletrica_aeromovel_ireno_jardim_4-1.jpg\" alt=\"Troca da rede el\u00e9trica para instala\u00e7\u00e3o do Aerom\u00f3vel. Foto: Ireno Jardim.\" width=\"614\" height=\"425\" \/><\/a><p id=\"caption-attachment-4779\" class=\"wp-caption-text\">Troca da rede el\u00e9trica para instala\u00e7\u00e3o do Aerom\u00f3vel. Foto: Ireno Jardim.<\/p><\/div>\n<p>A partir desta segunda-feira, 15, a avenida 17 de abril, principal do bairro Guajuviras, ficar\u00e1 seis dias sem luz para a instala\u00e7\u00e3o de cabos subterr\u00e2neos e de readequa\u00e7\u00e3o da rede el\u00e9trica para a implanta\u00e7\u00e3o do Sistema Aerom\u00f3vel. A Prefeitura informou que haver\u00e1 desligamento de energia, de 15 a 19 e dia 22 de agosto, sobretudo no trecho entre a Brigada Militar e a r\u00f3tula do Bairro Guajuviras. O procedimento foi autorizado pela AES Sul e ocorre em determinados hor\u00e1rios. Em caso de chuva, o servi\u00e7o ser\u00e1 cancelado.<\/p>\n<p>Durante boa parte desta semana, de segunda \u00e0 sexta-feira, alguns trechos ser\u00e3o prejudicados por at\u00e9 8 horas, como \u00e9 o caso quarta-feira, 18. Nos demais dias, a interrup\u00e7\u00e3o deve ser de at\u00e9 4 horas.<\/p>\n<h3>Programa\u00e7\u00e3o<\/h3>\n<p><strong>Segunda-feira (15)<\/strong> &#8211; das 13 horas \u00e0s 17h30min;<br \/>\n<strong>Ter\u00e7a-feira (16)<\/strong> &#8211; das 8 horas \u00e0s 12 horas;<br \/>\n<strong>Quarta-feira (17)<\/strong> &#8211; das 8h30min \u00e0s 12 horas e das 13h30min \u00e0s 17h30min;<br \/>\n<strong>Quinta-feira (18)<\/strong> &#8211; das 13h30min \u00e0s 17h30min;<br \/>\n<strong>Sexta-feira (19)<\/strong> &#8211; das 13h30min \u00e0s 17h30min;<br \/>\n<strong>Segunda-feira (22)<\/strong> &#8211; das 13h30min \u00e0s 17h30min.<\/p>\n","protected":false},"excerpt":{"rendered":"<p>A partir desta segunda-feira, 15, a avenida 17 de abril, principal do bairro Guajuviras, ficar\u00e1 seis dias sem luz para a instala\u00e7\u00e3o de cabos subterr\u00e2neos e de readequa\u00e7\u00e3o da rede el\u00e9trica para a implanta\u00e7\u00e3o do Sistema Aerom\u00f3vel. A Prefeitura informou que haver\u00e1 desligamento de energia, de 15 a 19 e dia 22 de agosto, sobretudo [&hellip;]<\/p>\n","protected":false},"author":1,"featured_media":4779,"comment_status":"open","ping_status":"open","sticky":false,"template":"","format":"standard","meta":{"amp_status":"","footnotes":""},"categories":[25,19,22],"tags":[],"class_list":["post-4778","post","type-post","status-publish","format-standard","has-post-thumbnail","hentry","category-comunidade","category-destaques","category-noticias"],"yoast_head":"<!-- This site is optimized with the Yoast SEO plugin v20.5 - https:\/\/yoast.com\/wordpress\/plugins\/seo\/ -->\n<title>Principal do Guajuviras ficar\u00e1 mais seis dias sem luz para instala\u00e7\u00e3o do Aerom\u00f3vel - O Timoneiro Jornal Canoas RS<\/title>\n<meta name=\"robots\" content=\"index, follow, max-snippet:-1, max-image-preview:large, max-video-preview:-1\" \/>\n<link rel=\"canonical\" href=\"https:\/\/jornaltimoneiro.com.br\/index.php\/2016\/08\/15\/principal-do-guajuviras-ficara-mais-seis-dias-sem-luz-para-instalacao-do-aeromovel\/\" \/>\n<meta property=\"og:locale\" content=\"pt_BR\" \/>\n<meta property=\"og:type\" content=\"article\" \/>\n<meta property=\"og:title\" content=\"Principal do Guajuviras ficar\u00e1 mais seis dias sem luz para instala\u00e7\u00e3o do Aerom\u00f3vel - O Timoneiro Jornal Canoas RS\" \/>\n<meta property=\"og:description\" content=\"A partir desta segunda-feira, 15, a avenida 17 de abril, principal do bairro Guajuviras, ficar\u00e1 seis dias sem luz para a instala\u00e7\u00e3o de cabos subterr\u00e2neos e de readequa\u00e7\u00e3o da rede el\u00e9trica para a implanta\u00e7\u00e3o do Sistema Aerom\u00f3vel. A Prefeitura informou que haver\u00e1 desligamento de energia, de 15 a 19 e dia 22 de agosto, sobretudo [&hellip;]\" \/>\n<meta property=\"og:url\" content=\"https:\/\/jornaltimoneiro.com.br\/index.php\/2016\/08\/15\/principal-do-guajuviras-ficara-mais-seis-dias-sem-luz-para-instalacao-do-aeromovel\/\" \/>\n<meta property=\"og:site_name\" content=\"O Timoneiro Jornal Canoas RS\" \/>\n<meta property=\"article:publisher\" content=\"https:\/\/www.facebook.com\/jornaltimoneiro\" \/>\n<meta property=\"article:published_time\" content=\"2016-08-15T13:44:03+00:00\" \/>\n<meta name=\"author\" content=\"Reda\u00e7\u00e3o\" \/>\n<meta name=\"twitter:card\" content=\"summary_large_image\" \/>\n<meta name=\"twitter:creator\" content=\"@_OTimoneiro\" \/>\n<meta name=\"twitter:site\" content=\"@_OTimoneiro\" \/>\n<meta name=\"twitter:label1\" content=\"Escrito por\" \/>\n\t<meta name=\"twitter:data1\" content=\"Reda\u00e7\u00e3o\" \/>\n\t<meta name=\"twitter:label2\" content=\"Est. tempo de leitura\" \/>\n\t<meta name=\"twitter:data2\" content=\"1 minuto\" \/>\n<script type=\"application\/ld+json\" class=\"yoast-schema-graph\">{\"@context\":\"https:\/\/schema.org\",\"@graph\":[{\"@type\":\"Article\",\"@id\":\"https:\/\/jornaltimoneiro.com.br\/index.php\/2016\/08\/15\/principal-do-guajuviras-ficara-mais-seis-dias-sem-luz-para-instalacao-do-aeromovel\/#article\",\"isPartOf\":{\"@id\":\"https:\/\/jornaltimoneiro.com.br\/index.php\/2016\/08\/15\/principal-do-guajuviras-ficara-mais-seis-dias-sem-luz-para-instalacao-do-aeromovel\/\"},\"author\":{\"name\":\"Reda\u00e7\u00e3o\",\"@id\":\"https:\/\/jornaltimoneiro.com.br\/#\/schema\/person\/620efd1d8244466117482be494360b08\"},\"headline\":\"Principal do Guajuviras ficar\u00e1 mais seis dias sem luz para instala\u00e7\u00e3o do Aerom\u00f3vel\",\"datePublished\":\"2016-08-15T13:44:03+00:00\",\"dateModified\":\"2016-08-15T13:44:03+00:00\",\"mainEntityOfPage\":{\"@id\":\"https:\/\/jornaltimoneiro.com.br\/index.php\/2016\/08\/15\/principal-do-guajuviras-ficara-mais-seis-dias-sem-luz-para-instalacao-do-aeromovel\/\"},\"wordCount\":212,\"commentCount\":0,\"publisher\":{\"@id\":\"https:\/\/jornaltimoneiro.com.br\/#organization\"},\"articleSection\":[\"Comunidade\",\"Destaques\",\"Not\u00edcias\"],\"inLanguage\":\"pt-BR\",\"potentialAction\":[{\"@type\":\"CommentAction\",\"name\":\"Comment\",\"target\":[\"https:\/\/jornaltimoneiro.com.br\/index.php\/2016\/08\/15\/principal-do-guajuviras-ficara-mais-seis-dias-sem-luz-para-instalacao-do-aeromovel\/#respond\"]}]},{\"@type\":\"WebPage\",\"@id\":\"https:\/\/jornaltimoneiro.com.br\/index.php\/2016\/08\/15\/principal-do-guajuviras-ficara-mais-seis-dias-sem-luz-para-instalacao-do-aeromovel\/\",\"url\":\"https:\/\/jornaltimoneiro.com.br\/index.php\/2016\/08\/15\/principal-do-guajuviras-ficara-mais-seis-dias-sem-luz-para-instalacao-do-aeromovel\/\",\"name\":\"Principal do Guajuviras ficar\u00e1 mais seis dias sem luz para instala\u00e7\u00e3o do Aerom\u00f3vel - O Timoneiro Jornal Canoas RS\",\"isPartOf\":{\"@id\":\"https:\/\/jornaltimoneiro.com.br\/#website\"},\"datePublished\":\"2016-08-15T13:44:03+00:00\",\"dateModified\":\"2016-08-15T13:44:03+00:00\",\"breadcrumb\":{\"@id\":\"https:\/\/jornaltimoneiro.com.br\/index.php\/2016\/08\/15\/principal-do-guajuviras-ficara-mais-seis-dias-sem-luz-para-instalacao-do-aeromovel\/#breadcrumb\"},\"inLanguage\":\"pt-BR\",\"potentialAction\":[{\"@type\":\"ReadAction\",\"target\":[\"https:\/\/jornaltimoneiro.com.br\/index.php\/2016\/08\/15\/principal-do-guajuviras-ficara-mais-seis-dias-sem-luz-para-instalacao-do-aeromovel\/\"]}]},{\"@type\":\"BreadcrumbList\",\"@id\":\"https:\/\/jornaltimoneiro.com.br\/index.php\/2016\/08\/15\/principal-do-guajuviras-ficara-mais-seis-dias-sem-luz-para-instalacao-do-aeromovel\/#breadcrumb\",\"itemListElement\":[{\"@type\":\"ListItem\",\"position\":1,\"name\":\"In\u00edcio\",\"item\":\"https:\/\/jornaltimoneiro.com.br\/\"},{\"@type\":\"ListItem\",\"position\":2,\"name\":\"Principal do Guajuviras ficar\u00e1 mais seis dias sem luz para instala\u00e7\u00e3o do Aerom\u00f3vel\"}]},{\"@type\":\"WebSite\",\"@id\":\"https:\/\/jornaltimoneiro.com.br\/#website\",\"url\":\"https:\/\/jornaltimoneiro.com.br\/\",\"name\":\"Jornal Timoneiro Canoas RS\",\"description\":\"Jornal O Timoneiro, o verdadeiro jornal de Canoas\",\"publisher\":{\"@id\":\"https:\/\/jornaltimoneiro.com.br\/#organization\"},\"potentialAction\":[{\"@type\":\"SearchAction\",\"target\":{\"@type\":\"EntryPoint\",\"urlTemplate\":\"https:\/\/jornaltimoneiro.com.br\/?s={search_term_string}\"},\"query-input\":\"required name=search_term_string\"}],\"inLanguage\":\"pt-BR\"},{\"@type\":\"Organization\",\"@id\":\"https:\/\/jornaltimoneiro.com.br\/#organization\",\"name\":\"Jornal Timoneiro Canoas RS\",\"url\":\"https:\/\/jornaltimoneiro.com.br\/\",\"logo\":{\"@type\":\"ImageObject\",\"inLanguage\":\"pt-BR\",\"@id\":\"https:\/\/jornaltimoneiro.com.br\/#\/schema\/logo\/image\/\",\"url\":\"https:\/\/jornaltimoneiro.com.br\/wp-content\/uploads\/2023\/03\/logonovo.png\",\"contentUrl\":\"https:\/\/jornaltimoneiro.com.br\/wp-content\/uploads\/2023\/03\/logonovo.png\",\"width\":\"469\",\"height\":\"171\",\"caption\":\"Jornal Timoneiro Canoas RS\"},\"image\":{\"@id\":\"https:\/\/jornaltimoneiro.com.br\/#\/schema\/logo\/image\/\"},\"sameAs\":[\"https:\/\/www.facebook.com\/jornaltimoneiro\",\"https:\/\/twitter.com\/_OTimoneiro\",\"https:\/\/www.instagram.com\/jornaltimoneirocanoas\/\",\"https:\/\/www.youtube.com\/@jornalotimoneiro7927\"]},{\"@type\":\"Person\",\"@id\":\"https:\/\/jornaltimoneiro.com.br\/#\/schema\/person\/620efd1d8244466117482be494360b08\",\"name\":\"Reda\u00e7\u00e3o\",\"image\":{\"@type\":\"ImageObject\",\"inLanguage\":\"pt-BR\",\"@id\":\"https:\/\/jornaltimoneiro.com.br\/#\/schema\/person\/image\/\",\"url\":\"https:\/\/secure.gravatar.com\/avatar\/2f04e1b304682a8d9db336c7acd77f08?s=96&d=mm&r=g\",\"contentUrl\":\"https:\/\/secure.gravatar.com\/avatar\/2f04e1b304682a8d9db336c7acd77f08?s=96&d=mm&r=g\",\"caption\":\"Reda\u00e7\u00e3o\"},\"url\":\"https:\/\/jornaltimoneiro.com.br\/index.php\/author\/timoneirocanoas\/\"}]}<\/script>\n<!-- \/ Yoast SEO plugin. -->","yoast_head_json":{"title":"Principal do Guajuviras ficar\u00e1 mais seis dias sem luz para instala\u00e7\u00e3o do Aerom\u00f3vel - O Timoneiro Jornal Canoas RS","robots":{"index":"index","follow":"follow","max-snippet":"max-snippet:-1","max-image-preview":"max-image-preview:large","max-video-preview":"max-video-preview:-1"},"canonical":"https:\/\/jornaltimoneiro.com.br\/index.php\/2016\/08\/15\/principal-do-guajuviras-ficara-mais-seis-dias-sem-luz-para-instalacao-do-aeromovel\/","og_locale":"pt_BR","og_type":"article","og_title":"Principal do Guajuviras ficar\u00e1 mais seis dias sem luz para instala\u00e7\u00e3o do Aerom\u00f3vel - O Timoneiro Jornal Canoas RS","og_description":"A partir desta segunda-feira, 15, a avenida 17 de abril, principal do bairro Guajuviras, ficar\u00e1 seis dias sem luz para a instala\u00e7\u00e3o de cabos subterr\u00e2neos e de readequa\u00e7\u00e3o da rede el\u00e9trica para a implanta\u00e7\u00e3o do Sistema Aerom\u00f3vel. A Prefeitura informou que haver\u00e1 desligamento de energia, de 15 a 19 e dia 22 de agosto, sobretudo [&hellip;]","og_url":"https:\/\/jornaltimoneiro.com.br\/index.php\/2016\/08\/15\/principal-do-guajuviras-ficara-mais-seis-dias-sem-luz-para-instalacao-do-aeromovel\/","og_site_name":"O Timoneiro Jornal Canoas RS","article_publisher":"https:\/\/www.facebook.com\/jornaltimoneiro","article_published_time":"2016-08-15T13:44:03+00:00","author":"Reda\u00e7\u00e3o","twitter_card":"summary_large_image","twitter_creator":"@_OTimoneiro","twitter_site":"@_OTimoneiro","twitter_misc":{"Escrito por":"Reda\u00e7\u00e3o","Est. tempo de leitura":"1 minuto"},"schema":{"@context":"https:\/\/schema.org","@graph":[{"@type":"Article","@id":"https:\/\/jornaltimoneiro.com.br\/index.php\/2016\/08\/15\/principal-do-guajuviras-ficara-mais-seis-dias-sem-luz-para-instalacao-do-aeromovel\/#article","isPartOf":{"@id":"https:\/\/jornaltimoneiro.com.br\/index.php\/2016\/08\/15\/principal-do-guajuviras-ficara-mais-seis-dias-sem-luz-para-instalacao-do-aeromovel\/"},"author":{"name":"Reda\u00e7\u00e3o","@id":"https:\/\/jornaltimoneiro.com.br\/#\/schema\/person\/620efd1d8244466117482be494360b08"},"headline":"Principal do Guajuviras ficar\u00e1 mais seis dias sem luz para instala\u00e7\u00e3o do Aerom\u00f3vel","datePublished":"2016-08-15T13:44:03+00:00","dateModified":"2016-08-15T13:44:03+00:00","mainEntityOfPage":{"@id":"https:\/\/jornaltimoneiro.com.br\/index.php\/2016\/08\/15\/principal-do-guajuviras-ficara-mais-seis-dias-sem-luz-para-instalacao-do-aeromovel\/"},"wordCount":212,"commentCount":0,"publisher":{"@id":"https:\/\/jornaltimoneiro.com.br\/#organization"},"articleSection":["Comunidade","Destaques","Not\u00edcias"],"inLanguage":"pt-BR","potentialAction":[{"@type":"CommentAction","name":"Comment","target":["https:\/\/jornaltimoneiro.com.br\/index.php\/2016\/08\/15\/principal-do-guajuviras-ficara-mais-seis-dias-sem-luz-para-instalacao-do-aeromovel\/#respond"]}]},{"@type":"WebPage","@id":"https:\/\/jornaltimoneiro.com.br\/index.php\/2016\/08\/15\/principal-do-guajuviras-ficara-mais-seis-dias-sem-luz-para-instalacao-do-aeromovel\/","url":"https:\/\/jornaltimoneiro.com.br\/index.php\/2016\/08\/15\/principal-do-guajuviras-ficara-mais-seis-dias-sem-luz-para-instalacao-do-aeromovel\/","name":"Principal do Guajuviras ficar\u00e1 mais seis dias sem luz para instala\u00e7\u00e3o do Aerom\u00f3vel - O Timoneiro Jornal Canoas RS","isPartOf":{"@id":"https:\/\/jornaltimoneiro.com.br\/#website"},"datePublished":"2016-08-15T13:44:03+00:00","dateModified":"2016-08-15T13:44:03+00:00","breadcrumb":{"@id":"https:\/\/jornaltimoneiro.com.br\/index.php\/2016\/08\/15\/principal-do-guajuviras-ficara-mais-seis-dias-sem-luz-para-instalacao-do-aeromovel\/#breadcrumb"},"inLanguage":"pt-BR","potentialAction":[{"@type":"ReadAction","target":["https:\/\/jornaltimoneiro.com.br\/index.php\/2016\/08\/15\/principal-do-guajuviras-ficara-mais-seis-dias-sem-luz-para-instalacao-do-aeromovel\/"]}]},{"@type":"BreadcrumbList","@id":"https:\/\/jornaltimoneiro.com.br\/index.php\/2016\/08\/15\/principal-do-guajuviras-ficara-mais-seis-dias-sem-luz-para-instalacao-do-aeromovel\/#breadcrumb","itemListElement":[{"@type":"ListItem","position":1,"name":"In\u00edcio","item":"https:\/\/jornaltimoneiro.com.br\/"},{"@type":"ListItem","position":2,"name":"Principal do Guajuviras ficar\u00e1 mais seis dias sem luz para instala\u00e7\u00e3o do Aerom\u00f3vel"}]},{"@type":"WebSite","@id":"https:\/\/jornaltimoneiro.com.br\/#website","url":"https:\/\/jornaltimoneiro.com.br\/","name":"Jornal Timoneiro Canoas RS","description":"Jornal O Timoneiro, o verdadeiro jornal de Canoas","publisher":{"@id":"https:\/\/jornaltimoneiro.com.br\/#organization"},"potentialAction":[{"@type":"SearchAction","target":{"@type":"EntryPoint","urlTemplate":"https:\/\/jornaltimoneiro.com.br\/?s={search_term_string}"},"query-input":"required name=search_term_string"}],"inLanguage":"pt-BR"},{"@type":"Organization","@id":"https:\/\/jornaltimoneiro.com.br\/#organization","name":"Jornal Timoneiro Canoas RS","url":"https:\/\/jornaltimoneiro.com.br\/","logo":{"@type":"ImageObject","inLanguage":"pt-BR","@id":"https:\/\/jornaltimoneiro.com.br\/#\/schema\/logo\/image\/","url":"https:\/\/jornaltimoneiro.com.br\/wp-content\/uploads\/2023\/03\/logonovo.png","contentUrl":"https:\/\/jornaltimoneiro.com.br\/wp-content\/uploads\/2023\/03\/logonovo.png","width":"469","height":"171","caption":"Jornal Timoneiro Canoas RS"},"image":{"@id":"https:\/\/jornaltimoneiro.com.br\/#\/schema\/logo\/image\/"},"sameAs":["https:\/\/www.facebook.com\/jornaltimoneiro","https:\/\/twitter.com\/_OTimoneiro","https:\/\/www.instagram.com\/jornaltimoneirocanoas\/","https:\/\/www.youtube.com\/@jornalotimoneiro7927"]},{"@type":"Person","@id":"https:\/\/jornaltimoneiro.com.br\/#\/schema\/person\/620efd1d8244466117482be494360b08","name":"Reda\u00e7\u00e3o","image":{"@type":"ImageObject","inLanguage":"pt-BR","@id":"https:\/\/jornaltimoneiro.com.br\/#\/schema\/person\/image\/","url":"https:\/\/secure.gravatar.com\/avatar\/2f04e1b304682a8d9db336c7acd77f08?s=96&d=mm&r=g","contentUrl":"https:\/\/secure.gravatar.com\/avatar\/2f04e1b304682a8d9db336c7acd77f08?s=96&d=mm&r=g","caption":"Reda\u00e7\u00e3o"},"url":"https:\/\/jornaltimoneiro.com.br\/index.php\/author\/timoneirocanoas\/"}]}},"_links":{"self":[{"href":"https:\/\/jornaltimoneiro.com.br\/index.php\/wp-json\/wp\/v2\/posts\/4778"}],"collection":[{"href":"https:\/\/jornaltimoneiro.com.br\/index.php\/wp-json\/wp\/v2\/posts"}],"about":[{"href":"https:\/\/jornaltimoneiro.com.br\/index.php\/wp-json\/wp\/v2\/types\/post"}],"author":[{"embeddable":true,"href":"https:\/\/jornaltimoneiro.com.br\/index.php\/wp-json\/wp\/v2\/users\/1"}],"replies":[{"embeddable":true,"href":"https:\/\/jornaltimoneiro.com.br\/index.php\/wp-json\/wp\/v2\/comments?post=4778"}],"version-history":[{"count":0,"href":"https:\/\/jornaltimoneiro.com.br\/index.php\/wp-json\/wp\/v2\/posts\/4778\/revisions"}],"wp:featuredmedia":[{"embeddable":true,"href":"https:\/\/jornaltimoneiro.com.br\/index.php\/wp-json\/"}],"wp:attachment":[{"href":"https:\/\/jornaltimoneiro.com.br\/index.php\/wp-json\/wp\/v2\/media?parent=4778"}],"wp:term":[{"taxonomy":"category","embeddable":true,"href":"https:\/\/jornaltimoneiro.com.br\/index.php\/wp-json\/wp\/v2\/categories?post=4778"},{"taxonomy":"post_tag","embeddable":true,"href":"https:\/\/jornaltimoneiro.com.br\/index.php\/wp-json\/wp\/v2\/tags?post=4778"}],"curies":[{"name":"wp","href":"https:\/\/api.w.org\/{rel}","templated":true}]}}