{"id":4747,"date":"2016-08-12T09:39:59","date_gmt":"2016-08-12T12:39:59","guid":{"rendered":"http:\/\/otimoneiro.com.br\/?p=4747"},"modified":"2016-08-12T09:39:59","modified_gmt":"2016-08-12T12:39:59","slug":"direito-de-resposta-a-reportagem-sobre-o-procon-2","status":"publish","type":"post","link":"https:\/\/jornaltimoneiro.com.br\/index.php\/2016\/08\/12\/direito-de-resposta-a-reportagem-sobre-o-procon-2\/","title":{"rendered":"Direito de resposta \u00e0 reportagem sobre o Procon"},"content":{"rendered":"<div id=\"attachment_4620\" style=\"width: 621px\" class=\"wp-caption aligncenter\"><a href=\"http:\/\/otimoneiro.com.br\/wp-content\/uploads\/2016\/07\/DSC0063.jpg\"><img decoding=\"async\" aria-describedby=\"caption-attachment-4620\" class=\" wp-image-4620\" src=\"http:\/\/otimoneiro.com.br\/wp-content\/uploads\/2016\/07\/DSC0063-1024x683.jpg\" alt=\"Procon Canoas. Foto: Bruno Lara\/OT.\" width=\"611\" height=\"408\" \/><\/a><p id=\"caption-attachment-4620\" class=\"wp-caption-text\">Procon Canoas. Foto: Bruno Lara\/OT.<\/p><\/div>\n<p>&nbsp;<\/p>\n<p><strong>DIREITO DE RESPOSTA<\/strong> \u00e0 reportagem divulgada no Jornal Timoneiro, em edi\u00e7\u00e3o f\u00edsica e virtual, no dia 29\/07\/2016, sobre o PROCON, utilizando meu nome, com afirma\u00e7\u00f5es inver\u00eddicas e maldosas feitas pelo sr. Marney de Souza.<\/p>\n<p>&nbsp;<\/p>\n<p>O supracitado cidad\u00e3o, acusou-me de Persegui\u00e7\u00e3o, de ter sido designada para fun\u00e7\u00e3o de Diretora para \u201cpersegui-lo\u201d,\u00a0 e com isso, de \u201crebaix\u00e1-lo\u201d para o setor de atendimento ao p\u00fablico, onde trabalham estagi\u00e1rios.<\/p>\n<p>Sou servidora de carreira, cargo efetivo, desde 2000, n\u00e3o havendo nada que me desabone funcionalmente, pelo contr\u00e1rio, fui diretora por duas vezes nesta gest\u00e3o, por muito tempo, ou seja, n\u00e3o fui nomeada para a fun\u00e7\u00e3o de Diretora para \u201cperseguir ou vigiar\u201d ningu\u00e9m, mas sim fui nomeada pelo Prefeito devido \u00e0 minha qualifica\u00e7\u00e3o, pois tamb\u00e9m sou Advogada, e tamb\u00e9m por minha compet\u00eancia e dedica\u00e7\u00e3o que sempre conduzi as atribui\u00e7\u00f5es a mim determinadas pelo chefe do Executivo e Secret\u00e1rios.<\/p>\n<p>Este senhor, prestou concurso p\u00fablico em 2005 para o cargo de Assistente de Defesa do Consumidor, n\u00edvel m\u00e9dio, 40h, para desempenhar, dentre outras fun\u00e7\u00f5es, a de atendimento e orienta\u00e7\u00e3o aos consumidores, e quando assumi a diretoria do Procon, em setembro\/2014 o mesmo j\u00e1 estava realizando tais fun\u00e7\u00f5es daquele concurso.<\/p>\n<p>Fui nomeada em setembro de 2014, para assumir a Diretoria do Procon, deixei a Diretoria em mar\u00e7o de 2015. No entanto, um ano e cinco meses ap\u00f3s minha sa\u00edda do cargo, ainda tenho \u201co poder\u201d de rebaixar de cargo esse cidad\u00e3o??? Sim, porque pelo que tenho informa\u00e7\u00f5es, Sr. Marney continua at\u00e9 hoje, desempenhando suas atribui\u00e7\u00f5es do concurso que prestou, o que n\u00e3o poderia ser diferente, haja vista que o mesmo n\u00e3o possui fun\u00e7\u00e3o gratificada. Portanto, n\u00e3o h\u00e1 fundamento na persegui\u00e7\u00e3o alegada.<\/p>\n<p>Diante do exposto, venho requerer que seja publicado o direito de resposta na pr\u00f3xima edi\u00e7\u00e3o do Jornal O Timoneiro (f\u00edsica e digital), dia 05\/08\/2016,\u00a0 garantindo uma r\u00e9plica nos mesmos padr\u00f5es, tamanho e hor\u00e1rio da mat\u00e9ria ofensiva e inc\u00f4moda, sob pena de ser acionada a Justi\u00e7a para tanto.<\/p>\n<p>&nbsp;<\/p>\n<p>&nbsp;<\/p>\n<p>VIVIANE MACIEL SCHAFF<\/p>\n","protected":false},"excerpt":{"rendered":"<p>&nbsp; DIREITO DE RESPOSTA \u00e0 reportagem divulgada no Jornal Timoneiro, em edi\u00e7\u00e3o f\u00edsica e virtual, no dia 29\/07\/2016, sobre o PROCON, utilizando meu nome, com afirma\u00e7\u00f5es inver\u00eddicas e maldosas feitas pelo sr. Marney de Souza. &nbsp; O supracitado cidad\u00e3o, acusou-me de Persegui\u00e7\u00e3o, de ter sido designada para fun\u00e7\u00e3o de Diretora para \u201cpersegui-lo\u201d,\u00a0 e com isso, [&hellip;]<\/p>\n","protected":false},"author":1,"featured_media":4620,"comment_status":"open","ping_status":"open","sticky":false,"template":"","format":"standard","meta":{"amp_status":"","footnotes":""},"categories":[19,22,20],"tags":[],"class_list":["post-4747","post","type-post","status-publish","format-standard","has-post-thumbnail","hentry","category-destaques","category-noticias","category-politica-noticias"],"yoast_head":"<!-- This site is optimized with the Yoast SEO plugin v20.5 - https:\/\/yoast.com\/wordpress\/plugins\/seo\/ -->\n<title>Direito de resposta \u00e0 reportagem sobre o Procon - O Timoneiro Jornal Canoas RS<\/title>\n<meta name=\"robots\" content=\"index, follow, max-snippet:-1, max-image-preview:large, max-video-preview:-1\" \/>\n<link rel=\"canonical\" href=\"https:\/\/jornaltimoneiro.com.br\/index.php\/2016\/08\/12\/direito-de-resposta-a-reportagem-sobre-o-procon-2\/\" \/>\n<meta property=\"og:locale\" content=\"pt_BR\" \/>\n<meta property=\"og:type\" content=\"article\" \/>\n<meta property=\"og:title\" content=\"Direito de resposta \u00e0 reportagem sobre o Procon - O Timoneiro Jornal Canoas RS\" \/>\n<meta property=\"og:description\" content=\"&nbsp; DIREITO DE RESPOSTA \u00e0 reportagem divulgada no Jornal Timoneiro, em edi\u00e7\u00e3o f\u00edsica e virtual, no dia 29\/07\/2016, sobre o PROCON, utilizando meu nome, com afirma\u00e7\u00f5es inver\u00eddicas e maldosas feitas pelo sr. Marney de Souza. &nbsp; O supracitado cidad\u00e3o, acusou-me de Persegui\u00e7\u00e3o, de ter sido designada para fun\u00e7\u00e3o de Diretora para \u201cpersegui-lo\u201d,\u00a0 e com isso, [&hellip;]\" \/>\n<meta property=\"og:url\" content=\"https:\/\/jornaltimoneiro.com.br\/index.php\/2016\/08\/12\/direito-de-resposta-a-reportagem-sobre-o-procon-2\/\" \/>\n<meta property=\"og:site_name\" content=\"O Timoneiro Jornal Canoas RS\" \/>\n<meta property=\"article:publisher\" content=\"https:\/\/www.facebook.com\/jornaltimoneiro\" \/>\n<meta property=\"article:published_time\" content=\"2016-08-12T12:39:59+00:00\" \/>\n<meta name=\"author\" content=\"Reda\u00e7\u00e3o\" \/>\n<meta name=\"twitter:card\" content=\"summary_large_image\" \/>\n<meta name=\"twitter:creator\" content=\"@_OTimoneiro\" \/>\n<meta name=\"twitter:site\" content=\"@_OTimoneiro\" \/>\n<meta name=\"twitter:label1\" content=\"Escrito por\" \/>\n\t<meta name=\"twitter:data1\" content=\"Reda\u00e7\u00e3o\" \/>\n\t<meta name=\"twitter:label2\" content=\"Est. tempo de leitura\" \/>\n\t<meta name=\"twitter:data2\" content=\"2 minutos\" \/>\n<script type=\"application\/ld+json\" class=\"yoast-schema-graph\">{\"@context\":\"https:\/\/schema.org\",\"@graph\":[{\"@type\":\"Article\",\"@id\":\"https:\/\/jornaltimoneiro.com.br\/index.php\/2016\/08\/12\/direito-de-resposta-a-reportagem-sobre-o-procon-2\/#article\",\"isPartOf\":{\"@id\":\"https:\/\/jornaltimoneiro.com.br\/index.php\/2016\/08\/12\/direito-de-resposta-a-reportagem-sobre-o-procon-2\/\"},\"author\":{\"name\":\"Reda\u00e7\u00e3o\",\"@id\":\"https:\/\/jornaltimoneiro.com.br\/#\/schema\/person\/620efd1d8244466117482be494360b08\"},\"headline\":\"Direito de resposta \u00e0 reportagem sobre o Procon\",\"datePublished\":\"2016-08-12T12:39:59+00:00\",\"dateModified\":\"2016-08-12T12:39:59+00:00\",\"mainEntityOfPage\":{\"@id\":\"https:\/\/jornaltimoneiro.com.br\/index.php\/2016\/08\/12\/direito-de-resposta-a-reportagem-sobre-o-procon-2\/\"},\"wordCount\":387,\"commentCount\":0,\"publisher\":{\"@id\":\"https:\/\/jornaltimoneiro.com.br\/#organization\"},\"articleSection\":[\"Destaques\",\"Not\u00edcias\",\"Pol\u00edtica\"],\"inLanguage\":\"pt-BR\",\"potentialAction\":[{\"@type\":\"CommentAction\",\"name\":\"Comment\",\"target\":[\"https:\/\/jornaltimoneiro.com.br\/index.php\/2016\/08\/12\/direito-de-resposta-a-reportagem-sobre-o-procon-2\/#respond\"]}]},{\"@type\":\"WebPage\",\"@id\":\"https:\/\/jornaltimoneiro.com.br\/index.php\/2016\/08\/12\/direito-de-resposta-a-reportagem-sobre-o-procon-2\/\",\"url\":\"https:\/\/jornaltimoneiro.com.br\/index.php\/2016\/08\/12\/direito-de-resposta-a-reportagem-sobre-o-procon-2\/\",\"name\":\"Direito de resposta \u00e0 reportagem sobre o Procon - O Timoneiro Jornal Canoas RS\",\"isPartOf\":{\"@id\":\"https:\/\/jornaltimoneiro.com.br\/#website\"},\"datePublished\":\"2016-08-12T12:39:59+00:00\",\"dateModified\":\"2016-08-12T12:39:59+00:00\",\"breadcrumb\":{\"@id\":\"https:\/\/jornaltimoneiro.com.br\/index.php\/2016\/08\/12\/direito-de-resposta-a-reportagem-sobre-o-procon-2\/#breadcrumb\"},\"inLanguage\":\"pt-BR\",\"potentialAction\":[{\"@type\":\"ReadAction\",\"target\":[\"https:\/\/jornaltimoneiro.com.br\/index.php\/2016\/08\/12\/direito-de-resposta-a-reportagem-sobre-o-procon-2\/\"]}]},{\"@type\":\"BreadcrumbList\",\"@id\":\"https:\/\/jornaltimoneiro.com.br\/index.php\/2016\/08\/12\/direito-de-resposta-a-reportagem-sobre-o-procon-2\/#breadcrumb\",\"itemListElement\":[{\"@type\":\"ListItem\",\"position\":1,\"name\":\"In\u00edcio\",\"item\":\"https:\/\/jornaltimoneiro.com.br\/\"},{\"@type\":\"ListItem\",\"position\":2,\"name\":\"Direito de resposta \u00e0 reportagem sobre o Procon\"}]},{\"@type\":\"WebSite\",\"@id\":\"https:\/\/jornaltimoneiro.com.br\/#website\",\"url\":\"https:\/\/jornaltimoneiro.com.br\/\",\"name\":\"Jornal Timoneiro Canoas RS\",\"description\":\"Jornal O Timoneiro, o verdadeiro jornal de Canoas\",\"publisher\":{\"@id\":\"https:\/\/jornaltimoneiro.com.br\/#organization\"},\"potentialAction\":[{\"@type\":\"SearchAction\",\"target\":{\"@type\":\"EntryPoint\",\"urlTemplate\":\"https:\/\/jornaltimoneiro.com.br\/?s={search_term_string}\"},\"query-input\":\"required name=search_term_string\"}],\"inLanguage\":\"pt-BR\"},{\"@type\":\"Organization\",\"@id\":\"https:\/\/jornaltimoneiro.com.br\/#organization\",\"name\":\"Jornal Timoneiro Canoas RS\",\"url\":\"https:\/\/jornaltimoneiro.com.br\/\",\"logo\":{\"@type\":\"ImageObject\",\"inLanguage\":\"pt-BR\",\"@id\":\"https:\/\/jornaltimoneiro.com.br\/#\/schema\/logo\/image\/\",\"url\":\"https:\/\/jornaltimoneiro.com.br\/wp-content\/uploads\/2023\/03\/logonovo.png\",\"contentUrl\":\"https:\/\/jornaltimoneiro.com.br\/wp-content\/uploads\/2023\/03\/logonovo.png\",\"width\":\"469\",\"height\":\"171\",\"caption\":\"Jornal Timoneiro Canoas RS\"},\"image\":{\"@id\":\"https:\/\/jornaltimoneiro.com.br\/#\/schema\/logo\/image\/\"},\"sameAs\":[\"https:\/\/www.facebook.com\/jornaltimoneiro\",\"https:\/\/twitter.com\/_OTimoneiro\",\"https:\/\/www.instagram.com\/jornaltimoneirocanoas\/\",\"https:\/\/www.youtube.com\/@jornalotimoneiro7927\"]},{\"@type\":\"Person\",\"@id\":\"https:\/\/jornaltimoneiro.com.br\/#\/schema\/person\/620efd1d8244466117482be494360b08\",\"name\":\"Reda\u00e7\u00e3o\",\"image\":{\"@type\":\"ImageObject\",\"inLanguage\":\"pt-BR\",\"@id\":\"https:\/\/jornaltimoneiro.com.br\/#\/schema\/person\/image\/\",\"url\":\"https:\/\/secure.gravatar.com\/avatar\/2f04e1b304682a8d9db336c7acd77f08?s=96&d=mm&r=g\",\"contentUrl\":\"https:\/\/secure.gravatar.com\/avatar\/2f04e1b304682a8d9db336c7acd77f08?s=96&d=mm&r=g\",\"caption\":\"Reda\u00e7\u00e3o\"},\"url\":\"https:\/\/jornaltimoneiro.com.br\/index.php\/author\/timoneirocanoas\/\"}]}<\/script>\n<!-- \/ Yoast SEO plugin. -->","yoast_head_json":{"title":"Direito de resposta \u00e0 reportagem sobre o Procon - O Timoneiro Jornal Canoas RS","robots":{"index":"index","follow":"follow","max-snippet":"max-snippet:-1","max-image-preview":"max-image-preview:large","max-video-preview":"max-video-preview:-1"},"canonical":"https:\/\/jornaltimoneiro.com.br\/index.php\/2016\/08\/12\/direito-de-resposta-a-reportagem-sobre-o-procon-2\/","og_locale":"pt_BR","og_type":"article","og_title":"Direito de resposta \u00e0 reportagem sobre o Procon - O Timoneiro Jornal Canoas RS","og_description":"&nbsp; DIREITO DE RESPOSTA \u00e0 reportagem divulgada no Jornal Timoneiro, em edi\u00e7\u00e3o f\u00edsica e virtual, no dia 29\/07\/2016, sobre o PROCON, utilizando meu nome, com afirma\u00e7\u00f5es inver\u00eddicas e maldosas feitas pelo sr. Marney de Souza. &nbsp; O supracitado cidad\u00e3o, acusou-me de Persegui\u00e7\u00e3o, de ter sido designada para fun\u00e7\u00e3o de Diretora para \u201cpersegui-lo\u201d,\u00a0 e com isso, [&hellip;]","og_url":"https:\/\/jornaltimoneiro.com.br\/index.php\/2016\/08\/12\/direito-de-resposta-a-reportagem-sobre-o-procon-2\/","og_site_name":"O Timoneiro Jornal Canoas RS","article_publisher":"https:\/\/www.facebook.com\/jornaltimoneiro","article_published_time":"2016-08-12T12:39:59+00:00","author":"Reda\u00e7\u00e3o","twitter_card":"summary_large_image","twitter_creator":"@_OTimoneiro","twitter_site":"@_OTimoneiro","twitter_misc":{"Escrito por":"Reda\u00e7\u00e3o","Est. tempo de leitura":"2 minutos"},"schema":{"@context":"https:\/\/schema.org","@graph":[{"@type":"Article","@id":"https:\/\/jornaltimoneiro.com.br\/index.php\/2016\/08\/12\/direito-de-resposta-a-reportagem-sobre-o-procon-2\/#article","isPartOf":{"@id":"https:\/\/jornaltimoneiro.com.br\/index.php\/2016\/08\/12\/direito-de-resposta-a-reportagem-sobre-o-procon-2\/"},"author":{"name":"Reda\u00e7\u00e3o","@id":"https:\/\/jornaltimoneiro.com.br\/#\/schema\/person\/620efd1d8244466117482be494360b08"},"headline":"Direito de resposta \u00e0 reportagem sobre o Procon","datePublished":"2016-08-12T12:39:59+00:00","dateModified":"2016-08-12T12:39:59+00:00","mainEntityOfPage":{"@id":"https:\/\/jornaltimoneiro.com.br\/index.php\/2016\/08\/12\/direito-de-resposta-a-reportagem-sobre-o-procon-2\/"},"wordCount":387,"commentCount":0,"publisher":{"@id":"https:\/\/jornaltimoneiro.com.br\/#organization"},"articleSection":["Destaques","Not\u00edcias","Pol\u00edtica"],"inLanguage":"pt-BR","potentialAction":[{"@type":"CommentAction","name":"Comment","target":["https:\/\/jornaltimoneiro.com.br\/index.php\/2016\/08\/12\/direito-de-resposta-a-reportagem-sobre-o-procon-2\/#respond"]}]},{"@type":"WebPage","@id":"https:\/\/jornaltimoneiro.com.br\/index.php\/2016\/08\/12\/direito-de-resposta-a-reportagem-sobre-o-procon-2\/","url":"https:\/\/jornaltimoneiro.com.br\/index.php\/2016\/08\/12\/direito-de-resposta-a-reportagem-sobre-o-procon-2\/","name":"Direito de resposta \u00e0 reportagem sobre o Procon - O Timoneiro Jornal Canoas RS","isPartOf":{"@id":"https:\/\/jornaltimoneiro.com.br\/#website"},"datePublished":"2016-08-12T12:39:59+00:00","dateModified":"2016-08-12T12:39:59+00:00","breadcrumb":{"@id":"https:\/\/jornaltimoneiro.com.br\/index.php\/2016\/08\/12\/direito-de-resposta-a-reportagem-sobre-o-procon-2\/#breadcrumb"},"inLanguage":"pt-BR","potentialAction":[{"@type":"ReadAction","target":["https:\/\/jornaltimoneiro.com.br\/index.php\/2016\/08\/12\/direito-de-resposta-a-reportagem-sobre-o-procon-2\/"]}]},{"@type":"BreadcrumbList","@id":"https:\/\/jornaltimoneiro.com.br\/index.php\/2016\/08\/12\/direito-de-resposta-a-reportagem-sobre-o-procon-2\/#breadcrumb","itemListElement":[{"@type":"ListItem","position":1,"name":"In\u00edcio","item":"https:\/\/jornaltimoneiro.com.br\/"},{"@type":"ListItem","position":2,"name":"Direito de resposta \u00e0 reportagem sobre o Procon"}]},{"@type":"WebSite","@id":"https:\/\/jornaltimoneiro.com.br\/#website","url":"https:\/\/jornaltimoneiro.com.br\/","name":"Jornal Timoneiro Canoas RS","description":"Jornal O Timoneiro, o verdadeiro jornal de Canoas","publisher":{"@id":"https:\/\/jornaltimoneiro.com.br\/#organization"},"potentialAction":[{"@type":"SearchAction","target":{"@type":"EntryPoint","urlTemplate":"https:\/\/jornaltimoneiro.com.br\/?s={search_term_string}"},"query-input":"required name=search_term_string"}],"inLanguage":"pt-BR"},{"@type":"Organization","@id":"https:\/\/jornaltimoneiro.com.br\/#organization","name":"Jornal Timoneiro Canoas RS","url":"https:\/\/jornaltimoneiro.com.br\/","logo":{"@type":"ImageObject","inLanguage":"pt-BR","@id":"https:\/\/jornaltimoneiro.com.br\/#\/schema\/logo\/image\/","url":"https:\/\/jornaltimoneiro.com.br\/wp-content\/uploads\/2023\/03\/logonovo.png","contentUrl":"https:\/\/jornaltimoneiro.com.br\/wp-content\/uploads\/2023\/03\/logonovo.png","width":"469","height":"171","caption":"Jornal Timoneiro Canoas RS"},"image":{"@id":"https:\/\/jornaltimoneiro.com.br\/#\/schema\/logo\/image\/"},"sameAs":["https:\/\/www.facebook.com\/jornaltimoneiro","https:\/\/twitter.com\/_OTimoneiro","https:\/\/www.instagram.com\/jornaltimoneirocanoas\/","https:\/\/www.youtube.com\/@jornalotimoneiro7927"]},{"@type":"Person","@id":"https:\/\/jornaltimoneiro.com.br\/#\/schema\/person\/620efd1d8244466117482be494360b08","name":"Reda\u00e7\u00e3o","image":{"@type":"ImageObject","inLanguage":"pt-BR","@id":"https:\/\/jornaltimoneiro.com.br\/#\/schema\/person\/image\/","url":"https:\/\/secure.gravatar.com\/avatar\/2f04e1b304682a8d9db336c7acd77f08?s=96&d=mm&r=g","contentUrl":"https:\/\/secure.gravatar.com\/avatar\/2f04e1b304682a8d9db336c7acd77f08?s=96&d=mm&r=g","caption":"Reda\u00e7\u00e3o"},"url":"https:\/\/jornaltimoneiro.com.br\/index.php\/author\/timoneirocanoas\/"}]}},"_links":{"self":[{"href":"https:\/\/jornaltimoneiro.com.br\/index.php\/wp-json\/wp\/v2\/posts\/4747"}],"collection":[{"href":"https:\/\/jornaltimoneiro.com.br\/index.php\/wp-json\/wp\/v2\/posts"}],"about":[{"href":"https:\/\/jornaltimoneiro.com.br\/index.php\/wp-json\/wp\/v2\/types\/post"}],"author":[{"embeddable":true,"href":"https:\/\/jornaltimoneiro.com.br\/index.php\/wp-json\/wp\/v2\/users\/1"}],"replies":[{"embeddable":true,"href":"https:\/\/jornaltimoneiro.com.br\/index.php\/wp-json\/wp\/v2\/comments?post=4747"}],"version-history":[{"count":0,"href":"https:\/\/jornaltimoneiro.com.br\/index.php\/wp-json\/wp\/v2\/posts\/4747\/revisions"}],"wp:featuredmedia":[{"embeddable":true,"href":"https:\/\/jornaltimoneiro.com.br\/index.php\/wp-json\/"}],"wp:attachment":[{"href":"https:\/\/jornaltimoneiro.com.br\/index.php\/wp-json\/wp\/v2\/media?parent=4747"}],"wp:term":[{"taxonomy":"category","embeddable":true,"href":"https:\/\/jornaltimoneiro.com.br\/index.php\/wp-json\/wp\/v2\/categories?post=4747"},{"taxonomy":"post_tag","embeddable":true,"href":"https:\/\/jornaltimoneiro.com.br\/index.php\/wp-json\/wp\/v2\/tags?post=4747"}],"curies":[{"name":"wp","href":"https:\/\/api.w.org\/{rel}","templated":true}]}}