{"id":4741,"date":"2016-08-12T09:28:40","date_gmt":"2016-08-12T12:28:40","guid":{"rendered":"http:\/\/otimoneiro.com.br\/?p=4741"},"modified":"2016-08-12T09:28:40","modified_gmt":"2016-08-12T12:28:40","slug":"esperanca-de-melhora-nas-vendas-vem-de-presentes-mais-baratos","status":"publish","type":"post","link":"https:\/\/jornaltimoneiro.com.br\/index.php\/2016\/08\/12\/esperanca-de-melhora-nas-vendas-vem-de-presentes-mais-baratos\/","title":{"rendered":"Esperan\u00e7a de melhora nas vendas vem de presentes mais baratos"},"content":{"rendered":"<div id=\"attachment_4742\" style=\"width: 623px\" class=\"wp-caption aligncenter\"><a href=\"http:\/\/otimoneiro.com.br\/wp-content\/uploads\/2016\/08\/DSC0511.jpg\"><img decoding=\"async\" aria-describedby=\"caption-attachment-4742\" class=\" wp-image-4742\" src=\"http:\/\/otimoneiro.com.br\/wp-content\/uploads\/2016\/08\/DSC0511-1024x683.jpg\" alt=\"Aposta \u00e9 em artigos de baixo custo para o dia dos pais. Foto: Bruno Lara\/OT\" width=\"613\" height=\"410\" \/><\/a><p id=\"caption-attachment-4742\" class=\"wp-caption-text\">Aposta \u00e9 em artigos de baixo custo para o dia dos pais. Foto: Bruno Lara\/OT<\/p><\/div>\n<p>O Sindicato do Com\u00e9rcio Varejista de Canoas (Sindilojas) tem previs\u00e3o otimista para o setor neste ano. Embora pesquisas da pr\u00f3pria Federa\u00e7\u00e3o do Com\u00e9rcio de Bens e de Servi\u00e7os do Estado do Rio Grande do Sul (Fecom\u00e9rcio-RS), a qual \u00e9 filiado, apostem em um cen\u00e1rio retra\u00eddo, a organiza\u00e7\u00e3o acredita que, em compara\u00e7\u00e3o com 2015, as vendas devem seguir o mesmo padr\u00e3o.<\/p>\n<p>Os artigos de vestu\u00e1rio, chocolates e vinhos devem liderar o volume de vendas. Ao analisar a conjuntura brasileira atual, o Sindilojas coloca na conta da infla\u00e7\u00e3o, do aumento do desemprego e da queda na renda das fam\u00edlias a retra\u00e7\u00e3o, mas aponta que, mesmo assim, os produtos devem ter sa\u00edda similar \u00e0 mesma data no ano passado.<\/p>\n<p>O presidente em exerc\u00edcio, Itamar Tadeu, acredita que os canoenses v\u00e3o buscar alternativas mais acess\u00edveis para presentear os pais neste domingo, 14. Segundo ele, o frio dos \u00faltimos meses, que chegou ao final de abril, favorece a procura por roupas e alimentos.<\/p>\n<p>No frio, alguns segmentos costumam ser mais impactados, registrando alta em rela\u00e7\u00e3o a outras \u00e9pocas, tais como equipamentos e materiais para escrit\u00f3rio, inform\u00e1tica e comunica\u00e7\u00e3o, vestu\u00e1rios, cal\u00e7ados e outros artigos de uso pessoal. \u201c\u00c9 fundamental que neste domingo pais e filhos possam viver o amor fraternal. Um presente deve vir carregado de amor e de afeto. O Dia dos Pais \u00e9 uma data de vital import\u00e2ncia para todos. Os pais s\u00e3o mais do que os respons\u00e1veis pelo sustento de seus lares. S\u00e3o chefes e condutores de suas fam\u00edlias\u201d, conclui Itamar.<\/p>\n<div id=\"attachment_4743\" style=\"width: 621px\" class=\"wp-caption aligncenter\"><a href=\"http:\/\/otimoneiro.com.br\/wp-content\/uploads\/2016\/08\/DSC0517.jpg\"><img decoding=\"async\" aria-describedby=\"caption-attachment-4743\" class=\" wp-image-4743\" src=\"http:\/\/otimoneiro.com.br\/wp-content\/uploads\/2016\/08\/DSC0517-1024x683.jpg\" alt=\"Copos personalizados de vidro saem por R$ 12,00 na feira. Foto: Bruno Lara\/OT.\" width=\"611\" height=\"407\" \/><\/a><p id=\"caption-attachment-4743\" class=\"wp-caption-text\">Copos personalizados de vidro saem por R$ 12,00 na feira. Foto: Bruno Lara\/OT.<\/p><\/div>\n","protected":false},"excerpt":{"rendered":"<p>O Sindicato do Com\u00e9rcio Varejista de Canoas (Sindilojas) tem previs\u00e3o otimista para o setor neste ano. Embora pesquisas da pr\u00f3pria Federa\u00e7\u00e3o do Com\u00e9rcio de Bens e de Servi\u00e7os do Estado do Rio Grande do Sul (Fecom\u00e9rcio-RS), a qual \u00e9 filiado, apostem em um cen\u00e1rio retra\u00eddo, a organiza\u00e7\u00e3o acredita que, em compara\u00e7\u00e3o com 2015, as vendas [&hellip;]<\/p>\n","protected":false},"author":1,"featured_media":4742,"comment_status":"open","ping_status":"open","sticky":false,"template":"","format":"standard","meta":{"amp_status":"","footnotes":""},"categories":[25,76,19,22],"tags":[],"class_list":["post-4741","post","type-post","status-publish","format-standard","has-post-thumbnail","hentry","category-comunidade","category-cultura","category-destaques","category-noticias"],"yoast_head":"<!-- This site is optimized with the Yoast SEO plugin v20.5 - https:\/\/yoast.com\/wordpress\/plugins\/seo\/ -->\n<title>Esperan\u00e7a de melhora nas vendas vem de presentes mais baratos - O Timoneiro Jornal Canoas RS<\/title>\n<meta name=\"robots\" content=\"index, follow, max-snippet:-1, max-image-preview:large, max-video-preview:-1\" \/>\n<link rel=\"canonical\" href=\"https:\/\/jornaltimoneiro.com.br\/index.php\/2016\/08\/12\/esperanca-de-melhora-nas-vendas-vem-de-presentes-mais-baratos\/\" \/>\n<meta property=\"og:locale\" content=\"pt_BR\" \/>\n<meta property=\"og:type\" content=\"article\" \/>\n<meta property=\"og:title\" content=\"Esperan\u00e7a de melhora nas vendas vem de presentes mais baratos - O Timoneiro Jornal Canoas RS\" \/>\n<meta property=\"og:description\" content=\"O Sindicato do Com\u00e9rcio Varejista de Canoas (Sindilojas) tem previs\u00e3o otimista para o setor neste ano. Embora pesquisas da pr\u00f3pria Federa\u00e7\u00e3o do Com\u00e9rcio de Bens e de Servi\u00e7os do Estado do Rio Grande do Sul (Fecom\u00e9rcio-RS), a qual \u00e9 filiado, apostem em um cen\u00e1rio retra\u00eddo, a organiza\u00e7\u00e3o acredita que, em compara\u00e7\u00e3o com 2015, as vendas [&hellip;]\" \/>\n<meta property=\"og:url\" content=\"https:\/\/jornaltimoneiro.com.br\/index.php\/2016\/08\/12\/esperanca-de-melhora-nas-vendas-vem-de-presentes-mais-baratos\/\" \/>\n<meta property=\"og:site_name\" content=\"O Timoneiro Jornal Canoas RS\" \/>\n<meta property=\"article:publisher\" content=\"https:\/\/www.facebook.com\/jornaltimoneiro\" \/>\n<meta property=\"article:published_time\" content=\"2016-08-12T12:28:40+00:00\" \/>\n<meta name=\"author\" content=\"Reda\u00e7\u00e3o\" \/>\n<meta name=\"twitter:card\" content=\"summary_large_image\" \/>\n<meta name=\"twitter:creator\" content=\"@_OTimoneiro\" \/>\n<meta name=\"twitter:site\" content=\"@_OTimoneiro\" \/>\n<meta name=\"twitter:label1\" content=\"Escrito por\" \/>\n\t<meta name=\"twitter:data1\" content=\"Reda\u00e7\u00e3o\" \/>\n\t<meta name=\"twitter:label2\" content=\"Est. tempo de leitura\" \/>\n\t<meta name=\"twitter:data2\" content=\"2 minutos\" \/>\n<script type=\"application\/ld+json\" class=\"yoast-schema-graph\">{\"@context\":\"https:\/\/schema.org\",\"@graph\":[{\"@type\":\"Article\",\"@id\":\"https:\/\/jornaltimoneiro.com.br\/index.php\/2016\/08\/12\/esperanca-de-melhora-nas-vendas-vem-de-presentes-mais-baratos\/#article\",\"isPartOf\":{\"@id\":\"https:\/\/jornaltimoneiro.com.br\/index.php\/2016\/08\/12\/esperanca-de-melhora-nas-vendas-vem-de-presentes-mais-baratos\/\"},\"author\":{\"name\":\"Reda\u00e7\u00e3o\",\"@id\":\"https:\/\/jornaltimoneiro.com.br\/#\/schema\/person\/620efd1d8244466117482be494360b08\"},\"headline\":\"Esperan\u00e7a de melhora nas vendas vem de presentes mais baratos\",\"datePublished\":\"2016-08-12T12:28:40+00:00\",\"dateModified\":\"2016-08-12T12:28:40+00:00\",\"mainEntityOfPage\":{\"@id\":\"https:\/\/jornaltimoneiro.com.br\/index.php\/2016\/08\/12\/esperanca-de-melhora-nas-vendas-vem-de-presentes-mais-baratos\/\"},\"wordCount\":326,\"commentCount\":0,\"publisher\":{\"@id\":\"https:\/\/jornaltimoneiro.com.br\/#organization\"},\"articleSection\":[\"Comunidade\",\"Cultura\",\"Destaques\",\"Not\u00edcias\"],\"inLanguage\":\"pt-BR\",\"potentialAction\":[{\"@type\":\"CommentAction\",\"name\":\"Comment\",\"target\":[\"https:\/\/jornaltimoneiro.com.br\/index.php\/2016\/08\/12\/esperanca-de-melhora-nas-vendas-vem-de-presentes-mais-baratos\/#respond\"]}]},{\"@type\":\"WebPage\",\"@id\":\"https:\/\/jornaltimoneiro.com.br\/index.php\/2016\/08\/12\/esperanca-de-melhora-nas-vendas-vem-de-presentes-mais-baratos\/\",\"url\":\"https:\/\/jornaltimoneiro.com.br\/index.php\/2016\/08\/12\/esperanca-de-melhora-nas-vendas-vem-de-presentes-mais-baratos\/\",\"name\":\"Esperan\u00e7a de melhora nas vendas vem de presentes mais baratos - O Timoneiro Jornal Canoas RS\",\"isPartOf\":{\"@id\":\"https:\/\/jornaltimoneiro.com.br\/#website\"},\"datePublished\":\"2016-08-12T12:28:40+00:00\",\"dateModified\":\"2016-08-12T12:28:40+00:00\",\"breadcrumb\":{\"@id\":\"https:\/\/jornaltimoneiro.com.br\/index.php\/2016\/08\/12\/esperanca-de-melhora-nas-vendas-vem-de-presentes-mais-baratos\/#breadcrumb\"},\"inLanguage\":\"pt-BR\",\"potentialAction\":[{\"@type\":\"ReadAction\",\"target\":[\"https:\/\/jornaltimoneiro.com.br\/index.php\/2016\/08\/12\/esperanca-de-melhora-nas-vendas-vem-de-presentes-mais-baratos\/\"]}]},{\"@type\":\"BreadcrumbList\",\"@id\":\"https:\/\/jornaltimoneiro.com.br\/index.php\/2016\/08\/12\/esperanca-de-melhora-nas-vendas-vem-de-presentes-mais-baratos\/#breadcrumb\",\"itemListElement\":[{\"@type\":\"ListItem\",\"position\":1,\"name\":\"In\u00edcio\",\"item\":\"https:\/\/jornaltimoneiro.com.br\/\"},{\"@type\":\"ListItem\",\"position\":2,\"name\":\"Esperan\u00e7a de melhora nas vendas vem de presentes mais baratos\"}]},{\"@type\":\"WebSite\",\"@id\":\"https:\/\/jornaltimoneiro.com.br\/#website\",\"url\":\"https:\/\/jornaltimoneiro.com.br\/\",\"name\":\"Jornal Timoneiro Canoas RS\",\"description\":\"Jornal O Timoneiro, o verdadeiro jornal de Canoas\",\"publisher\":{\"@id\":\"https:\/\/jornaltimoneiro.com.br\/#organization\"},\"potentialAction\":[{\"@type\":\"SearchAction\",\"target\":{\"@type\":\"EntryPoint\",\"urlTemplate\":\"https:\/\/jornaltimoneiro.com.br\/?s={search_term_string}\"},\"query-input\":\"required name=search_term_string\"}],\"inLanguage\":\"pt-BR\"},{\"@type\":\"Organization\",\"@id\":\"https:\/\/jornaltimoneiro.com.br\/#organization\",\"name\":\"Jornal Timoneiro Canoas RS\",\"url\":\"https:\/\/jornaltimoneiro.com.br\/\",\"logo\":{\"@type\":\"ImageObject\",\"inLanguage\":\"pt-BR\",\"@id\":\"https:\/\/jornaltimoneiro.com.br\/#\/schema\/logo\/image\/\",\"url\":\"https:\/\/jornaltimoneiro.com.br\/wp-content\/uploads\/2023\/03\/logonovo.png\",\"contentUrl\":\"https:\/\/jornaltimoneiro.com.br\/wp-content\/uploads\/2023\/03\/logonovo.png\",\"width\":\"469\",\"height\":\"171\",\"caption\":\"Jornal Timoneiro Canoas RS\"},\"image\":{\"@id\":\"https:\/\/jornaltimoneiro.com.br\/#\/schema\/logo\/image\/\"},\"sameAs\":[\"https:\/\/www.facebook.com\/jornaltimoneiro\",\"https:\/\/twitter.com\/_OTimoneiro\",\"https:\/\/www.instagram.com\/jornaltimoneirocanoas\/\",\"https:\/\/www.youtube.com\/@jornalotimoneiro7927\"]},{\"@type\":\"Person\",\"@id\":\"https:\/\/jornaltimoneiro.com.br\/#\/schema\/person\/620efd1d8244466117482be494360b08\",\"name\":\"Reda\u00e7\u00e3o\",\"image\":{\"@type\":\"ImageObject\",\"inLanguage\":\"pt-BR\",\"@id\":\"https:\/\/jornaltimoneiro.com.br\/#\/schema\/person\/image\/\",\"url\":\"https:\/\/secure.gravatar.com\/avatar\/2f04e1b304682a8d9db336c7acd77f08?s=96&d=mm&r=g\",\"contentUrl\":\"https:\/\/secure.gravatar.com\/avatar\/2f04e1b304682a8d9db336c7acd77f08?s=96&d=mm&r=g\",\"caption\":\"Reda\u00e7\u00e3o\"},\"url\":\"https:\/\/jornaltimoneiro.com.br\/index.php\/author\/timoneirocanoas\/\"}]}<\/script>\n<!-- \/ Yoast SEO plugin. -->","yoast_head_json":{"title":"Esperan\u00e7a de melhora nas vendas vem de presentes mais baratos - O Timoneiro Jornal Canoas RS","robots":{"index":"index","follow":"follow","max-snippet":"max-snippet:-1","max-image-preview":"max-image-preview:large","max-video-preview":"max-video-preview:-1"},"canonical":"https:\/\/jornaltimoneiro.com.br\/index.php\/2016\/08\/12\/esperanca-de-melhora-nas-vendas-vem-de-presentes-mais-baratos\/","og_locale":"pt_BR","og_type":"article","og_title":"Esperan\u00e7a de melhora nas vendas vem de presentes mais baratos - O Timoneiro Jornal Canoas RS","og_description":"O Sindicato do Com\u00e9rcio Varejista de Canoas (Sindilojas) tem previs\u00e3o otimista para o setor neste ano. Embora pesquisas da pr\u00f3pria Federa\u00e7\u00e3o do Com\u00e9rcio de Bens e de Servi\u00e7os do Estado do Rio Grande do Sul (Fecom\u00e9rcio-RS), a qual \u00e9 filiado, apostem em um cen\u00e1rio retra\u00eddo, a organiza\u00e7\u00e3o acredita que, em compara\u00e7\u00e3o com 2015, as vendas [&hellip;]","og_url":"https:\/\/jornaltimoneiro.com.br\/index.php\/2016\/08\/12\/esperanca-de-melhora-nas-vendas-vem-de-presentes-mais-baratos\/","og_site_name":"O Timoneiro Jornal Canoas RS","article_publisher":"https:\/\/www.facebook.com\/jornaltimoneiro","article_published_time":"2016-08-12T12:28:40+00:00","author":"Reda\u00e7\u00e3o","twitter_card":"summary_large_image","twitter_creator":"@_OTimoneiro","twitter_site":"@_OTimoneiro","twitter_misc":{"Escrito por":"Reda\u00e7\u00e3o","Est. tempo de leitura":"2 minutos"},"schema":{"@context":"https:\/\/schema.org","@graph":[{"@type":"Article","@id":"https:\/\/jornaltimoneiro.com.br\/index.php\/2016\/08\/12\/esperanca-de-melhora-nas-vendas-vem-de-presentes-mais-baratos\/#article","isPartOf":{"@id":"https:\/\/jornaltimoneiro.com.br\/index.php\/2016\/08\/12\/esperanca-de-melhora-nas-vendas-vem-de-presentes-mais-baratos\/"},"author":{"name":"Reda\u00e7\u00e3o","@id":"https:\/\/jornaltimoneiro.com.br\/#\/schema\/person\/620efd1d8244466117482be494360b08"},"headline":"Esperan\u00e7a de melhora nas vendas vem de presentes mais baratos","datePublished":"2016-08-12T12:28:40+00:00","dateModified":"2016-08-12T12:28:40+00:00","mainEntityOfPage":{"@id":"https:\/\/jornaltimoneiro.com.br\/index.php\/2016\/08\/12\/esperanca-de-melhora-nas-vendas-vem-de-presentes-mais-baratos\/"},"wordCount":326,"commentCount":0,"publisher":{"@id":"https:\/\/jornaltimoneiro.com.br\/#organization"},"articleSection":["Comunidade","Cultura","Destaques","Not\u00edcias"],"inLanguage":"pt-BR","potentialAction":[{"@type":"CommentAction","name":"Comment","target":["https:\/\/jornaltimoneiro.com.br\/index.php\/2016\/08\/12\/esperanca-de-melhora-nas-vendas-vem-de-presentes-mais-baratos\/#respond"]}]},{"@type":"WebPage","@id":"https:\/\/jornaltimoneiro.com.br\/index.php\/2016\/08\/12\/esperanca-de-melhora-nas-vendas-vem-de-presentes-mais-baratos\/","url":"https:\/\/jornaltimoneiro.com.br\/index.php\/2016\/08\/12\/esperanca-de-melhora-nas-vendas-vem-de-presentes-mais-baratos\/","name":"Esperan\u00e7a de melhora nas vendas vem de presentes mais baratos - O Timoneiro Jornal Canoas RS","isPartOf":{"@id":"https:\/\/jornaltimoneiro.com.br\/#website"},"datePublished":"2016-08-12T12:28:40+00:00","dateModified":"2016-08-12T12:28:40+00:00","breadcrumb":{"@id":"https:\/\/jornaltimoneiro.com.br\/index.php\/2016\/08\/12\/esperanca-de-melhora-nas-vendas-vem-de-presentes-mais-baratos\/#breadcrumb"},"inLanguage":"pt-BR","potentialAction":[{"@type":"ReadAction","target":["https:\/\/jornaltimoneiro.com.br\/index.php\/2016\/08\/12\/esperanca-de-melhora-nas-vendas-vem-de-presentes-mais-baratos\/"]}]},{"@type":"BreadcrumbList","@id":"https:\/\/jornaltimoneiro.com.br\/index.php\/2016\/08\/12\/esperanca-de-melhora-nas-vendas-vem-de-presentes-mais-baratos\/#breadcrumb","itemListElement":[{"@type":"ListItem","position":1,"name":"In\u00edcio","item":"https:\/\/jornaltimoneiro.com.br\/"},{"@type":"ListItem","position":2,"name":"Esperan\u00e7a de melhora nas vendas vem de presentes mais baratos"}]},{"@type":"WebSite","@id":"https:\/\/jornaltimoneiro.com.br\/#website","url":"https:\/\/jornaltimoneiro.com.br\/","name":"Jornal Timoneiro Canoas RS","description":"Jornal O Timoneiro, o verdadeiro jornal de Canoas","publisher":{"@id":"https:\/\/jornaltimoneiro.com.br\/#organization"},"potentialAction":[{"@type":"SearchAction","target":{"@type":"EntryPoint","urlTemplate":"https:\/\/jornaltimoneiro.com.br\/?s={search_term_string}"},"query-input":"required name=search_term_string"}],"inLanguage":"pt-BR"},{"@type":"Organization","@id":"https:\/\/jornaltimoneiro.com.br\/#organization","name":"Jornal Timoneiro Canoas RS","url":"https:\/\/jornaltimoneiro.com.br\/","logo":{"@type":"ImageObject","inLanguage":"pt-BR","@id":"https:\/\/jornaltimoneiro.com.br\/#\/schema\/logo\/image\/","url":"https:\/\/jornaltimoneiro.com.br\/wp-content\/uploads\/2023\/03\/logonovo.png","contentUrl":"https:\/\/jornaltimoneiro.com.br\/wp-content\/uploads\/2023\/03\/logonovo.png","width":"469","height":"171","caption":"Jornal Timoneiro Canoas RS"},"image":{"@id":"https:\/\/jornaltimoneiro.com.br\/#\/schema\/logo\/image\/"},"sameAs":["https:\/\/www.facebook.com\/jornaltimoneiro","https:\/\/twitter.com\/_OTimoneiro","https:\/\/www.instagram.com\/jornaltimoneirocanoas\/","https:\/\/www.youtube.com\/@jornalotimoneiro7927"]},{"@type":"Person","@id":"https:\/\/jornaltimoneiro.com.br\/#\/schema\/person\/620efd1d8244466117482be494360b08","name":"Reda\u00e7\u00e3o","image":{"@type":"ImageObject","inLanguage":"pt-BR","@id":"https:\/\/jornaltimoneiro.com.br\/#\/schema\/person\/image\/","url":"https:\/\/secure.gravatar.com\/avatar\/2f04e1b304682a8d9db336c7acd77f08?s=96&d=mm&r=g","contentUrl":"https:\/\/secure.gravatar.com\/avatar\/2f04e1b304682a8d9db336c7acd77f08?s=96&d=mm&r=g","caption":"Reda\u00e7\u00e3o"},"url":"https:\/\/jornaltimoneiro.com.br\/index.php\/author\/timoneirocanoas\/"}]}},"_links":{"self":[{"href":"https:\/\/jornaltimoneiro.com.br\/index.php\/wp-json\/wp\/v2\/posts\/4741"}],"collection":[{"href":"https:\/\/jornaltimoneiro.com.br\/index.php\/wp-json\/wp\/v2\/posts"}],"about":[{"href":"https:\/\/jornaltimoneiro.com.br\/index.php\/wp-json\/wp\/v2\/types\/post"}],"author":[{"embeddable":true,"href":"https:\/\/jornaltimoneiro.com.br\/index.php\/wp-json\/wp\/v2\/users\/1"}],"replies":[{"embeddable":true,"href":"https:\/\/jornaltimoneiro.com.br\/index.php\/wp-json\/wp\/v2\/comments?post=4741"}],"version-history":[{"count":0,"href":"https:\/\/jornaltimoneiro.com.br\/index.php\/wp-json\/wp\/v2\/posts\/4741\/revisions"}],"wp:featuredmedia":[{"embeddable":true,"href":"https:\/\/jornaltimoneiro.com.br\/index.php\/wp-json\/"}],"wp:attachment":[{"href":"https:\/\/jornaltimoneiro.com.br\/index.php\/wp-json\/wp\/v2\/media?parent=4741"}],"wp:term":[{"taxonomy":"category","embeddable":true,"href":"https:\/\/jornaltimoneiro.com.br\/index.php\/wp-json\/wp\/v2\/categories?post=4741"},{"taxonomy":"post_tag","embeddable":true,"href":"https:\/\/jornaltimoneiro.com.br\/index.php\/wp-json\/wp\/v2\/tags?post=4741"}],"curies":[{"name":"wp","href":"https:\/\/api.w.org\/{rel}","templated":true}]}}