{"id":4647,"date":"2016-07-29T11:13:11","date_gmt":"2016-07-29T14:13:11","guid":{"rendered":"http:\/\/otimoneiro.com.br\/?p=4647"},"modified":"2016-07-29T11:13:11","modified_gmt":"2016-07-29T14:13:11","slug":"ot-50-anos-ha-cinco-decadas-acompanhando-os-problemas-das-vilas","status":"publish","type":"post","link":"https:\/\/jornaltimoneiro.com.br\/index.php\/2016\/07\/29\/ot-50-anos-ha-cinco-decadas-acompanhando-os-problemas-das-vilas\/","title":{"rendered":"OT 50 anos &#8211; H\u00e1 cinco d\u00e9cadas acompanhando os problemas das vilas"},"content":{"rendered":"<div id=\"attachment_3561\" style=\"width: 621px\" class=\"wp-caption aligncenter\"><a href=\"http:\/\/otimoneiro.com.br\/wp-content\/uploads\/2016\/04\/DSC0458.jpg\"><img decoding=\"async\" aria-describedby=\"caption-attachment-3561\" class=\" wp-image-3561\" src=\"http:\/\/otimoneiro.com.br\/wp-content\/uploads\/2016\/04\/DSC0458-1024x683.jpg\" alt=\"Vila de Passagem est\u00e1 mais esquecida ainda. Foto: Bruno Lara\/OT\" width=\"611\" height=\"407\" \/><\/a><p id=\"caption-attachment-3561\" class=\"wp-caption-text\">Vila de Passagem est\u00e1 mais esquecida ainda. Foto: Bruno Lara\/OT<\/p><\/div>\n<p>&nbsp;<\/p>\n<p>Por <em><strong>\u00c9merson Vasconcelos<\/strong><\/em><\/p>\n<p>Atualmente, cerca de 70 mil pessoas ainda est\u00e3o irregulares em Canoas, segundo dados do Instituto Trata Brasil. O Timoneiro sempre acompanhou o problema de perto e nos \u00faltimos anos vem cobrando sistem\u00e1tica do poder p\u00fablico o cumprimento de suas promessas aos moradores das dezenas de vilas que ainda existem na cidade. No entanto, apesar de alguns movimentos positivos, quando foi do interesse da gest\u00e3o municipal, os avan\u00e7os foram poucos nestes \u00faltimos 50 anos.<\/p>\n<h4>D\u00e9cadas de promessas<\/h4>\n<p>Um caso que ilustra muito bem esta longevidade do problema, \u00e9 a situa\u00e7\u00e3o da Vila Ara\u00e7\u00e1, localizada entre o Centro e o Mato Grande. Chegamos ao segundo semestre de 2016 e n\u00e3o h\u00e1 sequer uma data prometida para que os moradores sejam transferidos para outro local ou mesmo para que a vila possa ser regularizada. S\u00f3 que basta olhar o arquivo hist\u00f3rico de O Timoneiro para ver que estas pessoas ouvem promessas e t\u00eam prazos prometidos, assim como descumpridos, h\u00e1 pelo menos 30 anos. A m\u00e1xima de que canos enterrados n\u00e3o trazem votos \u00e9 dolorosa de se admitir, mas como n\u00e3o evoc\u00e1-la quando a cidade tem tantas pessoas vivendo no meio do esgoto a c\u00e9u aberto e se empenha mais em captar milion\u00e1rias verbas federais para a constru\u00e7\u00e3o de um aerom\u00f3vel?<\/p>\n<p>E a Vila Ara\u00e7\u00e1 \u00e9 s\u00f3 um exemplo. V\u00e1rios locais do bairro Guajuviras, por exemplo, continuam abandonados \u00e0 pr\u00f3pria sorte. N\u00e3o \u00e9 raro encontrar \u00e1reas em que existem canos enterrados em gest\u00f5es passadas da Prefeitura, mas que n\u00e3o se ligam uns aos outros, e serviram apenas para que algum candidato a vereador ganhasse votos. Registros f\u00edsicos de promessas que n\u00e3o se concretizaram e provas de que o saneamento b\u00e1sico nunca foi uma real prioridade dos governos canoenses.<\/p>\n<h4>Falsas esperan\u00e7as<\/h4>\n<p>Embora n\u00e3o se trate apenas do esgoto a c\u00e9u aberto, mas de uma total falta estrutura b\u00e1sica, que passa por sa\u00fade, seguran\u00e7a e educa\u00e7\u00e3o, o saneamento \u00e9 o ponto que mais castiga os moradores das chamadas vilas e at\u00e9 mesmo de \u00e1reas n\u00e3o consideradas de risco. Durante mais de quinze anos O Timoneiro noticiou prazos divulgados pelas prefeituras para a canaliza\u00e7\u00e3o completa das valas da cidade. Atualmente focamos em noticiar os problemas que estas valas ainda abertas causam \u00e0 popula\u00e7\u00e3o. As datas prometidas pela Prefeitura s\u00e3o divulgadas nestas reportagens, mas sempre tratadas com desconfian\u00e7a, dado o hist\u00f3rico de descumprimentos por parte do poder p\u00fablico. Tratar promessa como verdade, levando em considera\u00e7\u00e3o este retrospecto, seria gerar falsas expectativas nos leitores, especialmente naqueles que vivem o problema.<\/p>\n<h4>Quando o governo precisa<\/h4>\n<p>A transfer\u00eancia de fam\u00edlias das vilas para moradias definitivas s\u00f3 foi feita, durante este 50 anos que OT pode acompanhar, em momentos nos quais era importante, para o interesse do governo, fosse ele municipal ou federal, que isso ocorresse. Com a recente necessidade de constru\u00e7\u00e3o da BR-448, foi necess\u00e1rio tirar fam\u00edlias do caminho, para que a estrada fosse aberta. A evacua\u00e7\u00e3o precisava ser feita em car\u00e1ter urgente e as fam\u00edlias das Vilas Dique foram levadas para um local chamado Vila de Passagem. No momento em que sa\u00edram do caminho, deixaram de ser prioridade. Algumas levaram mais de tr\u00eas anos para serem levadas a moradias definitivas e outras ainda est\u00e3o na Vila de Passagem, que j\u00e1 se deteriorou tanto que pouco difere das casas que estas fam\u00edlias ocupavam sobre os diques.<\/p>\n<h4>Luta que segue<\/h4>\n<p>Na semana anterior \u00e0 publica\u00e7\u00e3o deste especial de 50 anos, a Prefeitura confirmou que 140 fam\u00edlias ainda aguardam por casas definitivas na Vila de Passagem. Considerando que esta vila n\u00e3o entra nos dados do Insituto Trata Brasil, j\u00e1 que a \u00e1rea n\u00e3o \u00e9 considerada de risco, podemos afirmar, com certeza, que apesar da luta constante de OT, durante 50 anos, pelo respeito \u00e0s fam\u00edlias que vivem em condi\u00e7\u00f5es indignas na cidade, o n\u00famero de pessoas sem uma moradia digna supera 70 mil. Nosso compromisso \u00e9 seguir fiscalizando o poder p\u00fablico e cobrando solu\u00e7\u00f5es enquanto fam\u00edlias continuarem sem receber aten\u00e7\u00e3o b\u00e1sica dos governos. Estamos preparados para resistir nesta luta por mais 50 anos se for necess\u00e1rio, mas nos comprometemos a trabalhar com for\u00e7a para que o problema se resolva muito antes disso.<\/p>\n<p>&nbsp;<\/p>\n<p>LEIA MAIS<\/p>\n<h3 class=\"h2 lista-noticias\"><a title=\"OT 50 anos \u2013 \u201cA \u00e9tica \u00e9 a medida  exata do uso da raz\u00e3o a servi\u00e7o de uma causa justa e digna\u201d\" href=\"http:\/\/otimoneiro.com.br\/ot-50-anos-a-etica-e-a-medida-exata-do-uso-da-razao-a-servico-de-uma-causa-justa-e-digna\/\" rel=\"bookmark\">OT 50 anos \u2013 \u201cA \u00e9tica \u00e9 a medida exata do uso da raz\u00e3o a servi\u00e7o de uma causa justa e digna\u201d<\/a><\/h3>\n<h3 class=\"h2 lista-noticias\"><a title=\"OT 50 anos \u2013 MUITO OBRIGADO\" href=\"http:\/\/otimoneiro.com.br\/ot-50-anos-muito-obrigado\/\" rel=\"bookmark\">OT 50 anos \u2013 MUITO OBRIGADO<\/a><\/h3>\n<h3 class=\"h2 lista-noticias\"><a title=\"OT 50 anos \u2013 um jornal feito por muitas m\u00e3os\" href=\"http:\/\/otimoneiro.com.br\/ot-50-anos-um-jornal-feito-por-muitas-maos-2\/\" rel=\"bookmark\">OT 50 anos \u2013 um jornal feito por muitas m\u00e3os<\/a><\/h3>\n<h3 class=\"h2 lista-noticias\"><a title=\"OT 50 anos \u2013 de engajamento em causas ambientais\" href=\"http:\/\/otimoneiro.com.br\/ot-50-anos\/\" rel=\"bookmark\">OT 50 anos \u2013 de engajamento em causas ambientais<\/a><\/h3>\n<header class=\"article-header\">\n<h3 class=\"h2 lista-noticias\"><a title=\"OT 50 anos \u2013 de milit\u00e2ncia por melhorias na sa\u00fade\" href=\"http:\/\/otimoneiro.com.br\/ot-50-anos-de-militancia-por-melhorias-na-saude\/\" rel=\"bookmark\">OT 50 anos \u2013 de milit\u00e2ncia por melhorias na sa\u00fade<\/a><\/h3>\n<\/header>\n<header class=\"article-header\">\n<h3 class=\"h2 lista-noticias\"><a title=\"Clubes se reinventam para manter portas abertas\" href=\"http:\/\/otimoneiro.com.br\/clubes-se-reinventam-para-manter-portas-abertas\/\" rel=\"bookmark\">Clubes se reinventam para manter portas abertas<\/a><\/h3>\n<\/header>\n<p>&nbsp;<\/p>\n","protected":false},"excerpt":{"rendered":"<p>&nbsp; Por \u00c9merson Vasconcelos Atualmente, cerca de 70 mil pessoas ainda est\u00e3o irregulares em Canoas, segundo dados do Instituto Trata Brasil. O Timoneiro sempre acompanhou o problema de perto e nos \u00faltimos anos vem cobrando sistem\u00e1tica do poder p\u00fablico o cumprimento de suas promessas aos moradores das dezenas de vilas que ainda existem na cidade. [&hellip;]<\/p>\n","protected":false},"author":1,"featured_media":3561,"comment_status":"open","ping_status":"open","sticky":false,"template":"","format":"standard","meta":{"amp_status":"","footnotes":""},"categories":[25,19,28,29,22],"tags":[],"class_list":["post-4647","post","type-post","status-publish","format-standard","has-post-thumbnail","hentry","category-comunidade","category-destaques","category-especiais","category-meio-ambiente","category-noticias"],"yoast_head":"<!-- This site is optimized with the Yoast SEO plugin v20.5 - https:\/\/yoast.com\/wordpress\/plugins\/seo\/ -->\n<title>OT 50 anos - H\u00e1 cinco d\u00e9cadas acompanhando os problemas das vilas - O Timoneiro Jornal Canoas RS<\/title>\n<meta name=\"robots\" content=\"index, follow, max-snippet:-1, max-image-preview:large, max-video-preview:-1\" \/>\n<link rel=\"canonical\" href=\"https:\/\/jornaltimoneiro.com.br\/index.php\/2016\/07\/29\/ot-50-anos-ha-cinco-decadas-acompanhando-os-problemas-das-vilas\/\" \/>\n<meta property=\"og:locale\" content=\"pt_BR\" \/>\n<meta property=\"og:type\" content=\"article\" \/>\n<meta property=\"og:title\" content=\"OT 50 anos - H\u00e1 cinco d\u00e9cadas acompanhando os problemas das vilas - O Timoneiro Jornal Canoas RS\" \/>\n<meta property=\"og:description\" content=\"&nbsp; Por \u00c9merson Vasconcelos Atualmente, cerca de 70 mil pessoas ainda est\u00e3o irregulares em Canoas, segundo dados do Instituto Trata Brasil. O Timoneiro sempre acompanhou o problema de perto e nos \u00faltimos anos vem cobrando sistem\u00e1tica do poder p\u00fablico o cumprimento de suas promessas aos moradores das dezenas de vilas que ainda existem na cidade. [&hellip;]\" \/>\n<meta property=\"og:url\" content=\"https:\/\/jornaltimoneiro.com.br\/index.php\/2016\/07\/29\/ot-50-anos-ha-cinco-decadas-acompanhando-os-problemas-das-vilas\/\" \/>\n<meta property=\"og:site_name\" content=\"O Timoneiro Jornal Canoas RS\" \/>\n<meta property=\"article:publisher\" content=\"https:\/\/www.facebook.com\/jornaltimoneiro\" \/>\n<meta property=\"article:published_time\" content=\"2016-07-29T14:13:11+00:00\" \/>\n<meta name=\"author\" content=\"Reda\u00e7\u00e3o\" \/>\n<meta name=\"twitter:card\" content=\"summary_large_image\" \/>\n<meta name=\"twitter:creator\" content=\"@_OTimoneiro\" \/>\n<meta name=\"twitter:site\" content=\"@_OTimoneiro\" \/>\n<meta name=\"twitter:label1\" content=\"Escrito por\" \/>\n\t<meta name=\"twitter:data1\" content=\"Reda\u00e7\u00e3o\" \/>\n\t<meta name=\"twitter:label2\" content=\"Est. tempo de leitura\" \/>\n\t<meta name=\"twitter:data2\" content=\"4 minutos\" \/>\n<script type=\"application\/ld+json\" class=\"yoast-schema-graph\">{\"@context\":\"https:\/\/schema.org\",\"@graph\":[{\"@type\":\"Article\",\"@id\":\"https:\/\/jornaltimoneiro.com.br\/index.php\/2016\/07\/29\/ot-50-anos-ha-cinco-decadas-acompanhando-os-problemas-das-vilas\/#article\",\"isPartOf\":{\"@id\":\"https:\/\/jornaltimoneiro.com.br\/index.php\/2016\/07\/29\/ot-50-anos-ha-cinco-decadas-acompanhando-os-problemas-das-vilas\/\"},\"author\":{\"name\":\"Reda\u00e7\u00e3o\",\"@id\":\"https:\/\/jornaltimoneiro.com.br\/#\/schema\/person\/620efd1d8244466117482be494360b08\"},\"headline\":\"OT 50 anos &#8211; H\u00e1 cinco d\u00e9cadas acompanhando os problemas das vilas\",\"datePublished\":\"2016-07-29T14:13:11+00:00\",\"dateModified\":\"2016-07-29T14:13:11+00:00\",\"mainEntityOfPage\":{\"@id\":\"https:\/\/jornaltimoneiro.com.br\/index.php\/2016\/07\/29\/ot-50-anos-ha-cinco-decadas-acompanhando-os-problemas-das-vilas\/\"},\"wordCount\":822,\"commentCount\":0,\"publisher\":{\"@id\":\"https:\/\/jornaltimoneiro.com.br\/#organization\"},\"articleSection\":[\"Comunidade\",\"Destaques\",\"Especiais\",\"Meio Ambiente\",\"Not\u00edcias\"],\"inLanguage\":\"pt-BR\",\"potentialAction\":[{\"@type\":\"CommentAction\",\"name\":\"Comment\",\"target\":[\"https:\/\/jornaltimoneiro.com.br\/index.php\/2016\/07\/29\/ot-50-anos-ha-cinco-decadas-acompanhando-os-problemas-das-vilas\/#respond\"]}]},{\"@type\":\"WebPage\",\"@id\":\"https:\/\/jornaltimoneiro.com.br\/index.php\/2016\/07\/29\/ot-50-anos-ha-cinco-decadas-acompanhando-os-problemas-das-vilas\/\",\"url\":\"https:\/\/jornaltimoneiro.com.br\/index.php\/2016\/07\/29\/ot-50-anos-ha-cinco-decadas-acompanhando-os-problemas-das-vilas\/\",\"name\":\"OT 50 anos - H\u00e1 cinco d\u00e9cadas acompanhando os problemas das vilas - O Timoneiro Jornal Canoas RS\",\"isPartOf\":{\"@id\":\"https:\/\/jornaltimoneiro.com.br\/#website\"},\"datePublished\":\"2016-07-29T14:13:11+00:00\",\"dateModified\":\"2016-07-29T14:13:11+00:00\",\"breadcrumb\":{\"@id\":\"https:\/\/jornaltimoneiro.com.br\/index.php\/2016\/07\/29\/ot-50-anos-ha-cinco-decadas-acompanhando-os-problemas-das-vilas\/#breadcrumb\"},\"inLanguage\":\"pt-BR\",\"potentialAction\":[{\"@type\":\"ReadAction\",\"target\":[\"https:\/\/jornaltimoneiro.com.br\/index.php\/2016\/07\/29\/ot-50-anos-ha-cinco-decadas-acompanhando-os-problemas-das-vilas\/\"]}]},{\"@type\":\"BreadcrumbList\",\"@id\":\"https:\/\/jornaltimoneiro.com.br\/index.php\/2016\/07\/29\/ot-50-anos-ha-cinco-decadas-acompanhando-os-problemas-das-vilas\/#breadcrumb\",\"itemListElement\":[{\"@type\":\"ListItem\",\"position\":1,\"name\":\"In\u00edcio\",\"item\":\"https:\/\/jornaltimoneiro.com.br\/\"},{\"@type\":\"ListItem\",\"position\":2,\"name\":\"OT 50 anos &#8211; H\u00e1 cinco d\u00e9cadas acompanhando os problemas das vilas\"}]},{\"@type\":\"WebSite\",\"@id\":\"https:\/\/jornaltimoneiro.com.br\/#website\",\"url\":\"https:\/\/jornaltimoneiro.com.br\/\",\"name\":\"Jornal Timoneiro Canoas RS\",\"description\":\"Jornal O Timoneiro, o verdadeiro jornal de Canoas\",\"publisher\":{\"@id\":\"https:\/\/jornaltimoneiro.com.br\/#organization\"},\"potentialAction\":[{\"@type\":\"SearchAction\",\"target\":{\"@type\":\"EntryPoint\",\"urlTemplate\":\"https:\/\/jornaltimoneiro.com.br\/?s={search_term_string}\"},\"query-input\":\"required name=search_term_string\"}],\"inLanguage\":\"pt-BR\"},{\"@type\":\"Organization\",\"@id\":\"https:\/\/jornaltimoneiro.com.br\/#organization\",\"name\":\"Jornal Timoneiro Canoas RS\",\"url\":\"https:\/\/jornaltimoneiro.com.br\/\",\"logo\":{\"@type\":\"ImageObject\",\"inLanguage\":\"pt-BR\",\"@id\":\"https:\/\/jornaltimoneiro.com.br\/#\/schema\/logo\/image\/\",\"url\":\"https:\/\/jornaltimoneiro.com.br\/wp-content\/uploads\/2023\/03\/logonovo.png\",\"contentUrl\":\"https:\/\/jornaltimoneiro.com.br\/wp-content\/uploads\/2023\/03\/logonovo.png\",\"width\":\"469\",\"height\":\"171\",\"caption\":\"Jornal Timoneiro Canoas RS\"},\"image\":{\"@id\":\"https:\/\/jornaltimoneiro.com.br\/#\/schema\/logo\/image\/\"},\"sameAs\":[\"https:\/\/www.facebook.com\/jornaltimoneiro\",\"https:\/\/twitter.com\/_OTimoneiro\",\"https:\/\/www.instagram.com\/jornaltimoneirocanoas\/\",\"https:\/\/www.youtube.com\/@jornalotimoneiro7927\"]},{\"@type\":\"Person\",\"@id\":\"https:\/\/jornaltimoneiro.com.br\/#\/schema\/person\/620efd1d8244466117482be494360b08\",\"name\":\"Reda\u00e7\u00e3o\",\"image\":{\"@type\":\"ImageObject\",\"inLanguage\":\"pt-BR\",\"@id\":\"https:\/\/jornaltimoneiro.com.br\/#\/schema\/person\/image\/\",\"url\":\"https:\/\/secure.gravatar.com\/avatar\/2f04e1b304682a8d9db336c7acd77f08?s=96&d=mm&r=g\",\"contentUrl\":\"https:\/\/secure.gravatar.com\/avatar\/2f04e1b304682a8d9db336c7acd77f08?s=96&d=mm&r=g\",\"caption\":\"Reda\u00e7\u00e3o\"},\"url\":\"https:\/\/jornaltimoneiro.com.br\/index.php\/author\/timoneirocanoas\/\"}]}<\/script>\n<!-- \/ Yoast SEO plugin. -->","yoast_head_json":{"title":"OT 50 anos - H\u00e1 cinco d\u00e9cadas acompanhando os problemas das vilas - O Timoneiro Jornal Canoas RS","robots":{"index":"index","follow":"follow","max-snippet":"max-snippet:-1","max-image-preview":"max-image-preview:large","max-video-preview":"max-video-preview:-1"},"canonical":"https:\/\/jornaltimoneiro.com.br\/index.php\/2016\/07\/29\/ot-50-anos-ha-cinco-decadas-acompanhando-os-problemas-das-vilas\/","og_locale":"pt_BR","og_type":"article","og_title":"OT 50 anos - H\u00e1 cinco d\u00e9cadas acompanhando os problemas das vilas - O Timoneiro Jornal Canoas RS","og_description":"&nbsp; Por \u00c9merson Vasconcelos Atualmente, cerca de 70 mil pessoas ainda est\u00e3o irregulares em Canoas, segundo dados do Instituto Trata Brasil. O Timoneiro sempre acompanhou o problema de perto e nos \u00faltimos anos vem cobrando sistem\u00e1tica do poder p\u00fablico o cumprimento de suas promessas aos moradores das dezenas de vilas que ainda existem na cidade. [&hellip;]","og_url":"https:\/\/jornaltimoneiro.com.br\/index.php\/2016\/07\/29\/ot-50-anos-ha-cinco-decadas-acompanhando-os-problemas-das-vilas\/","og_site_name":"O Timoneiro Jornal Canoas RS","article_publisher":"https:\/\/www.facebook.com\/jornaltimoneiro","article_published_time":"2016-07-29T14:13:11+00:00","author":"Reda\u00e7\u00e3o","twitter_card":"summary_large_image","twitter_creator":"@_OTimoneiro","twitter_site":"@_OTimoneiro","twitter_misc":{"Escrito por":"Reda\u00e7\u00e3o","Est. tempo de leitura":"4 minutos"},"schema":{"@context":"https:\/\/schema.org","@graph":[{"@type":"Article","@id":"https:\/\/jornaltimoneiro.com.br\/index.php\/2016\/07\/29\/ot-50-anos-ha-cinco-decadas-acompanhando-os-problemas-das-vilas\/#article","isPartOf":{"@id":"https:\/\/jornaltimoneiro.com.br\/index.php\/2016\/07\/29\/ot-50-anos-ha-cinco-decadas-acompanhando-os-problemas-das-vilas\/"},"author":{"name":"Reda\u00e7\u00e3o","@id":"https:\/\/jornaltimoneiro.com.br\/#\/schema\/person\/620efd1d8244466117482be494360b08"},"headline":"OT 50 anos &#8211; H\u00e1 cinco d\u00e9cadas acompanhando os problemas das vilas","datePublished":"2016-07-29T14:13:11+00:00","dateModified":"2016-07-29T14:13:11+00:00","mainEntityOfPage":{"@id":"https:\/\/jornaltimoneiro.com.br\/index.php\/2016\/07\/29\/ot-50-anos-ha-cinco-decadas-acompanhando-os-problemas-das-vilas\/"},"wordCount":822,"commentCount":0,"publisher":{"@id":"https:\/\/jornaltimoneiro.com.br\/#organization"},"articleSection":["Comunidade","Destaques","Especiais","Meio Ambiente","Not\u00edcias"],"inLanguage":"pt-BR","potentialAction":[{"@type":"CommentAction","name":"Comment","target":["https:\/\/jornaltimoneiro.com.br\/index.php\/2016\/07\/29\/ot-50-anos-ha-cinco-decadas-acompanhando-os-problemas-das-vilas\/#respond"]}]},{"@type":"WebPage","@id":"https:\/\/jornaltimoneiro.com.br\/index.php\/2016\/07\/29\/ot-50-anos-ha-cinco-decadas-acompanhando-os-problemas-das-vilas\/","url":"https:\/\/jornaltimoneiro.com.br\/index.php\/2016\/07\/29\/ot-50-anos-ha-cinco-decadas-acompanhando-os-problemas-das-vilas\/","name":"OT 50 anos - H\u00e1 cinco d\u00e9cadas acompanhando os problemas das vilas - O Timoneiro Jornal Canoas RS","isPartOf":{"@id":"https:\/\/jornaltimoneiro.com.br\/#website"},"datePublished":"2016-07-29T14:13:11+00:00","dateModified":"2016-07-29T14:13:11+00:00","breadcrumb":{"@id":"https:\/\/jornaltimoneiro.com.br\/index.php\/2016\/07\/29\/ot-50-anos-ha-cinco-decadas-acompanhando-os-problemas-das-vilas\/#breadcrumb"},"inLanguage":"pt-BR","potentialAction":[{"@type":"ReadAction","target":["https:\/\/jornaltimoneiro.com.br\/index.php\/2016\/07\/29\/ot-50-anos-ha-cinco-decadas-acompanhando-os-problemas-das-vilas\/"]}]},{"@type":"BreadcrumbList","@id":"https:\/\/jornaltimoneiro.com.br\/index.php\/2016\/07\/29\/ot-50-anos-ha-cinco-decadas-acompanhando-os-problemas-das-vilas\/#breadcrumb","itemListElement":[{"@type":"ListItem","position":1,"name":"In\u00edcio","item":"https:\/\/jornaltimoneiro.com.br\/"},{"@type":"ListItem","position":2,"name":"OT 50 anos &#8211; H\u00e1 cinco d\u00e9cadas acompanhando os problemas das vilas"}]},{"@type":"WebSite","@id":"https:\/\/jornaltimoneiro.com.br\/#website","url":"https:\/\/jornaltimoneiro.com.br\/","name":"Jornal Timoneiro Canoas RS","description":"Jornal O Timoneiro, o verdadeiro jornal de Canoas","publisher":{"@id":"https:\/\/jornaltimoneiro.com.br\/#organization"},"potentialAction":[{"@type":"SearchAction","target":{"@type":"EntryPoint","urlTemplate":"https:\/\/jornaltimoneiro.com.br\/?s={search_term_string}"},"query-input":"required name=search_term_string"}],"inLanguage":"pt-BR"},{"@type":"Organization","@id":"https:\/\/jornaltimoneiro.com.br\/#organization","name":"Jornal Timoneiro Canoas RS","url":"https:\/\/jornaltimoneiro.com.br\/","logo":{"@type":"ImageObject","inLanguage":"pt-BR","@id":"https:\/\/jornaltimoneiro.com.br\/#\/schema\/logo\/image\/","url":"https:\/\/jornaltimoneiro.com.br\/wp-content\/uploads\/2023\/03\/logonovo.png","contentUrl":"https:\/\/jornaltimoneiro.com.br\/wp-content\/uploads\/2023\/03\/logonovo.png","width":"469","height":"171","caption":"Jornal Timoneiro Canoas RS"},"image":{"@id":"https:\/\/jornaltimoneiro.com.br\/#\/schema\/logo\/image\/"},"sameAs":["https:\/\/www.facebook.com\/jornaltimoneiro","https:\/\/twitter.com\/_OTimoneiro","https:\/\/www.instagram.com\/jornaltimoneirocanoas\/","https:\/\/www.youtube.com\/@jornalotimoneiro7927"]},{"@type":"Person","@id":"https:\/\/jornaltimoneiro.com.br\/#\/schema\/person\/620efd1d8244466117482be494360b08","name":"Reda\u00e7\u00e3o","image":{"@type":"ImageObject","inLanguage":"pt-BR","@id":"https:\/\/jornaltimoneiro.com.br\/#\/schema\/person\/image\/","url":"https:\/\/secure.gravatar.com\/avatar\/2f04e1b304682a8d9db336c7acd77f08?s=96&d=mm&r=g","contentUrl":"https:\/\/secure.gravatar.com\/avatar\/2f04e1b304682a8d9db336c7acd77f08?s=96&d=mm&r=g","caption":"Reda\u00e7\u00e3o"},"url":"https:\/\/jornaltimoneiro.com.br\/index.php\/author\/timoneirocanoas\/"}]}},"_links":{"self":[{"href":"https:\/\/jornaltimoneiro.com.br\/index.php\/wp-json\/wp\/v2\/posts\/4647"}],"collection":[{"href":"https:\/\/jornaltimoneiro.com.br\/index.php\/wp-json\/wp\/v2\/posts"}],"about":[{"href":"https:\/\/jornaltimoneiro.com.br\/index.php\/wp-json\/wp\/v2\/types\/post"}],"author":[{"embeddable":true,"href":"https:\/\/jornaltimoneiro.com.br\/index.php\/wp-json\/wp\/v2\/users\/1"}],"replies":[{"embeddable":true,"href":"https:\/\/jornaltimoneiro.com.br\/index.php\/wp-json\/wp\/v2\/comments?post=4647"}],"version-history":[{"count":0,"href":"https:\/\/jornaltimoneiro.com.br\/index.php\/wp-json\/wp\/v2\/posts\/4647\/revisions"}],"wp:featuredmedia":[{"embeddable":true,"href":"https:\/\/jornaltimoneiro.com.br\/index.php\/wp-json\/"}],"wp:attachment":[{"href":"https:\/\/jornaltimoneiro.com.br\/index.php\/wp-json\/wp\/v2\/media?parent=4647"}],"wp:term":[{"taxonomy":"category","embeddable":true,"href":"https:\/\/jornaltimoneiro.com.br\/index.php\/wp-json\/wp\/v2\/categories?post=4647"},{"taxonomy":"post_tag","embeddable":true,"href":"https:\/\/jornaltimoneiro.com.br\/index.php\/wp-json\/wp\/v2\/tags?post=4647"}],"curies":[{"name":"wp","href":"https:\/\/api.w.org\/{rel}","templated":true}]}}