{"id":461,"date":"2015-06-26T09:36:51","date_gmt":"2015-06-26T12:36:51","guid":{"rendered":"http:\/\/otimoneiro.com.br\/?p=461"},"modified":"2015-06-26T09:36:51","modified_gmt":"2015-06-26T12:36:51","slug":"gestao-fiscal-de-canoas-entre-as-piores-do-rs-e-do-brasil","status":"publish","type":"post","link":"https:\/\/jornaltimoneiro.com.br\/index.php\/2015\/06\/26\/gestao-fiscal-de-canoas-entre-as-piores-do-rs-e-do-brasil\/","title":{"rendered":"Gest\u00e3o fiscal de Canoas entre as piores do RS e do Brasil"},"content":{"rendered":"<p style=\"text-align: justify;\">O levantamento da Federa\u00e7\u00e3o das Ind\u00fastrias do Rio de Janeiro (Firjan), publicado em 18 de junho deste ano, aponta em sua terceira edi\u00e7\u00e3o do \u00edndice de gest\u00e3o fiscal (IFGF) os munic\u00edpios ga\u00fachos como as gest\u00f5es mais bem-avaliadas do pa\u00eds. O levantamento apurou informa\u00e7\u00f5es de 5.243 cidades onde habitam 96,5% da popula\u00e7\u00e3o do Brasil, baseadas nas informa\u00e7\u00f5es repassadas por cada cidade \u00e0 secretaria do Tesouro Nacional em 2013.<br \/>\n<a href=\"http:\/\/otimoneiro.com.br\/wp-content\/uploads\/2015\/06\/DSC1111.jpg\"><img decoding=\"async\" class=\"  wp-image-471 alignright\" src=\"http:\/\/otimoneiro.com.br\/wp-content\/uploads\/2015\/06\/DSC1111-300x200.jpg\" alt=\"_DSC1111\" width=\"272\" height=\"181\" \/><\/a>Levando em conta cinco indicadores, separados em receita pr\u00f3pria, gasto com pessoal, investimentos, liquidez e custo de vida, 95 prefeituras do Estado ficaram entre as 500 melhores, 13 delas entre as 100 melhor do pa\u00eds. Gramado \u00e9 a primeira na lista regional e a terceira na nacional.<br \/>\nO Brasil arrecada aproximadamente R$ 400 bilh\u00f5es por ano em impostos. Os munic\u00edpios, por sua vez, s\u00e3o respons\u00e1veis por administrar cerca de 25% do que \u00e9 arrecadado. Quando se trata do total de investimento no setor p\u00fablico, o governo federal \u00e9 respons\u00e1vel por 14%, enquanto as cidades ficam com 34%.<br \/>\nO \u00edndice \u00e9 classificado por quatro letras de A a D. Segundo a classifica\u00e7\u00e3o, a letra A, \u00e9 quando a cidade soma de 0,8 a 1,0 no IFGF. Classifica-se como B, quando alcan\u00e7a a m\u00e9dia de 0,6 a 0,8. A letra C classifica a cidade que atinge de 0,4 a 0,6 na m\u00e9dia e D quando for de 0,0 a 0,4.<br \/>\nCanoas, no entanto, vai no contrafluxo das grandes cidades ga\u00fachas e ficou com a posi\u00e7\u00e3o de 360\u00ba no ranking estadual que abrange 497 cidades e 2.309 no nacional. Atingiu um IFGF igual a 0,4833, por pouco classificada como C. Nos requisitos, atingiu 0,5339 em Receita Pr\u00f3pria, 0,7877 em Gastos com Pessoal, 0,4931 em investimentos, 0,0000 em Liquidez e 0,7497 em Custo de Vida.<br \/>\nMesmo que o estado apresente desempenho superior \u00e0 m\u00e9dia nacional em todos os quesitos, em espec\u00edfico em liquidez e gasto com pessoal, onde supera 36,2% e 30,1%, respectivamente, o munic\u00edpio de Canoas zera sua liquidez e chega aos 0,7877 em Gasto com Pessoal.<\/p>\n<p style=\"text-align: justify;\">\n","protected":false},"excerpt":{"rendered":"<p>O levantamento da Federa\u00e7\u00e3o das Ind\u00fastrias do Rio de Janeiro (Firjan), publicado em 18 de junho deste ano, aponta em sua terceira edi\u00e7\u00e3o do \u00edndice de gest\u00e3o fiscal (IFGF) os munic\u00edpios ga\u00fachos como as gest\u00f5es mais bem-avaliadas do pa\u00eds. O levantamento apurou informa\u00e7\u00f5es de 5.243 cidades onde habitam 96,5% da popula\u00e7\u00e3o do Brasil, baseadas nas [&hellip;]<\/p>\n","protected":false},"author":1,"featured_media":0,"comment_status":"open","ping_status":"open","sticky":false,"template":"","format":"standard","meta":{"amp_status":"","footnotes":""},"categories":[19,20],"tags":[],"class_list":["post-461","post","type-post","status-publish","format-standard","hentry","category-destaques","category-politica-noticias"],"yoast_head":"<!-- This site is optimized with the Yoast SEO plugin v20.5 - https:\/\/yoast.com\/wordpress\/plugins\/seo\/ -->\n<title>Gest\u00e3o fiscal de Canoas entre as piores do RS e do Brasil - O Timoneiro Jornal Canoas RS<\/title>\n<meta name=\"robots\" content=\"index, follow, max-snippet:-1, max-image-preview:large, max-video-preview:-1\" \/>\n<link rel=\"canonical\" href=\"https:\/\/jornaltimoneiro.com.br\/index.php\/2015\/06\/26\/gestao-fiscal-de-canoas-entre-as-piores-do-rs-e-do-brasil\/\" \/>\n<meta property=\"og:locale\" content=\"pt_BR\" \/>\n<meta property=\"og:type\" content=\"article\" \/>\n<meta property=\"og:title\" content=\"Gest\u00e3o fiscal de Canoas entre as piores do RS e do Brasil - O Timoneiro Jornal Canoas RS\" \/>\n<meta property=\"og:description\" content=\"O levantamento da Federa\u00e7\u00e3o das Ind\u00fastrias do Rio de Janeiro (Firjan), publicado em 18 de junho deste ano, aponta em sua terceira edi\u00e7\u00e3o do \u00edndice de gest\u00e3o fiscal (IFGF) os munic\u00edpios ga\u00fachos como as gest\u00f5es mais bem-avaliadas do pa\u00eds. O levantamento apurou informa\u00e7\u00f5es de 5.243 cidades onde habitam 96,5% da popula\u00e7\u00e3o do Brasil, baseadas nas [&hellip;]\" \/>\n<meta property=\"og:url\" content=\"https:\/\/jornaltimoneiro.com.br\/index.php\/2015\/06\/26\/gestao-fiscal-de-canoas-entre-as-piores-do-rs-e-do-brasil\/\" \/>\n<meta property=\"og:site_name\" content=\"O Timoneiro Jornal Canoas RS\" \/>\n<meta property=\"article:publisher\" content=\"https:\/\/www.facebook.com\/jornaltimoneiro\" \/>\n<meta property=\"article:published_time\" content=\"2015-06-26T12:36:51+00:00\" \/>\n<meta property=\"og:image\" content=\"http:\/\/otimoneiro.com.br\/wp-content\/uploads\/2015\/06\/DSC1111-300x200.jpg\" \/>\n<meta name=\"author\" content=\"Reda\u00e7\u00e3o\" \/>\n<meta name=\"twitter:card\" content=\"summary_large_image\" \/>\n<meta name=\"twitter:creator\" content=\"@_OTimoneiro\" \/>\n<meta name=\"twitter:site\" content=\"@_OTimoneiro\" \/>\n<meta name=\"twitter:label1\" content=\"Escrito por\" \/>\n\t<meta name=\"twitter:data1\" content=\"Reda\u00e7\u00e3o\" \/>\n\t<meta name=\"twitter:label2\" content=\"Est. tempo de leitura\" \/>\n\t<meta name=\"twitter:data2\" content=\"2 minutos\" \/>\n<script type=\"application\/ld+json\" class=\"yoast-schema-graph\">{\"@context\":\"https:\/\/schema.org\",\"@graph\":[{\"@type\":\"Article\",\"@id\":\"https:\/\/jornaltimoneiro.com.br\/index.php\/2015\/06\/26\/gestao-fiscal-de-canoas-entre-as-piores-do-rs-e-do-brasil\/#article\",\"isPartOf\":{\"@id\":\"https:\/\/jornaltimoneiro.com.br\/index.php\/2015\/06\/26\/gestao-fiscal-de-canoas-entre-as-piores-do-rs-e-do-brasil\/\"},\"author\":{\"name\":\"Reda\u00e7\u00e3o\",\"@id\":\"https:\/\/jornaltimoneiro.com.br\/#\/schema\/person\/620efd1d8244466117482be494360b08\"},\"headline\":\"Gest\u00e3o fiscal de Canoas entre as piores do RS e do Brasil\",\"datePublished\":\"2015-06-26T12:36:51+00:00\",\"dateModified\":\"2015-06-26T12:36:51+00:00\",\"mainEntityOfPage\":{\"@id\":\"https:\/\/jornaltimoneiro.com.br\/index.php\/2015\/06\/26\/gestao-fiscal-de-canoas-entre-as-piores-do-rs-e-do-brasil\/\"},\"wordCount\":334,\"commentCount\":0,\"publisher\":{\"@id\":\"https:\/\/jornaltimoneiro.com.br\/#organization\"},\"articleSection\":[\"Destaques\",\"Pol\u00edtica\"],\"inLanguage\":\"pt-BR\",\"potentialAction\":[{\"@type\":\"CommentAction\",\"name\":\"Comment\",\"target\":[\"https:\/\/jornaltimoneiro.com.br\/index.php\/2015\/06\/26\/gestao-fiscal-de-canoas-entre-as-piores-do-rs-e-do-brasil\/#respond\"]}]},{\"@type\":\"WebPage\",\"@id\":\"https:\/\/jornaltimoneiro.com.br\/index.php\/2015\/06\/26\/gestao-fiscal-de-canoas-entre-as-piores-do-rs-e-do-brasil\/\",\"url\":\"https:\/\/jornaltimoneiro.com.br\/index.php\/2015\/06\/26\/gestao-fiscal-de-canoas-entre-as-piores-do-rs-e-do-brasil\/\",\"name\":\"Gest\u00e3o fiscal de Canoas entre as piores do RS e do Brasil - O Timoneiro Jornal Canoas RS\",\"isPartOf\":{\"@id\":\"https:\/\/jornaltimoneiro.com.br\/#website\"},\"datePublished\":\"2015-06-26T12:36:51+00:00\",\"dateModified\":\"2015-06-26T12:36:51+00:00\",\"breadcrumb\":{\"@id\":\"https:\/\/jornaltimoneiro.com.br\/index.php\/2015\/06\/26\/gestao-fiscal-de-canoas-entre-as-piores-do-rs-e-do-brasil\/#breadcrumb\"},\"inLanguage\":\"pt-BR\",\"potentialAction\":[{\"@type\":\"ReadAction\",\"target\":[\"https:\/\/jornaltimoneiro.com.br\/index.php\/2015\/06\/26\/gestao-fiscal-de-canoas-entre-as-piores-do-rs-e-do-brasil\/\"]}]},{\"@type\":\"BreadcrumbList\",\"@id\":\"https:\/\/jornaltimoneiro.com.br\/index.php\/2015\/06\/26\/gestao-fiscal-de-canoas-entre-as-piores-do-rs-e-do-brasil\/#breadcrumb\",\"itemListElement\":[{\"@type\":\"ListItem\",\"position\":1,\"name\":\"In\u00edcio\",\"item\":\"https:\/\/jornaltimoneiro.com.br\/\"},{\"@type\":\"ListItem\",\"position\":2,\"name\":\"Gest\u00e3o fiscal de Canoas entre as piores do RS e do Brasil\"}]},{\"@type\":\"WebSite\",\"@id\":\"https:\/\/jornaltimoneiro.com.br\/#website\",\"url\":\"https:\/\/jornaltimoneiro.com.br\/\",\"name\":\"Jornal Timoneiro Canoas RS\",\"description\":\"Jornal O Timoneiro, o verdadeiro jornal de Canoas\",\"publisher\":{\"@id\":\"https:\/\/jornaltimoneiro.com.br\/#organization\"},\"potentialAction\":[{\"@type\":\"SearchAction\",\"target\":{\"@type\":\"EntryPoint\",\"urlTemplate\":\"https:\/\/jornaltimoneiro.com.br\/?s={search_term_string}\"},\"query-input\":\"required name=search_term_string\"}],\"inLanguage\":\"pt-BR\"},{\"@type\":\"Organization\",\"@id\":\"https:\/\/jornaltimoneiro.com.br\/#organization\",\"name\":\"Jornal Timoneiro Canoas RS\",\"url\":\"https:\/\/jornaltimoneiro.com.br\/\",\"logo\":{\"@type\":\"ImageObject\",\"inLanguage\":\"pt-BR\",\"@id\":\"https:\/\/jornaltimoneiro.com.br\/#\/schema\/logo\/image\/\",\"url\":\"https:\/\/jornaltimoneiro.com.br\/wp-content\/uploads\/2023\/03\/logonovo.png\",\"contentUrl\":\"https:\/\/jornaltimoneiro.com.br\/wp-content\/uploads\/2023\/03\/logonovo.png\",\"width\":\"469\",\"height\":\"171\",\"caption\":\"Jornal Timoneiro Canoas RS\"},\"image\":{\"@id\":\"https:\/\/jornaltimoneiro.com.br\/#\/schema\/logo\/image\/\"},\"sameAs\":[\"https:\/\/www.facebook.com\/jornaltimoneiro\",\"https:\/\/twitter.com\/_OTimoneiro\",\"https:\/\/www.instagram.com\/jornaltimoneirocanoas\/\",\"https:\/\/www.youtube.com\/@jornalotimoneiro7927\"]},{\"@type\":\"Person\",\"@id\":\"https:\/\/jornaltimoneiro.com.br\/#\/schema\/person\/620efd1d8244466117482be494360b08\",\"name\":\"Reda\u00e7\u00e3o\",\"image\":{\"@type\":\"ImageObject\",\"inLanguage\":\"pt-BR\",\"@id\":\"https:\/\/jornaltimoneiro.com.br\/#\/schema\/person\/image\/\",\"url\":\"https:\/\/secure.gravatar.com\/avatar\/2f04e1b304682a8d9db336c7acd77f08?s=96&d=mm&r=g\",\"contentUrl\":\"https:\/\/secure.gravatar.com\/avatar\/2f04e1b304682a8d9db336c7acd77f08?s=96&d=mm&r=g\",\"caption\":\"Reda\u00e7\u00e3o\"},\"url\":\"https:\/\/jornaltimoneiro.com.br\/index.php\/author\/timoneirocanoas\/\"}]}<\/script>\n<!-- \/ Yoast SEO plugin. -->","yoast_head_json":{"title":"Gest\u00e3o fiscal de Canoas entre as piores do RS e do Brasil - O Timoneiro Jornal Canoas RS","robots":{"index":"index","follow":"follow","max-snippet":"max-snippet:-1","max-image-preview":"max-image-preview:large","max-video-preview":"max-video-preview:-1"},"canonical":"https:\/\/jornaltimoneiro.com.br\/index.php\/2015\/06\/26\/gestao-fiscal-de-canoas-entre-as-piores-do-rs-e-do-brasil\/","og_locale":"pt_BR","og_type":"article","og_title":"Gest\u00e3o fiscal de Canoas entre as piores do RS e do Brasil - O Timoneiro Jornal Canoas RS","og_description":"O levantamento da Federa\u00e7\u00e3o das Ind\u00fastrias do Rio de Janeiro (Firjan), publicado em 18 de junho deste ano, aponta em sua terceira edi\u00e7\u00e3o do \u00edndice de gest\u00e3o fiscal (IFGF) os munic\u00edpios ga\u00fachos como as gest\u00f5es mais bem-avaliadas do pa\u00eds. O levantamento apurou informa\u00e7\u00f5es de 5.243 cidades onde habitam 96,5% da popula\u00e7\u00e3o do Brasil, baseadas nas [&hellip;]","og_url":"https:\/\/jornaltimoneiro.com.br\/index.php\/2015\/06\/26\/gestao-fiscal-de-canoas-entre-as-piores-do-rs-e-do-brasil\/","og_site_name":"O Timoneiro Jornal Canoas RS","article_publisher":"https:\/\/www.facebook.com\/jornaltimoneiro","article_published_time":"2015-06-26T12:36:51+00:00","og_image":[{"url":"http:\/\/otimoneiro.com.br\/wp-content\/uploads\/2015\/06\/DSC1111-300x200.jpg"}],"author":"Reda\u00e7\u00e3o","twitter_card":"summary_large_image","twitter_creator":"@_OTimoneiro","twitter_site":"@_OTimoneiro","twitter_misc":{"Escrito por":"Reda\u00e7\u00e3o","Est. tempo de leitura":"2 minutos"},"schema":{"@context":"https:\/\/schema.org","@graph":[{"@type":"Article","@id":"https:\/\/jornaltimoneiro.com.br\/index.php\/2015\/06\/26\/gestao-fiscal-de-canoas-entre-as-piores-do-rs-e-do-brasil\/#article","isPartOf":{"@id":"https:\/\/jornaltimoneiro.com.br\/index.php\/2015\/06\/26\/gestao-fiscal-de-canoas-entre-as-piores-do-rs-e-do-brasil\/"},"author":{"name":"Reda\u00e7\u00e3o","@id":"https:\/\/jornaltimoneiro.com.br\/#\/schema\/person\/620efd1d8244466117482be494360b08"},"headline":"Gest\u00e3o fiscal de Canoas entre as piores do RS e do Brasil","datePublished":"2015-06-26T12:36:51+00:00","dateModified":"2015-06-26T12:36:51+00:00","mainEntityOfPage":{"@id":"https:\/\/jornaltimoneiro.com.br\/index.php\/2015\/06\/26\/gestao-fiscal-de-canoas-entre-as-piores-do-rs-e-do-brasil\/"},"wordCount":334,"commentCount":0,"publisher":{"@id":"https:\/\/jornaltimoneiro.com.br\/#organization"},"articleSection":["Destaques","Pol\u00edtica"],"inLanguage":"pt-BR","potentialAction":[{"@type":"CommentAction","name":"Comment","target":["https:\/\/jornaltimoneiro.com.br\/index.php\/2015\/06\/26\/gestao-fiscal-de-canoas-entre-as-piores-do-rs-e-do-brasil\/#respond"]}]},{"@type":"WebPage","@id":"https:\/\/jornaltimoneiro.com.br\/index.php\/2015\/06\/26\/gestao-fiscal-de-canoas-entre-as-piores-do-rs-e-do-brasil\/","url":"https:\/\/jornaltimoneiro.com.br\/index.php\/2015\/06\/26\/gestao-fiscal-de-canoas-entre-as-piores-do-rs-e-do-brasil\/","name":"Gest\u00e3o fiscal de Canoas entre as piores do RS e do Brasil - O Timoneiro Jornal Canoas RS","isPartOf":{"@id":"https:\/\/jornaltimoneiro.com.br\/#website"},"datePublished":"2015-06-26T12:36:51+00:00","dateModified":"2015-06-26T12:36:51+00:00","breadcrumb":{"@id":"https:\/\/jornaltimoneiro.com.br\/index.php\/2015\/06\/26\/gestao-fiscal-de-canoas-entre-as-piores-do-rs-e-do-brasil\/#breadcrumb"},"inLanguage":"pt-BR","potentialAction":[{"@type":"ReadAction","target":["https:\/\/jornaltimoneiro.com.br\/index.php\/2015\/06\/26\/gestao-fiscal-de-canoas-entre-as-piores-do-rs-e-do-brasil\/"]}]},{"@type":"BreadcrumbList","@id":"https:\/\/jornaltimoneiro.com.br\/index.php\/2015\/06\/26\/gestao-fiscal-de-canoas-entre-as-piores-do-rs-e-do-brasil\/#breadcrumb","itemListElement":[{"@type":"ListItem","position":1,"name":"In\u00edcio","item":"https:\/\/jornaltimoneiro.com.br\/"},{"@type":"ListItem","position":2,"name":"Gest\u00e3o fiscal de Canoas entre as piores do RS e do Brasil"}]},{"@type":"WebSite","@id":"https:\/\/jornaltimoneiro.com.br\/#website","url":"https:\/\/jornaltimoneiro.com.br\/","name":"Jornal Timoneiro Canoas RS","description":"Jornal O Timoneiro, o verdadeiro jornal de Canoas","publisher":{"@id":"https:\/\/jornaltimoneiro.com.br\/#organization"},"potentialAction":[{"@type":"SearchAction","target":{"@type":"EntryPoint","urlTemplate":"https:\/\/jornaltimoneiro.com.br\/?s={search_term_string}"},"query-input":"required name=search_term_string"}],"inLanguage":"pt-BR"},{"@type":"Organization","@id":"https:\/\/jornaltimoneiro.com.br\/#organization","name":"Jornal Timoneiro Canoas RS","url":"https:\/\/jornaltimoneiro.com.br\/","logo":{"@type":"ImageObject","inLanguage":"pt-BR","@id":"https:\/\/jornaltimoneiro.com.br\/#\/schema\/logo\/image\/","url":"https:\/\/jornaltimoneiro.com.br\/wp-content\/uploads\/2023\/03\/logonovo.png","contentUrl":"https:\/\/jornaltimoneiro.com.br\/wp-content\/uploads\/2023\/03\/logonovo.png","width":"469","height":"171","caption":"Jornal Timoneiro Canoas RS"},"image":{"@id":"https:\/\/jornaltimoneiro.com.br\/#\/schema\/logo\/image\/"},"sameAs":["https:\/\/www.facebook.com\/jornaltimoneiro","https:\/\/twitter.com\/_OTimoneiro","https:\/\/www.instagram.com\/jornaltimoneirocanoas\/","https:\/\/www.youtube.com\/@jornalotimoneiro7927"]},{"@type":"Person","@id":"https:\/\/jornaltimoneiro.com.br\/#\/schema\/person\/620efd1d8244466117482be494360b08","name":"Reda\u00e7\u00e3o","image":{"@type":"ImageObject","inLanguage":"pt-BR","@id":"https:\/\/jornaltimoneiro.com.br\/#\/schema\/person\/image\/","url":"https:\/\/secure.gravatar.com\/avatar\/2f04e1b304682a8d9db336c7acd77f08?s=96&d=mm&r=g","contentUrl":"https:\/\/secure.gravatar.com\/avatar\/2f04e1b304682a8d9db336c7acd77f08?s=96&d=mm&r=g","caption":"Reda\u00e7\u00e3o"},"url":"https:\/\/jornaltimoneiro.com.br\/index.php\/author\/timoneirocanoas\/"}]}},"_links":{"self":[{"href":"https:\/\/jornaltimoneiro.com.br\/index.php\/wp-json\/wp\/v2\/posts\/461"}],"collection":[{"href":"https:\/\/jornaltimoneiro.com.br\/index.php\/wp-json\/wp\/v2\/posts"}],"about":[{"href":"https:\/\/jornaltimoneiro.com.br\/index.php\/wp-json\/wp\/v2\/types\/post"}],"author":[{"embeddable":true,"href":"https:\/\/jornaltimoneiro.com.br\/index.php\/wp-json\/wp\/v2\/users\/1"}],"replies":[{"embeddable":true,"href":"https:\/\/jornaltimoneiro.com.br\/index.php\/wp-json\/wp\/v2\/comments?post=461"}],"version-history":[{"count":0,"href":"https:\/\/jornaltimoneiro.com.br\/index.php\/wp-json\/wp\/v2\/posts\/461\/revisions"}],"wp:attachment":[{"href":"https:\/\/jornaltimoneiro.com.br\/index.php\/wp-json\/wp\/v2\/media?parent=461"}],"wp:term":[{"taxonomy":"category","embeddable":true,"href":"https:\/\/jornaltimoneiro.com.br\/index.php\/wp-json\/wp\/v2\/categories?post=461"},{"taxonomy":"post_tag","embeddable":true,"href":"https:\/\/jornaltimoneiro.com.br\/index.php\/wp-json\/wp\/v2\/tags?post=461"}],"curies":[{"name":"wp","href":"https:\/\/api.w.org\/{rel}","templated":true}]}}